{"id":19897,"date":"2024-09-08T15:00:03","date_gmt":"2024-09-08T13:00:03","guid":{"rendered":"https:\/\/uscatletica.ch\/wp\/?p=19897"},"modified":"2024-09-09T19:53:53","modified_gmt":"2024-09-09T17:53:53","slug":"uscini-e-uscine-al-gala-dei-castelli","status":"publish","type":"post","link":"https:\/\/uscatletica.ch\/wp\/?p=19897","title":{"rendered":"USCINI E USCINE AL GALA DEI CASTELLI"},"content":{"rendered":"\n<p>Luned\u00ec \u00a0a Bellinzona ci sar\u00e0 l&#8217;evento sportivo ticinese dell&#8217;anno il comunale ospiter\u00e0 il Gal\u00e0 dei Castelli con molti campioni mondiali ed olimpici avvia nel segno della tradizione l&#8217;USC sar\u00e0 sulla linea di partenza nelle gare presentate dalla FTAL. Mattia e No\u00e9 reduci dai campionati svizzeri di staffette a Ginevra correranno i 600 m mentre le U14 Anais, Asia, Maya, Matilde e Camilla saranno ala via della 5&#215;80 m.\u00a0<\/p>\n<p>Domenica alle 16.30 in piazza a Locarno ci sar\u00e0 il city Event con il salto con l&#8217;Asta .<\/p>\n<p><a href=\"https:\/\/slv.laportal.net\/Competitions\/Details\/14126\">RISULTATI LIVE E PROGRAMMA DEL GALA<\/a><\/p>\n","protected":false},"excerpt":{"rendered":"<p>Luned\u00ec \u00a0a Bellinzona ci sar\u00e0 l&#8217;evento sportivo ticinese dell&#8217;anno il comunale ospiter\u00e0 il Gal\u00e0 dei Castelli con molti campioni mondiali ed olimpici avvia nel segno della tradizione l&#8217;USC sar\u00e0 sulla linea di partenza nelle gare presentate dalla FTAL. Mattia e No\u00e9 reduci dai campionati svizzeri di staffette a Ginevra correranno i 600 m mentre le U14 Anais, Asia, Maya, Matilde e Camilla saranno ala via della 5&#215;80 m.\u00a0 Domenica alle 16.30 in piazza a Locarno&#8230;<\/p>\n","protected":false},"author":4,"featured_media":13377,"comment_status":"closed","ping_status":"closed","sticky":false,"template":"","format":"standard","meta":{"jetpack_post_was_ever_published":false,"_jetpack_newsletter_access":"","_jetpack_dont_email_post_to_subs":false,"_jetpack_newsletter_tier_id":0,"_jetpack_memberships_contains_paywalled_content":false,"_jetpack_memberships_contains_paid_content":false,"footnotes":"","jetpack_publicize_message":"","jetpack_publicize_feature_enabled":true,"jetpack_social_post_already_shared":true,"jetpack_social_options":{"image_generator_settings":{"template":"highway","default_image_id":0,"font":"","enabled":false},"version":2}},"categories":[4,9],"tags":[],"class_list":["post-19897","post","type-post","status-publish","format-standard","has-post-thumbnail","hentry","category-pista","category-sport"],"jetpack_publicize_connections":[],"jetpack_featured_media_url":"https:\/\/i0.wp.com\/uscatletica.ch\/wp\/wp-content\/uploads\/2021\/09\/210914U118podio-1.png?fit=432%2C324&ssl=1","jetpack_sharing_enabled":true,"jetpack_shortlink":"https:\/\/wp.me\/p6V7Ck-5aV","jetpack-related-posts":[{"id":17964,"url":"https:\/\/uscatletica.ch\/wp\/?p=17964","url_meta":{"origin":19897,"position":0},"title":"Dai CS di Staffette al Gal\u00e0 dei Castelli passando dalla Stramassagno","author":"Leonida Stampanoni","date":"2 Settembre 2023","format":false,"excerpt":"Fine settimana intenso per l'USC pur senza nessun presente alla finale nazionale del UBS Kids Cup al Letzigrund le maglie USC avranno diverse occasioni di brillare domenica la prima uscita in grande stile della comunit\u00e0 atletica sottoceneri che porter\u00e0 ben cinque squadre ai campionati svizzeri di staffetta l'USC sar\u00e0 al\u2026","rel":"","context":"In &quot;Pista&quot;","block_context":{"text":"Pista","link":"https:\/\/uscatletica.ch\/wp\/?cat=4"},"img":{"alt_text":"","src":"https:\/\/i0.wp.com\/uscatletica.ch\/wp\/wp-content\/uploads\/2021\/08\/4x100210821.jpeg?fit=432%2C324&ssl=1&resize=350%2C200","width":350,"height":200},"classes":[]},{"id":10919,"url":"https:\/\/uscatletica.ch\/wp\/?p=10919","url_meta":{"origin":19897,"position":1},"title":"Gal\u00e0 Dei Castelli 7 USCINE tra le stelle","author":"Leonida Stampanoni","date":"14 Settembre 2020","format":false,"excerpt":"La decima edizione del Gal\u00e0 dei Castelli che avr\u00e0 protagonisti tutti i migliori svizzeri ed 80 medaglie \u00a0olimpiche e mondiali. La FTAL ha arricchito il preprogramma con una 5x80 m U14 \u00a0che si aggiunge ai 600 m \u00a0U16 ed ai 100 m U18-U20. Jennis, Elsa, Cecilia, Melissa,Olivia \u00a0saranno al via\u2026","rel":"","context":"In &quot;Pista&quot;","block_context":{"text":"Pista","link":"https:\/\/uscatletica.ch\/wp\/?cat=4"},"img":{"alt_text":"","src":"https:\/\/i0.wp.com\/uscatletica.ch\/wp\/wp-content\/uploads\/2020\/09\/P1030367.jpeg?fit=420%2C315&ssl=1&resize=350%2C200","width":350,"height":200},"classes":[]},{"id":4631,"url":"https:\/\/uscatletica.ch\/wp\/?p=4631","url_meta":{"origin":19897,"position":2},"title":"Poker di USCine convocate per il Gal\u00e0 dei Castelli (Elisa agli Eyoc)","author":"Leonida Stampanoni","date":"28 Giugno 2017","format":false,"excerpt":"Il mese di luglio sar\u00e0 un mese di grande atletica in Ticino ed in svizzera si partir\u00e0 giovedi con Athletissima a Lausanne dove al via ci sar\u00e0 Rachele nei 1500 m della Cross Cup, seguir\u00e0 la prova dello Spitzenleichtatletik Luzern martedi 11 . In Ticino l'appuntamento con Asafa Powell e\u2026","rel":"","context":"In &quot;CO&quot;","block_context":{"text":"CO","link":"https:\/\/uscatletica.ch\/wp\/?cat=19"},"img":{"alt_text":"","src":"https:\/\/i0.wp.com\/uscatletica.ch\/wp\/wp-content\/uploads\/2017\/05\/P1470011.jpg?fit=563%2C422&ssl=1&resize=350%2C200","width":350,"height":200,"srcset":"https:\/\/i0.wp.com\/uscatletica.ch\/wp\/wp-content\/uploads\/2017\/05\/P1470011.jpg?fit=563%2C422&ssl=1&resize=350%2C200 1x, https:\/\/i0.wp.com\/uscatletica.ch\/wp\/wp-content\/uploads\/2017\/05\/P1470011.jpg?fit=563%2C422&ssl=1&resize=525%2C300 1.5x"},"classes":[]},{"id":13345,"url":"https:\/\/uscatletica.ch\/wp\/?p=13345","url_meta":{"origin":19897,"position":3},"title":"Gal\u00e0 dei Castelli una decina di atlete USC al via","author":"Leonida Stampanoni","date":"14 Settembre 2021","format":false,"excerpt":"La chiusura della stagione per la grande atletica svizzera sar\u00e0 stasera al Gal\u00e0 dei Castelli \u00a0uno dei maggiori appuntamenti sportivi del cantone. L'USC sar\u00e0 presenti con 8 atlete ed un atleta . Reduci dai campionati svizzeri di staffette con la finale raggiunta nella 4x100 m Sofia e Matilda gareggeranno sui\u2026","rel":"","context":"In &quot;Non catalogato&quot;","block_context":{"text":"Non catalogato","link":"https:\/\/uscatletica.ch\/wp\/?cat=6"},"img":{"alt_text":"","src":"https:\/\/i0.wp.com\/uscatletica.ch\/wp\/wp-content\/uploads\/2021\/06\/P1110468.jpeg?fit=432%2C324&ssl=1&resize=350%2C200","width":350,"height":200},"classes":[]},{"id":10931,"url":"https:\/\/uscatletica.ch\/wp\/?p=10931","url_meta":{"origin":19897,"position":4},"title":"BRAVI GLI USCINI IN GALA FANTASTICO","author":"Leonida Stampanoni","date":"16 Settembre 2020","format":false,"excerpt":"Nella magica serata del comunale con un Gal\u00e0 dei Castelli davvero stellare \u00a0anche le USCine presenti ad inizio serata hanno saputo brillare. Personali per Federica che si merita il podio e Lea sui 600 m brave anche le nostre U14 \u00a0nella 5x80 m Melissa, Jennis, Elsa, Cecilia, Olivia. \u00a0Dopo l'aperitivo\u2026","rel":"","context":"In &quot;Pista&quot;","block_context":{"text":"Pista","link":"https:\/\/uscatletica.ch\/wp\/?cat=4"},"img":{"alt_text":"","src":"https:\/\/i0.wp.com\/uscatletica.ch\/wp\/wp-content\/uploads\/2020\/09\/P1030573.jpeg?fit=420%2C315&ssl=1&resize=350%2C200","width":350,"height":200},"classes":[]},{"id":8826,"url":"https:\/\/uscatletica.ch\/wp\/?p=8826","url_meta":{"origin":19897,"position":5},"title":"Chiara vince al Palio del Quercia di Rovereto","author":"Leonida Stampanoni","date":"27 Agosto 2019","format":false,"excerpt":"L'intensa settimana della nostra Chiara parte con una vittoria al Palio della Quercia di Rovereto sui i 100 m su di un palcoscenico internazionale in uno dei meeting pi\u00f9 importanti d'Italia. Sulla Pista Blu di Rovereto Chiara si tester\u00e0 in vista della finale del UBS KIDS CUP sulla mitica pista\u2026","rel":"","context":"In &quot;Pista&quot;","block_context":{"text":"Pista","link":"https:\/\/uscatletica.ch\/wp\/?cat=4"},"img":{"alt_text":"","src":"https:\/\/i0.wp.com\/uscatletica.ch\/wp\/wp-content\/uploads\/2019\/07\/chiaratamperemini4x419.jpg?fit=432%2C300&ssl=1&resize=350%2C200","width":350,"height":200},"classes":[]}],"_links":{"self":[{"href":"https:\/\/uscatletica.ch\/wp\/index.php?rest_route=\/wp\/v2\/posts\/19897","targetHints":{"allow":["GET"]}}],"collection":[{"href":"https:\/\/uscatletica.ch\/wp\/index.php?rest_route=\/wp\/v2\/posts"}],"about":[{"href":"https:\/\/uscatletica.ch\/wp\/index.php?rest_route=\/wp\/v2\/types\/post"}],"author":[{"embeddable":true,"href":"https:\/\/uscatletica.ch\/wp\/index.php?rest_route=\/wp\/v2\/users\/4"}],"replies":[{"embeddable":true,"href":"https:\/\/uscatletica.ch\/wp\/index.php?rest_route=%2Fwp%2Fv2%2Fcomments&post=19897"}],"version-history":[{"count":1,"href":"https:\/\/uscatletica.ch\/wp\/index.php?rest_route=\/wp\/v2\/posts\/19897\/revisions"}],"predecessor-version":[{"id":19899,"href":"https:\/\/uscatletica.ch\/wp\/index.php?rest_route=\/wp\/v2\/posts\/19897\/revisions\/19899"}],"wp:featuredmedia":[{"embeddable":true,"href":"https:\/\/uscatletica.ch\/wp\/index.php?rest_route=\/wp\/v2\/media\/13377"}],"wp:attachment":[{"href":"https:\/\/uscatletica.ch\/wp\/index.php?rest_route=%2Fwp%2Fv2%2Fmedia&parent=19897"}],"wp:term":[{"taxonomy":"category","embeddable":true,"href":"https:\/\/uscatletica.ch\/wp\/index.php?rest_route=%2Fwp%2Fv2%2Fcategories&post=19897"},{"taxonomy":"post_tag","embeddable":true,"href":"https:\/\/uscatletica.ch\/wp\/index.php?rest_route=%2Fwp%2Fv2%2Ftags&post=19897"}],"curies":[{"name":"wp","href":"https:\/\/api.w.org\/{rel}","templated":true}]}}