{"id":20042,"date":"2024-09-11T22:32:06","date_gmt":"2024-09-11T20:32:06","guid":{"rendered":"https:\/\/uscatletica.ch\/wp\/?p=20042"},"modified":"2024-09-15T19:49:01","modified_gmt":"2024-09-15T17:49:01","slug":"tutti-in-pista-una-splendida-serata-sotto-la-pioggia","status":"publish","type":"post","link":"https:\/\/uscatletica.ch\/wp\/?p=20042","title":{"rendered":"Tutti in pista una splendida serata sotto la pioggia (aggiornato"},"content":{"rendered":"\n<p>Nella serata piovosa di mercoled\u00ec 120 podisti e podiste erano al via di Tutti in pista prova valida per la Coppa ASTi BancaStato Podismo e Podismo giovanlle.I primi a scendere in pista sono i giovanissimi in un 600 m promozionale. 53 le giovani leve al via dei 1000 m dedicata alle categorie U12-U14 U16. 63 podisti al via delle quattro batterie sui 5000 m .<\/p>\n<p>\u00a0<a href=\"https:\/\/uscatletica.ch\/wp\/wp-content\/uploads\/2024\/09\/20240911RisultatiAsti.pdf\">Le classifiche\u00a0<\/a> <a href=\"https:\/\/uscatletica.ch\/wp\/wp-content\/uploads\/2024\/09\/20240911risutlatiASTI0915.pdf\">Classifiche aggiornate <\/a><\/p>\n<p><a href=\"https:\/\/uscatletica.ch\/wp\/wp-content\/uploads\/2024\/09\/20240911RisultatiAsti.pdf\"><img data-recalc-dims=\"1\" loading=\"lazy\" decoding=\"async\" data-attachment-id=\"20045\" data-permalink=\"https:\/\/uscatletica.ch\/wp\/?attachment_id=20045\" data-orig-file=\"https:\/\/i0.wp.com\/uscatletica.ch\/wp\/wp-content\/uploads\/2024\/09\/20240911tuttipista.jpg?fit=595%2C841&amp;ssl=1\" data-orig-size=\"595,841\" data-comments-opened=\"0\" data-image-meta=\"{&quot;aperture&quot;:&quot;0&quot;,&quot;credit&quot;:&quot;&quot;,&quot;camera&quot;:&quot;&quot;,&quot;caption&quot;:&quot;&quot;,&quot;created_timestamp&quot;:&quot;0&quot;,&quot;copyright&quot;:&quot;&quot;,&quot;focal_length&quot;:&quot;0&quot;,&quot;iso&quot;:&quot;0&quot;,&quot;shutter_speed&quot;:&quot;0&quot;,&quot;title&quot;:&quot;&quot;,&quot;orientation&quot;:&quot;0&quot;}\" data-image-title=\"20240911tuttipista\" data-image-description=\"\" data-image-caption=\"\" data-large-file=\"https:\/\/i0.wp.com\/uscatletica.ch\/wp\/wp-content\/uploads\/2024\/09\/20240911tuttipista.jpg?fit=595%2C841&amp;ssl=1\" class=\"aligncenter wp-image-20045\" src=\"https:\/\/i0.wp.com\/uscatletica.ch\/wp\/wp-content\/uploads\/2024\/09\/20240911tuttipista.jpg?resize=450%2C636&#038;ssl=1\" alt=\"\" width=\"450\" height=\"636\" srcset=\"https:\/\/i0.wp.com\/uscatletica.ch\/wp\/wp-content\/uploads\/2024\/09\/20240911tuttipista.jpg?w=595&amp;ssl=1 595w, https:\/\/i0.wp.com\/uscatletica.ch\/wp\/wp-content\/uploads\/2024\/09\/20240911tuttipista.jpg?resize=212%2C300&amp;ssl=1 212w\" sizes=\"auto, (max-width: 450px) 100vw, 450px\" \/><\/a><\/p>\n<p>Tommaso Marani vince i 5000 m in 15&#8217;54&#8243;42 mentre tra le donne prevale Stefania Barloggio-Lupatini in 18&#8217;59&#8243;00. Tra gli USCini in 17&#8217;00&#8243;26 Alex\u00a0 prevale di poco su Alessandro 17&#8217;01&#8243;69.<\/p>\n<p>Sui 1000 m David Beretta in 2&#8217;57&#8243;78 ottiene il miglior tempo. Tra le ragazze Anbra Lobsiger 3&#8217;25&#8243;40 prevale per 0.36\u00a0 su Aline Oliva.<\/p>\n<p>Risultati USC<\/p>\n<p>5000 m<\/p>\n<p>Alex Domeniconi 17&#8217;00&#8243;26, 2 M40<\/p>\n<p>Alessandro Zanetti 17&#8217;01&#8243;68 3 M40<\/p>\n<p>Davide Jermini 18&#8217;06&#8243;17 1. M50<\/p>\n<p>David Nussio 18&#8217;07&#8243;08<\/p>\n<p>Valerio Lorenzetti 18&#8217;15&#8243;17 2 M50<\/p>\n<p>Mauro Perseghini 19&#8217;16&#8243;41<\/p>\n<p>Sigi Altendofer 19&#8217;53&#8243;&#8221;85<\/p>\n<p>Selina Stampanoni\u00a0 22&#8217;41&#8243;17 1 U20W<\/p>\n<p>Elsa Caissutti 25&#8217;19&#8243;47 2 U20W<\/p>\n<p>Giancarlo Fraquelli 25&#8217;34&#8243;40<\/p>\n<p>Cornelio Rusca 28&#8217;03&#8243;06<\/p>\n<p>1000 m<\/p>\n<p>U16<\/p>\n<p>6 Am\u00e9lie Andreoli 3&#8217;42&#8243;40<\/p>\n<p>10 Dalia Caissutti 4&#8217;07&#8243;22<\/p>\n<p>U14<\/p>\n<p>4 Noah Bader 3&#8217;30&#8243;26<\/p>\n<p>1 Anais Piattini 3&#8217;34&#8243;40<\/p>\n<p>3 Viola Groppi 3&#8217;48&#8243;58<\/p>\n<p>5 Giosu\u00e9 Caissutti 4&#8217;01&#8243;18<\/p>\n<p>U12<\/p>\n<p>1 Remo Petrini 3&#8217;38&#8243;71<\/p>\n<p>1 Agata Macconi 3&#8217;55&#8243;72<\/p>\n<p>4 Niccol\u00f2 Domeniconi 3&#8217;56&#8243;23<\/p>\n<p>5 Martino Brenna 3&#8217;57&#8243;46<\/p>\n<p>7 Jacopo Volger 4&#8217;05&#8243;58<\/p>\n<p>U10 600 m<\/p>\n<p>1 Linda Domeniconi\u00a0 2&#8217;14&#8243;38<\/p>\n<p>6 Alina Stampanoni 2&#8217;21&#8243;83<\/p>\n<p>7 Irene Piccardo 2&#8217;23&#8243;77<\/p>\n<p>8 Zoe Piccardo 2&#8217;45&#8243;53<\/p>\n<p>9 Adelaide Tapparello 2&#8217;48&#8243;42<\/p>\n\n\n","protected":false},"excerpt":{"rendered":"<p>Nella serata piovosa di mercoled\u00ec 120 podisti e podiste erano al via di Tutti in pista prova valida per la Coppa ASTi BancaStato Podismo e Podismo giovanlle.I primi a scendere in pista sono i giovanissimi in un 600 m promozionale. 53 le giovani leve al via dei 1000 m dedicata alle categorie U12-U14 U16. 63 podisti al via delle quattro batterie sui 5000 m . \u00a0Le classifiche\u00a0 Classifiche aggiornate Tommaso Marani vince i 5000 m&#8230;<\/p>\n","protected":false},"author":4,"featured_media":2070,"comment_status":"closed","ping_status":"closed","sticky":false,"template":"","format":"standard","meta":{"jetpack_post_was_ever_published":false,"_jetpack_newsletter_access":"","_jetpack_dont_email_post_to_subs":false,"_jetpack_newsletter_tier_id":0,"_jetpack_memberships_contains_paywalled_content":false,"_jetpack_memberships_contains_paid_content":false,"footnotes":"","jetpack_publicize_message":"","jetpack_publicize_feature_enabled":true,"jetpack_social_post_already_shared":true,"jetpack_social_options":{"image_generator_settings":{"template":"highway","default_image_id":0,"font":"","enabled":false},"version":2}},"categories":[4,5,9],"tags":[],"class_list":["post-20042","post","type-post","status-publish","format-standard","has-post-thumbnail","hentry","category-pista","category-podismo","category-sport"],"jetpack_publicize_connections":[],"jetpack_featured_media_url":"https:\/\/i0.wp.com\/uscatletica.ch\/wp\/wp-content\/uploads\/2016\/06\/P1400750.jpg?fit=563%2C422&ssl=1","jetpack_sharing_enabled":true,"jetpack_shortlink":"https:\/\/wp.me\/p6V7Ck-5dg","jetpack-related-posts":[{"id":4392,"url":"https:\/\/uscatletica.ch\/wp\/?p=4392","url_meta":{"origin":20042,"position":0},"title":"TUTTI IN PISTA MERCOLED\u00ec CON LA NUOVA TORRETTA DI CRONOMETRAGGIO (FOTO TORRETTA)","author":"Leonida Stampanoni","date":"29 Maggio 2017","format":false,"excerpt":"\u00a0 \u00a0 In Capriasca una serata di corsa ASTI e FTAL a braccetto: mercoled\u00ec sera sulla pista di Tesserete l\u2019USC Capriasca organizza un meeting FTAL con i 2'000 e i 5'000 ASTi asat- \u00c8 un mercoled\u00ec sera intenso quello proposto dalla locale USC Capriaschese sulle piste d\u2019atletica di Teserete. L\u2019Arena\u2026","rel":"","context":"In &quot;I nostri appuntamenti&quot;","block_context":{"text":"I nostri appuntamenti","link":"https:\/\/uscatletica.ch\/wp\/?cat=12"},"img":{"alt_text":"","src":"https:\/\/i0.wp.com\/uscatletica.ch\/wp\/wp-content\/uploads\/2016\/06\/P1400750.jpg?fit=563%2C422&ssl=1&resize=350%2C200","width":350,"height":200,"srcset":"https:\/\/i0.wp.com\/uscatletica.ch\/wp\/wp-content\/uploads\/2016\/06\/P1400750.jpg?fit=563%2C422&ssl=1&resize=350%2C200 1x, https:\/\/i0.wp.com\/uscatletica.ch\/wp\/wp-content\/uploads\/2016\/06\/P1400750.jpg?fit=563%2C422&ssl=1&resize=525%2C300 1.5x"},"classes":[]},{"id":16024,"url":"https:\/\/uscatletica.ch\/wp\/?p=16024","url_meta":{"origin":20042,"position":1},"title":"Grande successo per Tutti in pista","author":"Leonida Stampanoni","date":"21 Settembre 2022","format":false,"excerpt":"I risultati Classifica completa Classifica generale 5000 m Risultati Tutti in pista 2022, 5000m_categoria Risultati Tutti in pista 2022,_1000m_categoria Risultati Tutti in pista 2022,_600m_categoria \u00a0 \u00a0 La prima serata dell'autunno 2022 si \u00e8 rivelata fresca ed ha offerto condizioni ideali per i 75 atleti al via di Tutti in Pista\u2026","rel":"","context":"In &quot;I nostri appuntamenti&quot;","block_context":{"text":"I nostri appuntamenti","link":"https:\/\/uscatletica.ch\/wp\/?cat=12"},"img":{"alt_text":"","src":"https:\/\/i0.wp.com\/uscatletica.ch\/wp\/wp-content\/uploads\/2022\/09\/Intestaziontuttiasti20220921b-724x1024.jpg?resize=350%2C200&ssl=1","width":350,"height":200},"classes":[]},{"id":4283,"url":"https:\/\/uscatletica.ch\/wp\/?p=4283","url_meta":{"origin":20042,"position":2},"title":"TUTTI IN PISTA IL MEETING PRIMAVERILE DI MEZZOFONDO","author":"Leonida Stampanoni","date":"17 Maggio 2017","format":false,"excerpt":"L'USC da il benvenuto a \"TUTTI IN PISTA\" meeting di mezzofondo per tutti in programma mercoled\u00ec 31.05.2017 all'Arena Sportiva. La serata prevede i 600 m USC per u14 ed u12 gara non ufficiale per le categorie U14 ed U12 seguite 2000 m ASTi \u00a0aperti a tutti i ragazzi fino alla\u2026","rel":"","context":"In &quot;I nostri appuntamenti&quot;","block_context":{"text":"I nostri appuntamenti","link":"https:\/\/uscatletica.ch\/wp\/?cat=12"},"img":{"alt_text":"5000asti","src":"https:\/\/i0.wp.com\/uscatletica.ch\/wp\/wp-content\/uploads\/2015\/11\/5000asti.png?resize=350%2C200&ssl=1","width":350,"height":200},"classes":[]},{"id":1567,"url":"https:\/\/uscatletica.ch\/wp\/?p=1567","url_meta":{"origin":20042,"position":3},"title":"CSI a Tenero In pista a Chiasso e podisti a Losone (Rassegna stampa)","author":"Leonida Stampanoni","date":"29 Aprile 2016","format":false,"excerpt":"Fine settimana tra aprile e maggio ricco di appuntamenti \u00a0per gli atleti USC che gareggeranno su parecchi fronti. Sabato a Tenero giornata campale con i CSI per le nostre U16. Domenica\u00a0\u00a0al Riva IV di Chiasso \u00a0partir\u00e0 invece la stagione per U20 e attivi \u00a0con le corse su distanze spurie. Podismo\u2026","rel":"","context":"In &quot;Pista&quot;","block_context":{"text":"Pista","link":"https:\/\/uscatletica.ch\/wp\/?cat=4"},"img":{"alt_text":"","src":"https:\/\/i0.wp.com\/uscatletica.ch\/wp\/wp-content\/uploads\/2016\/03\/celle2016.png?fit=558%2C362&ssl=1&resize=350%2C200","width":350,"height":200,"srcset":"https:\/\/i0.wp.com\/uscatletica.ch\/wp\/wp-content\/uploads\/2016\/03\/celle2016.png?fit=558%2C362&ssl=1&resize=350%2C200 1x, https:\/\/i0.wp.com\/uscatletica.ch\/wp\/wp-content\/uploads\/2016\/03\/celle2016.png?fit=558%2C362&ssl=1&resize=525%2C300 1.5x"},"classes":[]},{"id":21295,"url":"https:\/\/uscatletica.ch\/wp\/?p=21295","url_meta":{"origin":20042,"position":4},"title":"Il fine settimana tra Bellinzona e Lugano","author":"Leonida Stampanoni","date":"26 Settembre 2025","format":false,"excerpt":"Nel fine settimana \u00a0doppio impegni per l'USC i podisti saranno impegnati alla Stralunano la manifestazione pi\u00f9 popolare del cantone sabato si garegger\u00e0 sui 5 e 10 km mentre domenica la coppa Giovanile accompagner\u00e0 la gara in salita e la mezza maratona. Sabato al comunale di Bellinzonasaranno quasi. 300 gli atleti\u2026","rel":"","context":"In &quot;Pista&quot;","block_context":{"text":"Pista","link":"https:\/\/uscatletica.ch\/wp\/?cat=4"},"img":{"alt_text":"","src":"https:\/\/i0.wp.com\/uscatletica.ch\/wp\/wp-content\/uploads\/2022\/09\/Gala.jpg?fit=753%2C257&ssl=1&resize=350%2C200","width":350,"height":200,"srcset":"https:\/\/i0.wp.com\/uscatletica.ch\/wp\/wp-content\/uploads\/2022\/09\/Gala.jpg?fit=753%2C257&ssl=1&resize=350%2C200 1x, https:\/\/i0.wp.com\/uscatletica.ch\/wp\/wp-content\/uploads\/2022\/09\/Gala.jpg?fit=753%2C257&ssl=1&resize=525%2C300 1.5x, https:\/\/i0.wp.com\/uscatletica.ch\/wp\/wp-content\/uploads\/2022\/09\/Gala.jpg?fit=753%2C257&ssl=1&resize=700%2C400 2x"},"classes":[]},{"id":10539,"url":"https:\/\/uscatletica.ch\/wp\/?p=10539","url_meta":{"origin":20042,"position":5},"title":"COPPE ASTi si RIPARTE  DA SAN BERNARDINO","author":"Leonida Stampanoni","date":"30 Giugno 2020","format":false,"excerpt":"Le coppe ASTi \u00a0ripartiranno domenica dalla SanBeRun\u00a0 Ecco \u00a0tutte le nuove disposizione Regolamento coppa ASTI Regolamento coppa ASTI Giovanile\u00a0 Disposizione speciali \u00a0e \u00a0concetto dii protezione\u00a0 calendario asti 20200630 ASTi \u2013 Podismo Comunicato 30.6.2020 Coppa ASTi 2020 COPPA GIOVANILE ASTI 2020 #correndovinciamo LE COPPE ASTI 2020 E IL PODISMO TICINESE RIPARTONO\u2026","rel":"","context":"In &quot;Montagna&quot;","block_context":{"text":"Montagna","link":"https:\/\/uscatletica.ch\/wp\/?cat=16"},"img":{"alt_text":"","src":"https:\/\/i0.wp.com\/uscatletica.ch\/wp\/wp-content\/uploads\/2019\/09\/Caslano-2019.jpg?fit=475%2C467&ssl=1&resize=350%2C200","width":350,"height":200},"classes":[]}],"_links":{"self":[{"href":"https:\/\/uscatletica.ch\/wp\/index.php?rest_route=\/wp\/v2\/posts\/20042","targetHints":{"allow":["GET"]}}],"collection":[{"href":"https:\/\/uscatletica.ch\/wp\/index.php?rest_route=\/wp\/v2\/posts"}],"about":[{"href":"https:\/\/uscatletica.ch\/wp\/index.php?rest_route=\/wp\/v2\/types\/post"}],"author":[{"embeddable":true,"href":"https:\/\/uscatletica.ch\/wp\/index.php?rest_route=\/wp\/v2\/users\/4"}],"replies":[{"embeddable":true,"href":"https:\/\/uscatletica.ch\/wp\/index.php?rest_route=%2Fwp%2Fv2%2Fcomments&post=20042"}],"version-history":[{"count":13,"href":"https:\/\/uscatletica.ch\/wp\/index.php?rest_route=\/wp\/v2\/posts\/20042\/revisions"}],"predecessor-version":[{"id":20094,"href":"https:\/\/uscatletica.ch\/wp\/index.php?rest_route=\/wp\/v2\/posts\/20042\/revisions\/20094"}],"wp:featuredmedia":[{"embeddable":true,"href":"https:\/\/uscatletica.ch\/wp\/index.php?rest_route=\/wp\/v2\/media\/2070"}],"wp:attachment":[{"href":"https:\/\/uscatletica.ch\/wp\/index.php?rest_route=%2Fwp%2Fv2%2Fmedia&parent=20042"}],"wp:term":[{"taxonomy":"category","embeddable":true,"href":"https:\/\/uscatletica.ch\/wp\/index.php?rest_route=%2Fwp%2Fv2%2Fcategories&post=20042"},{"taxonomy":"post_tag","embeddable":true,"href":"https:\/\/uscatletica.ch\/wp\/index.php?rest_route=%2Fwp%2Fv2%2Ftags&post=20042"}],"curies":[{"name":"wp","href":"https:\/\/api.w.org\/{rel}","templated":true}]}}