{"id":20060,"date":"2024-09-13T18:41:29","date_gmt":"2024-09-13T16:41:29","guid":{"rendered":"https:\/\/uscatletica.ch\/wp\/?p=20060"},"modified":"2024-09-14T21:41:06","modified_gmt":"2024-09-14T19:41:06","slug":"gli-assoluti-a-bellinzona-i-giovani-al-mille-gruyere-i-podisti-a-penz-iamo","status":"publish","type":"post","link":"https:\/\/uscatletica.ch\/wp\/?p=20060","title":{"rendered":"Gli assoluti a Bellinzona i giovani al MilLe Gruyere i podisti a Penz&#8230;iamo"},"content":{"rendered":"\n<p>Nel fine settimana il comunale di Bellinzona dopo aver accolto le stelle dell&#8217;atletica mondiale accoglier\u00e0 i campionati ticinesi assoluti. Sulle piste della capitale saranno 180 atleti ed atlete e contendersi 27 titoli. 9 Gli USCini al via Glada ed Elia B. nei lanci Marta e Lana nei salti Mattia, Alice, Lea Melissa nella velocit\u00e0 \u00a0e l&#8217;esperto Elia S. nel mezzofondo. \u00a0Tra i 350 finalisti del Mille Gruyere ad Alle ci saranno No\u00e9 che sar\u00e0 alla sua sesta ed ultima finale e Nicole che invece raccoglier\u00e0 idealmente in testimone per rappresentare l&#8217;USC.\u00a0<\/p>\n<p>La Coppa ASTi Podismo far\u00e0 invece tappa al Penz&#8230;iAmo di Chiasso<\/p>\n<p><a href=\"https:\/\/slv.laportal.net\/Competitions\/Details\/14264\" target=\"_blank\" rel=\"noopener\">Live dal MilLe Gruyere<\/a> \u00a0<a href=\"https:\/\/slv.laportal.net\/Competitions\/Details\/14044\" target=\"_blank\" rel=\"noopener\">Live dagli assoluti di Bellinzona<\/a><\/p>\n<p>Al comunale Sabato in pista ci saranno Lea reduce dal bronzo agli svizzeri di staffette correr\u00e0 i 400 mentre Mattia, Alice e Melissa saranno al via dei 100 m. Elia S. sar\u00e0 al via dei 1500 m mentre in pedana ci saranno Elia B. nel Giavellotto \u00a0Lana nel triplo.\u00a0<\/p>\n<p>Domenica Giada sar\u00e0 al via nel disco in una delle gare pi\u00f9 attese del fine settimana con tre delle migliori 5 atlete di tutti i tempi in pedana. Lea ed Alice torneranno in Pista sui 200 m. \u00a0Elia B. e Giada saranno poi al via nel getto del peso.\u00a0<\/p>\n","protected":false},"excerpt":{"rendered":"<p>Nel fine settimana il comunale di Bellinzona dopo aver accolto le stelle dell&#8217;atletica mondiale accoglier\u00e0 i campionati ticinesi assoluti. Sulle piste della capitale saranno 180 atleti ed atlete e contendersi 27 titoli. 9 Gli USCini al via Glada ed Elia B. nei lanci Marta e Lana nei salti Mattia, Alice, Lea Melissa nella velocit\u00e0 \u00a0e l&#8217;esperto Elia S. nel mezzofondo. \u00a0Tra i 350 finalisti del Mille Gruyere ad Alle ci saranno No\u00e9 che sar\u00e0 alla&#8230;<\/p>\n","protected":false},"author":4,"featured_media":19185,"comment_status":"closed","ping_status":"closed","sticky":false,"template":"","format":"standard","meta":{"jetpack_post_was_ever_published":false,"_jetpack_newsletter_access":"","_jetpack_dont_email_post_to_subs":false,"_jetpack_newsletter_tier_id":0,"_jetpack_memberships_contains_paywalled_content":false,"_jetpack_memberships_contains_paid_content":false,"footnotes":"","jetpack_publicize_message":"","jetpack_publicize_feature_enabled":true,"jetpack_social_post_already_shared":true,"jetpack_social_options":{"image_generator_settings":{"template":"highway","default_image_id":0,"font":"","enabled":false},"version":2}},"categories":[4,5,9],"tags":[],"class_list":["post-20060","post","type-post","status-publish","format-standard","has-post-thumbnail","hentry","category-pista","category-podismo","category-sport"],"jetpack_publicize_connections":[],"jetpack_featured_media_url":"https:\/\/i0.wp.com\/uscatletica.ch\/wp\/wp-content\/uploads\/2024\/04\/millegruyere.png?fit=595%2C842&ssl=1","jetpack_sharing_enabled":true,"jetpack_shortlink":"https:\/\/wp.me\/p6V7Ck-5dy","jetpack-related-posts":[{"id":13441,"url":"https:\/\/uscatletica.ch\/wp\/?p=13441","url_meta":{"origin":20060,"position":0},"title":"TEMPO DI FINALI DA APPENZELLO A BELLINZONA","author":"Leonida Stampanoni","date":"24 Settembre 2021","format":false,"excerpt":"Nel fine settimana il calendario prevede tre impegni, due finali ed il meeting dedicato ai masters. In Ticino sar\u00e0 il comunale di Bellinzona il centro dell'azione: sabato in pista saranno i Masters (Meeting master valido anche come Campionato svizzero), domenica ci sar\u00e0 la tappa finale del BancaStato Grand Prix Ticino,\u2026","rel":"","context":"In &quot;Pista&quot;","block_context":{"text":"Pista","link":"https:\/\/uscatletica.ch\/wp\/?cat=4"},"img":{"alt_text":"","src":"https:\/\/i0.wp.com\/uscatletica.ch\/wp\/wp-content\/uploads\/2021\/05\/210513100ma.jpg?fit=432%2C324&ssl=1&resize=350%2C200","width":350,"height":200},"classes":[]},{"id":2183,"url":"https:\/\/uscatletica.ch\/wp\/?p=2183","url_meta":{"origin":20060,"position":1},"title":"Mille Gruyere e Spitzenleichtathletik Luzern USCini a 1000 m","author":"Leonida Stampanoni","date":"14 Giugno 2016","format":false,"excerpt":"Martedi sera nel programma nazionale del 30o meeting Internazionale Spitzenleichtathletik Luzern \u00a0ci sar\u00e0 un 1000 m U16 \u00a0con Alex al via a confronto con i migliori svizzeri. Mercoledi il comunale di Bellinzona \u00a0la finale ticinese del progetto Mille Gruyere \u00a0per gli USCini l'opportunit\u00e0 di raccogliere la sfida e correre 1000\u2026","rel":"","context":"In &quot;Sport&quot;","block_context":{"text":"Sport","link":"https:\/\/uscatletica.ch\/wp\/?cat=9"},"img":{"alt_text":"","src":"https:\/\/i0.wp.com\/uscatletica.ch\/wp\/wp-content\/uploads\/2016\/06\/P1400750.jpg?fit=563%2C422&ssl=1&resize=350%2C200","width":350,"height":200,"srcset":"https:\/\/i0.wp.com\/uscatletica.ch\/wp\/wp-content\/uploads\/2016\/06\/P1400750.jpg?fit=563%2C422&ssl=1&resize=350%2C200 1x, https:\/\/i0.wp.com\/uscatletica.ch\/wp\/wp-content\/uploads\/2016\/06\/P1400750.jpg?fit=563%2C422&ssl=1&resize=525%2C300 1.5x"},"classes":[]},{"id":21263,"url":"https:\/\/uscatletica.ch\/wp\/?p=21263","url_meta":{"origin":20060,"position":2},"title":"IL FINE SETTIMANA TRA SANGALLO LOSANNA E BELLINZONA","author":"Leonida Stampanoni","date":"18 Settembre 2025","format":false,"excerpt":"Nel fine settimana poker di impegni in pista per l'USC, la selezione Ticino sar\u00e0 all'incontro Arge Alp a San Gallo dove \u00a0Marta e Michele difenderanno i colori USC. Un terzetto sar\u00e0 alla Pontaise alla finale MilLe Gruyere \u00a0Nicole che ritrova la finale mentre Mattia e Remo debutteranno sulle rive del\u2026","rel":"","context":"In &quot;Pista&quot;","block_context":{"text":"Pista","link":"https:\/\/uscatletica.ch\/wp\/?cat=4"},"img":{"alt_text":"","src":"https:\/\/i0.wp.com\/uscatletica.ch\/wp\/wp-content\/uploads\/2025\/05\/2025ct5kmichilardi.jpg?fit=439%2C261&ssl=1&resize=350%2C200","width":350,"height":200},"classes":[]},{"id":9109,"url":"https:\/\/uscatletica.ch\/wp\/?p=9109","url_meta":{"origin":20060,"position":3},"title":"Bellinzona Isone Basodino Locarno Uster USC a 360 gradi","author":"Leonida Stampanoni","date":"20 Settembre 2019","format":false,"excerpt":"Il primo fine settimana autunnale sar\u00e0 veramente ricco di impegni per gli atleti USC. In pista si chiude il Gran Prix FTAL al comunale di Bellinzona con i palio pure i titoli suo 5000 m e 3000 m prima di ospitare il classico meeting Masters giunto alla 19 edizioni. Locarno\u2026","rel":"","context":"In &quot;Montagna&quot;","block_context":{"text":"Montagna","link":"https:\/\/uscatletica.ch\/wp\/?cat=16"},"img":{"alt_text":"","src":"https:\/\/i0.wp.com\/uscatletica.ch\/wp\/wp-content\/uploads\/2019\/08\/caratschlausc190815.jpg?fit=432%2C324&ssl=1&resize=350%2C200","width":350,"height":200},"classes":[]},{"id":17098,"url":"https:\/\/uscatletica.ch\/wp\/?p=17098","url_meta":{"origin":20060,"position":4},"title":"MilLe Gruyere e CT 4&#215;100 m","author":"Leonida Stampanoni","date":"25 Aprile 2023","format":false,"excerpt":"Domani a Bellinzona parte la stagione atletica cantonale con l'eliminatoria regionale del MilLe Gruyere ed i campionati ticinesi della 4x100 m. Al MilLE Gruyere saranno ben 20 gli atleti USC al via. La grande novit\u00e0 \u00e8 il debutto della comunit\u00e0 atletica sottoceneri ai campionati ticinesi della 4x100 m. l'USC oltre\u2026","rel":"","context":"In &quot;Pista&quot;","block_context":{"text":"Pista","link":"https:\/\/uscatletica.ch\/wp\/?cat=4"},"img":{"alt_text":"","src":"https:\/\/i0.wp.com\/uscatletica.ch\/wp\/wp-content\/uploads\/2022\/05\/P1180123.jpg?fit=432%2C324&ssl=1&resize=350%2C200","width":350,"height":200},"classes":[]},{"id":20772,"url":"https:\/\/uscatletica.ch\/wp\/?p=20772","url_meta":{"origin":20060,"position":5},"title":"MilLe Gruy\u00e8re una ventina di USC al comunale","author":"Leonida Stampanoni","date":"16 Aprile 2025","format":false,"excerpt":"La stagione in pista per le corse partir\u00e0 mercoled\u00ec sera \u00a0al comunale \u00a0di Bellinzona con il MilLe Gruy\u00e8re. L'USC sar\u00e0 presente al comunale con una ventina atleti e atlete dopo sei finali consecutive No\u00e9 ha finito il suo percorso nei progetti giovanili, Nicole, Mattia guideranno il gruppo a caccia di\u2026","rel":"","context":"In &quot;Pista&quot;","block_context":{"text":"Pista","link":"https:\/\/uscatletica.ch\/wp\/?cat=4"},"img":{"alt_text":"","src":"https:\/\/i0.wp.com\/uscatletica.ch\/wp\/wp-content\/uploads\/2020\/09\/noe1kgru200926.png?fit=432%2C243&ssl=1&resize=350%2C200","width":350,"height":200},"classes":[]}],"_links":{"self":[{"href":"https:\/\/uscatletica.ch\/wp\/index.php?rest_route=\/wp\/v2\/posts\/20060","targetHints":{"allow":["GET"]}}],"collection":[{"href":"https:\/\/uscatletica.ch\/wp\/index.php?rest_route=\/wp\/v2\/posts"}],"about":[{"href":"https:\/\/uscatletica.ch\/wp\/index.php?rest_route=\/wp\/v2\/types\/post"}],"author":[{"embeddable":true,"href":"https:\/\/uscatletica.ch\/wp\/index.php?rest_route=\/wp\/v2\/users\/4"}],"replies":[{"embeddable":true,"href":"https:\/\/uscatletica.ch\/wp\/index.php?rest_route=%2Fwp%2Fv2%2Fcomments&post=20060"}],"version-history":[{"count":3,"href":"https:\/\/uscatletica.ch\/wp\/index.php?rest_route=\/wp\/v2\/posts\/20060\/revisions"}],"predecessor-version":[{"id":20066,"href":"https:\/\/uscatletica.ch\/wp\/index.php?rest_route=\/wp\/v2\/posts\/20060\/revisions\/20066"}],"wp:featuredmedia":[{"embeddable":true,"href":"https:\/\/uscatletica.ch\/wp\/index.php?rest_route=\/wp\/v2\/media\/19185"}],"wp:attachment":[{"href":"https:\/\/uscatletica.ch\/wp\/index.php?rest_route=%2Fwp%2Fv2%2Fmedia&parent=20060"}],"wp:term":[{"taxonomy":"category","embeddable":true,"href":"https:\/\/uscatletica.ch\/wp\/index.php?rest_route=%2Fwp%2Fv2%2Fcategories&post=20060"},{"taxonomy":"post_tag","embeddable":true,"href":"https:\/\/uscatletica.ch\/wp\/index.php?rest_route=%2Fwp%2Fv2%2Ftags&post=20060"}],"curies":[{"name":"wp","href":"https:\/\/api.w.org\/{rel}","templated":true}]}}