{"id":20068,"date":"2024-09-14T22:45:36","date_gmt":"2024-09-14T20:45:36","guid":{"rendered":"https:\/\/uscatletica.ch\/wp\/?p=20068"},"modified":"2024-09-14T23:16:41","modified_gmt":"2024-09-14T21:16:41","slug":"penz-iamo-a-chiasso-settebello-usc","status":"publish","type":"post","link":"https:\/\/uscatletica.ch\/wp\/?p=20068","title":{"rendered":"Penz&#8230;iamo a Chiasso: bene l&#8217;USC"},"content":{"rendered":"\n<p>Sabato mattina erano quasi 150 al via della 10 km di Penz&#8230;iamo a Chiasso ed erano sette le presenze USC nella distanza principale. Valerio e Selina sono andati a podio, ottimi punti in coppa anche per Alex e Alessandro.<\/p>\n<p><a href=\"https:\/\/performancetiming.ch\/race-info\/284357#1_C5F466\" target=\"_blank\" rel=\"noopener\">I RISULTATI<\/a><\/p>\n<p>Doppietta italiana nella gara nella citt\u00e0 di confine: al femminile vince la fortissima Ivana Iozzia mentre al maschile vince Fabiano Bianchi. Tra le U20 Selina chiude seconda in 49&#8217;23. \u00a0Tra gli M50 Valerio \u00e8 secondo in 38&#8217;25. Dodicesimo tempo assoluto per Alex che in 36&#8217;17 \u00e8 quinto tra gli M40, Alessandro in 37&#8217;02 \u00e8 settimo di categoria. David chiude in 38&#8217;15 mentre Mauro chiude in 40&#8217;28. Dodicesimo tra gli M60, in 53&#8217;06 chiude Giancarlo. Ramona chiude quinta in 28&#8217;46 la 5 km. <\/p>\n\n\n","protected":false},"excerpt":{"rendered":"<p>Sabato mattina erano quasi 150 al via della 10 km di Penz&#8230;iamo a Chiasso ed erano sette le presenze USC nella distanza principale. Valerio e Selina sono andati a podio, ottimi punti in coppa anche per Alex e Alessandro. I RISULTATI Doppietta italiana nella gara nella citt\u00e0 di confine: al femminile vince la fortissima Ivana Iozzia mentre al maschile vince Fabiano Bianchi. Tra le U20 Selina chiude seconda in 49&#8217;23. \u00a0Tra gli M50 Valerio \u00e8&#8230;<\/p>\n","protected":false},"author":4,"featured_media":19325,"comment_status":"closed","ping_status":"closed","sticky":false,"template":"","format":"standard","meta":{"jetpack_post_was_ever_published":false,"_jetpack_newsletter_access":"","_jetpack_dont_email_post_to_subs":false,"_jetpack_newsletter_tier_id":0,"_jetpack_memberships_contains_paywalled_content":false,"_jetpack_memberships_contains_paid_content":false,"footnotes":"","jetpack_publicize_message":"","jetpack_publicize_feature_enabled":true,"jetpack_social_post_already_shared":true,"jetpack_social_options":{"image_generator_settings":{"template":"highway","default_image_id":0,"font":"","enabled":false},"version":2}},"categories":[5,9],"tags":[],"class_list":["post-20068","post","type-post","status-publish","format-standard","has-post-thumbnail","hentry","category-podismo","category-sport"],"jetpack_publicize_connections":[],"jetpack_featured_media_url":"https:\/\/i0.wp.com\/uscatletica.ch\/wp\/wp-content\/uploads\/2024\/05\/Maglia-USC-2023-2.jpg?fit=1700%2C1940&ssl=1","jetpack_sharing_enabled":true,"jetpack_shortlink":"https:\/\/wp.me\/p6V7Ck-5dG","jetpack-related-posts":[{"id":20792,"url":"https:\/\/uscatletica.ch\/wp\/?p=20792","url_meta":{"origin":20068,"position":0},"title":"Media Blenio Ottima USC","author":"Leonida Stampanoni","date":"21 Aprile 2025","format":false,"excerpt":"La 41a\u00a0edizione del Giro Media Blenio ha accolto a Dongio quasi 500 atleti dai 6 ai 90 anni. Una bella giornata primaverile ha permesso alla trentina di USCini al via di esprimersi al meglio. Sul tracciato classico vittoria per Tommaso \u00a0Marani in 33'04 ed Alice Fritzsche in 39'16 .Doppietta USC\u2026","rel":"","context":"In &quot;Podismo&quot;","block_context":{"text":"Podismo","link":"https:\/\/uscatletica.ch\/wp\/?cat=5"},"img":{"alt_text":"","src":"https:\/\/i0.wp.com\/uscatletica.ch\/wp\/wp-content\/uploads\/2025\/04\/Logo_GMB_41esima_OMINO_250331_205245.png?fit=1000%2C626&ssl=1&resize=350%2C200","width":350,"height":200,"srcset":"https:\/\/i0.wp.com\/uscatletica.ch\/wp\/wp-content\/uploads\/2025\/04\/Logo_GMB_41esima_OMINO_250331_205245.png?fit=1000%2C626&ssl=1&resize=350%2C200 1x, https:\/\/i0.wp.com\/uscatletica.ch\/wp\/wp-content\/uploads\/2025\/04\/Logo_GMB_41esima_OMINO_250331_205245.png?fit=1000%2C626&ssl=1&resize=525%2C300 1.5x, https:\/\/i0.wp.com\/uscatletica.ch\/wp\/wp-content\/uploads\/2025\/04\/Logo_GMB_41esima_OMINO_250331_205245.png?fit=1000%2C626&ssl=1&resize=700%2C400 2x"},"classes":[]},{"id":16013,"url":"https:\/\/uscatletica.ch\/wp\/?p=16013","url_meta":{"origin":20068,"position":1},"title":"AL BASODINO Elia vince, Giancarlo a podio","author":"Leonida Stampanoni","date":"20 Settembre 2022","format":false,"excerpt":"Il fine settimana del calendario ASTi ha visto due prove valide per le coppe ASTi BancaStato, sabato a Chiasso i podisti hanno corso Penz..iamo, mentre domenica al Basodino erano in palio gli ultimi punti. Domenica Elia ha vinto la coppa di categoria terminando secondo in generale. In cima al Basodino\u2026","rel":"","context":"In &quot;Montagna&quot;","block_context":{"text":"Montagna","link":"https:\/\/uscatletica.ch\/wp\/?cat=16"},"img":{"alt_text":"","src":"https:\/\/i0.wp.com\/uscatletica.ch\/wp\/wp-content\/uploads\/2022\/08\/220829abdnimi.jpg?fit=432%2C324&ssl=1&resize=350%2C200","width":350,"height":200},"classes":[]},{"id":18187,"url":"https:\/\/uscatletica.ch\/wp\/?p=18187","url_meta":{"origin":20068,"position":2},"title":"USC Bene a Giornico","author":"Leonida Stampanoni","date":"7 Ottobre 2023","format":false,"excerpt":"Erano quasi una ventina gli USCini al via della corsa delle 7 chiese di Giornico \u00a0penultima prova delle Coppe ASTi BancaStato \u00a0Podismo e Giovanile che si chiuderanno sabati 21 ottobre con il Gir dal Diavol.\u00a0 Nelle gare giovanili doppietta tra le U16 con Lila ed Elsa, tra i ragazzi No\u00e9\u2026","rel":"","context":"In &quot;Podismo&quot;","block_context":{"text":"Podismo","link":"https:\/\/uscatletica.ch\/wp\/?cat=5"},"img":{"alt_text":"","src":"https:\/\/i0.wp.com\/uscatletica.ch\/wp\/wp-content\/uploads\/2022\/10\/221992sagnoU14M.jpg?fit=480%2C640&ssl=1&resize=350%2C200","width":350,"height":200},"classes":[]},{"id":19311,"url":"https:\/\/uscatletica.ch\/wp\/?p=19311","url_meta":{"origin":20068,"position":3},"title":"COMANO RUN USC ELIA E SELINA CAMPIONI ASTI","author":"Leonida Stampanoni","date":"5 Maggio 2024","format":false,"excerpt":"Alla Comano Run erano in 430 sulla linea di partenza di cui 150 i partecipanti al campionato ASTi. Ai piedi della Collina di San Bernardo erano be 34 gli USCini che hanno tagliato il traguardo. A vincere la gara principale \u00e8 stato Tommaso Marani \u00a0nuovo campione ASTi assoluto ed M20\u2026","rel":"","context":"In &quot;Podismo&quot;","block_context":{"text":"Podismo","link":"https:\/\/uscatletica.ch\/wp\/?cat=5"},"img":{"alt_text":"","src":"https:\/\/i0.wp.com\/uscatletica.ch\/wp\/wp-content\/uploads\/2023\/12\/231210selinasilvw.jpg?fit=432%2C243&ssl=1&resize=350%2C200","width":350,"height":200},"classes":[]},{"id":19102,"url":"https:\/\/uscatletica.ch\/wp\/?p=19102","url_meta":{"origin":20068,"position":4},"title":"L&#8217;USC AL GIRO MEDIA BLENIO (corretto)","author":"Spider Calendar","date":"1 Aprile 2024","format":false,"excerpt":"La 40a\u00a0edizione del Giro Media Blenio, disputatasi in luned\u00ec uggioso, ha regalato grandi soddisfazioni all'US Capriaschese, presente nella Valle del Sole con una ventina di atleti. Nel GP Roberto sfiora il primato ticinese duellando con il campione europeo 2014 di Maratona Daniele Meucci. Nella 10 km \u00a0i campioni ticinesi sono\u2026","rel":"","context":"In &quot;Diversi&quot;","block_context":{"text":"Diversi","link":"https:\/\/uscatletica.ch\/wp\/?cat=30"},"img":{"alt_text":"","src":"https:\/\/i0.wp.com\/uscatletica.ch\/wp\/wp-content\/uploads\/2024\/04\/240401gmbpodi5km.png?fit=432%2C353&ssl=1&resize=350%2C200","width":350,"height":200},"classes":[]},{"id":5948,"url":"https:\/\/uscatletica.ch\/wp\/?p=5948","url_meta":{"origin":20068,"position":5},"title":"Stralosone USCini veloci Elia debutta sui 1000 m a Chiasso","author":"Leonida Stampanoni","date":"1 Maggio 2018","format":false,"excerpt":"In una serena giornata di maggio\u00a0 erano 13 gli USCini al via della Stralosone terza prova della coppa Ticino ASTi e della coppa giovanile. I nostri atleti sui saliscendi locarnesi hanno raccolto 2 vittorie e 6 podi. Nella coppa giovani vince Ruben e Matilde termina sul podio. Sui 10 km\u2026","rel":"","context":"In &quot;Podismo&quot;","block_context":{"text":"Podismo","link":"https:\/\/uscatletica.ch\/wp\/?cat=5"},"img":{"alt_text":"","src":"https:\/\/i0.wp.com\/uscatletica.ch\/wp\/wp-content\/uploads\/2018\/04\/TGQUSC18U14.jpg?fit=532%2C259&ssl=1&resize=350%2C200","width":350,"height":200,"srcset":"https:\/\/i0.wp.com\/uscatletica.ch\/wp\/wp-content\/uploads\/2018\/04\/TGQUSC18U14.jpg?fit=532%2C259&ssl=1&resize=350%2C200 1x, https:\/\/i0.wp.com\/uscatletica.ch\/wp\/wp-content\/uploads\/2018\/04\/TGQUSC18U14.jpg?fit=532%2C259&ssl=1&resize=525%2C300 1.5x"},"classes":[]}],"_links":{"self":[{"href":"https:\/\/uscatletica.ch\/wp\/index.php?rest_route=\/wp\/v2\/posts\/20068","targetHints":{"allow":["GET"]}}],"collection":[{"href":"https:\/\/uscatletica.ch\/wp\/index.php?rest_route=\/wp\/v2\/posts"}],"about":[{"href":"https:\/\/uscatletica.ch\/wp\/index.php?rest_route=\/wp\/v2\/types\/post"}],"author":[{"embeddable":true,"href":"https:\/\/uscatletica.ch\/wp\/index.php?rest_route=\/wp\/v2\/users\/4"}],"replies":[{"embeddable":true,"href":"https:\/\/uscatletica.ch\/wp\/index.php?rest_route=%2Fwp%2Fv2%2Fcomments&post=20068"}],"version-history":[{"count":3,"href":"https:\/\/uscatletica.ch\/wp\/index.php?rest_route=\/wp\/v2\/posts\/20068\/revisions"}],"predecessor-version":[{"id":20077,"href":"https:\/\/uscatletica.ch\/wp\/index.php?rest_route=\/wp\/v2\/posts\/20068\/revisions\/20077"}],"wp:featuredmedia":[{"embeddable":true,"href":"https:\/\/uscatletica.ch\/wp\/index.php?rest_route=\/wp\/v2\/media\/19325"}],"wp:attachment":[{"href":"https:\/\/uscatletica.ch\/wp\/index.php?rest_route=%2Fwp%2Fv2%2Fmedia&parent=20068"}],"wp:term":[{"taxonomy":"category","embeddable":true,"href":"https:\/\/uscatletica.ch\/wp\/index.php?rest_route=%2Fwp%2Fv2%2Fcategories&post=20068"},{"taxonomy":"post_tag","embeddable":true,"href":"https:\/\/uscatletica.ch\/wp\/index.php?rest_route=%2Fwp%2Fv2%2Ftags&post=20068"}],"curies":[{"name":"wp","href":"https:\/\/api.w.org\/{rel}","templated":true}]}}