{"id":2009,"date":"2016-06-04T20:19:29","date_gmt":"2016-06-04T18:19:29","guid":{"rendered":"http:\/\/uscatletica.ch\/wp\/?p=2009"},"modified":"2016-06-04T20:19:29","modified_gmt":"2016-06-04T18:19:29","slug":"oberseemeeting-simone-vola-a-3-70-m-livestreaming","status":"publish","type":"post","link":"https:\/\/uscatletica.ch\/wp\/?p=2009","title":{"rendered":"OberseeMeeting Simone vola a 3.70 m (Livestreaming)"},"content":{"rendered":"<p>L&#8217;<a href=\"http:\/\/www.lg-obersee.ch\/phpwcms\/index.php?om2016\" target=\"_blank\">Oberseemeeting di Jona<\/a>\u00a0\u00e8 uno degli appuntamenti classici dell&#8217;atletica svizzera sulle rive del lago di Zurigo da 26 anni i migliori atleti svizzeri gareggiano alla ricerca dei propri limiti. Negli anni &#8217;90 erano i nostri mezzofondisti a cercare di abbattere i loro primati. Oggi Simone si \u00e8 battuto alla grande \u00a0uguagliando il personale nell&#8217;asta e migliorandosi sui 300 m ostacoli.<\/p>\n<p><a href=\"http:\/\/www.lg-obersee.ch\/live\/timetable1.php\" target=\"_blank\">I risultati live<\/a><\/p>\n<p>Nel salto con l&#8217;asta Simone varca la soglia di 3.70 m \u00a0 come ai campionati ticinesi indoor. \u00a03.77 m sono l&#8217;altezza limite.<\/p>\n<p>In serata sui 300m ostacoli con una buona gara ed un eccellente finale ha abbassato il suo personale a 41&#8243;03.<\/p>\n<p>&nbsp;<\/p>\n","protected":false},"excerpt":{"rendered":"<p>L&#8217;Oberseemeeting di Jona\u00a0\u00e8 uno degli appuntamenti classici dell&#8217;atletica svizzera sulle rive del lago di Zurigo da 26 anni i migliori atleti svizzeri gareggiano alla ricerca dei propri limiti. Negli anni &#8217;90 erano i nostri mezzofondisti a cercare di abbattere i loro primati. Oggi Simone si \u00e8 battuto alla grande \u00a0uguagliando il personale nell&#8217;asta e migliorandosi sui 300 m ostacoli. I risultati live Nel salto con l&#8217;asta Simone varca la soglia di 3.70 m \u00a0 come&#8230;<\/p>\n","protected":false},"author":4,"featured_media":1763,"comment_status":"closed","ping_status":"closed","sticky":false,"template":"","format":"standard","meta":{"jetpack_post_was_ever_published":false,"_jetpack_newsletter_access":"","_jetpack_dont_email_post_to_subs":false,"_jetpack_newsletter_tier_id":0,"_jetpack_memberships_contains_paywalled_content":false,"_jetpack_memberships_contains_paid_content":false,"footnotes":"","jetpack_publicize_message":"","jetpack_publicize_feature_enabled":true,"jetpack_social_post_already_shared":true,"jetpack_social_options":{"image_generator_settings":{"template":"highway","default_image_id":0,"font":"","enabled":false},"version":2}},"categories":[4,9],"tags":[],"class_list":["post-2009","post","type-post","status-publish","format-standard","has-post-thumbnail","hentry","category-pista","category-sport"],"jetpack_publicize_connections":[],"jetpack_featured_media_url":"https:\/\/i0.wp.com\/uscatletica.ch\/wp\/wp-content\/uploads\/2016\/05\/simonevel.jpg?fit=563%2C401&ssl=1","jetpack_sharing_enabled":true,"jetpack_shortlink":"https:\/\/wp.me\/p6V7Ck-wp","jetpack-related-posts":[{"id":2770,"url":"https:\/\/uscatletica.ch\/wp\/?p=2770","url_meta":{"origin":2009,"position":0},"title":"Campionati svizzeri Simone vola sugli ostacoli (Video della finale )","author":"Leonida Stampanoni","date":"12 Settembre 2016","format":false,"excerpt":"Caldo fine settimana allo Schachen di Aarau, i migliori U16 ed U18 della svizzera erano a caccia di medaglie. Con Simone e Giada c'erano quasi tutti i protagonisti dei campionati Europei U18. Simone sui 300 m ostacoli ha ottenuto il quinto posto ed il personale \u00a0mentre nell'Asta ha chiuso decimo.\u2026","rel":"","context":"In &quot;Pista&quot;","block_context":{"text":"Pista","link":"https:\/\/uscatletica.ch\/wp\/?cat=4"},"img":{"alt_text":"","src":"https:\/\/i0.wp.com\/uscatletica.ch\/wp\/wp-content\/uploads\/2016\/09\/P1430671.jpg?fit=563%2C422&ssl=1&resize=350%2C200","width":350,"height":200,"srcset":"https:\/\/i0.wp.com\/uscatletica.ch\/wp\/wp-content\/uploads\/2016\/09\/P1430671.jpg?fit=563%2C422&ssl=1&resize=350%2C200 1x, https:\/\/i0.wp.com\/uscatletica.ch\/wp\/wp-content\/uploads\/2016\/09\/P1430671.jpg?fit=563%2C422&ssl=1&resize=525%2C300 1.5x"},"classes":[]},{"id":641,"url":"https:\/\/uscatletica.ch\/wp\/?p=641","url_meta":{"origin":2009,"position":1},"title":"Celine campionessa ticinese indoor di salto in lungo","author":"Leonida Stampanoni","date":"17 Gennaio 2016","format":false,"excerpt":"La prima edizione dei campionati ticinesi indoor per il settore salti \u00e8 stata una bella giornata di atletica organizzata dall'US Ascona alla palestra Regazzi di Gordola. l'USC con sei atleti era tra le societ\u00e0 pi\u00f9 numerose, C\u00e9line ha scritto una pagina storica aggiudicandosi il primo titolo nel salto in lungo,\u2026","rel":"","context":"In &quot;Pista&quot;","block_context":{"text":"Pista","link":"https:\/\/uscatletica.ch\/wp\/?cat=4"},"img":{"alt_text":"","src":"https:\/\/i0.wp.com\/uscatletica.ch\/wp\/wp-content\/uploads\/2016\/01\/P1370359.jpg?fit=563%2C422&ssl=1&resize=350%2C200","width":350,"height":200,"srcset":"https:\/\/i0.wp.com\/uscatletica.ch\/wp\/wp-content\/uploads\/2016\/01\/P1370359.jpg?fit=563%2C422&ssl=1&resize=350%2C200 1x, https:\/\/i0.wp.com\/uscatletica.ch\/wp\/wp-content\/uploads\/2016\/01\/P1370359.jpg?fit=563%2C422&ssl=1&resize=525%2C300 1.5x"},"classes":[]},{"id":1686,"url":"https:\/\/uscatletica.ch\/wp\/?p=1686","url_meta":{"origin":2009,"position":2},"title":"Simone  debutta a Basel (ticinesi e svizzeri partono col botto)","author":"Leonida Stampanoni","date":"7 Maggio 2016","format":false,"excerpt":"A Basel si correva la H\u00fcrden cup meeting \u00a0dedicato specialmente agli ostacoli, che presenta infatti anche la gara sui 200 m hs. Alla Sch\u00fctzenmatte debuttava in pista nel 2016 Simone che settimana prossima rappresenter\u00e0 il Ticino a Bressanone con la selezione Ticino. \u00a0Gioved\u00ec a Langenthal e a Basel gli atleti\u2026","rel":"","context":"In &quot;Pista&quot;","block_context":{"text":"Pista","link":"https:\/\/uscatletica.ch\/wp\/?cat=4"},"img":{"alt_text":"","src":"https:\/\/i0.wp.com\/uscatletica.ch\/wp\/wp-content\/uploads\/2016\/01\/P1330283.jpg?fit=640%2C480&ssl=1&resize=350%2C200","width":350,"height":200,"srcset":"https:\/\/i0.wp.com\/uscatletica.ch\/wp\/wp-content\/uploads\/2016\/01\/P1330283.jpg?fit=640%2C480&ssl=1&resize=350%2C200 1x, https:\/\/i0.wp.com\/uscatletica.ch\/wp\/wp-content\/uploads\/2016\/01\/P1330283.jpg?fit=640%2C480&ssl=1&resize=525%2C300 1.5x"},"classes":[]},{"id":162,"url":"https:\/\/uscatletica.ch\/wp\/?p=162","url_meta":{"origin":2009,"position":3},"title":"Simone Bronzo ai CT Assoluti 2015","author":"Leonida Stampanoni","date":"27 Settembre 2015","format":false,"excerpt":"La seconda giornata dei campionati Ticinesi giovanili \u00e8 cominciata decisamente bene per l'USC. Ad Ascona Simone ha guadagnato la medaglia di bronzo nel salto con l'asta. A Lugano in pedana nel lungo c'erano Alessia che ha meritato la finale e Giada brava a difendersi. Sui 200 m Simone non \u00e8\u2026","rel":"","context":"In &quot;Pista&quot;","block_context":{"text":"Pista","link":"https:\/\/uscatletica.ch\/wp\/?cat=4"},"img":{"alt_text":"","src":"https:\/\/i0.wp.com\/uscatletica.ch\/wp\/wp-content\/uploads\/2015\/09\/P1220221.jpg?fit=450%2C600&ssl=1&resize=350%2C200","width":350,"height":200},"classes":[]},{"id":820,"url":"https:\/\/uscatletica.ch\/wp\/?p=820","url_meta":{"origin":2009,"position":4},"title":"Simone in gara a Macolin TRIPLO PRIMATO TICINESE","author":"Leonida Stampanoni","date":"6 Febbraio 2016","format":false,"excerpt":"A Macolin in programma un meeting nazionale abbinato ai campionati svizzeri di gare multiple per l'USC Simone si presenta due volte al via nel salto con l'asta ed una volta sui 200 m \u00a0. Alla palestra Ende der Welt molti tra i migliori atleti svizzeri\u00a0I risultati live da Macolin. Simone\u2026","rel":"","context":"In &quot;Pista&quot;","block_context":{"text":"Pista","link":"https:\/\/uscatletica.ch\/wp\/?cat=4"},"img":{"alt_text":"","src":"https:\/\/i0.wp.com\/uscatletica.ch\/wp\/wp-content\/uploads\/2016\/01\/P1370405-1.jpg?fit=563%2C422&ssl=1&resize=350%2C200","width":350,"height":200,"srcset":"https:\/\/i0.wp.com\/uscatletica.ch\/wp\/wp-content\/uploads\/2016\/01\/P1370405-1.jpg?fit=563%2C422&ssl=1&resize=350%2C200 1x, https:\/\/i0.wp.com\/uscatletica.ch\/wp\/wp-content\/uploads\/2016\/01\/P1370405-1.jpg?fit=563%2C422&ssl=1&resize=525%2C300 1.5x"},"classes":[]},{"id":19453,"url":"https:\/\/uscatletica.ch\/wp\/?p=19453","url_meta":{"origin":2009,"position":5},"title":"A BIASCA BRILLANO LE USCINE SOTTO LA PIOGGIA","author":"Leonida Stampanoni","date":"9 Giugno 2024","format":false,"excerpt":"La seconda tappa del BancaStato GP TICINO ha portato grande entusiasmo al Vallone di Biasca nonostante il maltempo non sono mancate le ottime prestazione. Una otto le presenze USC: Nel peso brilla Giada con una vittoria che le permette di prendere il comando della classifica del Gran Prix lanci, personali\u2026","rel":"","context":"In &quot;Non catalogato&quot;","block_context":{"text":"Non catalogato","link":"https:\/\/uscatletica.ch\/wp\/?cat=6"},"img":{"alt_text":"","src":"https:\/\/i0.wp.com\/uscatletica.ch\/wp\/wp-content\/uploads\/2024\/05\/Maglia-USC-2023-2.jpg?fit=1052%2C1200&ssl=1&resize=350%2C200","width":350,"height":200,"srcset":"https:\/\/i0.wp.com\/uscatletica.ch\/wp\/wp-content\/uploads\/2024\/05\/Maglia-USC-2023-2.jpg?fit=1052%2C1200&ssl=1&resize=350%2C200 1x, https:\/\/i0.wp.com\/uscatletica.ch\/wp\/wp-content\/uploads\/2024\/05\/Maglia-USC-2023-2.jpg?fit=1052%2C1200&ssl=1&resize=525%2C300 1.5x, https:\/\/i0.wp.com\/uscatletica.ch\/wp\/wp-content\/uploads\/2024\/05\/Maglia-USC-2023-2.jpg?fit=1052%2C1200&ssl=1&resize=700%2C400 2x, https:\/\/i0.wp.com\/uscatletica.ch\/wp\/wp-content\/uploads\/2024\/05\/Maglia-USC-2023-2.jpg?fit=1052%2C1200&ssl=1&resize=1050%2C600 3x"},"classes":[]}],"_links":{"self":[{"href":"https:\/\/uscatletica.ch\/wp\/index.php?rest_route=\/wp\/v2\/posts\/2009","targetHints":{"allow":["GET"]}}],"collection":[{"href":"https:\/\/uscatletica.ch\/wp\/index.php?rest_route=\/wp\/v2\/posts"}],"about":[{"href":"https:\/\/uscatletica.ch\/wp\/index.php?rest_route=\/wp\/v2\/types\/post"}],"author":[{"embeddable":true,"href":"https:\/\/uscatletica.ch\/wp\/index.php?rest_route=\/wp\/v2\/users\/4"}],"replies":[{"embeddable":true,"href":"https:\/\/uscatletica.ch\/wp\/index.php?rest_route=%2Fwp%2Fv2%2Fcomments&post=2009"}],"version-history":[{"count":1,"href":"https:\/\/uscatletica.ch\/wp\/index.php?rest_route=\/wp\/v2\/posts\/2009\/revisions"}],"predecessor-version":[{"id":2010,"href":"https:\/\/uscatletica.ch\/wp\/index.php?rest_route=\/wp\/v2\/posts\/2009\/revisions\/2010"}],"wp:featuredmedia":[{"embeddable":true,"href":"https:\/\/uscatletica.ch\/wp\/index.php?rest_route=\/wp\/v2\/media\/1763"}],"wp:attachment":[{"href":"https:\/\/uscatletica.ch\/wp\/index.php?rest_route=%2Fwp%2Fv2%2Fmedia&parent=2009"}],"wp:term":[{"taxonomy":"category","embeddable":true,"href":"https:\/\/uscatletica.ch\/wp\/index.php?rest_route=%2Fwp%2Fv2%2Fcategories&post=2009"},{"taxonomy":"post_tag","embeddable":true,"href":"https:\/\/uscatletica.ch\/wp\/index.php?rest_route=%2Fwp%2Fv2%2Ftags&post=2009"}],"curies":[{"name":"wp","href":"https:\/\/api.w.org\/{rel}","templated":true}]}}