{"id":20216,"date":"2024-09-27T18:27:02","date_gmt":"2024-09-27T16:27:02","guid":{"rendered":"https:\/\/uscatletica.ch\/wp\/?p=20216"},"modified":"2024-09-28T06:41:10","modified_gmt":"2024-09-28T04:41:10","slug":"ct-giovanili-e-stralugano-gli-appuntamenti-del-fine-settimana","status":"publish","type":"post","link":"https:\/\/uscatletica.ch\/wp\/?p=20216","title":{"rendered":"CT GIOVANILI E STRALUGANO GLI APPUNTAMENTI DEL FINE SETTIMANA"},"content":{"rendered":"\n<p>Intenso fine settimana per chiudere il mese di settembre la Stralunano accender\u00e0 il luganese mentre in pista saranno i giovani a chiudere la stagione con i campionati ticinesi giovanili che vantano ben 217 iscritti sette le presenze USC Marta, Alice e No\u00e9 sono i pi\u00f9 esperti ma Melissa, Am\u00e9lie, Mattia e la giovane Maja saranno pronti a sorprenderci.\u00a0<\/p>\n<p><a href=\"https:\/\/slv.laportal.net\/Competitions\/Details\/14455\" target=\"_blank\" rel=\"noopener\">I PROGRAMMA E \u00a0RISULTATI DEI GIOVANILI<\/a> \u00a0<a href=\"https:\/\/www.endu.net\/it\/events\/stralugano-2\/results\" target=\"_blank\" rel=\"noopener\">RISULTATI LIVE DALLA STRALUGANO<\/a><\/p>\n<p>Tra le U18 Marta sar\u00e0 tra le favorite nei salti nella sfida contro il duo SAM Emma Rosa e Elisa Tricarico. Melissa sar\u00e0 al via sui 100 m. No\u00e9 al via sia sui 600 m dove trover\u00e0 Mattia che nel salto in alto. Alice sugli 80 sar\u00e0 tra le favorite mentre nel lungo sar\u00e0 tutto da scoprire. Sui 600 m Amelie cerca nuove sfide.\u00a0<\/p>\n<p>Sabato a Lugano sulla 10 km accanto a diversi podisti esperti troveremo al via Selina, Olivia, Elsa e Lila. \u00a0<\/p>\n<h4><em><strong><span style=\"color: #ff0000;\">Reduce dal secondo rango dello scorso anno Martina sar\u00e0 al via nella 5 km<\/span><\/strong><\/em><\/h4>\n<p>Domenica pomeriggio spazio ai nostri atleti impegnati con il progetto giovanile ASTi che saranno al via della prova della coppa a loro dedicata. Anais, Amelie, Dalia, Giosu\u00e8, Viola, Nicole, Adelaide, Agata, Jacopo, Linda.\u00a0<\/p>\n","protected":false},"excerpt":{"rendered":"<p>Intenso fine settimana per chiudere il mese di settembre la Stralunano accender\u00e0 il luganese mentre in pista saranno i giovani a chiudere la stagione con i campionati ticinesi giovanili che vantano ben 217 iscritti sette le presenze USC Marta, Alice e No\u00e9 sono i pi\u00f9 esperti ma Melissa, Am\u00e9lie, Mattia e la giovane Maja saranno pronti a sorprenderci.\u00a0 I PROGRAMMA E \u00a0RISULTATI DEI GIOVANILI \u00a0RISULTATI LIVE DALLA STRALUGANO Tra le U18 Marta sar\u00e0 tra le&#8230;<\/p>\n","protected":false},"author":4,"featured_media":15885,"comment_status":"closed","ping_status":"closed","sticky":false,"template":"","format":"standard","meta":{"jetpack_post_was_ever_published":false,"_jetpack_newsletter_access":"","_jetpack_dont_email_post_to_subs":false,"_jetpack_newsletter_tier_id":0,"_jetpack_memberships_contains_paywalled_content":false,"_jetpack_memberships_contains_paid_content":false,"footnotes":"","jetpack_publicize_message":"","jetpack_publicize_feature_enabled":true,"jetpack_social_post_already_shared":true,"jetpack_social_options":{"image_generator_settings":{"template":"highway","default_image_id":0,"font":"","enabled":false},"version":2}},"categories":[4,5,9],"tags":[],"class_list":["post-20216","post","type-post","status-publish","format-standard","has-post-thumbnail","hentry","category-pista","category-podismo","category-sport"],"jetpack_publicize_connections":[],"jetpack_featured_media_url":"https:\/\/i0.wp.com\/uscatletica.ch\/wp\/wp-content\/uploads\/2022\/09\/NOah22.jpg?fit=432%2C242&ssl=1","jetpack_sharing_enabled":true,"jetpack_shortlink":"https:\/\/wp.me\/p6V7Ck-5g4","jetpack-related-posts":[{"id":21295,"url":"https:\/\/uscatletica.ch\/wp\/?p=21295","url_meta":{"origin":20216,"position":0},"title":"Il fine settimana tra Bellinzona e Lugano","author":"Leonida Stampanoni","date":"26 Settembre 2025","format":false,"excerpt":"Nel fine settimana \u00a0doppio impegni per l'USC i podisti saranno impegnati alla Stralunano la manifestazione pi\u00f9 popolare del cantone sabato si garegger\u00e0 sui 5 e 10 km mentre domenica la coppa Giovanile accompagner\u00e0 la gara in salita e la mezza maratona. Sabato al comunale di Bellinzonasaranno quasi. 300 gli atleti\u2026","rel":"","context":"In &quot;Pista&quot;","block_context":{"text":"Pista","link":"https:\/\/uscatletica.ch\/wp\/?cat=4"},"img":{"alt_text":"","src":"https:\/\/i0.wp.com\/uscatletica.ch\/wp\/wp-content\/uploads\/2022\/09\/Gala.jpg?fit=753%2C257&ssl=1&resize=350%2C200","width":350,"height":200,"srcset":"https:\/\/i0.wp.com\/uscatletica.ch\/wp\/wp-content\/uploads\/2022\/09\/Gala.jpg?fit=753%2C257&ssl=1&resize=350%2C200 1x, https:\/\/i0.wp.com\/uscatletica.ch\/wp\/wp-content\/uploads\/2022\/09\/Gala.jpg?fit=753%2C257&ssl=1&resize=525%2C300 1.5x, https:\/\/i0.wp.com\/uscatletica.ch\/wp\/wp-content\/uploads\/2022\/09\/Gala.jpg?fit=753%2C257&ssl=1&resize=700%2C400 2x"},"classes":[]},{"id":20816,"url":"https:\/\/uscatletica.ch\/wp\/?p=20816","url_meta":{"origin":20216,"position":1},"title":"USC un fine settimana in gara nelle Capitali","author":"Leonida Stampanoni","date":"10 Maggio 2025","format":false,"excerpt":"Il mese di maggio sar\u00e0 uno dei pi\u00f9 intensi dell'anno, nel fine settimana Atleti e atlete USC saranno in gara tra Bellinzona, dove il comunale ospiter\u00e0 il meeting d'apertura, e Bern, dove il GP Bern accogliera trentamila partecipanti. All'Ombra dei Castelli una decina le USCine al via. Tra le vie\u2026","rel":"","context":"In &quot;Pista&quot;","block_context":{"text":"Pista","link":"https:\/\/uscatletica.ch\/wp\/?cat=4"},"img":{"alt_text":"","src":"https:\/\/i0.wp.com\/uscatletica.ch\/wp\/wp-content\/uploads\/2022\/09\/Gala.jpg?fit=753%2C257&ssl=1&resize=350%2C200","width":350,"height":200,"srcset":"https:\/\/i0.wp.com\/uscatletica.ch\/wp\/wp-content\/uploads\/2022\/09\/Gala.jpg?fit=753%2C257&ssl=1&resize=350%2C200 1x, https:\/\/i0.wp.com\/uscatletica.ch\/wp\/wp-content\/uploads\/2022\/09\/Gala.jpg?fit=753%2C257&ssl=1&resize=525%2C300 1.5x, https:\/\/i0.wp.com\/uscatletica.ch\/wp\/wp-content\/uploads\/2022\/09\/Gala.jpg?fit=753%2C257&ssl=1&resize=700%2C400 2x"},"classes":[]},{"id":15854,"url":"https:\/\/uscatletica.ch\/wp\/?p=15854","url_meta":{"origin":20216,"position":2},"title":"DA Zurigo a Bellinzona passando per Lugano il fine settimana USC","author":"Leonida Stampanoni","date":"9 Settembre 2022","format":false,"excerpt":"Quattro appuntamenti agonistici per l'USC nel fine settimana \u00a0si parte sabato Mattina con la finale UBS Kids Cup \u00a0sulla mitica pista del Letzigrund fresca della finale della Diamond League con Alice, che raccoglie il testimone di Flavie, C\u00e9line, Giada, Morena \u00a0e Chiara capace anche di vincere. \u00a0Sabato a Lugano ci\u2026","rel":"","context":"In &quot;Pista&quot;","block_context":{"text":"Pista","link":"https:\/\/uscatletica.ch\/wp\/?cat=4"},"img":{"alt_text":"","src":"https:\/\/i0.wp.com\/uscatletica.ch\/wp\/wp-content\/uploads\/2021\/09\/210914U118eajla.jpg?fit=432%2C324&ssl=1&resize=350%2C200","width":350,"height":200},"classes":[]},{"id":18171,"url":"https:\/\/uscatletica.ch\/wp\/?p=18171","url_meta":{"origin":20216,"position":3},"title":"USCini ambiziosi ai CT U16 U18","author":"Leonida Stampanoni","date":"29 Settembre 2023","format":false,"excerpt":"Sabato al comunale di Bellinzona a partire dalle 10.45 saranno 250 le giovane leve dell'atletica a sfidarsi in occasione dei campionati ticinesi U16 U18. Il GA Bellinzona mette in palio ben 31 titoli ed in pista di ci saranno tutti i campioni svizzeri 2023. \u00a0Sedici le presenze USC tre ragazzi\u2026","rel":"","context":"In &quot;Pista&quot;","block_context":{"text":"Pista","link":"https:\/\/uscatletica.ch\/wp\/?cat=4"},"img":{"alt_text":"","src":"https:\/\/i0.wp.com\/uscatletica.ch\/wp\/wp-content\/uploads\/2016\/09\/P1430921.jpg?fit=422%2C563&ssl=1&resize=350%2C200","width":350,"height":200},"classes":[]},{"id":16106,"url":"https:\/\/uscatletica.ch\/wp\/?p=16106","url_meta":{"origin":20216,"position":4},"title":"CT GIOVANILI E TAS SAGNO IL FINE SETTIMANA USC","author":"Leonida Stampanoni","date":"30 Settembre 2022","format":false,"excerpt":"Nel fine settimana si chiuder\u00e0 la stagione ticinese in pista con un doppio l'ultimo appuntamento sar\u00e0 a Mendrisio con tutte le prove di corsa dai 100 agli 800 mentre sabato al comunale di Bellinzona si disputeranno i campionati ticinesi giovanili di atletica leggera. \u00a0Domenica sar\u00e0 idealmente il trofeo ASTi BancaStato\u2026","rel":"","context":"In &quot;Non catalogato&quot;","block_context":{"text":"Non catalogato","link":"https:\/\/uscatletica.ch\/wp\/?cat=6"},"img":{"alt_text":"","src":"https:\/\/i0.wp.com\/uscatletica.ch\/wp\/wp-content\/uploads\/2022\/09\/22o.jpg?fit=432%2C411&ssl=1&resize=350%2C200","width":350,"height":200},"classes":[]},{"id":20549,"url":"https:\/\/uscatletica.ch\/wp\/?p=20549","url_meta":{"origin":20216,"position":5},"title":"A Gordola arrivano le prime medaglie del 2025","author":"Leonida Stampanoni","date":"1 Febbraio 2025","format":false,"excerpt":"Alla Regazzi di Gordola ha ospitato i campionati ticinesi giovanili e gli assoluti salti e lanci l'USC ha raccolto un ottimo bottino di medaglie. Marta ha vinto un argento nell'alto e un bronzo nel lungo agli assoluti. Ai giovanili medaglie per Mattia, No\u00e9 ed Alice.\u00a0 Prezioso anche il contributo \u00a0di\u2026","rel":"","context":"In &quot;Pista&quot;","block_context":{"text":"Pista","link":"https:\/\/uscatletica.ch\/wp\/?cat=4"},"img":{"alt_text":"","src":"https:\/\/i0.wp.com\/uscatletica.ch\/wp\/wp-content\/uploads\/2025\/02\/20250201magipodio.jpeg?fit=432%2C324&ssl=1&resize=350%2C200","width":350,"height":200},"classes":[]}],"_links":{"self":[{"href":"https:\/\/uscatletica.ch\/wp\/index.php?rest_route=\/wp\/v2\/posts\/20216","targetHints":{"allow":["GET"]}}],"collection":[{"href":"https:\/\/uscatletica.ch\/wp\/index.php?rest_route=\/wp\/v2\/posts"}],"about":[{"href":"https:\/\/uscatletica.ch\/wp\/index.php?rest_route=\/wp\/v2\/types\/post"}],"author":[{"embeddable":true,"href":"https:\/\/uscatletica.ch\/wp\/index.php?rest_route=\/wp\/v2\/users\/4"}],"replies":[{"embeddable":true,"href":"https:\/\/uscatletica.ch\/wp\/index.php?rest_route=%2Fwp%2Fv2%2Fcomments&post=20216"}],"version-history":[{"count":2,"href":"https:\/\/uscatletica.ch\/wp\/index.php?rest_route=\/wp\/v2\/posts\/20216\/revisions"}],"predecessor-version":[{"id":20225,"href":"https:\/\/uscatletica.ch\/wp\/index.php?rest_route=\/wp\/v2\/posts\/20216\/revisions\/20225"}],"wp:featuredmedia":[{"embeddable":true,"href":"https:\/\/uscatletica.ch\/wp\/index.php?rest_route=\/wp\/v2\/media\/15885"}],"wp:attachment":[{"href":"https:\/\/uscatletica.ch\/wp\/index.php?rest_route=%2Fwp%2Fv2%2Fmedia&parent=20216"}],"wp:term":[{"taxonomy":"category","embeddable":true,"href":"https:\/\/uscatletica.ch\/wp\/index.php?rest_route=%2Fwp%2Fv2%2Fcategories&post=20216"},{"taxonomy":"post_tag","embeddable":true,"href":"https:\/\/uscatletica.ch\/wp\/index.php?rest_route=%2Fwp%2Fv2%2Ftags&post=20216"}],"curies":[{"name":"wp","href":"https:\/\/api.w.org\/{rel}","templated":true}]}}