{"id":20279,"date":"2024-10-12T17:36:28","date_gmt":"2024-10-12T15:36:28","guid":{"rendered":"https:\/\/uscatletica.ch\/wp\/?p=20279"},"modified":"2024-10-12T23:18:58","modified_gmt":"2024-10-12T21:18:58","slug":"usc-brillante-alle-7-chiese","status":"publish","type":"post","link":"https:\/\/uscatletica.ch\/wp\/?p=20279","title":{"rendered":"USC BRILLANTE ALLE 7 CHIESE e a Locarno"},"content":{"rendered":"\n<p>La corsa delle 7 Chiese Giornico ha chiuso la stagione delle Coppa ASTi BancaStato Podismo \u00a0e Giovanile. Una ventina gli USCini al via tra gli oltre 100 partecipanti presentatisi sulla linea di partenza in Leventina. Tre vittorie con Alex, Jonathan e Linda e podi per Giosu\u00e8, Remo, Anais, Viola, No\u00e9 Mattia, Elia, Selina, Gionata. Si correva anche a Locarno per Ascona Locarno Run tra le piccole secondo rango per Kayla. <span style=\"color: #ff0000;\">Nella 5 km Tiziano, Sigi e Lila conquistano il podio di categoria<\/span>.<\/p>\n<p>\u00a0Domani spazio ai podisti per la 10 km ed il campionato ticinese di mezza maratona<\/p>\n<p><a href=\"https:\/\/www.performance-timing.ch\/race-info\/303932#7_9E4772\" target=\"_blank\" rel=\"noopener\">LE CLASSIFICHE di Giornico \u00a0<\/a>\u00a0<a href=\"https:\/\/www.datasport.com\/live\/ranking\/?racenr=26633#0_4BAF5F\" target=\"_blank\" rel=\"noopener\">Classifiche Datasport da Locarno <\/a><\/p>\n<p>Nella classica sui 10 km vittorie per l&#8217;Italiano Francesco Mascherpa 24&#8217;27 \u00a0e Stefania Barloggio Lupatini 28&#8217;03, Negli M40 doppietta USC Alex in 25&#8217;34 su Elia in 25&#8217;58. Negli M50 Jonathan Vince la gara in 27&#8217;08 Gionata in 27&#8217;36 \u00e8 terzo in una categoria equilibrata. Mauro chiude quarto M40 in 29&#8217;31 Leonida \u00e8 sesto M50 in 30&#8217;35 come Giancarlo negli M60 in 35&#8217;36. Tra le U20 Selina in 32.27 arriva ad una ventina di secondi dalla vittoria chiudendo al secondo rango alle spalle di Aline Oliva.\u00a0<\/p>\n<p>Nelle gare della coppa \u00a0Giovanile sfuggono le vittorie. Tra gli U16 vince Davide Devincenti davanti a No\u00e9 e Mattia. Tra le ragazze dominano le sorelle Lobsiger Amelie e Dalia chiudono quinte e seste. Tra le U14 dietro Jessica Orso sul podio arrivano Anais e Viola mentre tra i ragazzi Giosu\u00e8 \u00e8 terzo. Nella categoria U12. Remo giunge secondo ai piedi del podio quinto e sesto sono Nicol\u00f2 e Jacopo.\u00a0<\/p>\n<p>Tra le pi\u00f9 U8 Linda vince Greta e Flora sono quinte e seste. Lena chiude quinta la gara U10<\/p>\n<p><span style=\"color: #ff0000;\">Alla Ascona Locarno Run Nella Sunset Run, circa 5 km, Tiziano con il quarto tempo assoluto in 16&#8217;54 \u00e8 il secondo tra gli M20, Sigi in 18&#8217;12 \u00e8 il secondo degli M40, Lila in 23&#8217;19 \u00e8 terza tra le U18, Cornelio in 25&#8217;34 \u00e8 settimo di categoria. Tra le pi\u00f9 piccole Kayla \u00e8 seconda seguita da Lena (7).<\/span>\u00a0<\/p>\n","protected":false},"excerpt":{"rendered":"<p>La corsa delle 7 Chiese Giornico ha chiuso la stagione delle Coppa ASTi BancaStato Podismo \u00a0e Giovanile. Una ventina gli USCini al via tra gli oltre 100 partecipanti presentatisi sulla linea di partenza in Leventina. Tre vittorie con Alex, Jonathan e Linda e podi per Giosu\u00e8, Remo, Anais, Viola, No\u00e9 Mattia, Elia, Selina, Gionata. Si correva anche a Locarno per Ascona Locarno Run tra le piccole secondo rango per Kayla. Nella 5 km Tiziano, Sigi&#8230;<\/p>\n","protected":false},"author":4,"featured_media":20280,"comment_status":"closed","ping_status":"closed","sticky":false,"template":"","format":"standard","meta":{"jetpack_post_was_ever_published":false,"_jetpack_newsletter_access":"","_jetpack_dont_email_post_to_subs":false,"_jetpack_newsletter_tier_id":0,"_jetpack_memberships_contains_paywalled_content":false,"_jetpack_memberships_contains_paid_content":false,"footnotes":"","jetpack_publicize_message":"","jetpack_publicize_feature_enabled":true,"jetpack_social_post_already_shared":true,"jetpack_social_options":{"image_generator_settings":{"template":"highway","default_image_id":0,"font":"","enabled":false},"version":2}},"categories":[5,9],"tags":[],"class_list":["post-20279","post","type-post","status-publish","format-standard","has-post-thumbnail","hentry","category-podismo","category-sport"],"jetpack_publicize_connections":[],"jetpack_featured_media_url":"https:\/\/i0.wp.com\/uscatletica.ch\/wp\/wp-content\/uploads\/2024\/10\/20247CHIESELOGlogo.jpg?fit=218%2C224&ssl=1","jetpack_sharing_enabled":true,"jetpack_shortlink":"https:\/\/wp.me\/p6V7Ck-5h5","jetpack-related-posts":[{"id":13515,"url":"https:\/\/uscatletica.ch\/wp\/?p=13515","url_meta":{"origin":20279,"position":0},"title":"Locarno Giornico Sagno chiude la pista con i CT Giovanili partono le staffette","author":"Leonida Stampanoni","date":"1 Ottobre 2021","format":false,"excerpt":"A due anni di distanza torna un classico fine settimana autunnale carico di impegni agonistici per l'USC. Al Lido di Locarno saranno una quindicina le presenze USC ai campionati ticinesi giovanili ultimo appuntamento FTAL su suolo cantonale. Tra i favoriti possiamo citare Matilda, Lara S, Pietro, Morena. \u00a0I Podisti faranno\u2026","rel":"","context":"In &quot;Pista&quot;","block_context":{"text":"Pista","link":"https:\/\/uscatletica.ch\/wp\/?cat=4"},"img":{"alt_text":"","src":"https:\/\/i0.wp.com\/uscatletica.ch\/wp\/wp-content\/uploads\/2021\/09\/TASSagno20211002-724x1024.jpg?resize=350%2C200&ssl=1","width":350,"height":200,"srcset":"https:\/\/i0.wp.com\/uscatletica.ch\/wp\/wp-content\/uploads\/2021\/09\/TASSagno20211002-724x1024.jpg?resize=350%2C200&ssl=1 1x, https:\/\/i0.wp.com\/uscatletica.ch\/wp\/wp-content\/uploads\/2021\/09\/TASSagno20211002-724x1024.jpg?resize=525%2C300&ssl=1 1.5x"},"classes":[]},{"id":16179,"url":"https:\/\/uscatletica.ch\/wp\/?p=16179","url_meta":{"origin":20279,"position":1},"title":"ALLE 7 CHIESE PIOGGIA DI PODI GIOVANILI","author":"Leonida Stampanoni","date":"8 Ottobre 2022","format":false,"excerpt":"Una bella mattinata di mezz'autunno in Bassa Leventina per la dozzina di USCine e Uscini al Giro delle 7 Chiese di giornico, penultima prova delle Coppe ASTi BancaStato podismo e giovanile prima del gran finale al nostro Gir dal Diavol che chiuder\u00e0 la stagione ASTi di podismo. \u00a0Tra ponti, isole\u2026","rel":"","context":"In &quot;Podismo&quot;","block_context":{"text":"Podismo","link":"https:\/\/uscatletica.ch\/wp\/?cat=5"},"img":{"alt_text":"","src":"https:\/\/i0.wp.com\/uscatletica.ch\/wp\/wp-content\/uploads\/2022\/09\/NOah22.jpg?fit=432%2C242&ssl=1&resize=350%2C200","width":350,"height":200},"classes":[]},{"id":13534,"url":"https:\/\/uscatletica.ch\/wp\/?p=13534","url_meta":{"origin":20279,"position":2},"title":"Vittorie USC a Giornico","author":"Stampa E","date":"2 Ottobre 2021","format":false,"excerpt":"La Coppa ASTi di podismo ha fatto tappa a Giornico per la Corsa delle 7 chiese. Nella gara principale due vittorie USC con Elia e Lara. Elia ha chiuso ottimo secondo assoluto e primo M40 dopo un intenso duello con Enrico Cavadini, 3\u00b0 e 1\u00b0 M50, risolto a suo favore\u2026","rel":"","context":"In &quot;Podismo&quot;","block_context":{"text":"Podismo","link":"https:\/\/uscatletica.ch\/wp\/?cat=5"},"img":{"alt_text":"","src":"https:\/\/i0.wp.com\/uscatletica.ch\/wp\/wp-content\/uploads\/2021\/10\/Giornico.png?fit=534%2C500&ssl=1&resize=350%2C200","width":350,"height":200,"srcset":"https:\/\/i0.wp.com\/uscatletica.ch\/wp\/wp-content\/uploads\/2021\/10\/Giornico.png?fit=534%2C500&ssl=1&resize=350%2C200 1x, https:\/\/i0.wp.com\/uscatletica.ch\/wp\/wp-content\/uploads\/2021\/10\/Giornico.png?fit=534%2C500&ssl=1&resize=525%2C300 1.5x"},"classes":[]},{"id":20302,"url":"https:\/\/uscatletica.ch\/wp\/?p=20302","url_meta":{"origin":20279,"position":3},"title":"PODISTI USC IN FORMA A LOCARNO E AI CS MASTERS DI 1\/2","author":"Leonida Stampanoni","date":"14 Ottobre 2024","format":false,"excerpt":"Domenica si correva la Ascona Locarno Run \u00a0valida per il campionato ticinese di mezza maratona e in programma anche la 10 km. Nella 10 km due podi per l'USC con Alessandro e Martina . Sulla mezza podio per Valerio . Davide invece impegnato all'Hallwylersee ha sfiorato il podio sulla mezza.\u2026","rel":"","context":"In &quot;Podismo&quot;","block_context":{"text":"Podismo","link":"https:\/\/uscatletica.ch\/wp\/?cat=5"},"img":{"alt_text":"","src":"https:\/\/i0.wp.com\/uscatletica.ch\/wp\/wp-content\/uploads\/2022\/09\/martina220910stra-e1730451714638.png?fit=324%2C298&ssl=1&resize=350%2C200","width":350,"height":200},"classes":[]},{"id":13660,"url":"https:\/\/uscatletica.ch\/wp\/?p=13660","url_meta":{"origin":20279,"position":4},"title":"Dalle Canarie a  Locarno  USCini in evidenza","author":"Leonida Stampanoni","date":"17 Ottobre 2021","format":false,"excerpt":"Il fine settimana USC ha visto atleti e atlete impegnate su pi\u00f9 fronti Roby era in gara alla finale della Goldentrailseries sull'isola di El Hierro alle Canarie. A Locarno si correva la Ascona Locarno Run \u00a0dove Davide ha vinto il bronzo ai campionati ticinesi di Mezza mentre Ralf ha vinto\u2026","rel":"","context":"In &quot;CO&quot;","block_context":{"text":"CO","link":"https:\/\/uscatletica.ch\/wp\/?cat=19"},"img":{"alt_text":"","src":"","width":0,"height":0},"classes":[]},{"id":18187,"url":"https:\/\/uscatletica.ch\/wp\/?p=18187","url_meta":{"origin":20279,"position":5},"title":"USC Bene a Giornico","author":"Leonida Stampanoni","date":"7 Ottobre 2023","format":false,"excerpt":"Erano quasi una ventina gli USCini al via della corsa delle 7 chiese di Giornico \u00a0penultima prova delle Coppe ASTi BancaStato \u00a0Podismo e Giovanile che si chiuderanno sabati 21 ottobre con il Gir dal Diavol.\u00a0 Nelle gare giovanili doppietta tra le U16 con Lila ed Elsa, tra i ragazzi No\u00e9\u2026","rel":"","context":"In &quot;Podismo&quot;","block_context":{"text":"Podismo","link":"https:\/\/uscatletica.ch\/wp\/?cat=5"},"img":{"alt_text":"","src":"https:\/\/i0.wp.com\/uscatletica.ch\/wp\/wp-content\/uploads\/2022\/10\/221992sagnoU14M.jpg?fit=480%2C640&ssl=1&resize=350%2C200","width":350,"height":200},"classes":[]}],"_links":{"self":[{"href":"https:\/\/uscatletica.ch\/wp\/index.php?rest_route=\/wp\/v2\/posts\/20279","targetHints":{"allow":["GET"]}}],"collection":[{"href":"https:\/\/uscatletica.ch\/wp\/index.php?rest_route=\/wp\/v2\/posts"}],"about":[{"href":"https:\/\/uscatletica.ch\/wp\/index.php?rest_route=\/wp\/v2\/types\/post"}],"author":[{"embeddable":true,"href":"https:\/\/uscatletica.ch\/wp\/index.php?rest_route=\/wp\/v2\/users\/4"}],"replies":[{"embeddable":true,"href":"https:\/\/uscatletica.ch\/wp\/index.php?rest_route=%2Fwp%2Fv2%2Fcomments&post=20279"}],"version-history":[{"count":6,"href":"https:\/\/uscatletica.ch\/wp\/index.php?rest_route=\/wp\/v2\/posts\/20279\/revisions"}],"predecessor-version":[{"id":20289,"href":"https:\/\/uscatletica.ch\/wp\/index.php?rest_route=\/wp\/v2\/posts\/20279\/revisions\/20289"}],"wp:featuredmedia":[{"embeddable":true,"href":"https:\/\/uscatletica.ch\/wp\/index.php?rest_route=\/wp\/v2\/media\/20280"}],"wp:attachment":[{"href":"https:\/\/uscatletica.ch\/wp\/index.php?rest_route=%2Fwp%2Fv2%2Fmedia&parent=20279"}],"wp:term":[{"taxonomy":"category","embeddable":true,"href":"https:\/\/uscatletica.ch\/wp\/index.php?rest_route=%2Fwp%2Fv2%2Fcategories&post=20279"},{"taxonomy":"post_tag","embeddable":true,"href":"https:\/\/uscatletica.ch\/wp\/index.php?rest_route=%2Fwp%2Fv2%2Ftags&post=20279"}],"curies":[{"name":"wp","href":"https:\/\/api.w.org\/{rel}","templated":true}]}}