{"id":20302,"date":"2024-10-14T06:42:30","date_gmt":"2024-10-14T04:42:30","guid":{"rendered":"https:\/\/uscatletica.ch\/wp\/?p=20302"},"modified":"2024-11-01T10:02:09","modified_gmt":"2024-11-01T09:02:09","slug":"podisti-usc-in-forma-alla-ascona-locarno","status":"publish","type":"post","link":"https:\/\/uscatletica.ch\/wp\/?p=20302","title":{"rendered":"PODISTI USC IN FORMA A LOCARNO E AI CS MASTERS DI 1\/2"},"content":{"rendered":"\n<p>Domenica si correva la Ascona Locarno Run \u00a0valida per il campionato ticinese di mezza maratona e in programma anche la 10 km. Nella 10 km due podi per l&#8217;USC con Alessandro e Martina . Sulla mezza podio per Valerio . Davide invece impegnato all&#8217;Hallwylersee ha sfiorato il podio sulla mezza. Evento storico a Chicago la prima donna Joyciline Cepnegetich ha corso la maratona sotto le 2&#8217;10 in 2h09&#8217;57.\u00a0<\/p>\n<p><a href=\"https:\/\/uscatletica.ch\/wp\/wp-admin\/post.php?post=20302&amp;action=edit\" target=\"_blank\" rel=\"noopener\">Classifica di Locarno<\/a>. \u00a0\u00a0<a href=\"https:\/\/www.datasport.com\/live\/ranking\/?racenr=26154#1_B77C0A\" target=\"_blank\" rel=\"noopener\">Classifica Hallwil<\/a><\/p>\n<p>Nella mezza maratona vittoria per Gian Andri Baumann in 1h06&#8217;09 e Tinka Uphoff 1&#8217;24&#8243;57. Il titolo cantonale \u00e8 per Tommaso Marani che Vince in 1h11&#8217;31. Tiziano corre in 1h20&#8217;31 per il decimo rango assoluto mentre Valerio in 1h24&#8217;27 \u00e8 il secondo dagli M50 . Ilaria chiude la mezza in 2h08.21, \u00a0<span style=\"color: #ff0000;\">Ai campionati svizzeri masters di mezza maratona due quarti posti per l&#8217;USC negli M55 Davide chiude in 1h21&#8217;44 mentre tra le W50 Patrizia chiude in 1h40&#8217;21\u00a0<\/span><\/p>\n<p>Nella 10 km al debutto Martina chiude seconda U20 in 42&#8217;27. Alessandro in 35&#8217;25 \u00e8 il secondo degli M40.\u00a0<\/p>\n<p>\u00a0<\/p>\n<p>\u00a0<\/p>\n","protected":false},"excerpt":{"rendered":"<p>Domenica si correva la Ascona Locarno Run \u00a0valida per il campionato ticinese di mezza maratona e in programma anche la 10 km. Nella 10 km due podi per l&#8217;USC con Alessandro e Martina . Sulla mezza podio per Valerio . Davide invece impegnato all&#8217;Hallwylersee ha sfiorato il podio sulla mezza. Evento storico a Chicago la prima donna Joyciline Cepnegetich ha corso la maratona sotto le 2&#8217;10 in 2h09&#8217;57.\u00a0 Classifica di Locarno. \u00a0\u00a0Classifica Hallwil Nella mezza&#8230;<\/p>\n","protected":false},"author":4,"featured_media":15875,"comment_status":"closed","ping_status":"closed","sticky":false,"template":"","format":"standard","meta":{"jetpack_post_was_ever_published":false,"_jetpack_newsletter_access":"","_jetpack_dont_email_post_to_subs":false,"_jetpack_newsletter_tier_id":0,"_jetpack_memberships_contains_paywalled_content":false,"_jetpack_memberships_contains_paid_content":false,"footnotes":"","jetpack_publicize_message":"","jetpack_publicize_feature_enabled":true,"jetpack_social_post_already_shared":true,"jetpack_social_options":{"image_generator_settings":{"template":"highway","default_image_id":0,"font":"","enabled":false},"version":2}},"categories":[5,9],"tags":[],"class_list":["post-20302","post","type-post","status-publish","format-standard","has-post-thumbnail","hentry","category-podismo","category-sport"],"jetpack_publicize_connections":[],"jetpack_featured_media_url":"https:\/\/i0.wp.com\/uscatletica.ch\/wp\/wp-content\/uploads\/2022\/09\/martina220910stra-e1730451714638.png?fit=324%2C298&ssl=1","jetpack_sharing_enabled":true,"jetpack_shortlink":"https:\/\/wp.me\/p6V7Ck-5hs","jetpack-related-posts":[{"id":5102,"url":"https:\/\/uscatletica.ch\/wp\/?p=5102","url_meta":{"origin":20302,"position":0},"title":"Ascona locarno sensazionale Roby nella maratona","author":"Leonida Stampanoni","date":"15 Ottobre 2017","format":false,"excerpt":"Splendida giornata per i campionati ticinesi di Maratona a Locarno. La Ascona Locarno Marathon 2017 \u00e8 stata nettaamente la migliore delle quattro finora disputate. Grandissima soddisfazione per Roby che con un fantastico\u00a0 2h26'15 ha chiuso al secondo posto aggiudicandosi il titolo cantonale. Diversi i podi nella mezza maratona\u00a0 vincono Ralf\u2026","rel":"","context":"In &quot;Podismo&quot;","block_context":{"text":"Podismo","link":"https:\/\/uscatletica.ch\/wp\/?cat=5"},"img":{"alt_text":"","src":"","width":0,"height":0},"classes":[]},{"id":21450,"url":"https:\/\/uscatletica.ch\/wp\/?p=21450","url_meta":{"origin":20302,"position":1},"title":"USC  diverse medaglie alla Ascona Locarno Run","author":"Leonida Stampanoni","date":"12 Ottobre 2025","format":false,"excerpt":"La Golden Edition della Ascona Locarno Run valida quale campionato svizzero e ticinese di mezza maratona e campionato ticinese della 10 km ha regalato molte soddisfazioni all'USC. Nella 10 km titolo assoluto per Martina Buri con un eccellente 38'28. Al maschile titolo per il mom\u00f2 Marco Maffongelli \u00a0Alex vince tra\u2026","rel":"","context":"In &quot;Podismo&quot;","block_context":{"text":"Podismo","link":"https:\/\/uscatletica.ch\/wp\/?cat=5"},"img":{"alt_text":"","src":"https:\/\/i0.wp.com\/uscatletica.ch\/wp\/wp-content\/uploads\/2022\/09\/martina220910stra-e1730451714638.png?fit=324%2C298&ssl=1&resize=350%2C200","width":350,"height":200},"classes":[]},{"id":9285,"url":"https:\/\/uscatletica.ch\/wp\/?p=9285","url_meta":{"origin":20302,"position":2},"title":"Ascona Locarno Run Giorgia argento podio 5 km Gionata e David. Hallwiler","author":"Leonida Stampanoni","date":"13 Ottobre 2019","format":false,"excerpt":"La Ascona Locarno Run la classica di chiusura per la stagione podistica cantonale in palio c'erano i titoli della 10 km e della mezza maratona un buon numero di USCini si sono presentati sulla linea di partenza. Spicca la medaglia d'argento di Giorgia \u00a0sulla 10 km con il quarto tempo\u2026","rel":"","context":"In &quot;Podismo&quot;","block_context":{"text":"Podismo","link":"https:\/\/uscatletica.ch\/wp\/?cat=5"},"img":{"alt_text":"","src":"https:\/\/i0.wp.com\/uscatletica.ch\/wp\/wp-content\/uploads\/2019\/10\/alrpodict10km.jpg?fit=432%2C324&ssl=1&resize=350%2C200","width":350,"height":200},"classes":[]},{"id":6709,"url":"https:\/\/uscatletica.ch\/wp\/?p=6709","url_meta":{"origin":20302,"position":3},"title":"Ascona Locarno Run  Gionata campione Ticinese Rachele argento","author":"Leonida Stampanoni","date":"14 Ottobre 2018","format":false,"excerpt":"La 4 edizione della Ascona Locarno Run ha accolto domenica mattina in piazza Grande 1000 atleti impegnati nei campionati ticinesi mezza maratona e nella 10 km di contorno. Sulla mezza dominio dei Kenyani del Runtogether, primo ticinese Alessandro Santini, mentre il titolo cantonale \u00e8 per il nostro Gionata Volger. Tra\u2026","rel":"","context":"In &quot;Podismo&quot;","block_context":{"text":"Podismo","link":"https:\/\/uscatletica.ch\/wp\/?cat=5"},"img":{"alt_text":"","src":"https:\/\/i0.wp.com\/uscatletica.ch\/wp\/wp-content\/uploads\/2018\/10\/gionataALR2018.jpg?fit=432%2C324&ssl=1&resize=350%2C200","width":350,"height":200},"classes":[]},{"id":5087,"url":"https:\/\/uscatletica.ch\/wp\/?p=5087","url_meta":{"origin":20302,"position":4},"title":"TAS tutti in festa ad Isone Campionati ticinesi di maratona Ascona Locarno","author":"Leonida Stampanoni","date":"11 Ottobre 2017","format":false,"excerpt":"Domenica intensa per l'attivit\u00e0 su strada in mattinata da Piazza Grande di Locarno partir\u00e0 la Ascona Locarno run con Maratona mezza e 10 km, Nel pomeriggio Isone ospiter\u00e0 l'ultima prova del TAS\u00a0 in cima alla valle del Vedeggio sono attesi il solito folto gruppo USC. ASCONA LOCARNO Roby Difende il\u2026","rel":"","context":"In &quot;Podismo&quot;","block_context":{"text":"Podismo","link":"https:\/\/uscatletica.ch\/wp\/?cat=5"},"img":{"alt_text":"","src":"https:\/\/i0.wp.com\/uscatletica.ch\/wp\/wp-content\/uploads\/2017\/10\/P1490435u12sta.jpg?fit=532%2C399&ssl=1&resize=350%2C200","width":350,"height":200,"srcset":"https:\/\/i0.wp.com\/uscatletica.ch\/wp\/wp-content\/uploads\/2017\/10\/P1490435u12sta.jpg?fit=532%2C399&ssl=1&resize=350%2C200 1x, https:\/\/i0.wp.com\/uscatletica.ch\/wp\/wp-content\/uploads\/2017\/10\/P1490435u12sta.jpg?fit=532%2C399&ssl=1&resize=525%2C300 1.5x"},"classes":[]},{"id":2977,"url":"https:\/\/uscatletica.ch\/wp\/?p=2977","url_meta":{"origin":20302,"position":5},"title":"Roberto vince la Ascona Locarno Marathon (cdt20161019)","author":"Leonida Stampanoni","date":"16 Ottobre 2016","format":false,"excerpt":"Una splendida giornata autunnale con il sole che scaldava piazza Grande per la 2a\u00a0\u00a0Ascona Locarno Marathon. 1500 atleti al via . 130 nella maratona dove Robi ha sorpreso tutti vincendo la gara assoluta. Nella mezza con doppietta Kenyana podi di categoria per Valerio e Patrizia tra i quarantenni . Nella\u2026","rel":"","context":"In &quot;Podismo&quot;","block_context":{"text":"Podismo","link":"https:\/\/uscatletica.ch\/wp\/?cat=5"},"img":{"alt_text":"","src":"https:\/\/i0.wp.com\/uscatletica.ch\/wp\/wp-content\/uploads\/2016\/07\/vkmu20robigmpodiob.jpg?fit=960%2C720&ssl=1&resize=350%2C200","width":350,"height":200,"srcset":"https:\/\/i0.wp.com\/uscatletica.ch\/wp\/wp-content\/uploads\/2016\/07\/vkmu20robigmpodiob.jpg?fit=960%2C720&ssl=1&resize=350%2C200 1x, https:\/\/i0.wp.com\/uscatletica.ch\/wp\/wp-content\/uploads\/2016\/07\/vkmu20robigmpodiob.jpg?fit=960%2C720&ssl=1&resize=525%2C300 1.5x, https:\/\/i0.wp.com\/uscatletica.ch\/wp\/wp-content\/uploads\/2016\/07\/vkmu20robigmpodiob.jpg?fit=960%2C720&ssl=1&resize=700%2C400 2x"},"classes":[]}],"_links":{"self":[{"href":"https:\/\/uscatletica.ch\/wp\/index.php?rest_route=\/wp\/v2\/posts\/20302","targetHints":{"allow":["GET"]}}],"collection":[{"href":"https:\/\/uscatletica.ch\/wp\/index.php?rest_route=\/wp\/v2\/posts"}],"about":[{"href":"https:\/\/uscatletica.ch\/wp\/index.php?rest_route=\/wp\/v2\/types\/post"}],"author":[{"embeddable":true,"href":"https:\/\/uscatletica.ch\/wp\/index.php?rest_route=\/wp\/v2\/users\/4"}],"replies":[{"embeddable":true,"href":"https:\/\/uscatletica.ch\/wp\/index.php?rest_route=%2Fwp%2Fv2%2Fcomments&post=20302"}],"version-history":[{"count":4,"href":"https:\/\/uscatletica.ch\/wp\/index.php?rest_route=\/wp\/v2\/posts\/20302\/revisions"}],"predecessor-version":[{"id":20324,"href":"https:\/\/uscatletica.ch\/wp\/index.php?rest_route=\/wp\/v2\/posts\/20302\/revisions\/20324"}],"wp:featuredmedia":[{"embeddable":true,"href":"https:\/\/uscatletica.ch\/wp\/index.php?rest_route=\/wp\/v2\/media\/15875"}],"wp:attachment":[{"href":"https:\/\/uscatletica.ch\/wp\/index.php?rest_route=%2Fwp%2Fv2%2Fmedia&parent=20302"}],"wp:term":[{"taxonomy":"category","embeddable":true,"href":"https:\/\/uscatletica.ch\/wp\/index.php?rest_route=%2Fwp%2Fv2%2Fcategories&post=20302"},{"taxonomy":"post_tag","embeddable":true,"href":"https:\/\/uscatletica.ch\/wp\/index.php?rest_route=%2Fwp%2Fv2%2Ftags&post=20302"}],"curies":[{"name":"wp","href":"https:\/\/api.w.org\/{rel}","templated":true}]}}