{"id":20326,"date":"2024-11-23T15:00:31","date_gmt":"2024-11-23T14:00:31","guid":{"rendered":"https:\/\/uscatletica.ch\/wp\/?p=20326"},"modified":"2025-01-17T21:59:32","modified_gmt":"2025-01-17T20:59:32","slug":"cross-capriaschese-24-11-2024","status":"publish","type":"post","link":"https:\/\/uscatletica.ch\/wp\/?p=20326","title":{"rendered":"TUTTO PRONTO PER IL CROSS CAPRIASCHESE, 24.11.2024"},"content":{"rendered":"\n<p><strong>Domenica 24 novembre 2024, CROSS CAPRIASCHESE<\/strong><br>Seconda prova coppa Ticino di corsa campestre 2024\/2025<\/p>\n\n\n\n<p>Inizio gare ore 11:00<br>Elite e Master M\/W ore 13:00<\/p>\n\n\n\n<h2><span style=\"text-decoration: underline;\"><a href=\"https:\/\/uscatletica.ch\/wp\/wp-content\/uploads\/2024\/11\/programma-cross-2024-v24.pdf\">Programma cross 2024<\/a><\/span><\/h2>\n<p>-&gt; <a href=\"https:\/\/uscatletica.ch\/wp\/?page_id=256\">La pagina del Cross<\/a><\/p>\n<figure id=\"attachment_16533\" aria-describedby=\"caption-attachment-16533\" style=\"width: 300px\" class=\"wp-caption alignnone\"><a href=\"https:\/\/i0.wp.com\/uscatletica.ch\/wp\/wp-content\/uploads\/2022\/12\/Cross-USC-2022-Foto-Elia-Sta-56.jpg?ssl=1\"><img data-recalc-dims=\"1\" loading=\"lazy\" decoding=\"async\" data-attachment-id=\"16533\" data-permalink=\"https:\/\/uscatletica.ch\/wp\/?attachment_id=16533\" data-orig-file=\"https:\/\/i0.wp.com\/uscatletica.ch\/wp\/wp-content\/uploads\/2022\/12\/Cross-USC-2022-Foto-Elia-Sta-56.jpg?fit=800%2C533&amp;ssl=1\" data-orig-size=\"800,533\" data-comments-opened=\"0\" data-image-meta=\"{&quot;aperture&quot;:&quot;0&quot;,&quot;credit&quot;:&quot;&quot;,&quot;camera&quot;:&quot;&quot;,&quot;caption&quot;:&quot;&quot;,&quot;created_timestamp&quot;:&quot;0&quot;,&quot;copyright&quot;:&quot;&quot;,&quot;focal_length&quot;:&quot;0&quot;,&quot;iso&quot;:&quot;0&quot;,&quot;shutter_speed&quot;:&quot;0&quot;,&quot;title&quot;:&quot;&quot;,&quot;orientation&quot;:&quot;0&quot;}\" data-image-title=\"Cross USC 2022-Foto Elia Sta (56)\" data-image-description=\"\" data-image-caption=\"&lt;p&gt;Cross USC 2022-Foto Elia Sta&lt;\/p&gt;\n\" data-large-file=\"https:\/\/i0.wp.com\/uscatletica.ch\/wp\/wp-content\/uploads\/2022\/12\/Cross-USC-2022-Foto-Elia-Sta-56.jpg?fit=640%2C426&amp;ssl=1\" class=\"size-medium wp-image-16533\" src=\"https:\/\/i0.wp.com\/uscatletica.ch\/wp\/wp-content\/uploads\/2022\/12\/Cross-USC-2022-Foto-Elia-Sta-56.jpg?resize=300%2C200&#038;ssl=1\" alt=\"\" width=\"300\" height=\"200\" srcset=\"https:\/\/i0.wp.com\/uscatletica.ch\/wp\/wp-content\/uploads\/2022\/12\/Cross-USC-2022-Foto-Elia-Sta-56.jpg?resize=300%2C200&amp;ssl=1 300w, https:\/\/i0.wp.com\/uscatletica.ch\/wp\/wp-content\/uploads\/2022\/12\/Cross-USC-2022-Foto-Elia-Sta-56.jpg?resize=768%2C512&amp;ssl=1 768w, https:\/\/i0.wp.com\/uscatletica.ch\/wp\/wp-content\/uploads\/2022\/12\/Cross-USC-2022-Foto-Elia-Sta-56.jpg?resize=95%2C62&amp;ssl=1 95w, https:\/\/i0.wp.com\/uscatletica.ch\/wp\/wp-content\/uploads\/2022\/12\/Cross-USC-2022-Foto-Elia-Sta-56.jpg?w=800&amp;ssl=1 800w\" sizes=\"auto, (max-width: 300px) 100vw, 300px\" \/><\/a><figcaption id=\"caption-attachment-16533\" class=\"wp-caption-text\">Cross USC 2022-Foto Elia Sta<\/figcaption><\/figure>\n<p>\u00a0<\/p>\n\n\n\n\n","protected":false},"excerpt":{"rendered":"<p>Domenica 24 novembre 2024, CROSS CAPRIASCHESESeconda prova coppa Ticino di corsa campestre 2024\/2025 Inizio gare ore 11:00Elite e Master M\/W ore 13:00 Programma cross 2024 -&gt; La pagina del Cross \u00a0<\/p>\n","protected":false},"author":3,"featured_media":16531,"comment_status":"closed","ping_status":"closed","sticky":false,"template":"","format":"standard","meta":{"jetpack_post_was_ever_published":false,"_jetpack_newsletter_access":"","_jetpack_dont_email_post_to_subs":false,"_jetpack_newsletter_tier_id":0,"_jetpack_memberships_contains_paywalled_content":false,"_jetpack_memberships_contains_paid_content":false,"footnotes":"","jetpack_publicize_message":"","jetpack_publicize_feature_enabled":true,"jetpack_social_post_already_shared":true,"jetpack_social_options":{"image_generator_settings":{"template":"highway","default_image_id":0,"font":"","enabled":false},"version":2}},"categories":[7,9],"tags":[],"class_list":["post-20326","post","type-post","status-publish","format-standard","has-post-thumbnail","hentry","category-cross","category-sport"],"jetpack_publicize_connections":[],"jetpack_featured_media_url":"https:\/\/i0.wp.com\/uscatletica.ch\/wp\/wp-content\/uploads\/2022\/12\/Cross-USC-2022-Foto-Elia-Sta-20.jpg?fit=800%2C533&ssl=1","jetpack_sharing_enabled":true,"jetpack_shortlink":"https:\/\/wp.me\/p6V7Ck-5hQ","jetpack-related-posts":[{"id":19177,"url":"https:\/\/uscatletica.ch\/wp\/?p=19177","url_meta":{"origin":20326,"position":0},"title":"Risultati Coppa Ticino cross 2023\/2024","author":"Stampa E","date":"15 Aprile 2024","format":false,"excerpt":"Sono pubblicate le classifiche finali della Coppa Ticino Cross 2023\/2024 Manca la classifica a squadre, ma dovrebbe averla vinta l'USC! https:\/\/www.endu.net\/it\/events\/coppa-ticino-cross-ftal\/results","rel":"","context":"In &quot;Cross&quot;","block_context":{"text":"Cross","link":"https:\/\/uscatletica.ch\/wp\/?cat=7"},"img":{"alt_text":"Cross USC 26.11.23 FotoEliSta","src":"https:\/\/i0.wp.com\/uscatletica.ch\/wp\/wp-content\/uploads\/2023\/11\/Cross-USC-26-11-23.jpg?fit=1200%2C801&ssl=1&resize=350%2C200","width":350,"height":200,"srcset":"https:\/\/i0.wp.com\/uscatletica.ch\/wp\/wp-content\/uploads\/2023\/11\/Cross-USC-26-11-23.jpg?fit=1200%2C801&ssl=1&resize=350%2C200 1x, https:\/\/i0.wp.com\/uscatletica.ch\/wp\/wp-content\/uploads\/2023\/11\/Cross-USC-26-11-23.jpg?fit=1200%2C801&ssl=1&resize=525%2C300 1.5x, https:\/\/i0.wp.com\/uscatletica.ch\/wp\/wp-content\/uploads\/2023\/11\/Cross-USC-26-11-23.jpg?fit=1200%2C801&ssl=1&resize=700%2C400 2x, https:\/\/i0.wp.com\/uscatletica.ch\/wp\/wp-content\/uploads\/2023\/11\/Cross-USC-26-11-23.jpg?fit=1200%2C801&ssl=1&resize=1050%2C600 3x"},"classes":[]},{"id":18462,"url":"https:\/\/uscatletica.ch\/wp\/?p=18462","url_meta":{"origin":20326,"position":1},"title":"CROSS CAPRIASCHESE 2023, PROGRAMMA","author":"Stampa E","date":"2 Novembre 2023","format":false,"excerpt":"Domenica 26 novembre 2023CROSS CAPRIASCHESE Seconda prova coppa Ticino di corsa campestre 2023\/2024 ORARI Inizio gare ore 11:00Attive ore 13:00Attivi e veterani ore 13:35Orari completi alla pagina del Cross Informazioni, programma e orari di gara:http:\/\/www.uscatletica.ch\/cross","rel":"","context":"In &quot;Cross&quot;","block_context":{"text":"Cross","link":"https:\/\/uscatletica.ch\/wp\/?cat=7"},"img":{"alt_text":"","src":"https:\/\/i0.wp.com\/uscatletica.ch\/wp\/wp-content\/uploads\/2022\/11\/CrossUSC22-uomini-foto-EliSta.jpg?fit=612%2C841&ssl=1&resize=350%2C200","width":350,"height":200,"srcset":"https:\/\/i0.wp.com\/uscatletica.ch\/wp\/wp-content\/uploads\/2022\/11\/CrossUSC22-uomini-foto-EliSta.jpg?fit=612%2C841&ssl=1&resize=350%2C200 1x, https:\/\/i0.wp.com\/uscatletica.ch\/wp\/wp-content\/uploads\/2022\/11\/CrossUSC22-uomini-foto-EliSta.jpg?fit=612%2C841&ssl=1&resize=525%2C300 1.5x"},"classes":[]},{"id":20351,"url":"https:\/\/uscatletica.ch\/wp\/?p=20351","url_meta":{"origin":20326,"position":2},"title":"La Coppa Ticino riparte dal nuovo Cross di Dongio","author":"Leonida Stampanoni","date":"9 Novembre 2024","format":false,"excerpt":"La stagione 2024-2025 di corsa campestre partir\u00e0 domenica sui prati di Dongio. La Coppa Ticino di cross FTAL AET debutter\u00e0 sul nuovo circuito disegnato dalla GAD nei campi a nord del centro sportivo. Il circuito cantonale che si articoler\u00e0 su sette tappe proseguir\u00e0 domenica 24 con il cross Capriaschese .\u2026","rel":"","context":"In &quot;Cross&quot;","block_context":{"text":"Cross","link":"https:\/\/uscatletica.ch\/wp\/?cat=7"},"img":{"alt_text":"","src":"https:\/\/i0.wp.com\/uscatletica.ch\/wp\/wp-content\/uploads\/2016\/11\/P1380227.jpg?fit=563%2C422&ssl=1&resize=350%2C200","width":350,"height":200,"srcset":"https:\/\/i0.wp.com\/uscatletica.ch\/wp\/wp-content\/uploads\/2016\/11\/P1380227.jpg?fit=563%2C422&ssl=1&resize=350%2C200 1x, https:\/\/i0.wp.com\/uscatletica.ch\/wp\/wp-content\/uploads\/2016\/11\/P1380227.jpg?fit=563%2C422&ssl=1&resize=525%2C300 1.5x"},"classes":[]},{"id":18150,"url":"https:\/\/uscatletica.ch\/wp\/?p=18150","url_meta":{"origin":20326,"position":3},"title":"Gir dal diavol e cross FTAL","author":"Stampa E","date":"23 Ottobre 2023","format":false,"excerpt":"\u00c8 stato reso noto in questi giorni il calendario dei Cross FTAL per la stagione 2023-2024 (vedi sotto), che culmineranno con i Campionati svizzeri a Moghegno il 2 marzo. Prima gara sabato 11 novembre a Dongio e da annotare in rosso la data di domenica 26 novembre con il cross\u2026","rel":"","context":"In &quot;Cross&quot;","block_context":{"text":"Cross","link":"https:\/\/uscatletica.ch\/wp\/?cat=7"},"img":{"alt_text":"","src":"https:\/\/i0.wp.com\/uscatletica.ch\/wp\/wp-content\/uploads\/2023\/09\/GirDiavol_Volantino2023-FOTO.jpg?fit=563%2C483&ssl=1&resize=350%2C200","width":350,"height":200,"srcset":"https:\/\/i0.wp.com\/uscatletica.ch\/wp\/wp-content\/uploads\/2023\/09\/GirDiavol_Volantino2023-FOTO.jpg?fit=563%2C483&ssl=1&resize=350%2C200 1x, https:\/\/i0.wp.com\/uscatletica.ch\/wp\/wp-content\/uploads\/2023\/09\/GirDiavol_Volantino2023-FOTO.jpg?fit=563%2C483&ssl=1&resize=525%2C300 1.5x"},"classes":[]},{"id":18739,"url":"https:\/\/uscatletica.ch\/wp\/?p=18739","url_meta":{"origin":20326,"position":4},"title":"DA SAN MARTINO A VALENCIA USCINI IN PARTENZA","author":"Leonida Stampanoni","date":"12 Gennaio 2024","format":false,"excerpt":"Sabato toccher\u00e0 all'UBS KIDS CUP Team di Biasca aprire il 2024 agonistico della FTAL \u00a0ma l'USC sar\u00e0 domenica che vivr\u00e0 una giornata intensa. La prima edizione del Cross Vigor San Martino Memorial Andrea Salvad\u00e9 lancer\u00e0 la seconda parte della coppa Ticino di cross 2024. In coppa Michele , Elia, John\u2026","rel":"","context":"In &quot;Cross&quot;","block_context":{"text":"Cross","link":"https:\/\/uscatletica.ch\/wp\/?cat=7"},"img":{"alt_text":"","src":"https:\/\/i0.wp.com\/uscatletica.ch\/wp\/wp-content\/uploads\/2023\/12\/RoccoF-Foto-EliSta.jpg?fit=567%2C586&ssl=1&resize=350%2C200","width":350,"height":200,"srcset":"https:\/\/i0.wp.com\/uscatletica.ch\/wp\/wp-content\/uploads\/2023\/12\/RoccoF-Foto-EliSta.jpg?fit=567%2C586&ssl=1&resize=350%2C200 1x, https:\/\/i0.wp.com\/uscatletica.ch\/wp\/wp-content\/uploads\/2023\/12\/RoccoF-Foto-EliSta.jpg?fit=567%2C586&ssl=1&resize=525%2C300 1.5x"},"classes":[]},{"id":18714,"url":"https:\/\/uscatletica.ch\/wp\/?p=18714","url_meta":{"origin":20326,"position":5},"title":"LETIZIA E ELIA BENE AL CAMPACCIO","author":"Stampa E","date":"6 Gennaio 2024","format":false,"excerpt":"Alla 67 edizione del cross internazionale del Campaccio del 6 gennaio 2024 \u00e8 tornata l'USC, grazie alla presenza di Letizia e Elia, dopo che nel 2020 aveva visto i fratelli Delorenzi al via. In questa edizione gli organizzatori hanno ricevuto la prestigiosa targa World Athletics Heritage dedicata alle manifestazione che\u2026","rel":"","context":"In &quot;Cross&quot;","block_context":{"text":"Cross","link":"https:\/\/uscatletica.ch\/wp\/?cat=7"},"img":{"alt_text":"","src":"https:\/\/i0.wp.com\/uscatletica.ch\/wp\/wp-content\/uploads\/2024\/01\/Campaccio.jpg?fit=1170%2C694&ssl=1&resize=350%2C200","width":350,"height":200,"srcset":"https:\/\/i0.wp.com\/uscatletica.ch\/wp\/wp-content\/uploads\/2024\/01\/Campaccio.jpg?fit=1170%2C694&ssl=1&resize=350%2C200 1x, https:\/\/i0.wp.com\/uscatletica.ch\/wp\/wp-content\/uploads\/2024\/01\/Campaccio.jpg?fit=1170%2C694&ssl=1&resize=525%2C300 1.5x, https:\/\/i0.wp.com\/uscatletica.ch\/wp\/wp-content\/uploads\/2024\/01\/Campaccio.jpg?fit=1170%2C694&ssl=1&resize=700%2C400 2x, https:\/\/i0.wp.com\/uscatletica.ch\/wp\/wp-content\/uploads\/2024\/01\/Campaccio.jpg?fit=1170%2C694&ssl=1&resize=1050%2C600 3x"},"classes":[]}],"_links":{"self":[{"href":"https:\/\/uscatletica.ch\/wp\/index.php?rest_route=\/wp\/v2\/posts\/20326","targetHints":{"allow":["GET"]}}],"collection":[{"href":"https:\/\/uscatletica.ch\/wp\/index.php?rest_route=\/wp\/v2\/posts"}],"about":[{"href":"https:\/\/uscatletica.ch\/wp\/index.php?rest_route=\/wp\/v2\/types\/post"}],"author":[{"embeddable":true,"href":"https:\/\/uscatletica.ch\/wp\/index.php?rest_route=\/wp\/v2\/users\/3"}],"replies":[{"embeddable":true,"href":"https:\/\/uscatletica.ch\/wp\/index.php?rest_route=%2Fwp%2Fv2%2Fcomments&post=20326"}],"version-history":[{"count":3,"href":"https:\/\/uscatletica.ch\/wp\/index.php?rest_route=\/wp\/v2\/posts\/20326\/revisions"}],"predecessor-version":[{"id":20395,"href":"https:\/\/uscatletica.ch\/wp\/index.php?rest_route=\/wp\/v2\/posts\/20326\/revisions\/20395"}],"wp:featuredmedia":[{"embeddable":true,"href":"https:\/\/uscatletica.ch\/wp\/index.php?rest_route=\/wp\/v2\/media\/16531"}],"wp:attachment":[{"href":"https:\/\/uscatletica.ch\/wp\/index.php?rest_route=%2Fwp%2Fv2%2Fmedia&parent=20326"}],"wp:term":[{"taxonomy":"category","embeddable":true,"href":"https:\/\/uscatletica.ch\/wp\/index.php?rest_route=%2Fwp%2Fv2%2Fcategories&post=20326"},{"taxonomy":"post_tag","embeddable":true,"href":"https:\/\/uscatletica.ch\/wp\/index.php?rest_route=%2Fwp%2Fv2%2Ftags&post=20326"}],"curies":[{"name":"wp","href":"https:\/\/api.w.org\/{rel}","templated":true}]}}