{"id":20445,"date":"2024-12-18T20:02:12","date_gmt":"2024-12-18T19:02:12","guid":{"rendered":"https:\/\/uscatletica.ch\/wp\/?p=20445"},"modified":"2025-02-28T09:11:51","modified_gmt":"2025-02-28T08:11:51","slug":"buone-feste-usc-26-01-2025","status":"publish","type":"post","link":"https:\/\/uscatletica.ch\/wp\/?p=20445","title":{"rendered":"BUONE FESTE USC 26.01.2025"},"content":{"rendered":"\n<p>L&#8217;<\/p>\n<p><a href=\"https:\/\/i0.wp.com\/uscatletica.ch\/wp\/wp-content\/uploads\/2024\/12\/BuonAnnoUSC2025.jpg?ssl=1\"><img data-recalc-dims=\"1\" loading=\"lazy\" decoding=\"async\" data-attachment-id=\"20446\" data-permalink=\"https:\/\/uscatletica.ch\/wp\/?attachment_id=20446\" data-orig-file=\"https:\/\/i0.wp.com\/uscatletica.ch\/wp\/wp-content\/uploads\/2024\/12\/BuonAnnoUSC2025.jpg?fit=595%2C841&amp;ssl=1\" data-orig-size=\"595,841\" data-comments-opened=\"0\" data-image-meta=\"{&quot;aperture&quot;:&quot;0&quot;,&quot;credit&quot;:&quot;&quot;,&quot;camera&quot;:&quot;&quot;,&quot;caption&quot;:&quot;&quot;,&quot;created_timestamp&quot;:&quot;0&quot;,&quot;copyright&quot;:&quot;&quot;,&quot;focal_length&quot;:&quot;0&quot;,&quot;iso&quot;:&quot;0&quot;,&quot;shutter_speed&quot;:&quot;0&quot;,&quot;title&quot;:&quot;&quot;,&quot;orientation&quot;:&quot;0&quot;}\" data-image-title=\"BuonAnnoUSC2025\" data-image-description=\"\" data-image-caption=\"\" data-large-file=\"https:\/\/i0.wp.com\/uscatletica.ch\/wp\/wp-content\/uploads\/2024\/12\/BuonAnnoUSC2025.jpg?fit=595%2C841&amp;ssl=1\" class=\"aligncenter size-full wp-image-20446\" src=\"https:\/\/i0.wp.com\/uscatletica.ch\/wp\/wp-content\/uploads\/2024\/12\/BuonAnnoUSC2025.jpg?resize=595%2C841&#038;ssl=1\" alt=\"\" width=\"595\" height=\"841\" srcset=\"https:\/\/i0.wp.com\/uscatletica.ch\/wp\/wp-content\/uploads\/2024\/12\/BuonAnnoUSC2025.jpg?w=595&amp;ssl=1 595w, https:\/\/i0.wp.com\/uscatletica.ch\/wp\/wp-content\/uploads\/2024\/12\/BuonAnnoUSC2025.jpg?resize=212%2C300&amp;ssl=1 212w\" sizes=\"auto, (max-width: 595px) 100vw, 595px\" \/><\/a><a href=\"https:\/\/uscatletica.ch\/wp\/wp-content\/uploads\/2024\/12\/BuonAnnoUSC2025.pdf\">BuonAnnoUSC2025<\/a><\/p>\n","protected":false},"excerpt":{"rendered":"<p>L&#8217; BuonAnnoUSC2025<\/p>\n","protected":false},"author":4,"featured_media":3262,"comment_status":"closed","ping_status":"closed","sticky":false,"template":"","format":"standard","meta":{"jetpack_post_was_ever_published":false,"_jetpack_newsletter_access":"","_jetpack_dont_email_post_to_subs":false,"_jetpack_newsletter_tier_id":0,"_jetpack_memberships_contains_paywalled_content":false,"_jetpack_memberships_contains_paid_content":false,"footnotes":"","jetpack_publicize_message":"","jetpack_publicize_feature_enabled":true,"jetpack_social_post_already_shared":true,"jetpack_social_options":{"image_generator_settings":{"template":"highway","default_image_id":0,"font":"","enabled":false},"version":2}},"categories":[12,4,5,9],"tags":[],"class_list":["post-20445","post","type-post","status-publish","format-standard","has-post-thumbnail","hentry","category-nostregare","category-pista","category-podismo","category-sport"],"jetpack_publicize_connections":[],"jetpack_featured_media_url":"https:\/\/i0.wp.com\/uscatletica.ch\/wp\/wp-content\/uploads\/2016\/12\/serenefestivita17.jpg?fit=564%2C423&ssl=1","jetpack_sharing_enabled":true,"jetpack_shortlink":"https:\/\/wp.me\/p6V7Ck-5jL","jetpack-related-posts":[{"id":14137,"url":"https:\/\/uscatletica.ch\/wp\/?p=14137","url_meta":{"origin":20445,"position":0},"title":"Calendario ASTi 2022, le gare USC","author":"Stampa E","date":"23 Dicembre 2021","format":false,"excerpt":"Il calendario ASTi 2022 \u00e8 in fase di rifinitura \u00e8, con diverse novit\u00e0, sar\u00e0 presto visibile per intero qui. Segnaliamo gi\u00e0 sin d'ora le gare USC in programma nel 2022: 27 marzo, Staffetta Capriaschese, TAS 9 aprile, Cronoascesa al Bigorio, CMSV 7 maggio, Tesserete-Gola di Lago, CMSV\u00a0\u00a0\u00a0 21 settembre, 1000\u2026","rel":"","context":"In &quot;I nostri appuntamenti&quot;","block_context":{"text":"I nostri appuntamenti","link":"https:\/\/uscatletica.ch\/wp\/?cat=12"},"img":{"alt_text":"","src":"https:\/\/i0.wp.com\/uscatletica.ch\/wp\/wp-content\/uploads\/2021\/12\/CalASTi2022.jpg?fit=889%2C657&ssl=1&resize=350%2C200","width":350,"height":200,"srcset":"https:\/\/i0.wp.com\/uscatletica.ch\/wp\/wp-content\/uploads\/2021\/12\/CalASTi2022.jpg?fit=889%2C657&ssl=1&resize=350%2C200 1x, https:\/\/i0.wp.com\/uscatletica.ch\/wp\/wp-content\/uploads\/2021\/12\/CalASTi2022.jpg?fit=889%2C657&ssl=1&resize=525%2C300 1.5x, https:\/\/i0.wp.com\/uscatletica.ch\/wp\/wp-content\/uploads\/2021\/12\/CalASTi2022.jpg?fit=889%2C657&ssl=1&resize=700%2C400 2x"},"classes":[]},{"id":15814,"url":"https:\/\/uscatletica.ch\/wp\/?p=15814","url_meta":{"origin":20445,"position":1},"title":"Programmi gare USC, pista e diavol","author":"Stampa E","date":"2 Settembre 2022","format":false,"excerpt":"Sono stati pubblicati i programmi delle prossime due gare USC inserite nel calendario ASTi e valide per la Coppa ASTi BancaStato di podismo e podismo giovanile: Tutti in pista, 21 settembre -> LINK Gir e Minigir dal diavol, 22 ottobre -> LINK","rel":"","context":"In &quot;I nostri appuntamenti&quot;","block_context":{"text":"I nostri appuntamenti","link":"https:\/\/uscatletica.ch\/wp\/?cat=12"},"img":{"alt_text":"","src":"https:\/\/i0.wp.com\/uscatletica.ch\/wp\/wp-content\/uploads\/2019\/08\/Gir-dal-Diavol-Sasso-E.S..jpg?fit=800%2C600&ssl=1&resize=350%2C200","width":350,"height":200,"srcset":"https:\/\/i0.wp.com\/uscatletica.ch\/wp\/wp-content\/uploads\/2019\/08\/Gir-dal-Diavol-Sasso-E.S..jpg?fit=800%2C600&ssl=1&resize=350%2C200 1x, https:\/\/i0.wp.com\/uscatletica.ch\/wp\/wp-content\/uploads\/2019\/08\/Gir-dal-Diavol-Sasso-E.S..jpg?fit=800%2C600&ssl=1&resize=525%2C300 1.5x, https:\/\/i0.wp.com\/uscatletica.ch\/wp\/wp-content\/uploads\/2019\/08\/Gir-dal-Diavol-Sasso-E.S..jpg?fit=800%2C600&ssl=1&resize=700%2C400 2x"},"classes":[]},{"id":20508,"url":"https:\/\/uscatletica.ch\/wp\/?p=20508","url_meta":{"origin":20445,"position":2},"title":"Buon anno USC 26.01.2025","author":"Siegmund Altendorfer","date":"17 Gennaio 2025","format":false,"excerpt":"Buon Anno USC 2025Download","rel":"","context":"In &quot;Altro&quot;","block_context":{"text":"Altro","link":"https:\/\/uscatletica.ch\/wp\/?cat=11"},"img":{"alt_text":"","src":"https:\/\/i0.wp.com\/uscatletica.ch\/wp\/wp-content\/uploads\/2025\/01\/titolo-sullimmagine-buon-anno-usc-deve-raffigurare-una-capretta-che-1.png?fit=1024%2C768&ssl=1&resize=350%2C200","width":350,"height":200,"srcset":"https:\/\/i0.wp.com\/uscatletica.ch\/wp\/wp-content\/uploads\/2025\/01\/titolo-sullimmagine-buon-anno-usc-deve-raffigurare-una-capretta-che-1.png?fit=1024%2C768&ssl=1&resize=350%2C200 1x, https:\/\/i0.wp.com\/uscatletica.ch\/wp\/wp-content\/uploads\/2025\/01\/titolo-sullimmagine-buon-anno-usc-deve-raffigurare-una-capretta-che-1.png?fit=1024%2C768&ssl=1&resize=525%2C300 1.5x, https:\/\/i0.wp.com\/uscatletica.ch\/wp\/wp-content\/uploads\/2025\/01\/titolo-sullimmagine-buon-anno-usc-deve-raffigurare-una-capretta-che-1.png?fit=1024%2C768&ssl=1&resize=700%2C400 2x"},"classes":[]},{"id":9584,"url":"https:\/\/uscatletica.ch\/wp\/?p=9584","url_meta":{"origin":20445,"position":3},"title":"Appuntamenti USC per il 2020","author":"Stampa E","date":"11 Dicembre 2019","format":false,"excerpt":"I calendari FTAL e ASTi per il 2020 sono pronti. Qui gli appuntamenti USC da non mancare: Cross Capriaschese (Coppa Ticino FTAL 2019\/2020) domenica 24 novembre 2019 (gi\u00e0 disputato)Cronoascesa al Bigorio (Coppa ASTi montagna) sabato 21 marzo 2020 Staffetta Capriaschese (Trofeo ASTi Staffette) domenica 29 marzo 2020\u00a0\u00a0\u00a0\u00a0\u00a0\u00a0\u00a0\u00a0 Tesserete-Gola di lago\u2026","rel":"","context":"In &quot;Cross&quot;","block_context":{"text":"Cross","link":"https:\/\/uscatletica.ch\/wp\/?cat=7"},"img":{"alt_text":"","src":"https:\/\/i0.wp.com\/uscatletica.ch\/wp\/wp-content\/uploads\/2018\/12\/sstef2019usc.jpg?fit=532%2C399&ssl=1&resize=350%2C200","width":350,"height":200,"srcset":"https:\/\/i0.wp.com\/uscatletica.ch\/wp\/wp-content\/uploads\/2018\/12\/sstef2019usc.jpg?fit=532%2C399&ssl=1&resize=350%2C200 1x, https:\/\/i0.wp.com\/uscatletica.ch\/wp\/wp-content\/uploads\/2018\/12\/sstef2019usc.jpg?fit=532%2C399&ssl=1&resize=525%2C300 1.5x"},"classes":[]},{"id":11792,"url":"https:\/\/uscatletica.ch\/wp\/?p=11792","url_meta":{"origin":20445,"position":4},"title":"Gare USC 2021","author":"Stampa E","date":"22 Marzo 2021","format":false,"excerpt":"Seppur ancora immerso nell'incertezza, il calendario ASTi 2021 \u00e8 stato pubblicato. Oltre alle gare di podismo o montagna e alle staffette, sono note anche le date delle gare di CO. Da annotare sono le seguenti gare USC: Staffetta USC: domenica 14 marzo (annullata) Crono del Bigorio: domenica 18 aprile (probabile\u2026","rel":"","context":"In &quot;CO&quot;","block_context":{"text":"CO","link":"https:\/\/uscatletica.ch\/wp\/?cat=19"},"img":{"alt_text":"","src":"https:\/\/i0.wp.com\/uscatletica.ch\/wp\/wp-content\/uploads\/2021\/02\/Bandana-ASTi-2020-2.jpg?fit=1200%2C1011&ssl=1&resize=350%2C200","width":350,"height":200,"srcset":"https:\/\/i0.wp.com\/uscatletica.ch\/wp\/wp-content\/uploads\/2021\/02\/Bandana-ASTi-2020-2.jpg?fit=1200%2C1011&ssl=1&resize=350%2C200 1x, https:\/\/i0.wp.com\/uscatletica.ch\/wp\/wp-content\/uploads\/2021\/02\/Bandana-ASTi-2020-2.jpg?fit=1200%2C1011&ssl=1&resize=525%2C300 1.5x, https:\/\/i0.wp.com\/uscatletica.ch\/wp\/wp-content\/uploads\/2021\/02\/Bandana-ASTi-2020-2.jpg?fit=1200%2C1011&ssl=1&resize=700%2C400 2x, https:\/\/i0.wp.com\/uscatletica.ch\/wp\/wp-content\/uploads\/2021\/02\/Bandana-ASTi-2020-2.jpg?fit=1200%2C1011&ssl=1&resize=1050%2C600 3x"},"classes":[]},{"id":15698,"url":"https:\/\/uscatletica.ch\/wp\/?p=15698","url_meta":{"origin":20445,"position":5},"title":"TUTTI IN PISTA MERCOLED\u00cc 21 SETTEMBRE","author":"Stampa E","date":"19 Agosto 2022","format":false,"excerpt":"TUTTI IN PISTA \u00a0\u00a0 600 m U101'000 m ASTI U12, U14 e U16 5'000 m ASTI aperto a tutti MERCOLED\u00cc 21 SETTEMBRE 2022 USC Capriaschese - Arena Sportiva Capriasca Programma orario della manifestazione: QUI","rel":"","context":"In &quot;I nostri appuntamenti&quot;","block_context":{"text":"I nostri appuntamenti","link":"https:\/\/uscatletica.ch\/wp\/?cat=12"},"img":{"alt_text":"","src":"https:\/\/i0.wp.com\/uscatletica.ch\/wp\/wp-content\/uploads\/2022\/08\/5000-e-1000-asti-2022_orario.png?fit=667%2C909&ssl=1&resize=350%2C200","width":350,"height":200,"srcset":"https:\/\/i0.wp.com\/uscatletica.ch\/wp\/wp-content\/uploads\/2022\/08\/5000-e-1000-asti-2022_orario.png?fit=667%2C909&ssl=1&resize=350%2C200 1x, https:\/\/i0.wp.com\/uscatletica.ch\/wp\/wp-content\/uploads\/2022\/08\/5000-e-1000-asti-2022_orario.png?fit=667%2C909&ssl=1&resize=525%2C300 1.5x"},"classes":[]}],"_links":{"self":[{"href":"https:\/\/uscatletica.ch\/wp\/index.php?rest_route=\/wp\/v2\/posts\/20445","targetHints":{"allow":["GET"]}}],"collection":[{"href":"https:\/\/uscatletica.ch\/wp\/index.php?rest_route=\/wp\/v2\/posts"}],"about":[{"href":"https:\/\/uscatletica.ch\/wp\/index.php?rest_route=\/wp\/v2\/types\/post"}],"author":[{"embeddable":true,"href":"https:\/\/uscatletica.ch\/wp\/index.php?rest_route=\/wp\/v2\/users\/4"}],"replies":[{"embeddable":true,"href":"https:\/\/uscatletica.ch\/wp\/index.php?rest_route=%2Fwp%2Fv2%2Fcomments&post=20445"}],"version-history":[{"count":1,"href":"https:\/\/uscatletica.ch\/wp\/index.php?rest_route=\/wp\/v2\/posts\/20445\/revisions"}],"predecessor-version":[{"id":20448,"href":"https:\/\/uscatletica.ch\/wp\/index.php?rest_route=\/wp\/v2\/posts\/20445\/revisions\/20448"}],"wp:featuredmedia":[{"embeddable":true,"href":"https:\/\/uscatletica.ch\/wp\/index.php?rest_route=\/wp\/v2\/media\/3262"}],"wp:attachment":[{"href":"https:\/\/uscatletica.ch\/wp\/index.php?rest_route=%2Fwp%2Fv2%2Fmedia&parent=20445"}],"wp:term":[{"taxonomy":"category","embeddable":true,"href":"https:\/\/uscatletica.ch\/wp\/index.php?rest_route=%2Fwp%2Fv2%2Fcategories&post=20445"},{"taxonomy":"post_tag","embeddable":true,"href":"https:\/\/uscatletica.ch\/wp\/index.php?rest_route=%2Fwp%2Fv2%2Ftags&post=20445"}],"curies":[{"name":"wp","href":"https:\/\/api.w.org\/{rel}","templated":true}]}}