{"id":20454,"date":"2024-12-20T20:11:38","date_gmt":"2024-12-20T19:11:38","guid":{"rendered":"https:\/\/uscatletica.ch\/wp\/?p=20454"},"modified":"2024-12-18T20:39:31","modified_gmt":"2024-12-18T19:39:31","slug":"coppa-ticino-di-cross-elia-ad-un-passo-dalla-vittoria","status":"publish","type":"post","link":"https:\/\/uscatletica.ch\/wp\/?p=20454","title":{"rendered":"COPPA TICINO DI CROSS ELIA AD UN PASSO DALLA VITTORIA"},"content":{"rendered":"\n<p>L&#8217;edizione 2025 della coppa Ticino di cross ha gi\u00e0 virato la boa di met\u00e0 stagione. L&#8217;USC ha segnato le prime quattro tappe con diverse vittorie e podi a ripetizione. Elia chiude il 2024 imbattuto \u00a0con lui hanno vinto Jonathan, Ralf, Martina. Regolarmente a podio Alex, Nicole, Jana, Patrizia, Mattia, Selina. Nella classifica a squadre siamo al comando la SAL sembra carica e decisa ad interrompere la serie ininterrotta di trionfi che dura dal 2011.\u00a0<\/p>\n<p><a href=\"https:\/\/uscatletica.ch\/wp\/wp-content\/uploads\/2024\/12\/20241216ClassificaCTCSoc.pdf\">LA CLASSIFICA A SQUADRE<\/a> <a href=\"https:\/\/uscatletica.ch\/wp\/wp-content\/uploads\/2024\/12\/20241216ClassificaCTCIndivi.pdf\">LA CLASSIFICA INDIVIDUALE<\/a><\/p>\n<p><a href=\"https:\/\/www.endu.net\/it\/events\/coppa-ticino-cross-ftal\/events\">tutte le info sulla coppa Ticino su Endu <\/a><\/p>\n<p>Elia e Alex hanno dominato \u00a0tra gli M40 firmando quattro doppiette. Tra gli M50 Jonathan e Davide ha firmato i primi due appuntamenti a Tesserete Gionata completa la tripletta. Ralf \u00e8 il primo dei ticinesi a Mendrisio. Leonida in coppa \u00e9 attualmente in corsa per il secondo rango. Giancarlo ha colto un paio di podi tra gli M60.<\/p>\n<p>Tra gli M20 Rocco e Michele lottano sempre per il podio. \u00a0Tra le U20 Martina ha vinto in casa mentre Selina \u00e8 regolarmente a podio. \u00a0Patrizia W50 e Jana W40 lottano per il podio.<\/p>\n<p>Nicole ha chiuso quattro volte seconda tra le U14 con Viola regolarmente tra le prime 10 \u00a0sempre presenti anche Agata e Michelle. \u00a0Tra i ragazzi \u00a0Remo lotta tra i primi ben spalleggiato da Giosu\u00e8, Nicol\u00f2 e Jacopo. Mattia \u00e8 la terza forza tra gli U16 con Dario lo segue da vicino Noah e Federico crescono. Tra le U16 Anais e Dalia lottano per un posto tra le prime 10.\u00a0<\/p>\n<p>Tra le U12 Amelie ed Irene raccolgono esperienze preziose.\u00a0<\/p>\n<p>Nella classifica a squadre dopo una partenza stanca a Dongio siamo risaliti sfruttando l&#8217;appuntamento casalingo di Tesserete e l&#8217;ottima gara di Mendrisio, la SAL ha piazzato la rimonta nella tappa Rivera. La \u00a0sfida promette scintille per il 2024.\u00a0<\/p>\n<p>La coppa Ticino riprender\u00e0 sabato 12 gennaio con il cross di San Martino\u00a0<\/p>\n","protected":false},"excerpt":{"rendered":"<p>L&#8217;edizione 2025 della coppa Ticino di cross ha gi\u00e0 virato la boa di met\u00e0 stagione. L&#8217;USC ha segnato le prime quattro tappe con diverse vittorie e podi a ripetizione. Elia chiude il 2024 imbattuto \u00a0con lui hanno vinto Jonathan, Ralf, Martina. Regolarmente a podio Alex, Nicole, Jana, Patrizia, Mattia, Selina. Nella classifica a squadre siamo al comando la SAL sembra carica e decisa ad interrompere la serie ininterrotta di trionfi che dura dal 2011.\u00a0 LA&#8230;<\/p>\n","protected":false},"author":4,"featured_media":449,"comment_status":"closed","ping_status":"closed","sticky":false,"template":"","format":"standard","meta":{"jetpack_post_was_ever_published":false,"_jetpack_newsletter_access":"","_jetpack_dont_email_post_to_subs":false,"_jetpack_newsletter_tier_id":0,"_jetpack_memberships_contains_paywalled_content":false,"_jetpack_memberships_contains_paid_content":false,"footnotes":"","jetpack_publicize_message":"","jetpack_publicize_feature_enabled":true,"jetpack_social_post_already_shared":true,"jetpack_social_options":{"image_generator_settings":{"template":"highway","default_image_id":0,"font":"","enabled":false},"version":2}},"categories":[7,9],"tags":[],"class_list":["post-20454","post","type-post","status-publish","format-standard","has-post-thumbnail","hentry","category-cross","category-sport"],"jetpack_publicize_connections":[],"jetpack_featured_media_url":"https:\/\/i0.wp.com\/uscatletica.ch\/wp\/wp-content\/uploads\/2015\/12\/P1360515.jpg?fit=563%2C422&ssl=1","jetpack_sharing_enabled":true,"jetpack_shortlink":"https:\/\/wp.me\/p6V7Ck-5jU","jetpack-related-posts":[{"id":5614,"url":"https:\/\/uscatletica.ch\/wp\/?p=5614","url_meta":{"origin":20454,"position":0},"title":"COPPA TICINO CROSS USCini sempre brillanti vincono Jonathan e Ralf","author":"Leonida Stampanoni","date":"27 Febbraio 2018","format":false,"excerpt":"I Campionati ticinesi di cross corsi domenica nella tormenta di neve hanno chiuso l'edizione 2018 della coppa Ticino di cross FTAL Laube Greenkey, in stagione 2772\u00a0 partecipanti di cui 404 USCini.\u00a0 La nostra societ\u00e0 \u00e8 certamente una delle principali forze trainante della stagione invernale. Festeggiamo tre vittorie logicamente nella classifica\u2026","rel":"","context":"In &quot;Cross&quot;","block_context":{"text":"Cross","link":"https:\/\/uscatletica.ch\/wp\/?cat=7"},"img":{"alt_text":"","src":"https:\/\/i0.wp.com\/uscatletica.ch\/wp\/wp-content\/uploads\/2018\/01\/u10wstar180127.jpg?fit=563%2C422&ssl=1&resize=350%2C200","width":350,"height":200,"srcset":"https:\/\/i0.wp.com\/uscatletica.ch\/wp\/wp-content\/uploads\/2018\/01\/u10wstar180127.jpg?fit=563%2C422&ssl=1&resize=350%2C200 1x, https:\/\/i0.wp.com\/uscatletica.ch\/wp\/wp-content\/uploads\/2018\/01\/u10wstar180127.jpg?fit=563%2C422&ssl=1&resize=525%2C300 1.5x"},"classes":[]},{"id":9765,"url":"https:\/\/uscatletica.ch\/wp\/?p=9765","url_meta":{"origin":20454,"position":1},"title":"Coppa Ticino 4 USCini al comando","author":"Leonida Stampanoni","date":"13 Gennaio 2020","format":false,"excerpt":"Classifica di coppa La Coppa Ticino FTAL Laube Greenkey \u00e8 oramai entrata nella volata finale dopo il Cross di Gordola tutto si decider\u00e0 in una settimana tra il 24 gennaio a Vezia ed i campionati ticinesi di Camignolo il primo febbraio. Nella classifica a squadre l'USC detta ancora il ritmo\u2026","rel":"","context":"In &quot;Cross&quot;","block_context":{"text":"Cross","link":"https:\/\/uscatletica.ch\/wp\/?cat=7"},"img":{"alt_text":"","src":"https:\/\/i0.wp.com\/uscatletica.ch\/wp\/wp-content\/uploads\/2020\/01\/W200111sag.png?fit=432%2C324&ssl=1&resize=350%2C200","width":350,"height":200},"classes":[]},{"id":7182,"url":"https:\/\/uscatletica.ch\/wp\/?p=7182","url_meta":{"origin":20454,"position":2},"title":"VEZIA IN PALIO I TITOLI CANTONALI DI CROSS","author":"Leonida Stampanoni","date":"7 Febbraio 2019","format":false,"excerpt":"20190209ProgrammaSAMCrossScarica CrossctsamsitoScarica Sabato alla Monda di Vezia in palio ci saranno 14 titoli di campione Ticinese di cross, la SAM per l'occasione e disegnato un nuovo tracciato velocissimo sui prati della Monda. La gara che comincer\u00e0 alle 12.15 sar\u00e0 valida come ultima prova di coppa Ticino di cross FTAL Laube\u2026","rel":"","context":"In &quot;Cross&quot;","block_context":{"text":"Cross","link":"https:\/\/uscatletica.ch\/wp\/?cat=7"},"img":{"alt_text":"","src":"https:\/\/i0.wp.com\/uscatletica.ch\/wp\/wp-content\/uploads\/2018\/01\/u10wstar180127.jpg?fit=563%2C422&ssl=1&resize=350%2C200","width":350,"height":200,"srcset":"https:\/\/i0.wp.com\/uscatletica.ch\/wp\/wp-content\/uploads\/2018\/01\/u10wstar180127.jpg?fit=563%2C422&ssl=1&resize=350%2C200 1x, https:\/\/i0.wp.com\/uscatletica.ch\/wp\/wp-content\/uploads\/2018\/01\/u10wstar180127.jpg?fit=563%2C422&ssl=1&resize=525%2C300 1.5x"},"classes":[]},{"id":5361,"url":"https:\/\/uscatletica.ch\/wp\/?p=5361","url_meta":{"origin":20454,"position":3},"title":"COPPA TICINO USC detta il ritmo nella classifica a squadre","author":"Leonida Stampanoni","date":"14 Dicembre 2017","format":false,"excerpt":"Il cross di pom ha chiuso la prima parte della coppa Ticino di cross Laube Greenkey. Nelle classifiche indivduali sono conteggiati i due migliori risultati. L'USC\u00a0 ha portato al traguardo quasi 200 atleti e con un poderoso allungo nel cross di casa si trova al comando della classifica per societ\u00e0.\u2026","rel":"","context":"In &quot;Cross&quot;","block_context":{"text":"Cross","link":"https:\/\/uscatletica.ch\/wp\/?cat=7"},"img":{"alt_text":"","src":"https:\/\/i0.wp.com\/uscatletica.ch\/wp\/wp-content\/uploads\/2017\/12\/podiocrosspom1712m40.jpg?fit=532%2C399&ssl=1&resize=350%2C200","width":350,"height":200,"srcset":"https:\/\/i0.wp.com\/uscatletica.ch\/wp\/wp-content\/uploads\/2017\/12\/podiocrosspom1712m40.jpg?fit=532%2C399&ssl=1&resize=350%2C200 1x, https:\/\/i0.wp.com\/uscatletica.ch\/wp\/wp-content\/uploads\/2017\/12\/podiocrosspom1712m40.jpg?fit=532%2C399&ssl=1&resize=525%2C300 1.5x"},"classes":[]},{"id":3619,"url":"https:\/\/uscatletica.ch\/wp\/?p=3619","url_meta":{"origin":20454,"position":4},"title":"Banco grande USC per il finale di coppa (Foto)","author":"Leonida Stampanoni","date":"18 Febbraio 2017","format":false,"excerpt":"Una splendida giornata primvaerile ha chiuso a Banco l'edizione 2017 della coppa Ticino di cross, al via erano 367 i partenti, una cinquantina gli USCini che grinta, passione e determinazione hanno concluso la loro gara in una atmosfera festosa. \u00a0Grandi soddisfazioni dapprima il premio per la societ\u00e0 pi\u00f9 numerosa, ed\u2026","rel":"","context":"In &quot;Cross&quot;","block_context":{"text":"Cross","link":"https:\/\/uscatletica.ch\/wp\/?cat=7"},"img":{"alt_text":"","src":"https:\/\/i0.wp.com\/uscatletica.ch\/wp\/wp-content\/uploads\/2017\/02\/P1450068.jpg?fit=563%2C422&ssl=1&resize=350%2C200","width":350,"height":200,"srcset":"https:\/\/i0.wp.com\/uscatletica.ch\/wp\/wp-content\/uploads\/2017\/02\/P1450068.jpg?fit=563%2C422&ssl=1&resize=350%2C200 1x, https:\/\/i0.wp.com\/uscatletica.ch\/wp\/wp-content\/uploads\/2017\/02\/P1450068.jpg?fit=563%2C422&ssl=1&resize=525%2C300 1.5x"},"classes":[]},{"id":3057,"url":"https:\/\/uscatletica.ch\/wp\/?p=3057","url_meta":{"origin":20454,"position":5},"title":"Cross Dongio doppia vittoria per Ralf e Jonathan (rassegna STAMPA U12W","author":"Leonida Stampanoni","date":"13 Novembre 2016","format":false,"excerpt":"408 Atleti hanno aperto domenica a Dongio l'edizione 2017 della coppa Ticino di cross. Una cinquantina gli USCini al via nella prima tappa. La bella giornata autunnale ha favorito lo svolgersi delle gare sui prati in ottime condizioni, dove Ralf ha potuto festeggiare la sua prima prima vittoria in carriera\u2026","rel":"","context":"In &quot;Cross&quot;","block_context":{"text":"Cross","link":"https:\/\/uscatletica.ch\/wp\/?cat=7"},"img":{"alt_text":"","src":"https:\/\/i0.wp.com\/uscatletica.ch\/wp\/wp-content\/uploads\/2016\/11\/P1380227.jpg?fit=563%2C422&ssl=1&resize=350%2C200","width":350,"height":200,"srcset":"https:\/\/i0.wp.com\/uscatletica.ch\/wp\/wp-content\/uploads\/2016\/11\/P1380227.jpg?fit=563%2C422&ssl=1&resize=350%2C200 1x, https:\/\/i0.wp.com\/uscatletica.ch\/wp\/wp-content\/uploads\/2016\/11\/P1380227.jpg?fit=563%2C422&ssl=1&resize=525%2C300 1.5x"},"classes":[]}],"_links":{"self":[{"href":"https:\/\/uscatletica.ch\/wp\/index.php?rest_route=\/wp\/v2\/posts\/20454","targetHints":{"allow":["GET"]}}],"collection":[{"href":"https:\/\/uscatletica.ch\/wp\/index.php?rest_route=\/wp\/v2\/posts"}],"about":[{"href":"https:\/\/uscatletica.ch\/wp\/index.php?rest_route=\/wp\/v2\/types\/post"}],"author":[{"embeddable":true,"href":"https:\/\/uscatletica.ch\/wp\/index.php?rest_route=\/wp\/v2\/users\/4"}],"replies":[{"embeddable":true,"href":"https:\/\/uscatletica.ch\/wp\/index.php?rest_route=%2Fwp%2Fv2%2Fcomments&post=20454"}],"version-history":[{"count":2,"href":"https:\/\/uscatletica.ch\/wp\/index.php?rest_route=\/wp\/v2\/posts\/20454\/revisions"}],"predecessor-version":[{"id":20459,"href":"https:\/\/uscatletica.ch\/wp\/index.php?rest_route=\/wp\/v2\/posts\/20454\/revisions\/20459"}],"wp:featuredmedia":[{"embeddable":true,"href":"https:\/\/uscatletica.ch\/wp\/index.php?rest_route=\/wp\/v2\/media\/449"}],"wp:attachment":[{"href":"https:\/\/uscatletica.ch\/wp\/index.php?rest_route=%2Fwp%2Fv2%2Fmedia&parent=20454"}],"wp:term":[{"taxonomy":"category","embeddable":true,"href":"https:\/\/uscatletica.ch\/wp\/index.php?rest_route=%2Fwp%2Fv2%2Fcategories&post=20454"},{"taxonomy":"post_tag","embeddable":true,"href":"https:\/\/uscatletica.ch\/wp\/index.php?rest_route=%2Fwp%2Fv2%2Ftags&post=20454"}],"curies":[{"name":"wp","href":"https:\/\/api.w.org\/{rel}","templated":true}]}}