{"id":20471,"date":"2025-01-12T07:03:52","date_gmt":"2025-01-12T06:03:52","guid":{"rendered":"https:\/\/uscatletica.ch\/wp\/?p=20471"},"modified":"2025-01-12T15:06:22","modified_gmt":"2025-01-12T14:06:22","slug":"a-san-martino-riparte-la-coppa-ticino","status":"publish","type":"post","link":"https:\/\/uscatletica.ch\/wp\/?p=20471","title":{"rendered":"A SAN MARTINO RIPARTE LA COPPA TICINO"},"content":{"rendered":"\n<p>La coppa Ticino di cross riparte dopo quasi un mese dopo la gara su distanza breve di Rivera. La Vigor Ligornetto accoglier\u00e0 tutti al cross di San Martino memorial Andrea Salvad\u00e9. Una quarantina gli atleti USC al via. \u00a0<\/p>\n<p>Elia cerca la quinta vittoria e la conferma in coppa Ticino dopo il successo dello scorso anno. Tra i possibili protagonisti Rocco, Martina, Selina, Nicole, Remo, Mattia, Patrizia, Jana.\u00a0<\/p>\n<h3 style=\"text-align: center;\"><a href=\"https:\/\/www.endu.net\/it\/events\/cross-sa-n-martino-ctc\/results\" target=\"_blank\" rel=\"noopener\">Risultati live su Endu.net<\/a>\u00a0<\/h3>\n<p><a href=\"https:\/\/egs-eventi.s3.eu-west-1.amazonaws.com\/00000000\/00090000\/00094900\/00094918\/ba08ddaa526b5fc01217f9ad4f0d91d16f5a6f1c9c344ee602c0bf90c995f079.pdf\" target=\"_blank\" rel=\"noopener\">la classifica di coppa Ticino individuale<\/a>\u00a0<a href=\"https:\/\/egs-eventi.s3.eu-west-1.amazonaws.com\/00000000\/00090000\/00094900\/00094918\/fd72556584037224a1f6538fa03dae6923b74f1413a0c4b3016b892e3e9ff995.pdf\" target=\"_blank\" rel=\"noopener\">La classifica della coppa a Squadre<\/a><\/p>\n<p>\u00a0<\/p>\n","protected":false},"excerpt":{"rendered":"<p>La coppa Ticino di cross riparte dopo quasi un mese dopo la gara su distanza breve di Rivera. La Vigor Ligornetto accoglier\u00e0 tutti al cross di San Martino memorial Andrea Salvad\u00e9. Una quarantina gli atleti USC al via. \u00a0 Elia cerca la quinta vittoria e la conferma in coppa Ticino dopo il successo dello scorso anno. Tra i possibili protagonisti Rocco, Martina, Selina, Nicole, Remo, Mattia, Patrizia, Jana.\u00a0 Risultati live su Endu.net\u00a0 la classifica di&#8230;<\/p>\n","protected":false},"author":4,"featured_media":940,"comment_status":"closed","ping_status":"closed","sticky":false,"template":"","format":"standard","meta":{"jetpack_post_was_ever_published":false,"_jetpack_newsletter_access":"","_jetpack_dont_email_post_to_subs":false,"_jetpack_newsletter_tier_id":0,"_jetpack_memberships_contains_paywalled_content":false,"_jetpack_memberships_contains_paid_content":false,"footnotes":"","jetpack_publicize_message":"","jetpack_publicize_feature_enabled":true,"jetpack_social_post_already_shared":true,"jetpack_social_options":{"image_generator_settings":{"template":"highway","default_image_id":0,"font":"","enabled":false},"version":2}},"categories":[7,9],"tags":[],"class_list":["post-20471","post","type-post","status-publish","format-standard","has-post-thumbnail","hentry","category-cross","category-sport"],"jetpack_publicize_connections":[],"jetpack_featured_media_url":"https:\/\/i0.wp.com\/uscatletica.ch\/wp\/wp-content\/uploads\/2016\/03\/partenyam35m40benken.jpg?fit=700%2C466&ssl=1","jetpack_sharing_enabled":true,"jetpack_shortlink":"https:\/\/wp.me\/p6V7Ck-5kb","jetpack-related-posts":[{"id":16599,"url":"https:\/\/uscatletica.ch\/wp\/?p=16599","url_meta":{"origin":20471,"position":0},"title":"La coppa Ticino di cross riparte da Rivera","author":"Leonida Stampanoni","date":"13 Gennaio 2023","format":false,"excerpt":"Una cinquantina di USCini saranno al quadrifoglio di Rivera per la quinta prova della coppa Ticino di cross FTAL AET. Il circuito disegnato all'interno del centro Quadrifoglio lancer\u00e0 la seconda parte del trofeo. I campionati ticinesi di Vezia che chiuderanno la coppa sono stati anticipati a domenica 5 febbraio. I\u2026","rel":"","context":"In &quot;Cross&quot;","block_context":{"text":"Cross","link":"https:\/\/uscatletica.ch\/wp\/?cat=7"},"img":{"alt_text":"","src":"https:\/\/i0.wp.com\/uscatletica.ch\/wp\/wp-content\/uploads\/2021\/03\/P1060810.jpeg?fit=420%2C315&ssl=1&resize=350%2C200","width":350,"height":200},"classes":[]},{"id":20454,"url":"https:\/\/uscatletica.ch\/wp\/?p=20454","url_meta":{"origin":20471,"position":1},"title":"COPPA TICINO DI CROSS ELIA AD UN PASSO DALLA VITTORIA","author":"Leonida Stampanoni","date":"20 Dicembre 2024","format":false,"excerpt":"L'edizione 2025 della coppa Ticino di cross ha gi\u00e0 virato la boa di met\u00e0 stagione. L'USC ha segnato le prime quattro tappe con diverse vittorie e podi a ripetizione. Elia chiude il 2024 imbattuto \u00a0con lui hanno vinto Jonathan, Ralf, Martina. Regolarmente a podio Alex, Nicole, Jana, Patrizia, Mattia, Selina.\u2026","rel":"","context":"In &quot;Cross&quot;","block_context":{"text":"Cross","link":"https:\/\/uscatletica.ch\/wp\/?cat=7"},"img":{"alt_text":"","src":"https:\/\/i0.wp.com\/uscatletica.ch\/wp\/wp-content\/uploads\/2015\/12\/P1360515.jpg?fit=563%2C422&ssl=1&resize=350%2C200","width":350,"height":200,"srcset":"https:\/\/i0.wp.com\/uscatletica.ch\/wp\/wp-content\/uploads\/2015\/12\/P1360515.jpg?fit=563%2C422&ssl=1&resize=350%2C200 1x, https:\/\/i0.wp.com\/uscatletica.ch\/wp\/wp-content\/uploads\/2015\/12\/P1360515.jpg?fit=563%2C422&ssl=1&resize=525%2C300 1.5x"},"classes":[]},{"id":21565,"url":"https:\/\/uscatletica.ch\/wp\/?p=21565","url_meta":{"origin":20471,"position":2},"title":"Il Fine settimana tra Mendrisio e Ascona","author":"Leonida Stampanoni","date":"19 Dicembre 2025","format":false,"excerpt":"Nel fine settimana la Coppa Ticino di cross vivr\u00e0 al parco OSC di Mendrisio la terza tappa l'ultima del 2025. Una ventina di giorni orsono a Camignolo l'USC festeggi\u00f2 ben cinque vittorie in coppa. Al via a Mendrisio sono attesi mezzo migliaio di atleti e atlete, oltre 60 provenienti dalla\u2026","rel":"","context":"In &quot;Cross&quot;","block_context":{"text":"Cross","link":"https:\/\/uscatletica.ch\/wp\/?cat=7"},"img":{"alt_text":"","src":"https:\/\/i0.wp.com\/uscatletica.ch\/wp\/wp-content\/uploads\/2025\/12\/251130nicpong.jpg?fit=432%2C336&ssl=1&resize=350%2C200","width":350,"height":200},"classes":[]},{"id":14030,"url":"https:\/\/uscatletica.ch\/wp\/?p=14030","url_meta":{"origin":20471,"position":3},"title":"CROSS CAPRIASCHESE, TERZA TAPPA DI COPPA","author":"Leonida Stampanoni","date":"25 Novembre 2021","format":false,"excerpt":"La coppa Ticino di cross torna in Capriasca domenica 28 novembre.L'USC \u00e8 fiera di ospitare il cross capriaschese, terza prova di coppa Ticino FTAL AET 2021\/2022. Al via a partire dalle 11 sono attesi quasi 400 atleti tra cui un centinaio di atleti USC. Dopo due prove di coppa di\u2026","rel":"","context":"In &quot;Cross&quot;","block_context":{"text":"Cross","link":"https:\/\/uscatletica.ch\/wp\/?cat=7"},"img":{"alt_text":"","src":"https:\/\/i0.wp.com\/uscatletica.ch\/wp\/wp-content\/uploads\/2015\/12\/P1360515.jpg?fit=563%2C422&ssl=1&resize=350%2C200","width":350,"height":200,"srcset":"https:\/\/i0.wp.com\/uscatletica.ch\/wp\/wp-content\/uploads\/2015\/12\/P1360515.jpg?fit=563%2C422&ssl=1&resize=350%2C200 1x, https:\/\/i0.wp.com\/uscatletica.ch\/wp\/wp-content\/uploads\/2015\/12\/P1360515.jpg?fit=563%2C422&ssl=1&resize=525%2C300 1.5x"},"classes":[]},{"id":20351,"url":"https:\/\/uscatletica.ch\/wp\/?p=20351","url_meta":{"origin":20471,"position":4},"title":"La Coppa Ticino riparte dal nuovo Cross di Dongio","author":"Leonida Stampanoni","date":"9 Novembre 2024","format":false,"excerpt":"La stagione 2024-2025 di corsa campestre partir\u00e0 domenica sui prati di Dongio. La Coppa Ticino di cross FTAL AET debutter\u00e0 sul nuovo circuito disegnato dalla GAD nei campi a nord del centro sportivo. Il circuito cantonale che si articoler\u00e0 su sette tappe proseguir\u00e0 domenica 24 con il cross Capriaschese .\u2026","rel":"","context":"In &quot;Cross&quot;","block_context":{"text":"Cross","link":"https:\/\/uscatletica.ch\/wp\/?cat=7"},"img":{"alt_text":"","src":"https:\/\/i0.wp.com\/uscatletica.ch\/wp\/wp-content\/uploads\/2016\/11\/P1380227.jpg?fit=563%2C422&ssl=1&resize=350%2C200","width":350,"height":200,"srcset":"https:\/\/i0.wp.com\/uscatletica.ch\/wp\/wp-content\/uploads\/2016\/11\/P1380227.jpg?fit=563%2C422&ssl=1&resize=350%2C200 1x, https:\/\/i0.wp.com\/uscatletica.ch\/wp\/wp-content\/uploads\/2016\/11\/P1380227.jpg?fit=563%2C422&ssl=1&resize=525%2C300 1.5x"},"classes":[]},{"id":5404,"url":"https:\/\/uscatletica.ch\/wp\/?p=5404","url_meta":{"origin":20471,"position":5},"title":"COPPA TICINO CROSS CLASSIFICA FINALE CAMPIONATI TICINESI DI CROSS Banco","author":"Leonida Stampanoni","date":"6 Gennaio 2018","format":false,"excerpt":"COPPA TICINO CROSS FTAL 2017-2018\u00a0 Laube -Greenkey \u00a0 La coppa Ticino 2017-2018\u00a0 patrocinata dalla FTAL\u00a0 avr\u00e0 iscrizioni e classifiche gestita per la prima volta da Mysdam tramite il portale \u00a0 Endu.net.\u00a0\u00a0 3 Marzo CAMPIONATI SVIZZERI DI CROSS GENEVE CLASSIFICHE FINALI COPPA TICINO CROSS Classifica finale coppa Ticino FTAL CAMPIONATI TICINESI\u2026","rel":"","context":"In &quot;Altro&quot;","block_context":{"text":"Altro","link":"https:\/\/uscatletica.ch\/wp\/?cat=11"},"img":{"alt_text":"","src":"https:\/\/i0.wp.com\/uscatletica.ch\/wp\/wp-content\/uploads\/2017\/12\/podiocrosspom1712m40.jpg?fit=532%2C399&ssl=1&resize=350%2C200","width":350,"height":200,"srcset":"https:\/\/i0.wp.com\/uscatletica.ch\/wp\/wp-content\/uploads\/2017\/12\/podiocrosspom1712m40.jpg?fit=532%2C399&ssl=1&resize=350%2C200 1x, https:\/\/i0.wp.com\/uscatletica.ch\/wp\/wp-content\/uploads\/2017\/12\/podiocrosspom1712m40.jpg?fit=532%2C399&ssl=1&resize=525%2C300 1.5x"},"classes":[]}],"_links":{"self":[{"href":"https:\/\/uscatletica.ch\/wp\/index.php?rest_route=\/wp\/v2\/posts\/20471","targetHints":{"allow":["GET"]}}],"collection":[{"href":"https:\/\/uscatletica.ch\/wp\/index.php?rest_route=\/wp\/v2\/posts"}],"about":[{"href":"https:\/\/uscatletica.ch\/wp\/index.php?rest_route=\/wp\/v2\/types\/post"}],"author":[{"embeddable":true,"href":"https:\/\/uscatletica.ch\/wp\/index.php?rest_route=\/wp\/v2\/users\/4"}],"replies":[{"embeddable":true,"href":"https:\/\/uscatletica.ch\/wp\/index.php?rest_route=%2Fwp%2Fv2%2Fcomments&post=20471"}],"version-history":[{"count":2,"href":"https:\/\/uscatletica.ch\/wp\/index.php?rest_route=\/wp\/v2\/posts\/20471\/revisions"}],"predecessor-version":[{"id":20481,"href":"https:\/\/uscatletica.ch\/wp\/index.php?rest_route=\/wp\/v2\/posts\/20471\/revisions\/20481"}],"wp:featuredmedia":[{"embeddable":true,"href":"https:\/\/uscatletica.ch\/wp\/index.php?rest_route=\/wp\/v2\/media\/940"}],"wp:attachment":[{"href":"https:\/\/uscatletica.ch\/wp\/index.php?rest_route=%2Fwp%2Fv2%2Fmedia&parent=20471"}],"wp:term":[{"taxonomy":"category","embeddable":true,"href":"https:\/\/uscatletica.ch\/wp\/index.php?rest_route=%2Fwp%2Fv2%2Fcategories&post=20471"},{"taxonomy":"post_tag","embeddable":true,"href":"https:\/\/uscatletica.ch\/wp\/index.php?rest_route=%2Fwp%2Fv2%2Ftags&post=20471"}],"curies":[{"name":"wp","href":"https:\/\/api.w.org\/{rel}","templated":true}]}}