{"id":20508,"date":"2025-01-17T21:55:41","date_gmt":"2025-01-17T20:55:41","guid":{"rendered":"https:\/\/uscatletica.ch\/wp\/?p=20508"},"modified":"2025-02-28T09:11:12","modified_gmt":"2025-02-28T08:11:12","slug":"buon-anno-usc","status":"publish","type":"post","link":"https:\/\/uscatletica.ch\/wp\/?p=20508","title":{"rendered":"Buon anno USC 26.01.2025"},"content":{"rendered":"\n\n\n<div data-wp-interactive=\"core\/file\" class=\"wp-block-file\"><object data-wp-bind--hidden=\"!state.hasPdfPreview\" hidden class=\"wp-block-file__embed\" data=\"https:\/\/uscatletica.ch\/wp\/wp-content\/uploads\/2025\/01\/Buon-Anno-USC-2025.pdf\" type=\"application\/pdf\" style=\"width:100%;height:600px\" aria-label=\"Incorporamento di Buon Anno USC 2025.\"><\/object><a id=\"wp-block-file--media-9e0a0ace-def5-4996-9beb-3e8f51d57990\" href=\"https:\/\/uscatletica.ch\/wp\/wp-content\/uploads\/2025\/01\/Buon-Anno-USC-2025.pdf\">Buon Anno USC 2025<\/a><a href=\"https:\/\/uscatletica.ch\/wp\/wp-content\/uploads\/2025\/01\/Buon-Anno-USC-2025.pdf\" class=\"wp-block-file__button wp-element-button\" download aria-describedby=\"wp-block-file--media-9e0a0ace-def5-4996-9beb-3e8f51d57990\">Download<\/a><\/div>\n","protected":false},"excerpt":{"rendered":"","protected":false},"author":2,"featured_media":20510,"comment_status":"closed","ping_status":"closed","sticky":false,"template":"","format":"standard","meta":{"jetpack_post_was_ever_published":false,"_jetpack_newsletter_access":"","_jetpack_dont_email_post_to_subs":false,"_jetpack_newsletter_tier_id":0,"_jetpack_memberships_contains_paywalled_content":false,"_jetpack_memberships_contains_paid_content":false,"footnotes":"","jetpack_publicize_message":"","jetpack_publicize_feature_enabled":true,"jetpack_social_post_already_shared":true,"jetpack_social_options":{"image_generator_settings":{"template":"highway","default_image_id":0,"font":"","enabled":false},"version":2}},"categories":[11,30,12,9],"tags":[],"class_list":["post-20508","post","type-post","status-publish","format-standard","has-post-thumbnail","hentry","category-altro","category-diversi","category-nostregare","category-sport"],"jetpack_publicize_connections":[],"jetpack_featured_media_url":"https:\/\/i0.wp.com\/uscatletica.ch\/wp\/wp-content\/uploads\/2025\/01\/titolo-sullimmagine-buon-anno-usc-deve-raffigurare-una-capretta-che-1.png?fit=1024%2C768&ssl=1","jetpack_sharing_enabled":true,"jetpack_shortlink":"https:\/\/wp.me\/p6V7Ck-5kM","jetpack-related-posts":[{"id":21588,"url":"https:\/\/uscatletica.ch\/wp\/?p=21588","url_meta":{"origin":20508,"position":0},"title":"BUON ANNO USC 2026","author":"Leonida Stampanoni","date":"4 Gennaio 2026","format":false,"excerpt":"Buon Anno USC Cari atleti, siamo felici di invitarvi a un pomeriggio insieme per scambiarci gli auguri di Buon Anno, ripercorrere i risultati raggiunti e guardare avanti ai progetti e agli obiettivi che ci attendono. Sar\u00e0 un momento di condivisione per sostenere e celebrare il percorso e l\u2019impegno di tutti.\u2026","rel":"","context":"In &quot;Diversi&quot;","block_context":{"text":"Diversi","link":"https:\/\/uscatletica.ch\/wp\/?cat=30"},"img":{"alt_text":"","src":"https:\/\/i0.wp.com\/uscatletica.ch\/wp\/wp-content\/uploads\/2026\/01\/BuonAnnoUSC2026.jpg?fit=595%2C841&ssl=1&resize=350%2C200","width":350,"height":200,"srcset":"https:\/\/i0.wp.com\/uscatletica.ch\/wp\/wp-content\/uploads\/2026\/01\/BuonAnnoUSC2026.jpg?fit=595%2C841&ssl=1&resize=350%2C200 1x, https:\/\/i0.wp.com\/uscatletica.ch\/wp\/wp-content\/uploads\/2026\/01\/BuonAnnoUSC2026.jpg?fit=595%2C841&ssl=1&resize=525%2C300 1.5x"},"classes":[]},{"id":16595,"url":"https:\/\/uscatletica.ch\/wp\/?p=16595","url_meta":{"origin":20508,"position":1},"title":"CELEBRIAMO IL 2023 ASSIEME","author":"Leonida Stampanoni","date":"10 Gennaio 2023","format":false,"excerpt":"Carissimi,Abbiamo il piacere di invitarvi ad un pomeriggio ricreativo per scambiarci gli auguri di Buon Anno, guardare ai risultati passati e pensare e progettare gli obiettivi dell\u2019anno che abbiamo davanti.Un momento per lo scambio di idee e per sostenere i nostri atleti. Dove: Scuole elementari di Tesserete Quando: Sabato 14\u2026","rel":"","context":"In &quot;Altro&quot;","block_context":{"text":"Altro","link":"https:\/\/uscatletica.ch\/wp\/?cat=11"},"img":{"alt_text":"","src":"https:\/\/i0.wp.com\/uscatletica.ch\/wp\/wp-content\/uploads\/2022\/10\/Torta-diavol-rotated.jpg?fit=900%2C1200&ssl=1&resize=350%2C200","width":350,"height":200,"srcset":"https:\/\/i0.wp.com\/uscatletica.ch\/wp\/wp-content\/uploads\/2022\/10\/Torta-diavol-rotated.jpg?fit=900%2C1200&ssl=1&resize=350%2C200 1x, https:\/\/i0.wp.com\/uscatletica.ch\/wp\/wp-content\/uploads\/2022\/10\/Torta-diavol-rotated.jpg?fit=900%2C1200&ssl=1&resize=525%2C300 1.5x, https:\/\/i0.wp.com\/uscatletica.ch\/wp\/wp-content\/uploads\/2022\/10\/Torta-diavol-rotated.jpg?fit=900%2C1200&ssl=1&resize=700%2C400 2x"},"classes":[]},{"id":16566,"url":"https:\/\/uscatletica.ch\/wp\/?p=16566","url_meta":{"origin":20508,"position":2},"title":"Buon Anno","author":"Stampa E","date":"1 Gennaio 2023","format":false,"excerpt":"Buon Anno Buon Anno USC 2023","rel":"","context":"In &quot;I nostri appuntamenti&quot;","block_context":{"text":"I nostri appuntamenti","link":"https:\/\/uscatletica.ch\/wp\/?cat=12"},"img":{"alt_text":"","src":"https:\/\/i0.wp.com\/uscatletica.ch\/wp\/wp-content\/uploads\/2022\/12\/BuonAnnoUSC.jpg?fit=502%2C716&ssl=1&resize=350%2C200","width":350,"height":200},"classes":[]},{"id":18685,"url":"https:\/\/uscatletica.ch\/wp\/?p=18685","url_meta":{"origin":20508,"position":3},"title":"Pomeriggio di Buon Anno","author":"Stampa E","date":"24 Dicembre 2023","format":false,"excerpt":"Abbiamo il piacere di invitarvi ad un pomeriggio per scambiarci gli auguri di Buon Anno, guardare ai risultati passati e pensare ai progetti, agli obiettivi dell\u2019anno che abbiamo davanti. Un momentoper sostenere e festeggiare i nostri atleti. Vi chiediamo di confermare al seguente indirizzo la vostra presenza, entro il 10gennaio:\u2026","rel":"","context":"In &quot;I nostri appuntamenti&quot;","block_context":{"text":"I nostri appuntamenti","link":"https:\/\/uscatletica.ch\/wp\/?cat=12"},"img":{"alt_text":"","src":"https:\/\/i0.wp.com\/uscatletica.ch\/wp\/wp-content\/uploads\/2023\/12\/BuonAnnoUSCinvito-215x300.jpg?resize=350%2C200&ssl=1","width":350,"height":200},"classes":[]},{"id":20445,"url":"https:\/\/uscatletica.ch\/wp\/?p=20445","url_meta":{"origin":20508,"position":4},"title":"BUONE FESTE USC 26.01.2025","author":"Leonida Stampanoni","date":"18 Dicembre 2024","format":false,"excerpt":"L' BuonAnnoUSC2025","rel":"","context":"In &quot;I nostri appuntamenti&quot;","block_context":{"text":"I nostri appuntamenti","link":"https:\/\/uscatletica.ch\/wp\/?cat=12"},"img":{"alt_text":"","src":"https:\/\/i0.wp.com\/uscatletica.ch\/wp\/wp-content\/uploads\/2016\/12\/serenefestivita17.jpg?fit=564%2C423&ssl=1&resize=350%2C200","width":350,"height":200,"srcset":"https:\/\/i0.wp.com\/uscatletica.ch\/wp\/wp-content\/uploads\/2016\/12\/serenefestivita17.jpg?fit=564%2C423&ssl=1&resize=350%2C200 1x, https:\/\/i0.wp.com\/uscatletica.ch\/wp\/wp-content\/uploads\/2016\/12\/serenefestivita17.jpg?fit=564%2C423&ssl=1&resize=525%2C300 1.5x"},"classes":[]},{"id":14137,"url":"https:\/\/uscatletica.ch\/wp\/?p=14137","url_meta":{"origin":20508,"position":5},"title":"Calendario ASTi 2022, le gare USC","author":"Stampa E","date":"23 Dicembre 2021","format":false,"excerpt":"Il calendario ASTi 2022 \u00e8 in fase di rifinitura \u00e8, con diverse novit\u00e0, sar\u00e0 presto visibile per intero qui. Segnaliamo gi\u00e0 sin d'ora le gare USC in programma nel 2022: 27 marzo, Staffetta Capriaschese, TAS 9 aprile, Cronoascesa al Bigorio, CMSV 7 maggio, Tesserete-Gola di Lago, CMSV\u00a0\u00a0\u00a0 21 settembre, 1000\u2026","rel":"","context":"In &quot;I nostri appuntamenti&quot;","block_context":{"text":"I nostri appuntamenti","link":"https:\/\/uscatletica.ch\/wp\/?cat=12"},"img":{"alt_text":"","src":"https:\/\/i0.wp.com\/uscatletica.ch\/wp\/wp-content\/uploads\/2021\/12\/CalASTi2022.jpg?fit=889%2C657&ssl=1&resize=350%2C200","width":350,"height":200,"srcset":"https:\/\/i0.wp.com\/uscatletica.ch\/wp\/wp-content\/uploads\/2021\/12\/CalASTi2022.jpg?fit=889%2C657&ssl=1&resize=350%2C200 1x, https:\/\/i0.wp.com\/uscatletica.ch\/wp\/wp-content\/uploads\/2021\/12\/CalASTi2022.jpg?fit=889%2C657&ssl=1&resize=525%2C300 1.5x, https:\/\/i0.wp.com\/uscatletica.ch\/wp\/wp-content\/uploads\/2021\/12\/CalASTi2022.jpg?fit=889%2C657&ssl=1&resize=700%2C400 2x"},"classes":[]}],"_links":{"self":[{"href":"https:\/\/uscatletica.ch\/wp\/index.php?rest_route=\/wp\/v2\/posts\/20508","targetHints":{"allow":["GET"]}}],"collection":[{"href":"https:\/\/uscatletica.ch\/wp\/index.php?rest_route=\/wp\/v2\/posts"}],"about":[{"href":"https:\/\/uscatletica.ch\/wp\/index.php?rest_route=\/wp\/v2\/types\/post"}],"author":[{"embeddable":true,"href":"https:\/\/uscatletica.ch\/wp\/index.php?rest_route=\/wp\/v2\/users\/2"}],"replies":[{"embeddable":true,"href":"https:\/\/uscatletica.ch\/wp\/index.php?rest_route=%2Fwp%2Fv2%2Fcomments&post=20508"}],"version-history":[{"count":2,"href":"https:\/\/uscatletica.ch\/wp\/index.php?rest_route=\/wp\/v2\/posts\/20508\/revisions"}],"predecessor-version":[{"id":20513,"href":"https:\/\/uscatletica.ch\/wp\/index.php?rest_route=\/wp\/v2\/posts\/20508\/revisions\/20513"}],"wp:featuredmedia":[{"embeddable":true,"href":"https:\/\/uscatletica.ch\/wp\/index.php?rest_route=\/wp\/v2\/media\/20510"}],"wp:attachment":[{"href":"https:\/\/uscatletica.ch\/wp\/index.php?rest_route=%2Fwp%2Fv2%2Fmedia&parent=20508"}],"wp:term":[{"taxonomy":"category","embeddable":true,"href":"https:\/\/uscatletica.ch\/wp\/index.php?rest_route=%2Fwp%2Fv2%2Fcategories&post=20508"},{"taxonomy":"post_tag","embeddable":true,"href":"https:\/\/uscatletica.ch\/wp\/index.php?rest_route=%2Fwp%2Fv2%2Ftags&post=20508"}],"curies":[{"name":"wp","href":"https:\/\/api.w.org\/{rel}","templated":true}]}}