{"id":20522,"date":"2025-01-23T06:18:56","date_gmt":"2025-01-23T05:18:56","guid":{"rendered":"https:\/\/uscatletica.ch\/wp\/?p=20522"},"modified":"2025-01-23T06:19:45","modified_gmt":"2025-01-23T05:19:45","slug":"ukc-team-tre-squadre-in-semifinale","status":"publish","type":"post","link":"https:\/\/uscatletica.ch\/wp\/?p=20522","title":{"rendered":"UKC TEAM TRE SQUADRE IN SEMIFINALE"},"content":{"rendered":"\n<p>Sabato intenso al Palapenz di Chiasso, nelle rinnovate palestre guidate dalla passione di Brighela e sostenuti dai Monitori \u00a0i nostri ragazzi e ragazze si sono battute alla grande nella UBS Kids Cup TEAM. Le caprette 1 della U10F hanno vinto la loro gara nel pomeriggio brave anche le compagne. In mattinata \u00a0La squadra U16X Stralusc, Camilla Amelie Noah, Sebastiano, Anai ha chiuso seconde mentre nelle U14X terzo rango per Remo, Maya, Matilda, Viola, Giosu\u00e8. Bene anche le squadre U14X Scarpusc e U14F Pelusc.\u00a0<\/p>\n<p><a href=\"https:\/\/www.ubs-kidscup.ch\/fileadmin\/ubskidscup\/ubs_kids_cup_team\/Ranglisten\/2025_Chiasso_Rangliste_classifica_finale_UBS_Kids_Team_-_Chiasso18.01.2025.pdf\" target=\"_blank\" rel=\"noopener\">Le Classifiche<\/a><\/p>\n<p>Nella gara U10F le Caprette 1 vincono subito il Gold Sprint poi chiudono seconde nel salto. Grazie alla precisione al tiro vincono il biathlon prima di finire terze nella staffetta cross finale. Ottavo rango per le Caprette 2 ottimo terzo rango nel Biathlon con grande precisione al tiro mentre nelle altre tre sfide chiudono nella seconda parte della classifica .\u00a0<\/p>\n<p>In mattinata \u00a0il quintetto U16X Stralusc (Sebastiano, Noah, Anais, Amelie, Camilla A. ) con il quarto posto nel cross finale cedono la vittoria per un solo punto alle rivali del Mendrisiotto. Un eccellente Biathlon maggior numeri di giri ed ottima precisione al tiro \u00a0aveva portato L&#8217;USC al comando della classifica . Ottimo il secondo posto nello sprint ed il quinto rango nell&#8217;asta. \u00a0Nella gara U14X (Maja, Matilde, Viola, Noah, Remo) quarti nel salto e terzi nella staffetta ad ostacoli rimontano nei due giochi a sfida diretta arrivando ad un punto dal secondo rango. Nel Biathlon ottima la precisione e buona la corsa per il secondo rango come nella staffetta finale. Il Team Cuscus (Jacopo, Nicole, Nicol\u00f2, Agata, Michelle ) si divertono e duellano con le due squadre Vigor nella seconda parte di classifica ottima la corsa nel Biathlon. Le ragazze U14 Pelusc Emma, Noemi, Lois, Cecilia e Lena vivono una bella esperienza .\u00a0<\/p>\n<p>Sabato 8 marzo a Wallisellen \u00a0ci saranno tre squadre USC al via una bella trasferta di gruppo.<a href=\"https:\/\/i0.wp.com\/uscatletica.ch\/wp\/wp-content\/uploads\/2025\/01\/2025ukct16xmini.jpeg?ssl=1\"><img data-recalc-dims=\"1\" loading=\"lazy\" decoding=\"async\" data-attachment-id=\"20523\" data-permalink=\"https:\/\/uscatletica.ch\/wp\/?attachment_id=20523\" data-orig-file=\"https:\/\/i0.wp.com\/uscatletica.ch\/wp\/wp-content\/uploads\/2025\/01\/2025ukct16xmini.jpeg?fit=432%2C324&amp;ssl=1\" data-orig-size=\"432,324\" data-comments-opened=\"0\" data-image-meta=\"{&quot;aperture&quot;:&quot;0&quot;,&quot;credit&quot;:&quot;&quot;,&quot;camera&quot;:&quot;&quot;,&quot;caption&quot;:&quot;&quot;,&quot;created_timestamp&quot;:&quot;0&quot;,&quot;copyright&quot;:&quot;&quot;,&quot;focal_length&quot;:&quot;0&quot;,&quot;iso&quot;:&quot;0&quot;,&quot;shutter_speed&quot;:&quot;0&quot;,&quot;title&quot;:&quot;&quot;,&quot;orientation&quot;:&quot;1&quot;}\" data-image-title=\"2025ukct16xmini\" data-image-description=\"\" data-image-caption=\"\" data-large-file=\"https:\/\/i0.wp.com\/uscatletica.ch\/wp\/wp-content\/uploads\/2025\/01\/2025ukct16xmini.jpeg?fit=432%2C324&amp;ssl=1\" class=\"aligncenter size-full wp-image-20523\" src=\"https:\/\/i0.wp.com\/uscatletica.ch\/wp\/wp-content\/uploads\/2025\/01\/2025ukct16xmini.jpeg?resize=432%2C324&#038;ssl=1\" alt=\"\" width=\"432\" height=\"324\" srcset=\"https:\/\/i0.wp.com\/uscatletica.ch\/wp\/wp-content\/uploads\/2025\/01\/2025ukct16xmini.jpeg?w=432&amp;ssl=1 432w, https:\/\/i0.wp.com\/uscatletica.ch\/wp\/wp-content\/uploads\/2025\/01\/2025ukct16xmini.jpeg?resize=300%2C225&amp;ssl=1 300w\" sizes=\"auto, (max-width: 432px) 100vw, 432px\" \/><\/a> <a href=\"https:\/\/i0.wp.com\/uscatletica.ch\/wp\/wp-content\/uploads\/2025\/01\/2025ukctu14u16mini.jpeg?ssl=1\"><img data-recalc-dims=\"1\" loading=\"lazy\" decoding=\"async\" data-attachment-id=\"20524\" data-permalink=\"https:\/\/uscatletica.ch\/wp\/?attachment_id=20524\" data-orig-file=\"https:\/\/i0.wp.com\/uscatletica.ch\/wp\/wp-content\/uploads\/2025\/01\/2025ukctu14u16mini.jpeg?fit=432%2C324&amp;ssl=1\" data-orig-size=\"432,324\" data-comments-opened=\"0\" data-image-meta=\"{&quot;aperture&quot;:&quot;0&quot;,&quot;credit&quot;:&quot;&quot;,&quot;camera&quot;:&quot;&quot;,&quot;caption&quot;:&quot;&quot;,&quot;created_timestamp&quot;:&quot;0&quot;,&quot;copyright&quot;:&quot;&quot;,&quot;focal_length&quot;:&quot;0&quot;,&quot;iso&quot;:&quot;0&quot;,&quot;shutter_speed&quot;:&quot;0&quot;,&quot;title&quot;:&quot;&quot;,&quot;orientation&quot;:&quot;1&quot;}\" data-image-title=\"2025ukctu14u16mini\" data-image-description=\"\" data-image-caption=\"\" data-large-file=\"https:\/\/i0.wp.com\/uscatletica.ch\/wp\/wp-content\/uploads\/2025\/01\/2025ukctu14u16mini.jpeg?fit=432%2C324&amp;ssl=1\" class=\"aligncenter size-full wp-image-20524\" src=\"https:\/\/i0.wp.com\/uscatletica.ch\/wp\/wp-content\/uploads\/2025\/01\/2025ukctu14u16mini.jpeg?resize=432%2C324&#038;ssl=1\" alt=\"\" width=\"432\" height=\"324\" srcset=\"https:\/\/i0.wp.com\/uscatletica.ch\/wp\/wp-content\/uploads\/2025\/01\/2025ukctu14u16mini.jpeg?w=432&amp;ssl=1 432w, https:\/\/i0.wp.com\/uscatletica.ch\/wp\/wp-content\/uploads\/2025\/01\/2025ukctu14u16mini.jpeg?resize=300%2C225&amp;ssl=1 300w\" sizes=\"auto, (max-width: 432px) 100vw, 432px\" \/><\/a> <a href=\"https:\/\/i0.wp.com\/uscatletica.ch\/wp\/wp-content\/uploads\/2025\/01\/2025ukctu14xmini.jpeg?ssl=1\"><img data-recalc-dims=\"1\" loading=\"lazy\" decoding=\"async\" data-attachment-id=\"20525\" data-permalink=\"https:\/\/uscatletica.ch\/wp\/?attachment_id=20525\" data-orig-file=\"https:\/\/i0.wp.com\/uscatletica.ch\/wp\/wp-content\/uploads\/2025\/01\/2025ukctu14xmini.jpeg?fit=432%2C324&amp;ssl=1\" data-orig-size=\"432,324\" data-comments-opened=\"0\" data-image-meta=\"{&quot;aperture&quot;:&quot;0&quot;,&quot;credit&quot;:&quot;&quot;,&quot;camera&quot;:&quot;&quot;,&quot;caption&quot;:&quot;&quot;,&quot;created_timestamp&quot;:&quot;0&quot;,&quot;copyright&quot;:&quot;&quot;,&quot;focal_length&quot;:&quot;0&quot;,&quot;iso&quot;:&quot;0&quot;,&quot;shutter_speed&quot;:&quot;0&quot;,&quot;title&quot;:&quot;&quot;,&quot;orientation&quot;:&quot;1&quot;}\" data-image-title=\"2025ukctu14xmini\" data-image-description=\"\" data-image-caption=\"\" data-large-file=\"https:\/\/i0.wp.com\/uscatletica.ch\/wp\/wp-content\/uploads\/2025\/01\/2025ukctu14xmini.jpeg?fit=432%2C324&amp;ssl=1\" class=\"aligncenter size-full wp-image-20525\" src=\"https:\/\/i0.wp.com\/uscatletica.ch\/wp\/wp-content\/uploads\/2025\/01\/2025ukctu14xmini.jpeg?resize=432%2C324&#038;ssl=1\" alt=\"\" width=\"432\" height=\"324\" srcset=\"https:\/\/i0.wp.com\/uscatletica.ch\/wp\/wp-content\/uploads\/2025\/01\/2025ukctu14xmini.jpeg?w=432&amp;ssl=1 432w, https:\/\/i0.wp.com\/uscatletica.ch\/wp\/wp-content\/uploads\/2025\/01\/2025ukctu14xmini.jpeg?resize=300%2C225&amp;ssl=1 300w\" sizes=\"auto, (max-width: 432px) 100vw, 432px\" \/><\/a><\/p>\n\n\n\n<p><a href=\"https:\/\/i0.wp.com\/uscatletica.ch\/wp\/wp-content\/uploads\/2025\/01\/image4.jpeg?ssl=1\"><img data-recalc-dims=\"1\" loading=\"lazy\" decoding=\"async\" data-attachment-id=\"20527\" data-permalink=\"https:\/\/uscatletica.ch\/wp\/?attachment_id=20527\" data-orig-file=\"https:\/\/i0.wp.com\/uscatletica.ch\/wp\/wp-content\/uploads\/2025\/01\/image4.jpeg?fit=480%2C640&amp;ssl=1\" data-orig-size=\"480,640\" data-comments-opened=\"0\" data-image-meta=\"{&quot;aperture&quot;:&quot;0&quot;,&quot;credit&quot;:&quot;&quot;,&quot;camera&quot;:&quot;&quot;,&quot;caption&quot;:&quot;&quot;,&quot;created_timestamp&quot;:&quot;0&quot;,&quot;copyright&quot;:&quot;&quot;,&quot;focal_length&quot;:&quot;0&quot;,&quot;iso&quot;:&quot;0&quot;,&quot;shutter_speed&quot;:&quot;0&quot;,&quot;title&quot;:&quot;&quot;,&quot;orientation&quot;:&quot;1&quot;}\" data-image-title=\"image4\" data-image-description=\"\" data-image-caption=\"\" data-large-file=\"https:\/\/i0.wp.com\/uscatletica.ch\/wp\/wp-content\/uploads\/2025\/01\/image4.jpeg?fit=480%2C640&amp;ssl=1\" class=\"aligncenter size-full wp-image-20527\" src=\"https:\/\/i0.wp.com\/uscatletica.ch\/wp\/wp-content\/uploads\/2025\/01\/image4.jpeg?resize=480%2C640&#038;ssl=1\" alt=\"\" width=\"480\" height=\"640\" srcset=\"https:\/\/i0.wp.com\/uscatletica.ch\/wp\/wp-content\/uploads\/2025\/01\/image4.jpeg?w=480&amp;ssl=1 480w, https:\/\/i0.wp.com\/uscatletica.ch\/wp\/wp-content\/uploads\/2025\/01\/image4.jpeg?resize=225%2C300&amp;ssl=1 225w\" sizes=\"auto, (max-width: 480px) 100vw, 480px\" \/><\/a> <a href=\"https:\/\/i0.wp.com\/uscatletica.ch\/wp\/wp-content\/uploads\/2025\/01\/4a9c8c7c-edec-4a0f-8d62-cbfbbef506be.jpg?ssl=1\"><img data-recalc-dims=\"1\" loading=\"lazy\" decoding=\"async\" data-attachment-id=\"20528\" data-permalink=\"https:\/\/uscatletica.ch\/wp\/?attachment_id=20528\" data-orig-file=\"https:\/\/i0.wp.com\/uscatletica.ch\/wp\/wp-content\/uploads\/2025\/01\/4a9c8c7c-edec-4a0f-8d62-cbfbbef506be.jpg?fit=480%2C640&amp;ssl=1\" data-orig-size=\"480,640\" data-comments-opened=\"0\" data-image-meta=\"{&quot;aperture&quot;:&quot;0&quot;,&quot;credit&quot;:&quot;&quot;,&quot;camera&quot;:&quot;&quot;,&quot;caption&quot;:&quot;&quot;,&quot;created_timestamp&quot;:&quot;0&quot;,&quot;copyright&quot;:&quot;&quot;,&quot;focal_length&quot;:&quot;0&quot;,&quot;iso&quot;:&quot;0&quot;,&quot;shutter_speed&quot;:&quot;0&quot;,&quot;title&quot;:&quot;&quot;,&quot;orientation&quot;:&quot;1&quot;}\" data-image-title=\"4a9c8c7c-edec-4a0f-8d62-cbfbbef506be\" data-image-description=\"\" data-image-caption=\"\" data-large-file=\"https:\/\/i0.wp.com\/uscatletica.ch\/wp\/wp-content\/uploads\/2025\/01\/4a9c8c7c-edec-4a0f-8d62-cbfbbef506be.jpg?fit=480%2C640&amp;ssl=1\" class=\"aligncenter size-full wp-image-20528\" src=\"https:\/\/i0.wp.com\/uscatletica.ch\/wp\/wp-content\/uploads\/2025\/01\/4a9c8c7c-edec-4a0f-8d62-cbfbbef506be.jpg?resize=480%2C640&#038;ssl=1\" alt=\"\" width=\"480\" height=\"640\" srcset=\"https:\/\/i0.wp.com\/uscatletica.ch\/wp\/wp-content\/uploads\/2025\/01\/4a9c8c7c-edec-4a0f-8d62-cbfbbef506be.jpg?w=480&amp;ssl=1 480w, https:\/\/i0.wp.com\/uscatletica.ch\/wp\/wp-content\/uploads\/2025\/01\/4a9c8c7c-edec-4a0f-8d62-cbfbbef506be.jpg?resize=225%2C300&amp;ssl=1 225w\" sizes=\"auto, (max-width: 480px) 100vw, 480px\" \/><\/a> <a href=\"https:\/\/i0.wp.com\/uscatletica.ch\/wp\/wp-content\/uploads\/2025\/01\/image1-rotated.jpeg?ssl=1\"><img data-recalc-dims=\"1\" loading=\"lazy\" decoding=\"async\" data-attachment-id=\"20529\" data-permalink=\"https:\/\/uscatletica.ch\/wp\/?attachment_id=20529\" data-orig-file=\"https:\/\/i0.wp.com\/uscatletica.ch\/wp\/wp-content\/uploads\/2025\/01\/image1-rotated.jpeg?fit=480%2C640&amp;ssl=1\" data-orig-size=\"480,640\" data-comments-opened=\"0\" data-image-meta=\"{&quot;aperture&quot;:&quot;0&quot;,&quot;credit&quot;:&quot;&quot;,&quot;camera&quot;:&quot;&quot;,&quot;caption&quot;:&quot;&quot;,&quot;created_timestamp&quot;:&quot;0&quot;,&quot;copyright&quot;:&quot;&quot;,&quot;focal_length&quot;:&quot;0&quot;,&quot;iso&quot;:&quot;0&quot;,&quot;shutter_speed&quot;:&quot;0&quot;,&quot;title&quot;:&quot;&quot;,&quot;orientation&quot;:&quot;1&quot;}\" data-image-title=\"image1\" data-image-description=\"\" data-image-caption=\"\" data-large-file=\"https:\/\/i0.wp.com\/uscatletica.ch\/wp\/wp-content\/uploads\/2025\/01\/image1-rotated.jpeg?fit=480%2C640&amp;ssl=1\" class=\"aligncenter size-full wp-image-20529\" src=\"https:\/\/i0.wp.com\/uscatletica.ch\/wp\/wp-content\/uploads\/2025\/01\/image1-rotated.jpeg?resize=480%2C640&#038;ssl=1\" alt=\"\" width=\"480\" height=\"640\" srcset=\"https:\/\/i0.wp.com\/uscatletica.ch\/wp\/wp-content\/uploads\/2025\/01\/image1-rotated.jpeg?w=480&amp;ssl=1 480w, https:\/\/i0.wp.com\/uscatletica.ch\/wp\/wp-content\/uploads\/2025\/01\/image1-rotated.jpeg?resize=225%2C300&amp;ssl=1 225w\" sizes=\"auto, (max-width: 480px) 100vw, 480px\" \/><\/a> <a href=\"https:\/\/i0.wp.com\/uscatletica.ch\/wp\/wp-content\/uploads\/2025\/01\/image2.jpeg?ssl=1\"><img data-recalc-dims=\"1\" loading=\"lazy\" decoding=\"async\" data-attachment-id=\"20530\" data-permalink=\"https:\/\/uscatletica.ch\/wp\/?attachment_id=20530\" data-orig-file=\"https:\/\/i0.wp.com\/uscatletica.ch\/wp\/wp-content\/uploads\/2025\/01\/image2.jpeg?fit=640%2C480&amp;ssl=1\" data-orig-size=\"640,480\" data-comments-opened=\"0\" data-image-meta=\"{&quot;aperture&quot;:&quot;0&quot;,&quot;credit&quot;:&quot;&quot;,&quot;camera&quot;:&quot;&quot;,&quot;caption&quot;:&quot;&quot;,&quot;created_timestamp&quot;:&quot;0&quot;,&quot;copyright&quot;:&quot;&quot;,&quot;focal_length&quot;:&quot;0&quot;,&quot;iso&quot;:&quot;0&quot;,&quot;shutter_speed&quot;:&quot;0&quot;,&quot;title&quot;:&quot;&quot;,&quot;orientation&quot;:&quot;1&quot;}\" data-image-title=\"image2\" data-image-description=\"\" data-image-caption=\"\" data-large-file=\"https:\/\/i0.wp.com\/uscatletica.ch\/wp\/wp-content\/uploads\/2025\/01\/image2.jpeg?fit=640%2C480&amp;ssl=1\" class=\"aligncenter size-full wp-image-20530\" src=\"https:\/\/i0.wp.com\/uscatletica.ch\/wp\/wp-content\/uploads\/2025\/01\/image2.jpeg?resize=640%2C480&#038;ssl=1\" alt=\"\" width=\"640\" height=\"480\" srcset=\"https:\/\/i0.wp.com\/uscatletica.ch\/wp\/wp-content\/uploads\/2025\/01\/image2.jpeg?w=640&amp;ssl=1 640w, https:\/\/i0.wp.com\/uscatletica.ch\/wp\/wp-content\/uploads\/2025\/01\/image2.jpeg?resize=300%2C225&amp;ssl=1 300w\" sizes=\"auto, (max-width: 640px) 100vw, 640px\" \/><\/a> <a href=\"https:\/\/i0.wp.com\/uscatletica.ch\/wp\/wp-content\/uploads\/2025\/01\/image3-rotated.jpeg?ssl=1\"><img data-recalc-dims=\"1\" loading=\"lazy\" decoding=\"async\" data-attachment-id=\"20531\" data-permalink=\"https:\/\/uscatletica.ch\/wp\/?attachment_id=20531\" data-orig-file=\"https:\/\/i0.wp.com\/uscatletica.ch\/wp\/wp-content\/uploads\/2025\/01\/image3-rotated.jpeg?fit=480%2C640&amp;ssl=1\" data-orig-size=\"480,640\" data-comments-opened=\"0\" data-image-meta=\"{&quot;aperture&quot;:&quot;0&quot;,&quot;credit&quot;:&quot;&quot;,&quot;camera&quot;:&quot;&quot;,&quot;caption&quot;:&quot;&quot;,&quot;created_timestamp&quot;:&quot;0&quot;,&quot;copyright&quot;:&quot;&quot;,&quot;focal_length&quot;:&quot;0&quot;,&quot;iso&quot;:&quot;0&quot;,&quot;shutter_speed&quot;:&quot;0&quot;,&quot;title&quot;:&quot;&quot;,&quot;orientation&quot;:&quot;1&quot;}\" data-image-title=\"image3\" data-image-description=\"\" data-image-caption=\"\" data-large-file=\"https:\/\/i0.wp.com\/uscatletica.ch\/wp\/wp-content\/uploads\/2025\/01\/image3-rotated.jpeg?fit=480%2C640&amp;ssl=1\" class=\"aligncenter size-full wp-image-20531\" src=\"https:\/\/i0.wp.com\/uscatletica.ch\/wp\/wp-content\/uploads\/2025\/01\/image3-rotated.jpeg?resize=480%2C640&#038;ssl=1\" alt=\"\" width=\"480\" height=\"640\" srcset=\"https:\/\/i0.wp.com\/uscatletica.ch\/wp\/wp-content\/uploads\/2025\/01\/image3-rotated.jpeg?w=480&amp;ssl=1 480w, https:\/\/i0.wp.com\/uscatletica.ch\/wp\/wp-content\/uploads\/2025\/01\/image3-rotated.jpeg?resize=225%2C300&amp;ssl=1 225w\" sizes=\"auto, (max-width: 480px) 100vw, 480px\" \/><\/a> <a href=\"https:\/\/i0.wp.com\/uscatletica.ch\/wp\/wp-content\/uploads\/2025\/01\/image0.jpeg?ssl=1\"><img data-recalc-dims=\"1\" loading=\"lazy\" decoding=\"async\" data-attachment-id=\"20532\" data-permalink=\"https:\/\/uscatletica.ch\/wp\/?attachment_id=20532\" data-orig-file=\"https:\/\/i0.wp.com\/uscatletica.ch\/wp\/wp-content\/uploads\/2025\/01\/image0.jpeg?fit=640%2C480&amp;ssl=1\" data-orig-size=\"640,480\" data-comments-opened=\"0\" data-image-meta=\"{&quot;aperture&quot;:&quot;0&quot;,&quot;credit&quot;:&quot;&quot;,&quot;camera&quot;:&quot;&quot;,&quot;caption&quot;:&quot;&quot;,&quot;created_timestamp&quot;:&quot;0&quot;,&quot;copyright&quot;:&quot;&quot;,&quot;focal_length&quot;:&quot;0&quot;,&quot;iso&quot;:&quot;0&quot;,&quot;shutter_speed&quot;:&quot;0&quot;,&quot;title&quot;:&quot;&quot;,&quot;orientation&quot;:&quot;1&quot;}\" data-image-title=\"image0\" data-image-description=\"\" data-image-caption=\"\" data-large-file=\"https:\/\/i0.wp.com\/uscatletica.ch\/wp\/wp-content\/uploads\/2025\/01\/image0.jpeg?fit=640%2C480&amp;ssl=1\" class=\"aligncenter size-full wp-image-20532\" src=\"https:\/\/i0.wp.com\/uscatletica.ch\/wp\/wp-content\/uploads\/2025\/01\/image0.jpeg?resize=640%2C480&#038;ssl=1\" alt=\"\" width=\"640\" height=\"480\" srcset=\"https:\/\/i0.wp.com\/uscatletica.ch\/wp\/wp-content\/uploads\/2025\/01\/image0.jpeg?w=640&amp;ssl=1 640w, https:\/\/i0.wp.com\/uscatletica.ch\/wp\/wp-content\/uploads\/2025\/01\/image0.jpeg?resize=300%2C225&amp;ssl=1 300w\" sizes=\"auto, (max-width: 640px) 100vw, 640px\" \/><\/a> <a href=\"https:\/\/i0.wp.com\/uscatletica.ch\/wp\/wp-content\/uploads\/2025\/01\/signal-2025-01-22-194336.jpeg?ssl=1\"><img data-recalc-dims=\"1\" loading=\"lazy\" decoding=\"async\" data-attachment-id=\"20533\" data-permalink=\"https:\/\/uscatletica.ch\/wp\/?attachment_id=20533\" data-orig-file=\"https:\/\/i0.wp.com\/uscatletica.ch\/wp\/wp-content\/uploads\/2025\/01\/signal-2025-01-22-194336.jpeg?fit=2048%2C1536&amp;ssl=1\" data-orig-size=\"2048,1536\" data-comments-opened=\"0\" data-image-meta=\"{&quot;aperture&quot;:&quot;0&quot;,&quot;credit&quot;:&quot;&quot;,&quot;camera&quot;:&quot;&quot;,&quot;caption&quot;:&quot;&quot;,&quot;created_timestamp&quot;:&quot;0&quot;,&quot;copyright&quot;:&quot;&quot;,&quot;focal_length&quot;:&quot;0&quot;,&quot;iso&quot;:&quot;0&quot;,&quot;shutter_speed&quot;:&quot;0&quot;,&quot;title&quot;:&quot;&quot;,&quot;orientation&quot;:&quot;0&quot;}\" data-image-title=\"signal-2025-01-22-194336\" data-image-description=\"\" data-image-caption=\"\" data-large-file=\"https:\/\/i0.wp.com\/uscatletica.ch\/wp\/wp-content\/uploads\/2025\/01\/signal-2025-01-22-194336.jpeg?fit=640%2C480&amp;ssl=1\" class=\"aligncenter size-full wp-image-20533\" src=\"https:\/\/i0.wp.com\/uscatletica.ch\/wp\/wp-content\/uploads\/2025\/01\/signal-2025-01-22-194336.jpeg?resize=640%2C480&#038;ssl=1\" alt=\"\" width=\"640\" height=\"480\" srcset=\"https:\/\/i0.wp.com\/uscatletica.ch\/wp\/wp-content\/uploads\/2025\/01\/signal-2025-01-22-194336.jpeg?w=2048&amp;ssl=1 2048w, https:\/\/i0.wp.com\/uscatletica.ch\/wp\/wp-content\/uploads\/2025\/01\/signal-2025-01-22-194336.jpeg?resize=300%2C225&amp;ssl=1 300w, https:\/\/i0.wp.com\/uscatletica.ch\/wp\/wp-content\/uploads\/2025\/01\/signal-2025-01-22-194336.jpeg?resize=1024%2C768&amp;ssl=1 1024w, https:\/\/i0.wp.com\/uscatletica.ch\/wp\/wp-content\/uploads\/2025\/01\/signal-2025-01-22-194336.jpeg?resize=768%2C576&amp;ssl=1 768w, https:\/\/i0.wp.com\/uscatletica.ch\/wp\/wp-content\/uploads\/2025\/01\/signal-2025-01-22-194336.jpeg?resize=1536%2C1152&amp;ssl=1 1536w, https:\/\/i0.wp.com\/uscatletica.ch\/wp\/wp-content\/uploads\/2025\/01\/signal-2025-01-22-194336.jpeg?w=1280&amp;ssl=1 1280w, https:\/\/i0.wp.com\/uscatletica.ch\/wp\/wp-content\/uploads\/2025\/01\/signal-2025-01-22-194336.jpeg?w=1920&amp;ssl=1 1920w\" sizes=\"auto, (max-width: 640px) 100vw, 640px\" \/><\/a><\/p>\n","protected":false},"excerpt":{"rendered":"<p>Sabato intenso al Palapenz di Chiasso, nelle rinnovate palestre guidate dalla passione di Brighela e sostenuti dai Monitori \u00a0i nostri ragazzi e ragazze si sono battute alla grande nella UBS Kids Cup TEAM. Le caprette 1 della U10F hanno vinto la loro gara nel pomeriggio brave anche le compagne. In mattinata \u00a0La squadra U16X Stralusc, Camilla Amelie Noah, Sebastiano, Anai ha chiuso seconde mentre nelle U14X terzo rango per Remo, Maya, Matilda, Viola, Giosu\u00e8. Bene&#8230;<\/p>\n","protected":false},"author":4,"featured_media":20533,"comment_status":"closed","ping_status":"closed","sticky":false,"template":"","format":"standard","meta":{"jetpack_post_was_ever_published":false,"_jetpack_newsletter_access":"","_jetpack_dont_email_post_to_subs":false,"_jetpack_newsletter_tier_id":0,"_jetpack_memberships_contains_paywalled_content":false,"_jetpack_memberships_contains_paid_content":false,"footnotes":"","jetpack_publicize_message":"","jetpack_publicize_feature_enabled":true,"jetpack_social_post_already_shared":true,"jetpack_social_options":{"image_generator_settings":{"template":"highway","default_image_id":0,"font":"","enabled":false},"version":2}},"categories":[6,4,5,9],"tags":[],"class_list":["post-20522","post","type-post","status-publish","format-standard","has-post-thumbnail","hentry","category-non-catalogato","category-pista","category-podismo","category-sport"],"jetpack_publicize_connections":[],"jetpack_featured_media_url":"https:\/\/i0.wp.com\/uscatletica.ch\/wp\/wp-content\/uploads\/2025\/01\/signal-2025-01-22-194336.jpeg?fit=2048%2C1536&ssl=1","jetpack_sharing_enabled":true,"jetpack_shortlink":"https:\/\/wp.me\/p6V7Ck-5l0","jetpack-related-posts":[{"id":20633,"url":"https:\/\/uscatletica.ch\/wp\/?p=20633","url_meta":{"origin":20522,"position":0},"title":"LE U10 AI PIEDI DEL PODIO A WILLISAU","author":"Leonida Stampanoni","date":"8 Marzo 2025","format":false,"excerpt":"L'intensa giornata della UBS KIDS CUP TEAM di Willisau \u00e8 stata un costante crescendo al mattino le squadre Mix U14 (Maja, Matilde, Viola, Noah, Remo) ed U16 ( Amelie, Anais, Camilla, Giosu\u00e8, Sebastiano, si sono battute con molta grinta. Al pomeriggio le giovani Caprette (Linda, Adelaide, Carolina, Kayla, Lisa V.\u2026","rel":"","context":"In &quot;Pista&quot;","block_context":{"text":"Pista","link":"https:\/\/uscatletica.ch\/wp\/?cat=4"},"img":{"alt_text":"","src":"https:\/\/i0.wp.com\/uscatletica.ch\/wp\/wp-content\/uploads\/2025\/03\/20250308ukctb.jpeg?fit=432%2C324&ssl=1&resize=350%2C200","width":350,"height":200},"classes":[]},{"id":21559,"url":"https:\/\/uscatletica.ch\/wp\/?p=21559","url_meta":{"origin":20522,"position":1},"title":"UKC TEAM A BIASCA VINCONO LE NOSTRE U10","author":"Leonida Stampanoni","date":"17 Dicembre 2025","format":false,"excerpt":"Alla palestra SPAI di Biasca erano quasi 600 i ragazzi e le ragazze \u00a0impegnate nella UBS KIDS CUP TEAM oltre 100 i quintetti e sestetti si sono presentati ai blocchi di partenza. l'USC nel pomeriggio ha trionfato tra le U10 con Linda, Carolina, Flora,Thea, Camilla e Kayla mentre in mattinata\u2026","rel":"","context":"In &quot;Pista&quot;","block_context":{"text":"Pista","link":"https:\/\/uscatletica.ch\/wp\/?cat=4"},"img":{"alt_text":"","src":"https:\/\/i0.wp.com\/uscatletica.ch\/wp\/wp-content\/uploads\/2025\/01\/image4.jpeg?fit=480%2C640&ssl=1&resize=350%2C200","width":350,"height":200},"classes":[]},{"id":9938,"url":"https:\/\/uscatletica.ch\/wp\/?p=9938","url_meta":{"origin":20522,"position":2},"title":"GLI U12 MIX VINCONO LA UKC A BIASCA aggiornata 19 febbraio","author":"Leonida Stampanoni","date":"15 Febbraio 2020","format":false,"excerpt":"La Giornata alla UBS KIDS CUP di Biasca \u00e8 stata intensa in mattinata le quattro squadre impegnate si sono battute con grinta, ma il botto \u00e8 arrivato nel pomeriggio con la vittoria delle Caprette Mix con No\u00e9, Alice D,Alice S, Eliott, Dalia e Federico bravi anche Michele, Mattia, Alessandro, Anais,\u2026","rel":"","context":"In &quot;Pista&quot;","block_context":{"text":"Pista","link":"https:\/\/uscatletica.ch\/wp\/?cat=4"},"img":{"alt_text":"","src":"https:\/\/i0.wp.com\/uscatletica.ch\/wp\/wp-content\/uploads\/2020\/02\/200215ucktbiaca06-scaled.jpg?fit=1200%2C900&ssl=1&resize=350%2C200","width":350,"height":200,"srcset":"https:\/\/i0.wp.com\/uscatletica.ch\/wp\/wp-content\/uploads\/2020\/02\/200215ucktbiaca06-scaled.jpg?fit=1200%2C900&ssl=1&resize=350%2C200 1x, https:\/\/i0.wp.com\/uscatletica.ch\/wp\/wp-content\/uploads\/2020\/02\/200215ucktbiaca06-scaled.jpg?fit=1200%2C900&ssl=1&resize=525%2C300 1.5x, https:\/\/i0.wp.com\/uscatletica.ch\/wp\/wp-content\/uploads\/2020\/02\/200215ucktbiaca06-scaled.jpg?fit=1200%2C900&ssl=1&resize=700%2C400 2x, https:\/\/i0.wp.com\/uscatletica.ch\/wp\/wp-content\/uploads\/2020\/02\/200215ucktbiaca06-scaled.jpg?fit=1200%2C900&ssl=1&resize=1050%2C600 3x"},"classes":[]},{"id":21711,"url":"https:\/\/uscatletica.ch\/wp\/?p=21711","url_meta":{"origin":20522,"position":3},"title":"Bravissime le Caprette con il quarto posto","author":"Leonida Stampanoni","date":"28 Febbraio 2026","format":false,"excerpt":"Sabato ricco di emozioni e soddisfazioni per le nostre Caprette \u00a0impegnate alla finale regionale della UKC Team alla BBZ Halle di Willisau. Carolina, Camilla, Flora, KaylaLinda, Thea, sono arrivate come lo scorso anno al quarto rango dopo un'entusiasmante rimonta \u00a0con i successi nel Biathlon e nella staffetta cross finale.\u00a0 Il\u2026","rel":"","context":"In &quot;Pista&quot;","block_context":{"text":"Pista","link":"https:\/\/uscatletica.ch\/wp\/?cat=4"},"img":{"alt_text":"","src":"https:\/\/i0.wp.com\/uscatletica.ch\/wp\/wp-content\/uploads\/2026\/02\/260228UKCT10PO.jpg?fit=432%2C324&ssl=1&resize=350%2C200","width":350,"height":200},"classes":[]},{"id":3800,"url":"https:\/\/uscatletica.ch\/wp\/?p=3800","url_meta":{"origin":20522,"position":4},"title":"KIDS CUP LA FINALISSIMA UNA GRAN BELLA AVVENTURA","author":"Leonida Stampanoni","date":"25 Marzo 2017","format":false,"excerpt":"Nella calda atmosfera della Go&easy arena erano in 800 per la finale della UBS Kids Cup, ad incitare i ragazzi c'eranno anche Cooly indimenticata mascotte degli Euro 2014 e di Weltkalsse Zuriche delle nazionali Noemi Zb\u00e4ren e Nicole B\u00fcchler. Per l'USC al via la squadra U16 \u00a0con Giada, Benedetta Elisa,\u2026","rel":"","context":"In &quot;Non catalogato&quot;","block_context":{"text":"Non catalogato","link":"https:\/\/uscatletica.ch\/wp\/?cat=6"},"img":{"alt_text":"","src":"https:\/\/i0.wp.com\/uscatletica.ch\/wp\/wp-content\/uploads\/2017\/02\/uckbuttikon17mini016.jpg?fit=563%2C422&ssl=1&resize=350%2C200","width":350,"height":200,"srcset":"https:\/\/i0.wp.com\/uscatletica.ch\/wp\/wp-content\/uploads\/2017\/02\/uckbuttikon17mini016.jpg?fit=563%2C422&ssl=1&resize=350%2C200 1x, https:\/\/i0.wp.com\/uscatletica.ch\/wp\/wp-content\/uploads\/2017\/02\/uckbuttikon17mini016.jpg?fit=563%2C422&ssl=1&resize=525%2C300 1.5x"},"classes":[]},{"id":7062,"url":"https:\/\/uscatletica.ch\/wp\/?p=7062","url_meta":{"origin":20522,"position":5},"title":"KIDS CUP TEAM BRAVI USCINI","author":"Leonida Stampanoni","date":"26 Gennaio 2019","format":false,"excerpt":"Arrivano i primi risultati da Palapenz nell'intensa giornata di giochi. Brillano le ragazze U16 che hanno vinto brave Morena, Gaia, Carolina. Matilda, Federica. Florian Teo, Marco, Louis Elia hanno chiuso al secondo rango bravi. Nel pomeriggio terzo rango per la U12 Mix Jennis, Melissa, Oliva S. Giona, No\u00e9, Elsa .\u2026","rel":"","context":"In &quot;Pista&quot;","block_context":{"text":"Pista","link":"https:\/\/uscatletica.ch\/wp\/?cat=4"},"img":{"alt_text":"","src":"https:\/\/i0.wp.com\/uscatletica.ch\/wp\/wp-content\/uploads\/2019\/01\/KidsCup.jpg?fit=806%2C454&ssl=1&resize=350%2C200","width":350,"height":200,"srcset":"https:\/\/i0.wp.com\/uscatletica.ch\/wp\/wp-content\/uploads\/2019\/01\/KidsCup.jpg?fit=806%2C454&ssl=1&resize=350%2C200 1x, https:\/\/i0.wp.com\/uscatletica.ch\/wp\/wp-content\/uploads\/2019\/01\/KidsCup.jpg?fit=806%2C454&ssl=1&resize=525%2C300 1.5x, https:\/\/i0.wp.com\/uscatletica.ch\/wp\/wp-content\/uploads\/2019\/01\/KidsCup.jpg?fit=806%2C454&ssl=1&resize=700%2C400 2x"},"classes":[]}],"_links":{"self":[{"href":"https:\/\/uscatletica.ch\/wp\/index.php?rest_route=\/wp\/v2\/posts\/20522","targetHints":{"allow":["GET"]}}],"collection":[{"href":"https:\/\/uscatletica.ch\/wp\/index.php?rest_route=\/wp\/v2\/posts"}],"about":[{"href":"https:\/\/uscatletica.ch\/wp\/index.php?rest_route=\/wp\/v2\/types\/post"}],"author":[{"embeddable":true,"href":"https:\/\/uscatletica.ch\/wp\/index.php?rest_route=\/wp\/v2\/users\/4"}],"replies":[{"embeddable":true,"href":"https:\/\/uscatletica.ch\/wp\/index.php?rest_route=%2Fwp%2Fv2%2Fcomments&post=20522"}],"version-history":[{"count":3,"href":"https:\/\/uscatletica.ch\/wp\/index.php?rest_route=\/wp\/v2\/posts\/20522\/revisions"}],"predecessor-version":[{"id":20624,"href":"https:\/\/uscatletica.ch\/wp\/index.php?rest_route=\/wp\/v2\/posts\/20522\/revisions\/20624"}],"wp:featuredmedia":[{"embeddable":true,"href":"https:\/\/uscatletica.ch\/wp\/index.php?rest_route=\/wp\/v2\/media\/20533"}],"wp:attachment":[{"href":"https:\/\/uscatletica.ch\/wp\/index.php?rest_route=%2Fwp%2Fv2%2Fmedia&parent=20522"}],"wp:term":[{"taxonomy":"category","embeddable":true,"href":"https:\/\/uscatletica.ch\/wp\/index.php?rest_route=%2Fwp%2Fv2%2Fcategories&post=20522"},{"taxonomy":"post_tag","embeddable":true,"href":"https:\/\/uscatletica.ch\/wp\/index.php?rest_route=%2Fwp%2Fv2%2Ftags&post=20522"}],"curies":[{"name":"wp","href":"https:\/\/api.w.org\/{rel}","templated":true}]}}