{"id":20544,"date":"2025-01-26T19:16:10","date_gmt":"2025-01-26T18:16:10","guid":{"rendered":"https:\/\/uscatletica.ch\/wp\/?p=20544"},"modified":"2025-01-26T19:16:16","modified_gmt":"2025-01-26T18:16:16","slug":"lea-vola-a-macolin","status":"publish","type":"post","link":"https:\/\/uscatletica.ch\/wp\/?p=20544","title":{"rendered":"Lea vola a Macolin"},"content":{"rendered":"\n<p>Al Meeting indoor di Macolin tra le diverse stelle dell&#8217;atletica svizzera e ticinese c&#8217;era. anche la nostra Lea che ha corso sui 400 m. \u00a0Sulle colline bernesi nello storico impianto indoor la nostra velocista ha ottenuto un eccellente \u00a0tempo correndo in 62&#8243;14 nuovo primato personale e sociale indoor.\u00a0<\/p>\n","protected":false},"excerpt":{"rendered":"<p>Al Meeting indoor di Macolin tra le diverse stelle dell&#8217;atletica svizzera e ticinese c&#8217;era. anche la nostra Lea che ha corso sui 400 m. \u00a0Sulle colline bernesi nello storico impianto indoor la nostra velocista ha ottenuto un eccellente \u00a0tempo correndo in 62&#8243;14 nuovo primato personale e sociale indoor.\u00a0<\/p>\n","protected":false},"author":4,"featured_media":19712,"comment_status":"closed","ping_status":"closed","sticky":false,"template":"","format":"standard","meta":{"jetpack_post_was_ever_published":false,"_jetpack_newsletter_access":"","_jetpack_dont_email_post_to_subs":false,"_jetpack_newsletter_tier_id":0,"_jetpack_memberships_contains_paywalled_content":false,"_jetpack_memberships_contains_paid_content":false,"footnotes":"","jetpack_publicize_message":"","jetpack_publicize_feature_enabled":true,"jetpack_social_post_already_shared":true,"jetpack_social_options":{"image_generator_settings":{"template":"highway","default_image_id":0,"font":"","enabled":false},"version":2}},"categories":[4,9],"tags":[],"class_list":["post-20544","post","type-post","status-publish","format-standard","has-post-thumbnail","hentry","category-pista","category-sport"],"jetpack_publicize_connections":[],"jetpack_featured_media_url":"https:\/\/i0.wp.com\/uscatletica.ch\/wp\/wp-content\/uploads\/2024\/08\/20240817leacocconi.jpg?fit=432%2C324&ssl=1","jetpack_sharing_enabled":true,"jetpack_shortlink":"https:\/\/wp.me\/p6V7Ck-5lm","jetpack-related-posts":[{"id":20536,"url":"https:\/\/uscatletica.ch\/wp\/?p=20536","url_meta":{"origin":20544,"position":0},"title":"Da Macolin a Vezia il fine settimana intenso per gli USCini","author":"Leonida Stampanoni","date":"25 Gennaio 2025","format":false,"excerpt":"Nel fine settimana l'USC sar\u00e0 impegnata su due fronti sempre a livello nazionale. Domenica a Macolin parte la stagione indoor insieme alle stelle dell'atletica svizzera ci saranno pure Lea sui 400 e Marta nel Alto. Una cinquantina i partenti a Vezia nella sesta tappa di Coppa Ticino di cross che\u2026","rel":"","context":"In &quot;Cross&quot;","block_context":{"text":"Cross","link":"https:\/\/uscatletica.ch\/wp\/?cat=7"},"img":{"alt_text":"","src":"https:\/\/i0.wp.com\/uscatletica.ch\/wp\/wp-content\/uploads\/2016\/02\/cs2016indoor01.jpg?fit=640%2C432&ssl=1&resize=350%2C200","width":350,"height":200,"srcset":"https:\/\/i0.wp.com\/uscatletica.ch\/wp\/wp-content\/uploads\/2016\/02\/cs2016indoor01.jpg?fit=640%2C432&ssl=1&resize=350%2C200 1x, https:\/\/i0.wp.com\/uscatletica.ch\/wp\/wp-content\/uploads\/2016\/02\/cs2016indoor01.jpg?fit=640%2C432&ssl=1&resize=525%2C300 1.5x"},"classes":[]},{"id":9971,"url":"https:\/\/uscatletica.ch\/wp\/?p=9971","url_meta":{"origin":20544,"position":1},"title":"GIADA E MATILDA AI CAMPIONATI SVIZZERI INDOOR A MACOLIN I DELORENZI A PAYERNE","author":"Leonida Stampanoni","date":"19 Febbraio 2020","format":false,"excerpt":"Nel fine settimana la Ende Der Welt di Macolin ospiter\u00e0 i campionati svizzeri giovanili indoor .\u00a0In gara ci saranno 800 atleti, dal Ticino arriveranno 44 atleti di 14 societ\u00e0, tra cui tutti gli atleti che hanno ottenuto un primato cantonale di categoria tra cui la nostra Giada che sar\u00e0 accompagnata\u2026","rel":"","context":"In &quot;Pista&quot;","block_context":{"text":"Pista","link":"https:\/\/uscatletica.ch\/wp\/?cat=4"},"img":{"alt_text":"","src":"https:\/\/i0.wp.com\/uscatletica.ch\/wp\/wp-content\/uploads\/2016\/02\/cs2016indoor01.jpg?fit=640%2C432&ssl=1&resize=350%2C200","width":350,"height":200,"srcset":"https:\/\/i0.wp.com\/uscatletica.ch\/wp\/wp-content\/uploads\/2016\/02\/cs2016indoor01.jpg?fit=640%2C432&ssl=1&resize=350%2C200 1x, https:\/\/i0.wp.com\/uscatletica.ch\/wp\/wp-content\/uploads\/2016\/02\/cs2016indoor01.jpg?fit=640%2C432&ssl=1&resize=525%2C300 1.5x"},"classes":[]},{"id":14238,"url":"https:\/\/uscatletica.ch\/wp\/?p=14238","url_meta":{"origin":20544,"position":2},"title":"Buoni risultati USC a Macolin e Gettnau Saronno","author":"Leonida Stampanoni","date":"5 Febbraio 2022","format":false,"excerpt":"Sabato tra Macolin e Gettnau l'USC era in gara al Meeting indoor ed alla coppa Svizzera di cross. Al centro sportivo nazionale Matilda, Leila e Marco hanno gareggiato sui 60 m, mentre a Gettnau la fresca vincitrice di coppa Ticino Federica ha chiuso al settimo rango la prova di coppa\u2026","rel":"","context":"In &quot;Cross&quot;","block_context":{"text":"Cross","link":"https:\/\/uscatletica.ch\/wp\/?cat=7"},"img":{"alt_text":"","src":"https:\/\/i0.wp.com\/uscatletica.ch\/wp\/wp-content\/uploads\/2022\/01\/P1170071.jpeg?fit=432%2C324&ssl=1&resize=350%2C200","width":350,"height":200},"classes":[]},{"id":862,"url":"https:\/\/uscatletica.ch\/wp\/?p=862","url_meta":{"origin":20544,"position":3},"title":"CS Indoor USCini non al meglio","author":"Leonida Stampanoni","date":"21 Febbraio 2016","format":false,"excerpt":"I campionati svizzeri indoor giovanili di Macolin sembrano essere stregati per i nostri atleti, che regolarmente vivono esperienze amare alla Ende der Welt. Nel corso degli anni tra infortuni e sfortune varie sono state rare le gioie raccolte nella mecca dello sport svizzero. L'edizione 2016 \u00e8 stata certamente positiva per\u2026","rel":"","context":"In &quot;Pista&quot;","block_context":{"text":"Pista","link":"https:\/\/uscatletica.ch\/wp\/?cat=4"},"img":{"alt_text":"","src":"https:\/\/i0.wp.com\/uscatletica.ch\/wp\/wp-content\/uploads\/2016\/02\/cs2016indoor01.jpg?fit=640%2C432&ssl=1&resize=350%2C200","width":350,"height":200,"srcset":"https:\/\/i0.wp.com\/uscatletica.ch\/wp\/wp-content\/uploads\/2016\/02\/cs2016indoor01.jpg?fit=640%2C432&ssl=1&resize=350%2C200 1x, https:\/\/i0.wp.com\/uscatletica.ch\/wp\/wp-content\/uploads\/2016\/02\/cs2016indoor01.jpg?fit=640%2C432&ssl=1&resize=525%2C300 1.5x"},"classes":[]},{"id":7021,"url":"https:\/\/uscatletica.ch\/wp\/?p=7021","url_meta":{"origin":20544,"position":4},"title":"A Locarno parte la stagione Indoor","author":"Leonida Stampanoni","date":"15 Gennaio 2019","format":false,"excerpt":"Mercoled\u00ec al Palexpo di Locarno con il Trittico della velocit\u00e0 partir\u00e0 la stagione Indoor Ticinese. in serata si garegger\u00e0 su 30 m. 50 m e 60 m e nel getto del peso. Sabato ci saranno alla Regazzi i campionati ticinesi di peso alto lungo triplo. Il tris ticinese si completer\u00e0\u2026","rel":"","context":"In &quot;Pista&quot;","block_context":{"text":"Pista","link":"https:\/\/uscatletica.ch\/wp\/?cat=4"},"img":{"alt_text":"","src":"https:\/\/i0.wp.com\/uscatletica.ch\/wp\/wp-content\/uploads\/2018\/04\/P1460145.jpg?fit=563%2C422&ssl=1&resize=350%2C200","width":350,"height":200,"srcset":"https:\/\/i0.wp.com\/uscatletica.ch\/wp\/wp-content\/uploads\/2018\/04\/P1460145.jpg?fit=563%2C422&ssl=1&resize=350%2C200 1x, https:\/\/i0.wp.com\/uscatletica.ch\/wp\/wp-content\/uploads\/2018\/04\/P1460145.jpg?fit=563%2C422&ssl=1&resize=525%2C300 1.5x"},"classes":[]},{"id":820,"url":"https:\/\/uscatletica.ch\/wp\/?p=820","url_meta":{"origin":20544,"position":5},"title":"Simone in gara a Macolin TRIPLO PRIMATO TICINESE","author":"Leonida Stampanoni","date":"6 Febbraio 2016","format":false,"excerpt":"A Macolin in programma un meeting nazionale abbinato ai campionati svizzeri di gare multiple per l'USC Simone si presenta due volte al via nel salto con l'asta ed una volta sui 200 m \u00a0. Alla palestra Ende der Welt molti tra i migliori atleti svizzeri\u00a0I risultati live da Macolin. Simone\u2026","rel":"","context":"In &quot;Pista&quot;","block_context":{"text":"Pista","link":"https:\/\/uscatletica.ch\/wp\/?cat=4"},"img":{"alt_text":"","src":"https:\/\/i0.wp.com\/uscatletica.ch\/wp\/wp-content\/uploads\/2016\/01\/P1370405-1.jpg?fit=563%2C422&ssl=1&resize=350%2C200","width":350,"height":200,"srcset":"https:\/\/i0.wp.com\/uscatletica.ch\/wp\/wp-content\/uploads\/2016\/01\/P1370405-1.jpg?fit=563%2C422&ssl=1&resize=350%2C200 1x, https:\/\/i0.wp.com\/uscatletica.ch\/wp\/wp-content\/uploads\/2016\/01\/P1370405-1.jpg?fit=563%2C422&ssl=1&resize=525%2C300 1.5x"},"classes":[]}],"_links":{"self":[{"href":"https:\/\/uscatletica.ch\/wp\/index.php?rest_route=\/wp\/v2\/posts\/20544","targetHints":{"allow":["GET"]}}],"collection":[{"href":"https:\/\/uscatletica.ch\/wp\/index.php?rest_route=\/wp\/v2\/posts"}],"about":[{"href":"https:\/\/uscatletica.ch\/wp\/index.php?rest_route=\/wp\/v2\/types\/post"}],"author":[{"embeddable":true,"href":"https:\/\/uscatletica.ch\/wp\/index.php?rest_route=\/wp\/v2\/users\/4"}],"replies":[{"embeddable":true,"href":"https:\/\/uscatletica.ch\/wp\/index.php?rest_route=%2Fwp%2Fv2%2Fcomments&post=20544"}],"version-history":[{"count":1,"href":"https:\/\/uscatletica.ch\/wp\/index.php?rest_route=\/wp\/v2\/posts\/20544\/revisions"}],"predecessor-version":[{"id":20545,"href":"https:\/\/uscatletica.ch\/wp\/index.php?rest_route=\/wp\/v2\/posts\/20544\/revisions\/20545"}],"wp:featuredmedia":[{"embeddable":true,"href":"https:\/\/uscatletica.ch\/wp\/index.php?rest_route=\/wp\/v2\/media\/19712"}],"wp:attachment":[{"href":"https:\/\/uscatletica.ch\/wp\/index.php?rest_route=%2Fwp%2Fv2%2Fmedia&parent=20544"}],"wp:term":[{"taxonomy":"category","embeddable":true,"href":"https:\/\/uscatletica.ch\/wp\/index.php?rest_route=%2Fwp%2Fv2%2Fcategories&post=20544"},{"taxonomy":"post_tag","embeddable":true,"href":"https:\/\/uscatletica.ch\/wp\/index.php?rest_route=%2Fwp%2Fv2%2Ftags&post=20544"}],"curies":[{"name":"wp","href":"https:\/\/api.w.org\/{rel}","templated":true}]}}