{"id":20586,"date":"2025-02-28T04:52:33","date_gmt":"2025-02-28T03:52:33","guid":{"rendered":"https:\/\/uscatletica.ch\/wp\/?p=20586"},"modified":"2025-02-28T04:52:36","modified_gmt":"2025-02-28T03:52:36","slug":"giada-ed-alice-ai-campionati-svizzeri","status":"publish","type":"post","link":"https:\/\/uscatletica.ch\/wp\/?p=20586","title":{"rendered":"GIADA ED ALICE AI CAMPIONATI SVIZZERI"},"content":{"rendered":"\n<p>Neil fine settimana si disputeranno i campionati svizzeri giovanili Indoor a Macolin ed i campionati svizzeri invernali di lanci a Lucerna. Alice rappresenter\u00e0 l&#8217;USC \u00a0nella capitale svizzera dello sport sui 60 m, Giada sar\u00e0 al via all&#8217;Almend.\u00a0<\/p>\n<p><a href=\"https:\/\/slv.laportal.net\/Competitions\/Details\/15126\" target=\"_blank\" rel=\"noopener\">Risultati live da Luzern<\/a> \u00a0<a href=\"https:\/\/slv.laportal.net\/Competitions\/Details\/14965\" target=\"_blank\" rel=\"noopener\">I Risultati da Macolin<\/a><\/p>\n<p>All&#8217;Ende der Welt Alice cercher\u00e0 di sfruttare la scia delle neo primatiste svizzera \u00a0Xenia Buri per abbattere la barriera degli 8&#8243;. \u00a0Una trentina i ticinesi al via\u00a0<\/p>\n<p>A Luzern Giada sar\u00e0 al con la primatista cantonale Giada Borin, passata al LAC TVU, e Gillian Ferrari a formare un trio ticinese assai agguerrito nel Disco dove al maschile ci sar\u00e0 il campione svizzero uscente Gian Vetterli.\u00a0<\/p>\n","protected":false},"excerpt":{"rendered":"<p>Neil fine settimana si disputeranno i campionati svizzeri giovanili Indoor a Macolin ed i campionati svizzeri invernali di lanci a Lucerna. Alice rappresenter\u00e0 l&#8217;USC \u00a0nella capitale svizzera dello sport sui 60 m, Giada sar\u00e0 al via all&#8217;Almend.\u00a0 Risultati live da Luzern \u00a0I Risultati da Macolin All&#8217;Ende der Welt Alice cercher\u00e0 di sfruttare la scia delle neo primatiste svizzera \u00a0Xenia Buri per abbattere la barriera degli 8&#8243;. \u00a0Una trentina i ticinesi al via\u00a0 A Luzern Giada&#8230;<\/p>\n","protected":false},"author":4,"featured_media":7321,"comment_status":"closed","ping_status":"closed","sticky":false,"template":"","format":"standard","meta":{"jetpack_post_was_ever_published":false,"_jetpack_newsletter_access":"","_jetpack_dont_email_post_to_subs":false,"_jetpack_newsletter_tier_id":0,"_jetpack_memberships_contains_paywalled_content":false,"_jetpack_memberships_contains_paid_content":false,"footnotes":"","jetpack_publicize_message":"","jetpack_publicize_feature_enabled":true,"jetpack_social_post_already_shared":true,"jetpack_social_options":{"image_generator_settings":{"template":"highway","default_image_id":0,"font":"","enabled":false},"version":2}},"categories":[4,9],"tags":[],"class_list":["post-20586","post","type-post","status-publish","format-standard","has-post-thumbnail","hentry","category-pista","category-sport"],"jetpack_publicize_connections":[],"jetpack_featured_media_url":"https:\/\/i0.wp.com\/uscatletica.ch\/wp\/wp-content\/uploads\/2019\/02\/giadaargentoamcolin2019.jpg?fit=640%2C480&ssl=1","jetpack_sharing_enabled":true,"jetpack_shortlink":"https:\/\/wp.me\/p6V7Ck-5m2","jetpack-related-posts":[{"id":9859,"url":"https:\/\/uscatletica.ch\/wp\/?p=9859","url_meta":{"origin":20586,"position":0},"title":"MACOLIN POKER USC IN PISTA","author":"Leonida Stampanoni","date":"31 Gennaio 2020","format":false,"excerpt":"Alla Ende Der Welt di Macolin, cuore pulsante dello sport svizzero, \u00a0nel fine settimana ci saranno i campionati svizzeri di gare multiple abbinate ad un meeting nazionale in pista ci sar\u00e0 anche il campione europeo U20 di Decathlon Simon Ehammer. La neo primatista ticinese U20 del getto del peso Giada\u2026","rel":"","context":"In &quot;Pista&quot;","block_context":{"text":"Pista","link":"https:\/\/uscatletica.ch\/wp\/?cat=4"},"img":{"alt_text":"","src":"https:\/\/i0.wp.com\/uscatletica.ch\/wp\/wp-content\/uploads\/2019\/09\/podiomatilda.jpg?fit=432%2C324&ssl=1&resize=350%2C200","width":350,"height":200},"classes":[]},{"id":16707,"url":"https:\/\/uscatletica.ch\/wp\/?p=16707","url_meta":{"origin":20586,"position":1},"title":"Il fine settimana un duo a Macolin un trio ad Al\u00e0 dei Sardi","author":"Leonida Stampanoni","date":"23 Febbraio 2023","format":false,"excerpt":"Nel fine settimana saranno due gli appuntamenti di un certo prestigio per le atlete USC, le velociste Matilda ed Alice saranno impegnate ai campionati svizzeri giovanili indoor di Macolin, dal canto loro Federica,Selina e Martine ,specialiste del cross, partiranno domani per un fine settimana lungo in Sardegna dove con la\u2026","rel":"","context":"In &quot;Cross&quot;","block_context":{"text":"Cross","link":"https:\/\/uscatletica.ch\/wp\/?cat=7"},"img":{"alt_text":"","src":"https:\/\/i0.wp.com\/uscatletica.ch\/wp\/wp-content\/uploads\/2019\/02\/ticinou18u20aladeisardi.jpg?fit=964%2C1200&ssl=1&resize=350%2C200","width":350,"height":200,"srcset":"https:\/\/i0.wp.com\/uscatletica.ch\/wp\/wp-content\/uploads\/2019\/02\/ticinou18u20aladeisardi.jpg?fit=964%2C1200&ssl=1&resize=350%2C200 1x, https:\/\/i0.wp.com\/uscatletica.ch\/wp\/wp-content\/uploads\/2019\/02\/ticinou18u20aladeisardi.jpg?fit=964%2C1200&ssl=1&resize=525%2C300 1.5x, https:\/\/i0.wp.com\/uscatletica.ch\/wp\/wp-content\/uploads\/2019\/02\/ticinou18u20aladeisardi.jpg?fit=964%2C1200&ssl=1&resize=700%2C400 2x"},"classes":[]},{"id":14310,"url":"https:\/\/uscatletica.ch\/wp\/?p=14310","url_meta":{"origin":20586,"position":2},"title":"GIADA E ROBY AGLI ASSOLUTI DI MACOLIN","author":"Leonida Stampanoni","date":"25 Febbraio 2022","format":false,"excerpt":"I campionati svizzeri indoor saranno l'avvenimento atletico del fine settimana . Alla Ende Der Welt di Macolin ci sar\u00e0 il meglio dell'atletica Svizzera \u00a0per l'USC ci saranno Giada e Roberto. Per il Ticino fresco di limite per i mondiali ci sar\u00e0 Ricky Petrucciani accompagnato da Filippo Moggi fresco di miglior\u2026","rel":"","context":"In &quot;Pista&quot;","block_context":{"text":"Pista","link":"https:\/\/uscatletica.ch\/wp\/?cat=4"},"img":{"alt_text":"","src":"https:\/\/i0.wp.com\/uscatletica.ch\/wp\/wp-content\/uploads\/2020\/01\/10.jpg?fit=432%2C288&ssl=1&resize=350%2C200","width":350,"height":200},"classes":[]},{"id":7315,"url":"https:\/\/uscatletica.ch\/wp\/?p=7315","url_meta":{"origin":20586,"position":3},"title":"Giada al via ai Campionati Svizzeri","author":"Leonida Stampanoni","date":"22 Febbraio 2019","format":false,"excerpt":"La Ende der Welt di Macolin torner\u00e0 ad ospitare i campionati svizzeri giovanili Indoor. 700 gli atleti al via nella due giorni di gare, dal Ticino una settantina i giovani talenti a caccia di medaglie, La nostra Giada sar\u00e0 l'unica a difendere i colori USC scender\u00e0 in pedana nel peso\u2026","rel":"","context":"In &quot;Pista&quot;","block_context":{"text":"Pista","link":"https:\/\/uscatletica.ch\/wp\/?cat=4"},"img":{"alt_text":"","src":"https:\/\/i0.wp.com\/uscatletica.ch\/wp\/wp-content\/uploads\/2019\/01\/giadctu20peso19b.jpg?fit=640%2C480&ssl=1&resize=350%2C200","width":350,"height":200,"srcset":"https:\/\/i0.wp.com\/uscatletica.ch\/wp\/wp-content\/uploads\/2019\/01\/giadctu20peso19b.jpg?fit=640%2C480&ssl=1&resize=350%2C200 1x, https:\/\/i0.wp.com\/uscatletica.ch\/wp\/wp-content\/uploads\/2019\/01\/giadctu20peso19b.jpg?fit=640%2C480&ssl=1&resize=525%2C300 1.5x"},"classes":[]},{"id":20616,"url":"https:\/\/uscatletica.ch\/wp\/?p=20616","url_meta":{"origin":20586,"position":4},"title":"Giada bene a Lucerna","author":"Leonida Stampanoni","date":"2 Marzo 2025","format":false,"excerpt":"Ai Campionati svizzeri invernali di Lanci all'Almend di Lucerna il Ticino brilla nel disco assicurandosi i due titoli con Gian Vetterli e Giada.Borin. Nella gara femminile la nostra Giada flirta con il podio chiudendo al quinto rango. Il Ticino in evidenza anche a Macolin dove tre atleti COAS dominano i\u2026","rel":"","context":"In &quot;Non catalogato&quot;","block_context":{"text":"Non catalogato","link":"https:\/\/uscatletica.ch\/wp\/?cat=6"},"img":{"alt_text":"","src":"https:\/\/i0.wp.com\/uscatletica.ch\/wp\/wp-content\/uploads\/2024\/08\/20240818giadabatt.jpg?fit=432%2C324&ssl=1&resize=350%2C200","width":350,"height":200},"classes":[]},{"id":16700,"url":"https:\/\/uscatletica.ch\/wp\/?p=16700","url_meta":{"origin":20586,"position":5},"title":"GIADA AI CAMPIONATI SVIZZERI ASSOLUTI INDOOR A SAN GALLO","author":"Leonida Stampanoni","date":"16 Febbraio 2023","format":false,"excerpt":"Nel fine settimana il meglio dell'atletica svizzera si trover\u00e0 all'Athletikzentrum di San Gallo per i campionati nazionali, non mancher\u00e0 all'appuntamento la nostra Giada, che oramai da diversi anni \u00e8 una presenza costante ai grandi appuntamenti. La nostra lanciatrice sar\u00e0 al via nel getto del Peso Live risultati\u00a0Seguite la diretta comodamente\u2026","rel":"","context":"In &quot;Pista&quot;","block_context":{"text":"Pista","link":"https:\/\/uscatletica.ch\/wp\/?cat=4"},"img":{"alt_text":"","src":"https:\/\/i0.wp.com\/uscatletica.ch\/wp\/wp-content\/uploads\/2022\/09\/Giadapodio220916.jpg?fit=498%2C413&ssl=1&resize=350%2C200","width":350,"height":200},"classes":[]}],"_links":{"self":[{"href":"https:\/\/uscatletica.ch\/wp\/index.php?rest_route=\/wp\/v2\/posts\/20586","targetHints":{"allow":["GET"]}}],"collection":[{"href":"https:\/\/uscatletica.ch\/wp\/index.php?rest_route=\/wp\/v2\/posts"}],"about":[{"href":"https:\/\/uscatletica.ch\/wp\/index.php?rest_route=\/wp\/v2\/types\/post"}],"author":[{"embeddable":true,"href":"https:\/\/uscatletica.ch\/wp\/index.php?rest_route=\/wp\/v2\/users\/4"}],"replies":[{"embeddable":true,"href":"https:\/\/uscatletica.ch\/wp\/index.php?rest_route=%2Fwp%2Fv2%2Fcomments&post=20586"}],"version-history":[{"count":2,"href":"https:\/\/uscatletica.ch\/wp\/index.php?rest_route=\/wp\/v2\/posts\/20586\/revisions"}],"predecessor-version":[{"id":21503,"href":"https:\/\/uscatletica.ch\/wp\/index.php?rest_route=\/wp\/v2\/posts\/20586\/revisions\/21503"}],"wp:featuredmedia":[{"embeddable":true,"href":"https:\/\/uscatletica.ch\/wp\/index.php?rest_route=\/wp\/v2\/media\/7321"}],"wp:attachment":[{"href":"https:\/\/uscatletica.ch\/wp\/index.php?rest_route=%2Fwp%2Fv2%2Fmedia&parent=20586"}],"wp:term":[{"taxonomy":"category","embeddable":true,"href":"https:\/\/uscatletica.ch\/wp\/index.php?rest_route=%2Fwp%2Fv2%2Fcategories&post=20586"},{"taxonomy":"post_tag","embeddable":true,"href":"https:\/\/uscatletica.ch\/wp\/index.php?rest_route=%2Fwp%2Fv2%2Ftags&post=20586"}],"curies":[{"name":"wp","href":"https:\/\/api.w.org\/{rel}","templated":true}]}}