{"id":20605,"date":"2025-03-01T21:48:47","date_gmt":"2025-03-01T20:48:47","guid":{"rendered":"https:\/\/uscatletica.ch\/wp\/?p=20605"},"modified":"2025-03-01T21:59:44","modified_gmt":"2025-03-01T20:59:44","slug":"alice-bene-a-macolin","status":"publish","type":"post","link":"https:\/\/uscatletica.ch\/wp\/?p=20605","title":{"rendered":"Alice bene a Macolin"},"content":{"rendered":"\n<p>Ai campionati svizzeri giovanili indoor \u00a0sono caduti ben tre primati svizzeri di categoria. La nostra Alice dal canto suo si \u00e8 ben difesa sui 60 m \u00a0chiudendo la sua volata vicina al primato personale. Nei salti il Ticino ha collezionato una serie infinita di medaglie di legno. \u00a0Gianmarco Bielli dal canto suo ha perso il titolo U18 sui 60 m per soli 7 millesimi<\/p>\n<p><a href=\"https:\/\/slv.laportal.net\/Competitions\/Details\/14965\" target=\"_blank\" rel=\"noopener\">Risultati Live<\/a><\/p>\n<blockquote>\n<p><strong>Nell&#8217;attesissima gara sui 60 m Alice in nona batteria ha trovato la favorita Xenia Buri, seconda U18 di sempre in Europa grazie al 7&#8243;21 ottenuto sette giorni fa agli assoluti di S.Gallo. Il prodigio vola via in 7&#8243;27 Alice chiude in 8&#8243;05 in scia ad Elena Margnetti e con lo stesso tempo di Tosca Del Siro. <\/strong><\/p>\n<\/blockquote>\n<p>Tra i ragazzi Gianmarco Bielli con 6&#8243;95 perde per soli 0.07 millesimi dal primatista svizzero del Lungo Noah Hasler. \u00a0Tra le ragazze U16 dopo aver conquistato la finale con il terzo tempo la ragazza pi\u00f9 veloce della svizzera Juliette Azar \u00e8 raccolto una partenza falsa.\u00a0<\/p>\n<p>Daria Rigatti 5.75 m, Aris Fornasier 6.18 m \u00a0, Orazio Garcia, 6.17 m chiudono quarti nel lungo mentre Floriano Barbaresco 1.88 m nell&#8217;alto.\u00a0<\/p>\n<p>Sui 400 m nelle batterie doppietta ticinese con Giulio Fugazzi e Noah Crescini che saranno i favoriti nella finale di \u00a0domani. Sui 1000 m in finale con ottime prospettive \u00a0Adriano Rosamilia e Eric Huanca Quispe. Tiziana Rosamilia. e Lorenzo Bracchi.<\/p>\n<p>I vallerai Leo Courtine (U18) 2.05 nel salto in alto e Louis Sallien (U16) 4.21 m nell&#8217;asta come pure Jeremy Eden Kadavil (U16) 7.05 sui 60 m sono i nuovi primatisti svizzeri.\u00a0<\/p>\n","protected":false},"excerpt":{"rendered":"<p>Ai campionati svizzeri giovanili indoor \u00a0sono caduti ben tre primati svizzeri di categoria. La nostra Alice dal canto suo si \u00e8 ben difesa sui 60 m \u00a0chiudendo la sua volata vicina al primato personale. Nei salti il Ticino ha collezionato una serie infinita di medaglie di legno. \u00a0Gianmarco Bielli dal canto suo ha perso il titolo U18 sui 60 m per soli 7 millesimi Risultati Live Nell&#8217;attesissima gara sui 60 m Alice in nona batteria&#8230;<\/p>\n","protected":false},"author":4,"featured_media":18879,"comment_status":"closed","ping_status":"closed","sticky":false,"template":"","format":"standard","meta":{"jetpack_post_was_ever_published":false,"_jetpack_newsletter_access":"","_jetpack_dont_email_post_to_subs":false,"_jetpack_newsletter_tier_id":0,"_jetpack_memberships_contains_paywalled_content":false,"_jetpack_memberships_contains_paid_content":false,"footnotes":"","jetpack_publicize_message":"","jetpack_publicize_feature_enabled":true,"jetpack_social_post_already_shared":true,"jetpack_social_options":{"image_generator_settings":{"template":"highway","default_image_id":0,"font":"","enabled":false},"version":2}},"categories":[4,9],"tags":[],"class_list":["post-20605","post","type-post","status-publish","format-standard","has-post-thumbnail","hentry","category-pista","category-sport"],"jetpack_publicize_connections":[],"jetpack_featured_media_url":"https:\/\/i0.wp.com\/uscatletica.ch\/wp\/wp-content\/uploads\/2024\/02\/20240209regazzib.jpg?fit=1452%2C970&ssl=1","jetpack_sharing_enabled":true,"jetpack_shortlink":"https:\/\/wp.me\/p6V7Ck-5ml","jetpack-related-posts":[{"id":16729,"url":"https:\/\/uscatletica.ch\/wp\/?p=16729","url_meta":{"origin":20605,"position":0},"title":"Alice velocissima a Macolin","author":"Leonida Stampanoni","date":"25 Febbraio 2023","format":false,"excerpt":"Ai campionati svizzeri giovanili indoor di Macolin, le due atlete USC si sono battute con grinta e passione . Alice alla prima uscita centra il personale e si qualifica per la finale B che chiuder\u00e0 al settimo rango, \u00a0Matilda nella gara di maggior livello agonistico della prima giornata chiude al\u2026","rel":"","context":"In &quot;Pista&quot;","block_context":{"text":"Pista","link":"https:\/\/uscatletica.ch\/wp\/?cat=4"},"img":{"alt_text":"","src":"https:\/\/i0.wp.com\/uscatletica.ch\/wp\/wp-content\/uploads\/2019\/05\/rvalice190529.jpg?fit=432%2C306&ssl=1&resize=350%2C200","width":350,"height":200},"classes":[]},{"id":19478,"url":"https:\/\/uscatletica.ch\/wp\/?p=19478","url_meta":{"origin":20605,"position":1},"title":"AI REGIONALI BUONI RISULTATI USC","author":"Leonida Stampanoni","date":"16 Giugno 2024","format":false,"excerpt":"Nello splendido impianto del Sihlholzli di Zurigo erano in 700 per l'edizione 2024 dei campionati regionali della svizzera orientale. 150 atleti ticinesi al via che hanno raccolto ben 15 titoli ed un totale di 41 medaglie. Quattro le presenze USC con i nostri atleti che hanno potuto cogliere l'occasione di\u2026","rel":"","context":"In &quot;Pista&quot;","block_context":{"text":"Pista","link":"https:\/\/uscatletica.ch\/wp\/?cat=4"},"img":{"alt_text":"","src":"https:\/\/i0.wp.com\/uscatletica.ch\/wp\/wp-content\/uploads\/2024\/05\/5erchi.jpg?fit=474%2C315&ssl=1&resize=350%2C200","width":350,"height":200},"classes":[]},{"id":16707,"url":"https:\/\/uscatletica.ch\/wp\/?p=16707","url_meta":{"origin":20605,"position":2},"title":"Il fine settimana un duo a Macolin un trio ad Al\u00e0 dei Sardi","author":"Leonida Stampanoni","date":"23 Febbraio 2023","format":false,"excerpt":"Nel fine settimana saranno due gli appuntamenti di un certo prestigio per le atlete USC, le velociste Matilda ed Alice saranno impegnate ai campionati svizzeri giovanili indoor di Macolin, dal canto loro Federica,Selina e Martine ,specialiste del cross, partiranno domani per un fine settimana lungo in Sardegna dove con la\u2026","rel":"","context":"In &quot;Cross&quot;","block_context":{"text":"Cross","link":"https:\/\/uscatletica.ch\/wp\/?cat=7"},"img":{"alt_text":"","src":"https:\/\/i0.wp.com\/uscatletica.ch\/wp\/wp-content\/uploads\/2019\/02\/ticinou18u20aladeisardi.jpg?fit=964%2C1200&ssl=1&resize=350%2C200","width":350,"height":200,"srcset":"https:\/\/i0.wp.com\/uscatletica.ch\/wp\/wp-content\/uploads\/2019\/02\/ticinou18u20aladeisardi.jpg?fit=964%2C1200&ssl=1&resize=350%2C200 1x, https:\/\/i0.wp.com\/uscatletica.ch\/wp\/wp-content\/uploads\/2019\/02\/ticinou18u20aladeisardi.jpg?fit=964%2C1200&ssl=1&resize=525%2C300 1.5x, https:\/\/i0.wp.com\/uscatletica.ch\/wp\/wp-content\/uploads\/2019\/02\/ticinou18u20aladeisardi.jpg?fit=964%2C1200&ssl=1&resize=700%2C400 2x"},"classes":[]},{"id":17755,"url":"https:\/\/uscatletica.ch\/wp\/?p=17755","url_meta":{"origin":20605,"position":3},"title":"No\u00e9 quarto a Winterthur","author":"Leonida Stampanoni","date":"26 Giugno 2023","format":false,"excerpt":"Nel fine settimana a Winterthur erano 600 gli atleti al via dei campionati della Svizzera Orientale, il Ticino con 115 partecipanti era ben presente, l'USC la via aveva il solo No\u00e9, in passato l'USC era anche stata tra le societ\u00e0 pi\u00f9 rappresentative della FTAL. No\u00e9 sui 2000 m si \u00e8\u2026","rel":"","context":"In &quot;Pista&quot;","block_context":{"text":"Pista","link":"https:\/\/uscatletica.ch\/wp\/?cat=4"},"img":{"alt_text":"","src":"https:\/\/i0.wp.com\/uscatletica.ch\/wp\/wp-content\/uploads\/2021\/09\/210925NOE.png?fit=324%2C501&ssl=1&resize=350%2C200","width":350,"height":200},"classes":[]},{"id":18171,"url":"https:\/\/uscatletica.ch\/wp\/?p=18171","url_meta":{"origin":20605,"position":4},"title":"USCini ambiziosi ai CT U16 U18","author":"Leonida Stampanoni","date":"29 Settembre 2023","format":false,"excerpt":"Sabato al comunale di Bellinzona a partire dalle 10.45 saranno 250 le giovane leve dell'atletica a sfidarsi in occasione dei campionati ticinesi U16 U18. Il GA Bellinzona mette in palio ben 31 titoli ed in pista di ci saranno tutti i campioni svizzeri 2023. \u00a0Sedici le presenze USC tre ragazzi\u2026","rel":"","context":"In &quot;Pista&quot;","block_context":{"text":"Pista","link":"https:\/\/uscatletica.ch\/wp\/?cat=4"},"img":{"alt_text":"","src":"https:\/\/i0.wp.com\/uscatletica.ch\/wp\/wp-content\/uploads\/2016\/09\/P1430921.jpg?fit=422%2C563&ssl=1&resize=350%2C200","width":350,"height":200},"classes":[]},{"id":20966,"url":"https:\/\/uscatletica.ch\/wp\/?p=20966","url_meta":{"origin":20605,"position":5},"title":"ALICE VOLA A BRESSANONE, KAYLA E THEA A DONGIO","author":"Leonida Stampanoni","date":"26 Maggio 2025","format":false,"excerpt":"La selezione Ticino U18 era impegnata nella classica trasferta di Bressanone, il meeting si \u00e8 rinnovato diventando Brixia next gen per l\u2019USC era presente Alice che sui 100 m ha abbassato il proprio primato personale. Il meeting scolari di Dongio \u00e8 una grande classica del calendario atletico cantonale, Kayla e\u2026","rel":"","context":"In &quot;Pista&quot;","block_context":{"text":"Pista","link":"https:\/\/uscatletica.ch\/wp\/?cat=4"},"img":{"alt_text":"","src":"https:\/\/i0.wp.com\/uscatletica.ch\/wp\/wp-content\/uploads\/2025\/05\/20505dongiokay.jpg?fit=412%2C256&ssl=1&resize=350%2C200","width":350,"height":200},"classes":[]}],"_links":{"self":[{"href":"https:\/\/uscatletica.ch\/wp\/index.php?rest_route=\/wp\/v2\/posts\/20605","targetHints":{"allow":["GET"]}}],"collection":[{"href":"https:\/\/uscatletica.ch\/wp\/index.php?rest_route=\/wp\/v2\/posts"}],"about":[{"href":"https:\/\/uscatletica.ch\/wp\/index.php?rest_route=\/wp\/v2\/types\/post"}],"author":[{"embeddable":true,"href":"https:\/\/uscatletica.ch\/wp\/index.php?rest_route=\/wp\/v2\/users\/4"}],"replies":[{"embeddable":true,"href":"https:\/\/uscatletica.ch\/wp\/index.php?rest_route=%2Fwp%2Fv2%2Fcomments&post=20605"}],"version-history":[{"count":6,"href":"https:\/\/uscatletica.ch\/wp\/index.php?rest_route=\/wp\/v2\/posts\/20605\/revisions"}],"predecessor-version":[{"id":20615,"href":"https:\/\/uscatletica.ch\/wp\/index.php?rest_route=\/wp\/v2\/posts\/20605\/revisions\/20615"}],"wp:featuredmedia":[{"embeddable":true,"href":"https:\/\/uscatletica.ch\/wp\/index.php?rest_route=\/wp\/v2\/media\/18879"}],"wp:attachment":[{"href":"https:\/\/uscatletica.ch\/wp\/index.php?rest_route=%2Fwp%2Fv2%2Fmedia&parent=20605"}],"wp:term":[{"taxonomy":"category","embeddable":true,"href":"https:\/\/uscatletica.ch\/wp\/index.php?rest_route=%2Fwp%2Fv2%2Fcategories&post=20605"},{"taxonomy":"post_tag","embeddable":true,"href":"https:\/\/uscatletica.ch\/wp\/index.php?rest_route=%2Fwp%2Fv2%2Ftags&post=20605"}],"curies":[{"name":"wp","href":"https:\/\/api.w.org\/{rel}","templated":true}]}}