{"id":20623,"date":"2025-03-07T18:43:42","date_gmt":"2025-03-07T17:43:42","guid":{"rendered":"https:\/\/uscatletica.ch\/wp\/?p=20623"},"modified":"2025-03-08T15:15:29","modified_gmt":"2025-03-08T14:15:29","slug":"da-willisau-a-bern-uscine-i-impegnate-nel-fine-settimana","status":"publish","type":"post","link":"https:\/\/uscatletica.ch\/wp\/?p=20623","title":{"rendered":"Da Willisau a Bern USCine\/i impegnate nel fine settimana"},"content":{"rendered":"\n<p>Nell&#8217;intenso fine settimana in cui si svolgono anche i campionati europei Indoor, l&#8217;USC sar\u00e0 impegnata su due fronti: Sabato a Willisau ci saranno tre team a caccia di un posto alla finale nazionale di Thun del 22 marzo. In mattinata saranno i due quintetti U16X Stralusc (Sebastiano, Noah, Anais, Amelie, Camilla A) e U14X (Maja, Matilde, Viola, Noah, Remo) a cimentarsi nelle sfide guidati da Elisa, Gionata e Lara. Il pomeriggio saranno i giovanissimi U10 del Team Caprette (Linda, Adelaide, Carolina, Kayla, Lisa V. e Lisa M.) a gareggiare consigliati e spronati da Jaja e Sigi. Le tifoserie sono gi\u00e0 in ebollizione.<\/p>\n<p>Domenica invece ci sar\u00e0 il classico appuntamento con i campionati svizzeri di cross che si correranno nella capitale. Quattro gli atleti USC al via: il primo a scendere sui prati dell&#8217;Almeno sar\u00e0 Elia S. tra i masters, seguito da Remo tra gli U14, mentre Mattia tra gli U16 garegger\u00e0 anche nella classifica a squadre con la COAS. Nel cross \u00c9lite Elia Ren,con Tommaso Marani e Tobia Pezzati, prover\u00e0 a ripetere la medaglia a squadre conquistata lo scorso anno<\/p>\n<p><a href=\"https:\/\/trackmaxx.ch\/entrylist\/?race=stbc25\" target=\"_blank\" rel=\"noopener\">Risultati da Bern<\/a>\u00a0<a href=\"https:\/\/www.stvwillisau.ch\/wp-content\/uploads\/2025\/03\/Disziplinenzeitplan.pdf\" target=\"_blank\" rel=\"noopener\">Il piano orario di Willisau <\/a><\/p>\n","protected":false},"excerpt":{"rendered":"<p>Nell&#8217;intenso fine settimana in cui si svolgono anche i campionati europei Indoor, l&#8217;USC sar\u00e0 impegnata su due fronti: Sabato a Willisau ci saranno tre team a caccia di un posto alla finale nazionale di Thun del 22 marzo. In mattinata saranno i due quintetti U16X Stralusc (Sebastiano, Noah, Anais, Amelie, Camilla A) e U14X (Maja, Matilde, Viola, Noah, Remo) a cimentarsi nelle sfide guidati da Elisa, Gionata e Lara. Il pomeriggio saranno i giovanissimi U10&#8230;<\/p>\n","protected":false},"author":4,"featured_media":20625,"comment_status":"closed","ping_status":"closed","sticky":false,"template":"","format":"standard","meta":{"jetpack_post_was_ever_published":false,"_jetpack_newsletter_access":"","_jetpack_dont_email_post_to_subs":false,"_jetpack_newsletter_tier_id":0,"_jetpack_memberships_contains_paywalled_content":false,"_jetpack_memberships_contains_paid_content":false,"footnotes":"","jetpack_publicize_message":"","jetpack_publicize_feature_enabled":true,"jetpack_social_post_already_shared":true,"jetpack_social_options":{"image_generator_settings":{"template":"highway","default_image_id":0,"font":"","enabled":false},"version":2}},"categories":[7,6,4,9],"tags":[],"class_list":["post-20623","post","type-post","status-publish","format-standard","has-post-thumbnail","hentry","category-cross","category-non-catalogato","category-pista","category-sport"],"jetpack_publicize_connections":[],"jetpack_featured_media_url":"https:\/\/i0.wp.com\/uscatletica.ch\/wp\/wp-content\/uploads\/2025\/03\/Trottatecaprette.jpg?fit=432%2C272&ssl=1","jetpack_sharing_enabled":true,"jetpack_shortlink":"https:\/\/wp.me\/p6V7Ck-5mD","jetpack-related-posts":[{"id":5617,"url":"https:\/\/uscatletica.ch\/wp\/?p=5617","url_meta":{"origin":20623,"position":0},"title":"Poker di appuntamento da Padova  a Geneve passando da Tenero e Willisau","author":"Leonida Stampanoni","date":"27 Febbraio 2018","format":false,"excerpt":"Emil Gea e Florian in Selezione a Tenero le U14 alla finale di Willisau CS Cross a geneve Chiara a Padova Il prossimo fine settimana sar\u00e0 particolarmente intenso sabato a Willisau ci sar\u00e0 la finale della UBS KID CUP Team con al via le nostre Lea Pauline Selina Elody e\u2026","rel":"","context":"In &quot;Cross&quot;","block_context":{"text":"Cross","link":"https:\/\/uscatletica.ch\/wp\/?cat=7"},"img":{"alt_text":"","src":"https:\/\/i0.wp.com\/uscatletica.ch\/wp\/wp-content\/uploads\/2017\/12\/ukctsbiasca18u14w.jpg?fit=532%2C399&ssl=1&resize=350%2C200","width":350,"height":200,"srcset":"https:\/\/i0.wp.com\/uscatletica.ch\/wp\/wp-content\/uploads\/2017\/12\/ukctsbiasca18u14w.jpg?fit=532%2C399&ssl=1&resize=350%2C200 1x, https:\/\/i0.wp.com\/uscatletica.ch\/wp\/wp-content\/uploads\/2017\/12\/ukctsbiasca18u14w.jpg?fit=532%2C399&ssl=1&resize=525%2C300 1.5x"},"classes":[]},{"id":20633,"url":"https:\/\/uscatletica.ch\/wp\/?p=20633","url_meta":{"origin":20623,"position":1},"title":"LE U10 AI PIEDI DEL PODIO A WILLISAU","author":"Leonida Stampanoni","date":"8 Marzo 2025","format":false,"excerpt":"L'intensa giornata della UBS KIDS CUP TEAM di Willisau \u00e8 stata un costante crescendo al mattino le squadre Mix U14 (Maja, Matilde, Viola, Noah, Remo) ed U16 ( Amelie, Anais, Camilla, Giosu\u00e8, Sebastiano, si sono battute con molta grinta. Al pomeriggio le giovani Caprette (Linda, Adelaide, Carolina, Kayla, Lisa V.\u2026","rel":"","context":"In &quot;Pista&quot;","block_context":{"text":"Pista","link":"https:\/\/uscatletica.ch\/wp\/?cat=4"},"img":{"alt_text":"","src":"https:\/\/i0.wp.com\/uscatletica.ch\/wp\/wp-content\/uploads\/2025\/03\/20250308ukctb.jpeg?fit=432%2C324&ssl=1&resize=350%2C200","width":350,"height":200},"classes":[]},{"id":21559,"url":"https:\/\/uscatletica.ch\/wp\/?p=21559","url_meta":{"origin":20623,"position":2},"title":"UKC TEAM A BIASCA VINCONO LE NOSTRE U10","author":"Leonida Stampanoni","date":"17 Dicembre 2025","format":false,"excerpt":"Alla palestra SPAI di Biasca erano quasi 600 i ragazzi e le ragazze \u00a0impegnate nella UBS KIDS CUP TEAM oltre 100 i quintetti e sestetti si sono presentati ai blocchi di partenza. l'USC nel pomeriggio ha trionfato tra le U10 con Linda, Carolina, Flora,Thea, Camilla e Kayla mentre in mattinata\u2026","rel":"","context":"In &quot;Pista&quot;","block_context":{"text":"Pista","link":"https:\/\/uscatletica.ch\/wp\/?cat=4"},"img":{"alt_text":"","src":"https:\/\/i0.wp.com\/uscatletica.ch\/wp\/wp-content\/uploads\/2025\/01\/image4.jpeg?fit=480%2C640&ssl=1&resize=350%2C200","width":350,"height":200},"classes":[]},{"id":21711,"url":"https:\/\/uscatletica.ch\/wp\/?p=21711","url_meta":{"origin":20623,"position":3},"title":"Bravissime le Caprette con il quarto posto","author":"Leonida Stampanoni","date":"28 Febbraio 2026","format":false,"excerpt":"Sabato ricco di emozioni e soddisfazioni per le nostre Caprette \u00a0impegnate alla finale regionale della UKC Team alla BBZ Halle di Willisau. Carolina, Camilla, Flora, KaylaLinda, Thea, sono arrivate come lo scorso anno al quarto rango dopo un'entusiasmante rimonta \u00a0con i successi nel Biathlon e nella staffetta cross finale.\u00a0 Il\u2026","rel":"","context":"In &quot;Pista&quot;","block_context":{"text":"Pista","link":"https:\/\/uscatletica.ch\/wp\/?cat=4"},"img":{"alt_text":"","src":"https:\/\/i0.wp.com\/uscatletica.ch\/wp\/wp-content\/uploads\/2026\/02\/260228UKCT10PO.jpg?fit=432%2C324&ssl=1&resize=350%2C200","width":350,"height":200},"classes":[]},{"id":9938,"url":"https:\/\/uscatletica.ch\/wp\/?p=9938","url_meta":{"origin":20623,"position":4},"title":"GLI U12 MIX VINCONO LA UKC A BIASCA aggiornata 19 febbraio","author":"Leonida Stampanoni","date":"15 Febbraio 2020","format":false,"excerpt":"La Giornata alla UBS KIDS CUP di Biasca \u00e8 stata intensa in mattinata le quattro squadre impegnate si sono battute con grinta, ma il botto \u00e8 arrivato nel pomeriggio con la vittoria delle Caprette Mix con No\u00e9, Alice D,Alice S, Eliott, Dalia e Federico bravi anche Michele, Mattia, Alessandro, Anais,\u2026","rel":"","context":"In &quot;Pista&quot;","block_context":{"text":"Pista","link":"https:\/\/uscatletica.ch\/wp\/?cat=4"},"img":{"alt_text":"","src":"https:\/\/i0.wp.com\/uscatletica.ch\/wp\/wp-content\/uploads\/2020\/02\/200215ucktbiaca06-scaled.jpg?fit=1200%2C900&ssl=1&resize=350%2C200","width":350,"height":200,"srcset":"https:\/\/i0.wp.com\/uscatletica.ch\/wp\/wp-content\/uploads\/2020\/02\/200215ucktbiaca06-scaled.jpg?fit=1200%2C900&ssl=1&resize=350%2C200 1x, https:\/\/i0.wp.com\/uscatletica.ch\/wp\/wp-content\/uploads\/2020\/02\/200215ucktbiaca06-scaled.jpg?fit=1200%2C900&ssl=1&resize=525%2C300 1.5x, https:\/\/i0.wp.com\/uscatletica.ch\/wp\/wp-content\/uploads\/2020\/02\/200215ucktbiaca06-scaled.jpg?fit=1200%2C900&ssl=1&resize=700%2C400 2x, https:\/\/i0.wp.com\/uscatletica.ch\/wp\/wp-content\/uploads\/2020\/02\/200215ucktbiaca06-scaled.jpg?fit=1200%2C900&ssl=1&resize=1050%2C600 3x"},"classes":[]},{"id":5343,"url":"https:\/\/uscatletica.ch\/wp\/?p=5343","url_meta":{"origin":20623,"position":5},"title":"UKC TEAM A BIASCA PER DIVERTIRSI I PODISTI A ZURICH","author":"Leonida Stampanoni","date":"9 Dicembre 2017","format":false,"excerpt":"Nel secondo fine settimana di dicembre saranno i nostri ragazzi a scendere in pista nella palestra SPAI di Biasca per la UBS KIDS CUP Team con 113 squadre iscritte. Nel marzo scorso 2 squadre USC hanno partecipato ad\u00a0alla finale svizzera\u00a0di Untesiggenthal, domenica a Biasca saranno 4 le squadre al via\u2026","rel":"","context":"In &quot;Pista&quot;","block_context":{"text":"Pista","link":"https:\/\/uscatletica.ch\/wp\/?cat=4"},"img":{"alt_text":"","src":"https:\/\/i0.wp.com\/uscatletica.ch\/wp\/wp-content\/uploads\/2017\/02\/uckbuttikon17mini016.jpg?fit=563%2C422&ssl=1&resize=350%2C200","width":350,"height":200,"srcset":"https:\/\/i0.wp.com\/uscatletica.ch\/wp\/wp-content\/uploads\/2017\/02\/uckbuttikon17mini016.jpg?fit=563%2C422&ssl=1&resize=350%2C200 1x, https:\/\/i0.wp.com\/uscatletica.ch\/wp\/wp-content\/uploads\/2017\/02\/uckbuttikon17mini016.jpg?fit=563%2C422&ssl=1&resize=525%2C300 1.5x"},"classes":[]}],"_links":{"self":[{"href":"https:\/\/uscatletica.ch\/wp\/index.php?rest_route=\/wp\/v2\/posts\/20623","targetHints":{"allow":["GET"]}}],"collection":[{"href":"https:\/\/uscatletica.ch\/wp\/index.php?rest_route=\/wp\/v2\/posts"}],"about":[{"href":"https:\/\/uscatletica.ch\/wp\/index.php?rest_route=\/wp\/v2\/types\/post"}],"author":[{"embeddable":true,"href":"https:\/\/uscatletica.ch\/wp\/index.php?rest_route=\/wp\/v2\/users\/4"}],"replies":[{"embeddable":true,"href":"https:\/\/uscatletica.ch\/wp\/index.php?rest_route=%2Fwp%2Fv2%2Fcomments&post=20623"}],"version-history":[{"count":5,"href":"https:\/\/uscatletica.ch\/wp\/index.php?rest_route=\/wp\/v2\/posts\/20623\/revisions"}],"predecessor-version":[{"id":20632,"href":"https:\/\/uscatletica.ch\/wp\/index.php?rest_route=\/wp\/v2\/posts\/20623\/revisions\/20632"}],"wp:featuredmedia":[{"embeddable":true,"href":"https:\/\/uscatletica.ch\/wp\/index.php?rest_route=\/wp\/v2\/media\/20625"}],"wp:attachment":[{"href":"https:\/\/uscatletica.ch\/wp\/index.php?rest_route=%2Fwp%2Fv2%2Fmedia&parent=20623"}],"wp:term":[{"taxonomy":"category","embeddable":true,"href":"https:\/\/uscatletica.ch\/wp\/index.php?rest_route=%2Fwp%2Fv2%2Fcategories&post=20623"},{"taxonomy":"post_tag","embeddable":true,"href":"https:\/\/uscatletica.ch\/wp\/index.php?rest_route=%2Fwp%2Fv2%2Ftags&post=20623"}],"curies":[{"name":"wp","href":"https:\/\/api.w.org\/{rel}","templated":true}]}}