{"id":20633,"date":"2025-03-08T21:22:42","date_gmt":"2025-03-08T20:22:42","guid":{"rendered":"https:\/\/uscatletica.ch\/wp\/?p=20633"},"modified":"2025-03-09T21:57:45","modified_gmt":"2025-03-09T20:57:45","slug":"le-u10-ai-piedi-del-podio-a-willisau","status":"publish","type":"post","link":"https:\/\/uscatletica.ch\/wp\/?p=20633","title":{"rendered":"LE U10 AI PIEDI DEL PODIO A WILLISAU"},"content":{"rendered":"\n<p>L&#8217;intensa giornata della UBS KIDS CUP TEAM di Willisau \u00e8 stata un costante crescendo al mattino le squadre Mix U14 (Maja, Matilde, Viola, Noah, Remo) ed U16 ( Amelie, Anais, Camilla, Giosu\u00e8, Sebastiano, si sono battute con molta grinta. Al pomeriggio le giovani Caprette (Linda, Adelaide, Carolina, Kayla, Lisa V. e Lisa M.) hanno lottato fino alla fine per un bel posto sul podio. Un&#8217;esperienza unica per tutti grazie alla passione dei genitori e dei monitori (Elisa, Lara, Sigi, Jaja, Gionata).\u00a0<\/p>\n<p><a href=\"https:\/\/uscatletica.ch\/wp\/wp-content\/uploads\/2025\/03\/20250309UCKTWILLISAU.pdf\">LA CLASSIFICA<\/a><\/p>\n<p>Il sestetto di Caprette nel pomeriggio ha lottato fino all&#8217;ultimo per un posto sul podio. Ottima la partenza nello sprint \u00a0con un ottimo terzo rango. Nel salto una prova solida vale il sesto rango. Nei Biathlon le nostre volano nella corsa ma la scarsa mira le relega al quarto rango. Nel cross finale un buon sesto posto le porta ad un ottimo e solido quarto rango. Bravissime Linda Adelaide Carolina, Kayla, Lisa V. Lisa M. ) un&#8217;esperienza preziosa \u00a0per il futuro.\u00a0<\/p>\n<p>Al mattino la Mix U16 vola nel biathlon la maggior precisione di altre tre squadre le spedisce fuori dal podio parziale. Amelie, Anais, Camilla, Giosu\u00e8, Sebastiano negli altri tre giochi chiudono al settimo rango la gara vinta dagli amici dell&#8217;Atletica Mendrisiotto. Per alcuni un&#8217;ultima esperienza in questa gara squadre che rester\u00e0 sempre nel cuore.\u00a0<\/p>\n<p>La Mix U14 quinta nella staffetta ad ostacoli \u00a0trova lo stesso risultato nel Biathlon \u00a0con il \u00a0terzo miglior risultato nella corsa ed il quarto nei coni abbattuti. Maja, Matilde, Viola, Noah, Remo chiudono settimi nel cross finale mentre nel salto sono noni come nella classifica finale \u00a0podio per SAV\/SVAM senza per\u00f2 il biglietto per la finale.\u00a0<\/p>\n<p>Per il Ticino oltre l&#8217;atletica Mendrisiotto U16Mixi in finale troviamo SAB primo negli U16 e GAB primo negli U14M. La grande festa ticinese \u00e9 arrivata il mattino con La doppietta U10X SAL ASSPO e le vittorie per SAM U12M e SAB U10M<\/p>\n<div data-carousel-extra='{&quot;blog_id&quot;:1,&quot;permalink&quot;:&quot;https:\/\/uscatletica.ch\/wp\/?p=20633&quot;}' id='gallery-1' class='gallery galleryid-20633 gallery-columns-3 gallery-size-thumbnail'><figure class='gallery-item'>\n\t\t\t<div class='gallery-icon landscape'>\n\t\t\t\t<a href='https:\/\/uscatletica.ch\/wp\/?attachment_id=20652'><img loading=\"lazy\" decoding=\"async\" width=\"150\" height=\"150\" src=\"https:\/\/i0.wp.com\/uscatletica.ch\/wp\/wp-content\/uploads\/2025\/03\/20250308ukctd.jpeg?resize=150%2C150&amp;ssl=1\" class=\"attachment-thumbnail size-thumbnail\" alt=\"\" srcset=\"https:\/\/i0.wp.com\/uscatletica.ch\/wp\/wp-content\/uploads\/2025\/03\/20250308ukctd.jpeg?resize=150%2C150&amp;ssl=1 150w, https:\/\/i0.wp.com\/uscatletica.ch\/wp\/wp-content\/uploads\/2025\/03\/20250308ukctd.jpeg?resize=83%2C83&amp;ssl=1 83w, https:\/\/i0.wp.com\/uscatletica.ch\/wp\/wp-content\/uploads\/2025\/03\/20250308ukctd.jpeg?zoom=2&amp;resize=150%2C150&amp;ssl=1 300w\" sizes=\"auto, (max-width: 150px) 100vw, 150px\" data-attachment-id=\"20652\" data-permalink=\"https:\/\/uscatletica.ch\/wp\/?attachment_id=20652\" data-orig-file=\"https:\/\/i0.wp.com\/uscatletica.ch\/wp\/wp-content\/uploads\/2025\/03\/20250308ukctd.jpeg?fit=324%2C243&amp;ssl=1\" data-orig-size=\"324,243\" data-comments-opened=\"0\" data-image-meta=\"{&quot;aperture&quot;:&quot;0&quot;,&quot;credit&quot;:&quot;&quot;,&quot;camera&quot;:&quot;&quot;,&quot;caption&quot;:&quot;&quot;,&quot;created_timestamp&quot;:&quot;0&quot;,&quot;copyright&quot;:&quot;&quot;,&quot;focal_length&quot;:&quot;0&quot;,&quot;iso&quot;:&quot;0&quot;,&quot;shutter_speed&quot;:&quot;0&quot;,&quot;title&quot;:&quot;&quot;,&quot;orientation&quot;:&quot;1&quot;}\" data-image-title=\"20250308ukctd\" data-image-description=\"\" data-image-caption=\"\" data-large-file=\"https:\/\/i0.wp.com\/uscatletica.ch\/wp\/wp-content\/uploads\/2025\/03\/20250308ukctd.jpeg?fit=324%2C243&amp;ssl=1\" \/><\/a>\n\t\t\t<\/div><\/figure><figure class='gallery-item'>\n\t\t\t<div class='gallery-icon landscape'>\n\t\t\t\t<a href='https:\/\/uscatletica.ch\/wp\/?attachment_id=20653'><img loading=\"lazy\" decoding=\"async\" width=\"150\" height=\"150\" src=\"https:\/\/i0.wp.com\/uscatletica.ch\/wp\/wp-content\/uploads\/2025\/03\/20250308ukcta.jpeg?resize=150%2C150&amp;ssl=1\" class=\"attachment-thumbnail size-thumbnail\" alt=\"\" srcset=\"https:\/\/i0.wp.com\/uscatletica.ch\/wp\/wp-content\/uploads\/2025\/03\/20250308ukcta.jpeg?resize=150%2C150&amp;ssl=1 150w, https:\/\/i0.wp.com\/uscatletica.ch\/wp\/wp-content\/uploads\/2025\/03\/20250308ukcta.jpeg?resize=83%2C83&amp;ssl=1 83w, https:\/\/i0.wp.com\/uscatletica.ch\/wp\/wp-content\/uploads\/2025\/03\/20250308ukcta.jpeg?zoom=2&amp;resize=150%2C150&amp;ssl=1 300w\" sizes=\"auto, (max-width: 150px) 100vw, 150px\" data-attachment-id=\"20653\" data-permalink=\"https:\/\/uscatletica.ch\/wp\/?attachment_id=20653\" data-orig-file=\"https:\/\/i0.wp.com\/uscatletica.ch\/wp\/wp-content\/uploads\/2025\/03\/20250308ukcta.jpeg?fit=432%2C324&amp;ssl=1\" data-orig-size=\"432,324\" data-comments-opened=\"0\" data-image-meta=\"{&quot;aperture&quot;:&quot;0&quot;,&quot;credit&quot;:&quot;&quot;,&quot;camera&quot;:&quot;&quot;,&quot;caption&quot;:&quot;&quot;,&quot;created_timestamp&quot;:&quot;0&quot;,&quot;copyright&quot;:&quot;&quot;,&quot;focal_length&quot;:&quot;0&quot;,&quot;iso&quot;:&quot;0&quot;,&quot;shutter_speed&quot;:&quot;0&quot;,&quot;title&quot;:&quot;&quot;,&quot;orientation&quot;:&quot;1&quot;}\" data-image-title=\"20250308ukcta\" data-image-description=\"\" data-image-caption=\"\" data-large-file=\"https:\/\/i0.wp.com\/uscatletica.ch\/wp\/wp-content\/uploads\/2025\/03\/20250308ukcta.jpeg?fit=432%2C324&amp;ssl=1\" \/><\/a>\n\t\t\t<\/div><\/figure><figure class='gallery-item'>\n\t\t\t<div class='gallery-icon landscape'>\n\t\t\t\t<a href='https:\/\/uscatletica.ch\/wp\/?attachment_id=20654'><img loading=\"lazy\" decoding=\"async\" width=\"150\" height=\"150\" src=\"https:\/\/i0.wp.com\/uscatletica.ch\/wp\/wp-content\/uploads\/2025\/03\/20250308ukctb.jpeg?resize=150%2C150&amp;ssl=1\" class=\"attachment-thumbnail size-thumbnail\" alt=\"\" srcset=\"https:\/\/i0.wp.com\/uscatletica.ch\/wp\/wp-content\/uploads\/2025\/03\/20250308ukctb.jpeg?resize=150%2C150&amp;ssl=1 150w, https:\/\/i0.wp.com\/uscatletica.ch\/wp\/wp-content\/uploads\/2025\/03\/20250308ukctb.jpeg?resize=83%2C83&amp;ssl=1 83w, https:\/\/i0.wp.com\/uscatletica.ch\/wp\/wp-content\/uploads\/2025\/03\/20250308ukctb.jpeg?zoom=2&amp;resize=150%2C150&amp;ssl=1 300w\" sizes=\"auto, (max-width: 150px) 100vw, 150px\" data-attachment-id=\"20654\" data-permalink=\"https:\/\/uscatletica.ch\/wp\/?attachment_id=20654\" data-orig-file=\"https:\/\/i0.wp.com\/uscatletica.ch\/wp\/wp-content\/uploads\/2025\/03\/20250308ukctb.jpeg?fit=432%2C324&amp;ssl=1\" data-orig-size=\"432,324\" data-comments-opened=\"0\" data-image-meta=\"{&quot;aperture&quot;:&quot;0&quot;,&quot;credit&quot;:&quot;&quot;,&quot;camera&quot;:&quot;&quot;,&quot;caption&quot;:&quot;&quot;,&quot;created_timestamp&quot;:&quot;0&quot;,&quot;copyright&quot;:&quot;&quot;,&quot;focal_length&quot;:&quot;0&quot;,&quot;iso&quot;:&quot;0&quot;,&quot;shutter_speed&quot;:&quot;0&quot;,&quot;title&quot;:&quot;&quot;,&quot;orientation&quot;:&quot;1&quot;}\" data-image-title=\"20250308ukctb\" data-image-description=\"\" data-image-caption=\"\" data-large-file=\"https:\/\/i0.wp.com\/uscatletica.ch\/wp\/wp-content\/uploads\/2025\/03\/20250308ukctb.jpeg?fit=432%2C324&amp;ssl=1\" \/><\/a>\n\t\t\t<\/div><\/figure><figure class='gallery-item'>\n\t\t\t<div class='gallery-icon landscape'>\n\t\t\t\t<a href='https:\/\/uscatletica.ch\/wp\/?attachment_id=20655'><img loading=\"lazy\" decoding=\"async\" width=\"150\" height=\"150\" src=\"https:\/\/i0.wp.com\/uscatletica.ch\/wp\/wp-content\/uploads\/2025\/03\/20250308ukctc.jpeg?resize=150%2C150&amp;ssl=1\" class=\"attachment-thumbnail size-thumbnail\" alt=\"\" srcset=\"https:\/\/i0.wp.com\/uscatletica.ch\/wp\/wp-content\/uploads\/2025\/03\/20250308ukctc.jpeg?resize=150%2C150&amp;ssl=1 150w, https:\/\/i0.wp.com\/uscatletica.ch\/wp\/wp-content\/uploads\/2025\/03\/20250308ukctc.jpeg?resize=83%2C83&amp;ssl=1 83w, https:\/\/i0.wp.com\/uscatletica.ch\/wp\/wp-content\/uploads\/2025\/03\/20250308ukctc.jpeg?zoom=2&amp;resize=150%2C150&amp;ssl=1 300w\" sizes=\"auto, (max-width: 150px) 100vw, 150px\" data-attachment-id=\"20655\" data-permalink=\"https:\/\/uscatletica.ch\/wp\/?attachment_id=20655\" data-orig-file=\"https:\/\/i0.wp.com\/uscatletica.ch\/wp\/wp-content\/uploads\/2025\/03\/20250308ukctc.jpeg?fit=432%2C324&amp;ssl=1\" data-orig-size=\"432,324\" data-comments-opened=\"0\" data-image-meta=\"{&quot;aperture&quot;:&quot;0&quot;,&quot;credit&quot;:&quot;&quot;,&quot;camera&quot;:&quot;&quot;,&quot;caption&quot;:&quot;&quot;,&quot;created_timestamp&quot;:&quot;0&quot;,&quot;copyright&quot;:&quot;&quot;,&quot;focal_length&quot;:&quot;0&quot;,&quot;iso&quot;:&quot;0&quot;,&quot;shutter_speed&quot;:&quot;0&quot;,&quot;title&quot;:&quot;&quot;,&quot;orientation&quot;:&quot;1&quot;}\" data-image-title=\"20250308ukctc\" data-image-description=\"\" data-image-caption=\"\" data-large-file=\"https:\/\/i0.wp.com\/uscatletica.ch\/wp\/wp-content\/uploads\/2025\/03\/20250308ukctc.jpeg?fit=432%2C324&amp;ssl=1\" \/><\/a>\n\t\t\t<\/div><\/figure>\n\t\t<\/div>\n\n<p>\u00a0<\/p>\n","protected":false},"excerpt":{"rendered":"<p>L&#8217;intensa giornata della UBS KIDS CUP TEAM di Willisau \u00e8 stata un costante crescendo al mattino le squadre Mix U14 (Maja, Matilde, Viola, Noah, Remo) ed U16 ( Amelie, Anais, Camilla, Giosu\u00e8, Sebastiano, si sono battute con molta grinta. Al pomeriggio le giovani Caprette (Linda, Adelaide, Carolina, Kayla, Lisa V. e Lisa M.) hanno lottato fino alla fine per un bel posto sul podio. Un&#8217;esperienza unica per tutti grazie alla passione dei genitori e dei&#8230;<\/p>\n","protected":false},"author":4,"featured_media":20654,"comment_status":"closed","ping_status":"closed","sticky":false,"template":"","format":"standard","meta":{"jetpack_post_was_ever_published":false,"_jetpack_newsletter_access":"","_jetpack_dont_email_post_to_subs":false,"_jetpack_newsletter_tier_id":0,"_jetpack_memberships_contains_paywalled_content":false,"_jetpack_memberships_contains_paid_content":false,"footnotes":"","jetpack_publicize_message":"","jetpack_publicize_feature_enabled":true,"jetpack_social_post_already_shared":true,"jetpack_social_options":{"image_generator_settings":{"template":"highway","default_image_id":0,"font":"","enabled":false},"version":2}},"categories":[4,9],"tags":[],"class_list":["post-20633","post","type-post","status-publish","format-standard","has-post-thumbnail","hentry","category-pista","category-sport"],"jetpack_publicize_connections":[],"jetpack_featured_media_url":"https:\/\/i0.wp.com\/uscatletica.ch\/wp\/wp-content\/uploads\/2025\/03\/20250308ukctb.jpeg?fit=432%2C324&ssl=1","jetpack_sharing_enabled":true,"jetpack_shortlink":"https:\/\/wp.me\/p6V7Ck-5mN","jetpack-related-posts":[{"id":21559,"url":"https:\/\/uscatletica.ch\/wp\/?p=21559","url_meta":{"origin":20633,"position":0},"title":"UKC TEAM A BIASCA VINCONO LE NOSTRE U10","author":"Leonida Stampanoni","date":"17 Dicembre 2025","format":false,"excerpt":"Alla palestra SPAI di Biasca erano quasi 600 i ragazzi e le ragazze \u00a0impegnate nella UBS KIDS CUP TEAM oltre 100 i quintetti e sestetti si sono presentati ai blocchi di partenza. l'USC nel pomeriggio ha trionfato tra le U10 con Linda, Carolina, Flora,Thea, Camilla e Kayla mentre in mattinata\u2026","rel":"","context":"In &quot;Pista&quot;","block_context":{"text":"Pista","link":"https:\/\/uscatletica.ch\/wp\/?cat=4"},"img":{"alt_text":"","src":"https:\/\/i0.wp.com\/uscatletica.ch\/wp\/wp-content\/uploads\/2025\/01\/image4.jpeg?fit=480%2C640&ssl=1&resize=350%2C200","width":350,"height":200},"classes":[]},{"id":21711,"url":"https:\/\/uscatletica.ch\/wp\/?p=21711","url_meta":{"origin":20633,"position":1},"title":"Bravissime le Caprette con il quarto posto","author":"Leonida Stampanoni","date":"28 Febbraio 2026","format":false,"excerpt":"Sabato ricco di emozioni e soddisfazioni per le nostre Caprette \u00a0impegnate alla finale regionale della UKC Team alla BBZ Halle di Willisau. Carolina, Camilla, Flora, KaylaLinda, Thea, sono arrivate come lo scorso anno al quarto rango dopo un'entusiasmante rimonta \u00a0con i successi nel Biathlon e nella staffetta cross finale.\u00a0 Il\u2026","rel":"","context":"In &quot;Pista&quot;","block_context":{"text":"Pista","link":"https:\/\/uscatletica.ch\/wp\/?cat=4"},"img":{"alt_text":"","src":"https:\/\/i0.wp.com\/uscatletica.ch\/wp\/wp-content\/uploads\/2026\/02\/260228UKCT10PO.jpg?fit=432%2C324&ssl=1&resize=350%2C200","width":350,"height":200},"classes":[]},{"id":9938,"url":"https:\/\/uscatletica.ch\/wp\/?p=9938","url_meta":{"origin":20633,"position":2},"title":"GLI U12 MIX VINCONO LA UKC A BIASCA aggiornata 19 febbraio","author":"Leonida Stampanoni","date":"15 Febbraio 2020","format":false,"excerpt":"La Giornata alla UBS KIDS CUP di Biasca \u00e8 stata intensa in mattinata le quattro squadre impegnate si sono battute con grinta, ma il botto \u00e8 arrivato nel pomeriggio con la vittoria delle Caprette Mix con No\u00e9, Alice D,Alice S, Eliott, Dalia e Federico bravi anche Michele, Mattia, Alessandro, Anais,\u2026","rel":"","context":"In &quot;Pista&quot;","block_context":{"text":"Pista","link":"https:\/\/uscatletica.ch\/wp\/?cat=4"},"img":{"alt_text":"","src":"https:\/\/i0.wp.com\/uscatletica.ch\/wp\/wp-content\/uploads\/2020\/02\/200215ucktbiaca06-scaled.jpg?fit=1200%2C900&ssl=1&resize=350%2C200","width":350,"height":200,"srcset":"https:\/\/i0.wp.com\/uscatletica.ch\/wp\/wp-content\/uploads\/2020\/02\/200215ucktbiaca06-scaled.jpg?fit=1200%2C900&ssl=1&resize=350%2C200 1x, https:\/\/i0.wp.com\/uscatletica.ch\/wp\/wp-content\/uploads\/2020\/02\/200215ucktbiaca06-scaled.jpg?fit=1200%2C900&ssl=1&resize=525%2C300 1.5x, https:\/\/i0.wp.com\/uscatletica.ch\/wp\/wp-content\/uploads\/2020\/02\/200215ucktbiaca06-scaled.jpg?fit=1200%2C900&ssl=1&resize=700%2C400 2x, https:\/\/i0.wp.com\/uscatletica.ch\/wp\/wp-content\/uploads\/2020\/02\/200215ucktbiaca06-scaled.jpg?fit=1200%2C900&ssl=1&resize=1050%2C600 3x"},"classes":[]},{"id":20623,"url":"https:\/\/uscatletica.ch\/wp\/?p=20623","url_meta":{"origin":20633,"position":3},"title":"Da Willisau a Bern USCine\/i impegnate nel fine settimana","author":"Leonida Stampanoni","date":"7 Marzo 2025","format":false,"excerpt":"Nell'intenso fine settimana in cui si svolgono anche i campionati europei Indoor, l'USC sar\u00e0 impegnata su due fronti: Sabato a Willisau ci saranno tre team a caccia di un posto alla finale nazionale di Thun del 22 marzo. In mattinata saranno i due quintetti U16X Stralusc (Sebastiano, Noah, Anais, Amelie,\u2026","rel":"","context":"In &quot;Cross&quot;","block_context":{"text":"Cross","link":"https:\/\/uscatletica.ch\/wp\/?cat=7"},"img":{"alt_text":"","src":"https:\/\/i0.wp.com\/uscatletica.ch\/wp\/wp-content\/uploads\/2025\/03\/Trottatecaprette.jpg?fit=432%2C272&ssl=1&resize=350%2C200","width":350,"height":200},"classes":[]},{"id":21464,"url":"https:\/\/uscatletica.ch\/wp\/?p=21464","url_meta":{"origin":20633,"position":4},"title":"USC A PODIO ALLA SAGRA DELLA STAFFETTA AD ISONE (new)","author":"Leonida Stampanoni","date":"19 Ottobre 2025","format":false,"excerpt":"Domenica fresca ad Isone per il gran finale del Trofeo ASTi BancaStato Staffette 2025, dove erano una ventina le USCine\/i alla 28a edizione della Sagra della Staffetta che ha accolto calorosamente i 242 partecipanti. Nelle staffette bel podio U14F con Matilde, Michelle e Nicole e prova grintosa per le U12\u2026","rel":"","context":"In &quot;Sport&quot;","block_context":{"text":"Sport","link":"https:\/\/uscatletica.ch\/wp\/?cat=9"},"img":{"alt_text":"Trofeo ASTI Staffette 2025","src":"https:\/\/i0.wp.com\/uscatletica.ch\/wp\/wp-content\/uploads\/2025\/10\/Trofeo-ASTI-Staffette-2025-scaled.jpg?fit=1200%2C675&ssl=1&resize=350%2C200","width":350,"height":200,"srcset":"https:\/\/i0.wp.com\/uscatletica.ch\/wp\/wp-content\/uploads\/2025\/10\/Trofeo-ASTI-Staffette-2025-scaled.jpg?fit=1200%2C675&ssl=1&resize=350%2C200 1x, https:\/\/i0.wp.com\/uscatletica.ch\/wp\/wp-content\/uploads\/2025\/10\/Trofeo-ASTI-Staffette-2025-scaled.jpg?fit=1200%2C675&ssl=1&resize=525%2C300 1.5x, https:\/\/i0.wp.com\/uscatletica.ch\/wp\/wp-content\/uploads\/2025\/10\/Trofeo-ASTI-Staffette-2025-scaled.jpg?fit=1200%2C675&ssl=1&resize=700%2C400 2x, https:\/\/i0.wp.com\/uscatletica.ch\/wp\/wp-content\/uploads\/2025\/10\/Trofeo-ASTI-Staffette-2025-scaled.jpg?fit=1200%2C675&ssl=1&resize=1050%2C600 3x"},"classes":[]},{"id":416,"url":"https:\/\/uscatletica.ch\/wp\/?p=416","url_meta":{"origin":20633,"position":5},"title":"Cross Mendrisio grande successo","author":"Leonida Stampanoni","date":"24 Novembre 2015","format":false,"excerpt":"Uno splendido sole ha accolto oltre 500 di atleti al cross sprint di Mendrisio. Sul tortuoso ed insidioso tracciato nel parco Casvegno 60 gli USCini al via. Roberto ha firmato l'unica vittoria, 5 secondi posti con Emanuele, Jonathan, Rachele, Giorgia, Patrizia B. podio per Giorgio P. Johanna. classifiche Le vittorie\u2026","rel":"","context":"In &quot;Cross&quot;","block_context":{"text":"Cross","link":"https:\/\/uscatletica.ch\/wp\/?cat=7"},"img":{"alt_text":"","src":"https:\/\/i0.wp.com\/uscatletica.ch\/wp\/wp-content\/uploads\/2015\/12\/P1350394-1.jpg?fit=563%2C422&ssl=1&resize=350%2C200","width":350,"height":200,"srcset":"https:\/\/i0.wp.com\/uscatletica.ch\/wp\/wp-content\/uploads\/2015\/12\/P1350394-1.jpg?fit=563%2C422&ssl=1&resize=350%2C200 1x, https:\/\/i0.wp.com\/uscatletica.ch\/wp\/wp-content\/uploads\/2015\/12\/P1350394-1.jpg?fit=563%2C422&ssl=1&resize=525%2C300 1.5x"},"classes":[]}],"_links":{"self":[{"href":"https:\/\/uscatletica.ch\/wp\/index.php?rest_route=\/wp\/v2\/posts\/20633","targetHints":{"allow":["GET"]}}],"collection":[{"href":"https:\/\/uscatletica.ch\/wp\/index.php?rest_route=\/wp\/v2\/posts"}],"about":[{"href":"https:\/\/uscatletica.ch\/wp\/index.php?rest_route=\/wp\/v2\/types\/post"}],"author":[{"embeddable":true,"href":"https:\/\/uscatletica.ch\/wp\/index.php?rest_route=\/wp\/v2\/users\/4"}],"replies":[{"embeddable":true,"href":"https:\/\/uscatletica.ch\/wp\/index.php?rest_route=%2Fwp%2Fv2%2Fcomments&post=20633"}],"version-history":[{"count":6,"href":"https:\/\/uscatletica.ch\/wp\/index.php?rest_route=\/wp\/v2\/posts\/20633\/revisions"}],"predecessor-version":[{"id":21705,"href":"https:\/\/uscatletica.ch\/wp\/index.php?rest_route=\/wp\/v2\/posts\/20633\/revisions\/21705"}],"wp:featuredmedia":[{"embeddable":true,"href":"https:\/\/uscatletica.ch\/wp\/index.php?rest_route=\/wp\/v2\/media\/20654"}],"wp:attachment":[{"href":"https:\/\/uscatletica.ch\/wp\/index.php?rest_route=%2Fwp%2Fv2%2Fmedia&parent=20633"}],"wp:term":[{"taxonomy":"category","embeddable":true,"href":"https:\/\/uscatletica.ch\/wp\/index.php?rest_route=%2Fwp%2Fv2%2Fcategories&post=20633"},{"taxonomy":"post_tag","embeddable":true,"href":"https:\/\/uscatletica.ch\/wp\/index.php?rest_route=%2Fwp%2Fv2%2Ftags&post=20633"}],"curies":[{"name":"wp","href":"https:\/\/api.w.org\/{rel}","templated":true}]}}