{"id":20643,"date":"2025-03-09T21:43:42","date_gmt":"2025-03-09T20:43:42","guid":{"rendered":"https:\/\/uscatletica.ch\/wp\/?p=20643"},"modified":"2025-03-11T20:25:11","modified_gmt":"2025-03-11T19:25:11","slug":"elia-ren-vicecampione-svizzero-u23-a-bern","status":"publish","type":"post","link":"https:\/\/uscatletica.ch\/wp\/?p=20643","title":{"rendered":"Elia Ren vicecampione svizzero U23 a Bern"},"content":{"rendered":"\n<p>Ai campionati svizzeri di cross l&#8217;USC, presente con una mini-delegazione di 4 atleti, ha proseguito la serie di medaglie grazie ad Elia Ren che nel cross lungo U23 ha vinto l&#8217;argento. In mattinata Elia Stampanoni aveva aperto del danze alle 10.40 con un podio di categoria tra gli M45. Buona la prova per i giovani Remo e Mattia. Nella classifica a squadre un quarto rango \u00e9lite e un quinto per gli U16. <\/p>\n\n\n\n<p><a href=\"https:\/\/trackmaxx.ch\/results\/?race=stbc25&amp;c=fav\" target=\"_blank\" rel=\"noopener\">RISULTATI<\/a><\/p>\n<p>All&#8217;Allmend di Berna il disegno del percorso presentava un muro dopo circa 120 m, in seguito la prima parte collinare lasciava poco spazio ai giochini, la seconda parte del percorso era invece scorrevole. Nell&#8217;ultima gara Elia Ren, chiudendo con l&#8217;undicesimo tempo assoluto, ha conquistato la medaglia d&#8217;argento tra gli U23, inchinandosi solamente a Rico Punter. Il pi\u00f9 veloce di tutti \u00e8 stato il somalo Hamse Dhabar. Il titolo assoluto \u00e8 per Dominik Rolli. Tommaso Marani (13) e Tobia Pezzati (17) portano la squadra COAS al quarto rango a pochi punti dal podio. Al femminile Judith Wyder \u00e8 la nuova campionessa svizzera.<\/p>\n<p>Il mattino nella seconda gara Elia S. chiude al nono posto assoluto terzo di categoria. Al femminile Paola Stampanoni si aggiudica il titolo.<\/p>\n<p>Tra gli U14 Remo dopo il minigiro piatto, nel giro lungo finale comincia la rimonta chiudendo al 23 rango. Mattia si fa sorprendere da un avvio fin troppo allegro poi con pazienza rimonta e chiude 29 rango, battendo in volata Denis Binetti che con Giuseppe Sciutto completa il terzetto COAS che chiude quinto. Ottimo il sesto rango del campione ticinese Lorenzo Bracchi che chiude secondo nella cross cup\u00a0<\/p>\n<p><a href=\"https:\/\/i0.wp.com\/uscatletica.ch\/wp\/wp-content\/uploads\/2025\/03\/cscr2025030U23B.jpeg?ssl=1\"><img data-recalc-dims=\"1\" loading=\"lazy\" decoding=\"async\" data-attachment-id=\"20662\" data-permalink=\"https:\/\/uscatletica.ch\/wp\/?attachment_id=20662\" data-orig-file=\"https:\/\/i0.wp.com\/uscatletica.ch\/wp\/wp-content\/uploads\/2025\/03\/cscr2025030U23B.jpeg?fit=1152%2C2048&amp;ssl=1\" data-orig-size=\"1152,2048\" data-comments-opened=\"0\" data-image-meta=\"{&quot;aperture&quot;:&quot;0&quot;,&quot;credit&quot;:&quot;&quot;,&quot;camera&quot;:&quot;&quot;,&quot;caption&quot;:&quot;&quot;,&quot;created_timestamp&quot;:&quot;0&quot;,&quot;copyright&quot;:&quot;&quot;,&quot;focal_length&quot;:&quot;0&quot;,&quot;iso&quot;:&quot;0&quot;,&quot;shutter_speed&quot;:&quot;0&quot;,&quot;title&quot;:&quot;&quot;,&quot;orientation&quot;:&quot;0&quot;}\" data-image-title=\"cscr2025030U23B\" data-image-description=\"\" data-image-caption=\"\" data-large-file=\"https:\/\/i0.wp.com\/uscatletica.ch\/wp\/wp-content\/uploads\/2025\/03\/cscr2025030U23B.jpeg?fit=576%2C1024&amp;ssl=1\" class=\"aligncenter size-full wp-image-20662\" src=\"https:\/\/i0.wp.com\/uscatletica.ch\/wp\/wp-content\/uploads\/2025\/03\/cscr2025030U23B.jpeg?resize=640%2C1138&#038;ssl=1\" alt=\"\" width=\"640\" height=\"1138\" srcset=\"https:\/\/i0.wp.com\/uscatletica.ch\/wp\/wp-content\/uploads\/2025\/03\/cscr2025030U23B.jpeg?w=1152&amp;ssl=1 1152w, https:\/\/i0.wp.com\/uscatletica.ch\/wp\/wp-content\/uploads\/2025\/03\/cscr2025030U23B.jpeg?resize=169%2C300&amp;ssl=1 169w, https:\/\/i0.wp.com\/uscatletica.ch\/wp\/wp-content\/uploads\/2025\/03\/cscr2025030U23B.jpeg?resize=576%2C1024&amp;ssl=1 576w, https:\/\/i0.wp.com\/uscatletica.ch\/wp\/wp-content\/uploads\/2025\/03\/cscr2025030U23B.jpeg?resize=768%2C1365&amp;ssl=1 768w, https:\/\/i0.wp.com\/uscatletica.ch\/wp\/wp-content\/uploads\/2025\/03\/cscr2025030U23B.jpeg?resize=864%2C1536&amp;ssl=1 864w\" sizes=\"auto, (max-width: 640px) 100vw, 640px\" \/><\/a><\/p>\n\n\n","protected":false},"excerpt":{"rendered":"<p>Ai campionati svizzeri di cross l&#8217;USC, presente con una mini-delegazione di 4 atleti, ha proseguito la serie di medaglie grazie ad Elia Ren che nel cross lungo U23 ha vinto l&#8217;argento. In mattinata Elia Stampanoni aveva aperto del danze alle 10.40 con un podio di categoria tra gli M45. Buona la prova per i giovani Remo e Mattia. Nella classifica a squadre un quarto rango \u00e9lite e un quinto per gli U16. RISULTATI All&#8217;Allmend di&#8230;<\/p>\n","protected":false},"author":4,"featured_media":20644,"comment_status":"closed","ping_status":"closed","sticky":false,"template":"","format":"standard","meta":{"jetpack_post_was_ever_published":false,"_jetpack_newsletter_access":"","_jetpack_dont_email_post_to_subs":false,"_jetpack_newsletter_tier_id":0,"_jetpack_memberships_contains_paywalled_content":false,"_jetpack_memberships_contains_paid_content":false,"footnotes":"","jetpack_publicize_message":"","jetpack_publicize_feature_enabled":true,"jetpack_social_post_already_shared":true,"jetpack_social_options":{"image_generator_settings":{"template":"highway","default_image_id":0,"font":"","enabled":false},"version":2}},"categories":[7,9],"tags":[],"class_list":["post-20643","post","type-post","status-publish","format-standard","has-post-thumbnail","hentry","category-cross","category-sport"],"jetpack_publicize_connections":[],"jetpack_featured_media_url":"https:\/\/i0.wp.com\/uscatletica.ch\/wp\/wp-content\/uploads\/2025\/03\/cscross2025u14u16.jpeg?fit=432%2C324&ssl=1","jetpack_sharing_enabled":true,"jetpack_shortlink":"https:\/\/wp.me\/p6V7Ck-5mX","jetpack-related-posts":[{"id":18937,"url":"https:\/\/uscatletica.ch\/wp\/?p=18937","url_meta":{"origin":20643,"position":0},"title":"CS CROSS: LETIZIA ARGENTO (corretto)","author":"Spider Calendar","date":"2 Marzo 2024","format":false,"excerpt":"\u00a0 Una giornata decisamente bagnata ha accolto i 500 partecipanti ai Campionati svizzeri di cross a Moghegno. Il nuovo circuito di 1.5 km ha permesso di gareggiare in condizioni ideali, su un tracciato interessante, scorrevole e con cambi di ritmo e pendenze. \u00a0Una trentina gli USC al via e due\u2026","rel":"","context":"In &quot;Cross&quot;","block_context":{"text":"Cross","link":"https:\/\/uscatletica.ch\/wp\/?cat=7"},"img":{"alt_text":"","src":"https:\/\/i0.wp.com\/uscatletica.ch\/wp\/wp-content\/uploads\/2024\/03\/240302CHCROSSTEAM.jpg?fit=432%2C324&ssl=1&resize=350%2C200","width":350,"height":200},"classes":[]},{"id":21745,"url":"https:\/\/uscatletica.ch\/wp\/?p=21745","url_meta":{"origin":20643,"position":1},"title":"CAMPIONATI SVIZZERI DI CROSS USC Ambiziosa","author":"Leonida Stampanoni","date":"5 Marzo 2026","format":false,"excerpt":"Domenica Langenthal ospiter\u00e0 i campionati svizzeri di cross sul veloce circuito disegnato attorno allo stadio Hard. Una trentina i ticinesi al via, il settebello USC sar\u00e0 guidato \u00a0dal vicecampione svizzero U23 Elia Ren\u00a0 che con Marco Delorenzi sar\u00e0 al via della gara Elite. Nel corto partiranno i dominatori della stagione\u2026","rel":"","context":"In &quot;Cross&quot;","block_context":{"text":"Cross","link":"https:\/\/uscatletica.ch\/wp\/?cat=7"},"img":{"alt_text":"","src":"https:\/\/i0.wp.com\/uscatletica.ch\/wp\/wp-content\/uploads\/2026\/02\/202608crosscapriaschesem20ad.jpeg?fit=432%2C288&ssl=1&resize=350%2C200","width":350,"height":200},"classes":[]},{"id":21753,"url":"https:\/\/uscatletica.ch\/wp\/?p=21753","url_meta":{"origin":20643,"position":2},"title":"Bronzo a squadre per Elia e Marco con la COAS )Aggiornato)","author":"Leonida Stampanoni","date":"8 Marzo 2026","format":false,"excerpt":"Una splendida giornata primaverile ha accolto i 700 partecipanti ai Campionati svizzeri di cross. Sull'intrigante circuito di 1 km \u00a0disegnato dal LVL Langenthal nei prati adiacenti lo stadio Hard. \u00a0Il nostro settebello ha offerto ottime prestazioni. \u00a0Nel cross lungo medaglia individuale sfiorata da Elia R. tra gli U23 \u00a0ma la\u2026","rel":"","context":"In &quot;Cross&quot;","block_context":{"text":"Cross","link":"https:\/\/uscatletica.ch\/wp\/?cat=7"},"img":{"alt_text":"","src":"https:\/\/i0.wp.com\/uscatletica.ch\/wp\/wp-content\/uploads\/2026\/03\/podio23.jpg?fit=432%2C324&ssl=1&resize=350%2C200","width":350,"height":200},"classes":[]},{"id":20623,"url":"https:\/\/uscatletica.ch\/wp\/?p=20623","url_meta":{"origin":20643,"position":3},"title":"Da Willisau a Bern USCine\/i impegnate nel fine settimana","author":"Leonida Stampanoni","date":"7 Marzo 2025","format":false,"excerpt":"Nell'intenso fine settimana in cui si svolgono anche i campionati europei Indoor, l'USC sar\u00e0 impegnata su due fronti: Sabato a Willisau ci saranno tre team a caccia di un posto alla finale nazionale di Thun del 22 marzo. In mattinata saranno i due quintetti U16X Stralusc (Sebastiano, Noah, Anais, Amelie,\u2026","rel":"","context":"In &quot;Cross&quot;","block_context":{"text":"Cross","link":"https:\/\/uscatletica.ch\/wp\/?cat=7"},"img":{"alt_text":"","src":"https:\/\/i0.wp.com\/uscatletica.ch\/wp\/wp-content\/uploads\/2025\/03\/Trottatecaprette.jpg?fit=432%2C272&ssl=1&resize=350%2C200","width":350,"height":200},"classes":[]},{"id":7387,"url":"https:\/\/uscatletica.ch\/wp\/?p=7387","url_meta":{"origin":20643,"position":4},"title":"CS CROSS ROBY CAMPIONE SVIZZERO LETIZIA MATILDE GIORGIA BRONZO","author":"Leonida Stampanoni","date":"11 Marzo 2019","format":false,"excerpt":"Gli splendidi vigneti terrazzati del Lavaux hanno incorniciato una storica giornata per l'USC ai campionati svizzeri di cross. Sul'impegnativo percorso di Chailly sur Montreux i nostri atleti hanno raccolto ben due medaglie Roby ha vinto il primo titolo nazionale di cross per l'USC mentre Letizia, Giorgia e Matilde ha festeggiato\u2026","rel":"","context":"In &quot;Cross&quot;","block_context":{"text":"Cross","link":"https:\/\/uscatletica.ch\/wp\/?cat=7"},"img":{"alt_text":"","src":"https:\/\/i0.wp.com\/uscatletica.ch\/wp\/wp-content\/uploads\/2019\/03\/DSC00304.jpg?resize=350%2C200","width":350,"height":200},"classes":[]},{"id":9415,"url":"https:\/\/uscatletica.ch\/wp\/?p=9415","url_meta":{"origin":20643,"position":5},"title":"CROSS DONGIO E FESTE ATLETI FTAL E ASTI","author":"Leonida Stampanoni","date":"7 Novembre 2019","format":false,"excerpt":"Sar\u00e0 un fine settimana intenso parte la stagione stagione dei cross da Dongio sempre una cinquantina gli USCini al via domenica mattina lungo sui prati bleniesi Roby invece garegger\u00e0 a Regensdorf \u00a0nella prima prova di selezione in vista dei campionati europei di cross del 7 dicembre a Lisbona. In programma\u2026","rel":"","context":"In &quot;Cross&quot;","block_context":{"text":"Cross","link":"https:\/\/uscatletica.ch\/wp\/?cat=7"},"img":{"alt_text":"","src":"https:\/\/i0.wp.com\/uscatletica.ch\/wp\/wp-content\/uploads\/2019\/08\/caratschlausc190815.jpg?fit=432%2C324&ssl=1&resize=350%2C200","width":350,"height":200},"classes":[]}],"_links":{"self":[{"href":"https:\/\/uscatletica.ch\/wp\/index.php?rest_route=\/wp\/v2\/posts\/20643","targetHints":{"allow":["GET"]}}],"collection":[{"href":"https:\/\/uscatletica.ch\/wp\/index.php?rest_route=\/wp\/v2\/posts"}],"about":[{"href":"https:\/\/uscatletica.ch\/wp\/index.php?rest_route=\/wp\/v2\/types\/post"}],"author":[{"embeddable":true,"href":"https:\/\/uscatletica.ch\/wp\/index.php?rest_route=\/wp\/v2\/users\/4"}],"replies":[{"embeddable":true,"href":"https:\/\/uscatletica.ch\/wp\/index.php?rest_route=%2Fwp%2Fv2%2Fcomments&post=20643"}],"version-history":[{"count":6,"href":"https:\/\/uscatletica.ch\/wp\/index.php?rest_route=\/wp\/v2\/posts\/20643\/revisions"}],"predecessor-version":[{"id":21710,"href":"https:\/\/uscatletica.ch\/wp\/index.php?rest_route=\/wp\/v2\/posts\/20643\/revisions\/21710"}],"wp:featuredmedia":[{"embeddable":true,"href":"https:\/\/uscatletica.ch\/wp\/index.php?rest_route=\/wp\/v2\/media\/20644"}],"wp:attachment":[{"href":"https:\/\/uscatletica.ch\/wp\/index.php?rest_route=%2Fwp%2Fv2%2Fmedia&parent=20643"}],"wp:term":[{"taxonomy":"category","embeddable":true,"href":"https:\/\/uscatletica.ch\/wp\/index.php?rest_route=%2Fwp%2Fv2%2Fcategories&post=20643"},{"taxonomy":"post_tag","embeddable":true,"href":"https:\/\/uscatletica.ch\/wp\/index.php?rest_route=%2Fwp%2Fv2%2Ftags&post=20643"}],"curies":[{"name":"wp","href":"https:\/\/api.w.org\/{rel}","templated":true}]}}