{"id":20772,"date":"2025-04-16T12:10:42","date_gmt":"2025-04-16T10:10:42","guid":{"rendered":"https:\/\/uscatletica.ch\/wp\/?p=20772"},"modified":"2025-04-16T13:01:37","modified_gmt":"2025-04-16T11:01:37","slug":"mille-gruyere-una-ventina-di-usc-al-comunale","status":"publish","type":"post","link":"https:\/\/uscatletica.ch\/wp\/?p=20772","title":{"rendered":"MilLe Gruy\u00e8re una ventina di USC al comunale"},"content":{"rendered":"\n<p>La stagione in pista per le corse partir\u00e0 mercoled\u00ec sera \u00a0al comunale \u00a0di Bellinzona con il MilLe Gruy\u00e8re. L&#8217;USC sar\u00e0 presente al comunale con una ventina atleti e atlete dopo sei finali consecutive No\u00e9 ha finito il suo percorso nei progetti giovanili, Nicole, Mattia guideranno il gruppo a caccia di un. biglietto per la <a href=\"https:\/\/www.mille-gruyere.ch\/de\/schweizer-final-mille-gruyere\/\" target=\"_blank\" rel=\"noopener\">finale di Lausanne il 20 settembre<\/a>.e di nuove esperienze\u00a0<\/p>\n<p><a href=\"https:\/\/slv.laportal.net\/Competitions\/Details\/15426\" target=\"_blank\" rel=\"noopener\">Risultati live da Bellinzona<\/a><\/p>\n<table border=\"0\" cellspacing=\"0\"><colgroup width=\"45\"><\/colgroup><colgroup width=\"117\"><\/colgroup><colgroup width=\"49\"><\/colgroup>\n<tbody>\n<tr>\n<td align=\"left\" valign=\"bottom\" height=\"23\" data-sheets-value=\"{ &quot;1&quot;: 2, &quot;2&quot;: &quot;W15&quot;}\">W15<\/td>\n<td align=\"left\" valign=\"bottom\" data-sheets-value=\"{ &quot;1&quot;: 2, &quot;2&quot;: &quot;Amelie&quot;}\">Amelie<\/td>\n<td align=\"right\" valign=\"bottom\">1000<\/td>\n<\/tr>\n<tr>\n<td align=\"left\" valign=\"bottom\" height=\"23\" data-sheets-value=\"{ &quot;1&quot;: 2, &quot;2&quot;: &quot;W15&quot;}\">W15<\/td>\n<td align=\"left\" valign=\"bottom\" data-sheets-value=\"{ &quot;1&quot;: 2, &quot;2&quot;: &quot;Dalia&quot;}\">Dalia<\/td>\n<td align=\"right\" valign=\"bottom\">1000<\/td>\n<\/tr>\n<tr>\n<td align=\"left\" valign=\"bottom\" height=\"23\" data-sheets-value=\"{ &quot;1&quot;: 2, &quot;2&quot;: &quot;M15&quot;}\">M15<\/td>\n<td align=\"left\" valign=\"bottom\" data-sheets-value=\"{ &quot;1&quot;: 2, &quot;2&quot;: &quot;Mattia &quot;}\">Mattia<\/td>\n<td align=\"right\" valign=\"bottom\">1000<\/td>\n<\/tr>\n<tr>\n<td align=\"left\" valign=\"bottom\" height=\"23\" data-sheets-value=\"{ &quot;1&quot;: 2, &quot;2&quot;: &quot;W14&quot;}\">W14<\/td>\n<td align=\"left\" valign=\"bottom\" data-sheets-value=\"{ &quot;1&quot;: 2, &quot;2&quot;: &quot;Anais&quot;}\">Anais<\/td>\n<td align=\"right\" valign=\"bottom\">1000<\/td>\n<\/tr>\n<tr>\n<td align=\"left\" valign=\"bottom\" height=\"23\" data-sheets-value=\"{ &quot;1&quot;: 2, &quot;2&quot;: &quot;W14&quot;}\">W14<\/td>\n<td align=\"left\" valign=\"bottom\" data-sheets-value=\"{ &quot;1&quot;: 2, &quot;2&quot;: &quot;Camilla&quot;}\">Camilla<\/td>\n<td align=\"right\" valign=\"bottom\">1000<\/td>\n<\/tr>\n<tr>\n<td align=\"left\" valign=\"bottom\" height=\"23\" data-sheets-value=\"{ &quot;1&quot;: 2, &quot;2&quot;: &quot;W13&quot;}\">W13<\/td>\n<td align=\"left\" valign=\"bottom\" data-sheets-value=\"{ &quot;1&quot;: 2, &quot;2&quot;: &quot;Agata&quot;}\">Agata<\/td>\n<td align=\"right\" valign=\"bottom\">1000<\/td>\n<\/tr>\n<tr>\n<td align=\"left\" valign=\"bottom\" height=\"23\" data-sheets-value=\"{ &quot;1&quot;: 2, &quot;2&quot;: &quot;W13&quot;}\">W13<\/td>\n<td align=\"left\" valign=\"bottom\" data-sheets-value=\"{ &quot;1&quot;: 2, &quot;2&quot;: &quot;Michelle&quot;}\">Michelle<\/td>\n<td align=\"right\" valign=\"bottom\">1000<\/td>\n<\/tr>\n<tr>\n<td align=\"left\" valign=\"bottom\" height=\"23\" data-sheets-value=\"{ &quot;1&quot;: 2, &quot;2&quot;: &quot;M13&quot;}\">M13<\/td>\n<td align=\"left\" valign=\"bottom\" data-sheets-value=\"{ &quot;1&quot;: 2, &quot;2&quot;: &quot;Giosu\u00e9&quot;}\">Giosu\u00e9<\/td>\n<td align=\"right\" valign=\"bottom\">1000<\/td>\n<\/tr>\n<tr>\n<td align=\"left\" valign=\"bottom\" height=\"23\" data-sheets-value=\"{ &quot;1&quot;: 2, &quot;2&quot;: &quot;W13&quot;}\">W13<\/td>\n<td align=\"left\" valign=\"bottom\" data-sheets-value=\"{ &quot;1&quot;: 2, &quot;2&quot;: &quot;Viola&quot;}\">Viola<\/td>\n<td align=\"right\" valign=\"bottom\">1000<\/td>\n<\/tr>\n<tr>\n<td align=\"left\" valign=\"bottom\" height=\"23\" data-sheets-value=\"{ &quot;1&quot;: 2, &quot;2&quot;: &quot;M12&quot;}\">M12<\/td>\n<td align=\"left\" valign=\"bottom\" data-sheets-value=\"{ &quot;1&quot;: 2, &quot;2&quot;: &quot;Nicol\u00f2&quot;}\">Nicol\u00f2<\/td>\n<td align=\"right\" valign=\"bottom\">1000<\/td>\n<\/tr>\n<tr>\n<td align=\"left\" valign=\"bottom\" height=\"23\" data-sheets-value=\"{ &quot;1&quot;: 2, &quot;2&quot;: &quot;M12&quot;}\">M12<\/td>\n<td align=\"left\" valign=\"bottom\" data-sheets-value=\"{ &quot;1&quot;: 2, &quot;2&quot;: &quot;Remo&quot;}\">Remo<\/td>\n<td align=\"right\" valign=\"bottom\">1000<\/td>\n<\/tr>\n<tr>\n<td align=\"left\" valign=\"bottom\" height=\"23\" data-sheets-value=\"{ &quot;1&quot;: 2, &quot;2&quot;: &quot;W12&quot;}\">W12<\/td>\n<td align=\"left\" valign=\"bottom\" data-sheets-value=\"{ &quot;1&quot;: 2, &quot;2&quot;: &quot;Nicole&quot;}\">Nicole<\/td>\n<td align=\"right\" valign=\"bottom\">1000<\/td>\n<\/tr>\n<tr>\n<td align=\"left\" valign=\"bottom\" height=\"23\" data-sheets-value=\"{ &quot;1&quot;: 2, &quot;2&quot;: &quot;M12&quot;}\">M12<\/td>\n<td align=\"left\" valign=\"bottom\" data-sheets-value=\"{ &quot;1&quot;: 2, &quot;2&quot;: &quot;Jacopo&quot;}\">Jacopo<\/td>\n<td align=\"right\" valign=\"bottom\">1000<\/td>\n<\/tr>\n<tr>\n<td align=\"left\" valign=\"bottom\" height=\"23\" data-sheets-value=\"{ &quot;1&quot;: 2, &quot;2&quot;: &quot;W10&quot;}\">W10<\/td>\n<td align=\"left\" valign=\"bottom\" data-sheets-value=\"{ &quot;1&quot;: 2, &quot;2&quot;: &quot;Irene&quot;}\">Irene<\/td>\n<td align=\"right\" valign=\"bottom\">1000<\/td>\n<\/tr>\n<tr>\n<td align=\"left\" valign=\"bottom\" height=\"23\" data-sheets-value=\"{ &quot;1&quot;: 2, &quot;2&quot;: &quot;W09&quot;}\">W09<\/td>\n<td align=\"left\" valign=\"bottom\" data-sheets-value=\"{ &quot;1&quot;: 2, &quot;2&quot;: &quot;Alina&quot;}\">Alina<\/td>\n<td align=\"right\" valign=\"bottom\">600<\/td>\n<\/tr>\n<tr>\n<td align=\"left\" valign=\"bottom\" height=\"23\" data-sheets-value=\"{ &quot;1&quot;: 2, &quot;2&quot;: &quot;W09&quot;}\">W09<\/td>\n<td align=\"left\" valign=\"bottom\" data-sheets-value=\"{ &quot;1&quot;: 2, &quot;2&quot;: &quot;Adelaide&quot;}\">Adelaide<\/td>\n<td align=\"right\" valign=\"bottom\">600<\/td>\n<\/tr>\n<tr>\n<td align=\"left\" valign=\"bottom\" height=\"23\" data-sheets-value=\"{ &quot;1&quot;: 2, &quot;2&quot;: &quot;W08&quot;}\">W08<\/td>\n<td align=\"left\" valign=\"bottom\" data-sheets-value=\"{ &quot;1&quot;: 2, &quot;2&quot;: &quot;Zoe&quot;}\">Zoe<\/td>\n<td align=\"right\" valign=\"bottom\">600<\/td>\n<\/tr>\n<tr>\n<td align=\"left\" valign=\"bottom\" height=\"23\" data-sheets-value=\"{ &quot;1&quot;: 2, &quot;2&quot;: &quot;W08&quot;}\">W08<\/td>\n<td align=\"left\" valign=\"bottom\" data-sheets-value=\"{ &quot;1&quot;: 2, &quot;2&quot;: &quot;Linda&quot;}\">Linda<\/td>\n<td align=\"right\" valign=\"bottom\">600<\/td>\n<\/tr>\n<tr>\n<td align=\"left\" valign=\"bottom\" height=\"23\" data-sheets-value=\"{ &quot;1&quot;: 2, &quot;2&quot;: &quot;W08&quot;}\">W08<\/td>\n<td align=\"left\" valign=\"bottom\" data-sheets-value=\"{ &quot;1&quot;: 2, &quot;2&quot;: &quot;Kayla&quot;}\">Kayla<\/td>\n<td align=\"right\" valign=\"bottom\">600<\/td>\n<\/tr>\n<tr>\n<td align=\"left\" valign=\"bottom\" height=\"23\" data-sheets-value=\"{ &quot;1&quot;: 2, &quot;2&quot;: &quot;W07&quot;}\">W07<\/td>\n<td align=\"left\" valign=\"bottom\" data-sheets-value=\"{ &quot;1&quot;: 2, &quot;2&quot;: &quot;Thea&quot;}\">Thea<\/td>\n<td align=\"right\" valign=\"bottom\">600<\/td>\n<\/tr>\n<\/tbody>\n<\/table>\n","protected":false},"excerpt":{"rendered":"<p>La stagione in pista per le corse partir\u00e0 mercoled\u00ec sera \u00a0al comunale \u00a0di Bellinzona con il MilLe Gruy\u00e8re. L&#8217;USC sar\u00e0 presente al comunale con una ventina atleti e atlete dopo sei finali consecutive No\u00e9 ha finito il suo percorso nei progetti giovanili, Nicole, Mattia guideranno il gruppo a caccia di un. biglietto per la finale di Lausanne il 20 settembre.e di nuove esperienze\u00a0 Risultati live da Bellinzona W15 Amelie 1000 W15 Dalia 1000 M15 Mattia&#8230;<\/p>\n","protected":false},"author":4,"featured_media":11133,"comment_status":"closed","ping_status":"closed","sticky":false,"template":"","format":"standard","meta":{"jetpack_post_was_ever_published":false,"_jetpack_newsletter_access":"","_jetpack_dont_email_post_to_subs":false,"_jetpack_newsletter_tier_id":0,"_jetpack_memberships_contains_paywalled_content":false,"_jetpack_memberships_contains_paid_content":false,"footnotes":"","jetpack_publicize_message":"","jetpack_publicize_feature_enabled":true,"jetpack_social_post_already_shared":true,"jetpack_social_options":{"image_generator_settings":{"template":"highway","default_image_id":0,"font":"","enabled":false},"version":2}},"categories":[4,9],"tags":[],"class_list":["post-20772","post","type-post","status-publish","format-standard","has-post-thumbnail","hentry","category-pista","category-sport"],"jetpack_publicize_connections":[],"jetpack_featured_media_url":"https:\/\/i0.wp.com\/uscatletica.ch\/wp\/wp-content\/uploads\/2020\/09\/noe1kgru200926.png?fit=432%2C243&ssl=1","jetpack_sharing_enabled":true,"jetpack_shortlink":"https:\/\/wp.me\/p6V7Ck-5p2","jetpack-related-posts":[{"id":21263,"url":"https:\/\/uscatletica.ch\/wp\/?p=21263","url_meta":{"origin":20772,"position":0},"title":"IL FINE SETTIMANA TRA SANGALLO LOSANNA E BELLINZONA","author":"Leonida Stampanoni","date":"18 Settembre 2025","format":false,"excerpt":"Nel fine settimana poker di impegni in pista per l'USC, la selezione Ticino sar\u00e0 all'incontro Arge Alp a San Gallo dove \u00a0Marta e Michele difenderanno i colori USC. Un terzetto sar\u00e0 alla Pontaise alla finale MilLe Gruyere \u00a0Nicole che ritrova la finale mentre Mattia e Remo debutteranno sulle rive del\u2026","rel":"","context":"In &quot;Pista&quot;","block_context":{"text":"Pista","link":"https:\/\/uscatletica.ch\/wp\/?cat=4"},"img":{"alt_text":"","src":"https:\/\/i0.wp.com\/uscatletica.ch\/wp\/wp-content\/uploads\/2025\/05\/2025ct5kmichilardi.jpg?fit=439%2C261&ssl=1&resize=350%2C200","width":350,"height":200},"classes":[]},{"id":2183,"url":"https:\/\/uscatletica.ch\/wp\/?p=2183","url_meta":{"origin":20772,"position":1},"title":"Mille Gruyere e Spitzenleichtathletik Luzern USCini a 1000 m","author":"Leonida Stampanoni","date":"14 Giugno 2016","format":false,"excerpt":"Martedi sera nel programma nazionale del 30o meeting Internazionale Spitzenleichtathletik Luzern \u00a0ci sar\u00e0 un 1000 m U16 \u00a0con Alex al via a confronto con i migliori svizzeri. Mercoledi il comunale di Bellinzona \u00a0la finale ticinese del progetto Mille Gruyere \u00a0per gli USCini l'opportunit\u00e0 di raccogliere la sfida e correre 1000\u2026","rel":"","context":"In &quot;Sport&quot;","block_context":{"text":"Sport","link":"https:\/\/uscatletica.ch\/wp\/?cat=9"},"img":{"alt_text":"","src":"https:\/\/i0.wp.com\/uscatletica.ch\/wp\/wp-content\/uploads\/2016\/06\/P1400750.jpg?fit=563%2C422&ssl=1&resize=350%2C200","width":350,"height":200,"srcset":"https:\/\/i0.wp.com\/uscatletica.ch\/wp\/wp-content\/uploads\/2016\/06\/P1400750.jpg?fit=563%2C422&ssl=1&resize=350%2C200 1x, https:\/\/i0.wp.com\/uscatletica.ch\/wp\/wp-content\/uploads\/2016\/06\/P1400750.jpg?fit=563%2C422&ssl=1&resize=525%2C300 1.5x"},"classes":[]},{"id":13441,"url":"https:\/\/uscatletica.ch\/wp\/?p=13441","url_meta":{"origin":20772,"position":2},"title":"TEMPO DI FINALI DA APPENZELLO A BELLINZONA","author":"Leonida Stampanoni","date":"24 Settembre 2021","format":false,"excerpt":"Nel fine settimana il calendario prevede tre impegni, due finali ed il meeting dedicato ai masters. In Ticino sar\u00e0 il comunale di Bellinzona il centro dell'azione: sabato in pista saranno i Masters (Meeting master valido anche come Campionato svizzero), domenica ci sar\u00e0 la tappa finale del BancaStato Grand Prix Ticino,\u2026","rel":"","context":"In &quot;Pista&quot;","block_context":{"text":"Pista","link":"https:\/\/uscatletica.ch\/wp\/?cat=4"},"img":{"alt_text":"","src":"https:\/\/i0.wp.com\/uscatletica.ch\/wp\/wp-content\/uploads\/2021\/05\/210513100ma.jpg?fit=432%2C324&ssl=1&resize=350%2C200","width":350,"height":200},"classes":[]},{"id":12468,"url":"https:\/\/uscatletica.ch\/wp\/?p=12468","url_meta":{"origin":20772,"position":3},"title":"Al comunale la sfida del MilLe Gruyere","author":"Leonida Stampanoni","date":"9 Giugno 2021","format":false,"excerpt":"\u00a0Mercoled\u00ec sera il comunale di Bellinzona ospiter\u00e0 la finale del MilLe Gruy\u00e8re\u00a0\u00a0il progetto giovanile di Swiss Athletics dedicato ai mezzofondisti che ha regalato molte soddisfazione all'USC. A partire dalle 18.10 in pista ci saranno ben 17 USCini\/e a guidare il gruppo pi\u00f9 numeroso di sempre ci saranno Pietro tra i\u2026","rel":"","context":"In &quot;Pista&quot;","block_context":{"text":"Pista","link":"https:\/\/uscatletica.ch\/wp\/?cat=4"},"img":{"alt_text":"","src":"https:\/\/i0.wp.com\/uscatletica.ch\/wp\/wp-content\/uploads\/2021\/05\/210513st600m.jpg?fit=432%2C324&ssl=1&resize=350%2C200","width":350,"height":200},"classes":[]},{"id":20060,"url":"https:\/\/uscatletica.ch\/wp\/?p=20060","url_meta":{"origin":20772,"position":4},"title":"Gli assoluti a Bellinzona i giovani al MilLe Gruyere i podisti a Penz&#8230;iamo","author":"Leonida Stampanoni","date":"13 Settembre 2024","format":false,"excerpt":"Nel fine settimana il comunale di Bellinzona dopo aver accolto le stelle dell'atletica mondiale accoglier\u00e0 i campionati ticinesi assoluti. Sulle piste della capitale saranno 180 atleti ed atlete e contendersi 27 titoli. 9 Gli USCini al via Glada ed Elia B. nei lanci Marta e Lana nei salti Mattia, Alice,\u2026","rel":"","context":"In &quot;Pista&quot;","block_context":{"text":"Pista","link":"https:\/\/uscatletica.ch\/wp\/?cat=4"},"img":{"alt_text":"","src":"https:\/\/i0.wp.com\/uscatletica.ch\/wp\/wp-content\/uploads\/2024\/04\/millegruyere.png?fit=595%2C842&ssl=1&resize=350%2C200","width":350,"height":200,"srcset":"https:\/\/i0.wp.com\/uscatletica.ch\/wp\/wp-content\/uploads\/2024\/04\/millegruyere.png?fit=595%2C842&ssl=1&resize=350%2C200 1x, https:\/\/i0.wp.com\/uscatletica.ch\/wp\/wp-content\/uploads\/2024\/04\/millegruyere.png?fit=595%2C842&ssl=1&resize=525%2C300 1.5x"},"classes":[]},{"id":9109,"url":"https:\/\/uscatletica.ch\/wp\/?p=9109","url_meta":{"origin":20772,"position":5},"title":"Bellinzona Isone Basodino Locarno Uster USC a 360 gradi","author":"Leonida Stampanoni","date":"20 Settembre 2019","format":false,"excerpt":"Il primo fine settimana autunnale sar\u00e0 veramente ricco di impegni per gli atleti USC. In pista si chiude il Gran Prix FTAL al comunale di Bellinzona con i palio pure i titoli suo 5000 m e 3000 m prima di ospitare il classico meeting Masters giunto alla 19 edizioni. Locarno\u2026","rel":"","context":"In &quot;Montagna&quot;","block_context":{"text":"Montagna","link":"https:\/\/uscatletica.ch\/wp\/?cat=16"},"img":{"alt_text":"","src":"https:\/\/i0.wp.com\/uscatletica.ch\/wp\/wp-content\/uploads\/2019\/08\/caratschlausc190815.jpg?fit=432%2C324&ssl=1&resize=350%2C200","width":350,"height":200},"classes":[]}],"_links":{"self":[{"href":"https:\/\/uscatletica.ch\/wp\/index.php?rest_route=\/wp\/v2\/posts\/20772","targetHints":{"allow":["GET"]}}],"collection":[{"href":"https:\/\/uscatletica.ch\/wp\/index.php?rest_route=\/wp\/v2\/posts"}],"about":[{"href":"https:\/\/uscatletica.ch\/wp\/index.php?rest_route=\/wp\/v2\/types\/post"}],"author":[{"embeddable":true,"href":"https:\/\/uscatletica.ch\/wp\/index.php?rest_route=\/wp\/v2\/users\/4"}],"replies":[{"embeddable":true,"href":"https:\/\/uscatletica.ch\/wp\/index.php?rest_route=%2Fwp%2Fv2%2Fcomments&post=20772"}],"version-history":[{"count":3,"href":"https:\/\/uscatletica.ch\/wp\/index.php?rest_route=\/wp\/v2\/posts\/20772\/revisions"}],"predecessor-version":[{"id":20780,"href":"https:\/\/uscatletica.ch\/wp\/index.php?rest_route=\/wp\/v2\/posts\/20772\/revisions\/20780"}],"wp:featuredmedia":[{"embeddable":true,"href":"https:\/\/uscatletica.ch\/wp\/index.php?rest_route=\/wp\/v2\/media\/11133"}],"wp:attachment":[{"href":"https:\/\/uscatletica.ch\/wp\/index.php?rest_route=%2Fwp%2Fv2%2Fmedia&parent=20772"}],"wp:term":[{"taxonomy":"category","embeddable":true,"href":"https:\/\/uscatletica.ch\/wp\/index.php?rest_route=%2Fwp%2Fv2%2Fcategories&post=20772"},{"taxonomy":"post_tag","embeddable":true,"href":"https:\/\/uscatletica.ch\/wp\/index.php?rest_route=%2Fwp%2Fv2%2Ftags&post=20772"}],"curies":[{"name":"wp","href":"https:\/\/api.w.org\/{rel}","templated":true}]}}