{"id":20792,"date":"2025-04-21T21:42:46","date_gmt":"2025-04-21T19:42:46","guid":{"rendered":"https:\/\/uscatletica.ch\/wp\/?p=20792"},"modified":"2025-04-24T09:12:22","modified_gmt":"2025-04-24T07:12:22","slug":"20792","status":"publish","type":"post","link":"https:\/\/uscatletica.ch\/wp\/?p=20792","title":{"rendered":"Media Blenio Ottima USC"},"content":{"rendered":"\n<p>La 41<sup>a\u00a0<\/sup>edizione del Giro Media Blenio ha accolto a Dongio quasi 500 atleti dai 6 ai 90 anni. Una bella giornata primaverile ha permesso alla trentina di USCini al via di esprimersi al meglio. Sul tracciato classico vittoria per Tommaso \u00a0Marani in 33&#8217;04 ed Alice Fritzsche in 39&#8217;16 .Doppietta USC negli M40 con Alex ed Alessandro , mentre negli M50 Valerio vince il derby a quattro per il terzo rango.\u00a0<\/p>\n<p>la 5 km Elia vince gli M40 \u00a0Olivia chiude terza nelle U20. Nel minigiro di coppa Ticino vittoria per Nicole podio per Mattia, Dario. Nelle gara dei pi\u00f9 piccoli podio per Linda e Alina.\u00a0<\/p>\n<p>Nel Gran Prix vittoria per il Ticino d&#8217;adozione Elhousine Elazzaoui che migliora il secondo rango dello scorso anno.\u00a0<\/p>\n<p><a href=\"https:\/\/datasport.com\/live\/ranking\/?racenr=27123\" target=\"_blank\" rel=\"noopener\">Le classifiche<\/a><\/p>\n<h2>10 km Doppietta M40 Alex, Alessandro<\/h2>\n<p>Nella 10 km Tommaso Marani in 33&#8217;04 regala la vittoria al Ticino. Ottavo tempo assoluto per Alex in 35&#8217;27 che vale la vittoria M40 su Alessandro \u00a036&#8217;43. Tra gli M50 il migliore \u00e8 Enrico Cavadini in 36&#8217;53. Valerio in 38&#8217;53 salva il podio su Ralf 38&#8217;59 seguito a ruota da Jonathan 39&#8217;10 e Gionata 39&#8217;13. Il nostro quartetto precede la prima donna Alice Fritzsche. Mauro P. 42&#8217;16 torna a Dongio Leonida chiude in 43&#8217;50.\u00a0<\/p>\n<p>Tra le donne duello in famiglia tra\u00a0Matilde 48&#8217;51 \u00a0e Selina 48&#8217;53 che sfiora il podio U20.. Ramona chiude in 50&#8217;10.\u00a0<\/p>\n<h2>5 km Elia una certezza Olivia una piacevole sorpresa.\u00a0<\/h2>\n<p>Nella 5 km vola il giovane Adriano Rosamilia in 16&#8217;24, Elia vince gli m40 in18&#8217;33 firmando il quinto tempo assoluto. Janos in 21&#8217;19 \u00e8 secondo M50 . Tra le donne vince Jeannette Bragagnolo in 22&#8217;20 Oliva in 23&#8217;31 \u00e8 terza U20 ed ottava assoluta. Quinto rango di categoria per il nostro socio onorario Cornelio in 27&#8217;36<\/p>\n<h2>Minigiro Coppa ASTi BancaStato vince Nicole Matita e Dario a Podio. Minigiro Linda e Alina a Podio<\/h2>\n<p>Nel Minigro sui 1.9 \u00a0km Nicole in 7&#8217;06 firma il terzo tempo assoluto vincendo per\u00f2 la categoria U14 a pochi secondi dalle gemelle Ambra e Giada Lobsiger dominatrici tra le U16. Viola (8&#8217;06) chiude quinta davanti a settima in 8&#8217;07 poi Agata 8&#8217;19 e Cecilia 9&#8217;06 che chiude la sua prima gara. Al maschile vince Leo Kurmann davanti ai nostri Mattia 6&#8217;32 e Dario 6&#8217;36. Tra gli U14 il pi\u00f9 veloce \u00e8 il ginevrino Morell Remo 7&#8217;19 \u00e8 quinto , ottavo Giosue 7&#8217;43, nono Nicol\u00f2 7.44 segue Jacopo dodicesimo in 8&#8217;16.<\/p>\n<p>900 m la distanza per gli U12 Lev al fotofinish \u00e8 quarto in 3&#8217;06 podio sfiorato al termine di una bella gara. Tra le ragazze settima Irene 3&#8217;35 davanti a Amelie quattordicesima in 4&#8217;06.<\/p>\n<p>Una categoria unica per le pi\u00f9 piccole \u00a0Linda ed Alina chiudono sul podio. Dall&#8217;ottavo al decimo rango troviamo Zoe Adelaide e la piccola Thea. Seguono Lena (13), Lisa (14),e Flora 17. Tra i ragazzi Marco chiude al diciassettesimo rango.\u00a0<\/p>\n","protected":false},"excerpt":{"rendered":"<p>La 41a\u00a0edizione del Giro Media Blenio ha accolto a Dongio quasi 500 atleti dai 6 ai 90 anni. Una bella giornata primaverile ha permesso alla trentina di USCini al via di esprimersi al meglio. Sul tracciato classico vittoria per Tommaso \u00a0Marani in 33&#8217;04 ed Alice Fritzsche in 39&#8217;16 .Doppietta USC negli M40 con Alex ed Alessandro , mentre negli M50 Valerio vince il derby a quattro per il terzo rango.\u00a0 la 5 km Elia vince&#8230;<\/p>\n","protected":false},"author":4,"featured_media":20793,"comment_status":"closed","ping_status":"closed","sticky":false,"template":"","format":"standard","meta":{"jetpack_post_was_ever_published":false,"_jetpack_newsletter_access":"","_jetpack_dont_email_post_to_subs":false,"_jetpack_newsletter_tier_id":0,"_jetpack_memberships_contains_paywalled_content":false,"_jetpack_memberships_contains_paid_content":false,"footnotes":"","jetpack_publicize_message":"","jetpack_publicize_feature_enabled":true,"jetpack_social_post_already_shared":true,"jetpack_social_options":{"image_generator_settings":{"template":"highway","default_image_id":0,"font":"","enabled":false},"version":2}},"categories":[5,9],"tags":[],"class_list":["post-20792","post","type-post","status-publish","format-standard","has-post-thumbnail","hentry","category-podismo","category-sport"],"jetpack_publicize_connections":[],"jetpack_featured_media_url":"https:\/\/i0.wp.com\/uscatletica.ch\/wp\/wp-content\/uploads\/2025\/04\/Logo_GMB_41esima_OMINO_250331_205245.png?fit=1000%2C626&ssl=1","jetpack_sharing_enabled":true,"jetpack_shortlink":"https:\/\/wp.me\/s6V7Ck-20792","jetpack-related-posts":[{"id":19102,"url":"https:\/\/uscatletica.ch\/wp\/?p=19102","url_meta":{"origin":20792,"position":0},"title":"L&#8217;USC AL GIRO MEDIA BLENIO (corretto)","author":"Spider Calendar","date":"1 Aprile 2024","format":false,"excerpt":"La 40a\u00a0edizione del Giro Media Blenio, disputatasi in luned\u00ec uggioso, ha regalato grandi soddisfazioni all'US Capriaschese, presente nella Valle del Sole con una ventina di atleti. Nel GP Roberto sfiora il primato ticinese duellando con il campione europeo 2014 di Maratona Daniele Meucci. Nella 10 km \u00a0i campioni ticinesi sono\u2026","rel":"","context":"In &quot;Diversi&quot;","block_context":{"text":"Diversi","link":"https:\/\/uscatletica.ch\/wp\/?cat=30"},"img":{"alt_text":"","src":"https:\/\/i0.wp.com\/uscatletica.ch\/wp\/wp-content\/uploads\/2024\/04\/240401gmbpodi5km.png?fit=432%2C353&ssl=1&resize=350%2C200","width":350,"height":200},"classes":[]},{"id":16950,"url":"https:\/\/uscatletica.ch\/wp\/?p=16950","url_meta":{"origin":20792,"position":1},"title":"USC BRILLA AL GIRO MEDIA BLENIO","author":"Leonida Stampanoni","date":"10 Aprile 2023","format":false,"excerpt":"Il giro Media Blenio \u00e8 tornato dopo due anni di pausa forzata, oltre 500 atlete ed atlete si sono ritrovati sulle strade di Dongio per la 39 edizione.Una ventina abbondante gli USCini al via. Con la nuova fiammante divisa di KVPLUS i nostri atleti e le nostre atlete hanno brillato.\u2026","rel":"","context":"In &quot;Podismo&quot;","block_context":{"text":"Podismo","link":"https:\/\/uscatletica.ch\/wp\/?cat=5"},"img":{"alt_text":"","src":"https:\/\/i0.wp.com\/uscatletica.ch\/wp\/wp-content\/uploads\/2023\/04\/IMG_6940.jpeg?fit=1200%2C801&ssl=1&resize=350%2C200","width":350,"height":200,"srcset":"https:\/\/i0.wp.com\/uscatletica.ch\/wp\/wp-content\/uploads\/2023\/04\/IMG_6940.jpeg?fit=1200%2C801&ssl=1&resize=350%2C200 1x, https:\/\/i0.wp.com\/uscatletica.ch\/wp\/wp-content\/uploads\/2023\/04\/IMG_6940.jpeg?fit=1200%2C801&ssl=1&resize=525%2C300 1.5x, https:\/\/i0.wp.com\/uscatletica.ch\/wp\/wp-content\/uploads\/2023\/04\/IMG_6940.jpeg?fit=1200%2C801&ssl=1&resize=700%2C400 2x, https:\/\/i0.wp.com\/uscatletica.ch\/wp\/wp-content\/uploads\/2023\/04\/IMG_6940.jpeg?fit=1200%2C801&ssl=1&resize=1050%2C600 3x"},"classes":[]},{"id":3941,"url":"https:\/\/uscatletica.ch\/wp\/?p=3941","url_meta":{"origin":20792,"position":2},"title":"Coppa Ticino podismo ed altre gare (Classifica Stabio tutti i risultati USC)","author":"Leonida Stampanoni","date":"9 Aprile 2017","format":false,"excerpt":"Il fine settimana podistico era ricco di proposte a Stabio partiva la coppa ASTi podismo, \u00a0tre altri appuntamenti per gli USCini oltre le alpi. La mezza maratona di Reichenau, la Zurich Marathon , la corsa del Rotsee ad Ebikon. A Stabio doppietta tra gli u16 con le vittorie di Matilde\u2026","rel":"","context":"In &quot;Podismo&quot;","block_context":{"text":"Podismo","link":"https:\/\/uscatletica.ch\/wp\/?cat=5"},"img":{"alt_text":"","src":"https:\/\/i0.wp.com\/uscatletica.ch\/wp\/wp-content\/uploads\/2015\/11\/DSC_3748.jpg?fit=563%2C374&ssl=1&resize=350%2C200","width":350,"height":200,"srcset":"https:\/\/i0.wp.com\/uscatletica.ch\/wp\/wp-content\/uploads\/2015\/11\/DSC_3748.jpg?fit=563%2C374&ssl=1&resize=350%2C200 1x, https:\/\/i0.wp.com\/uscatletica.ch\/wp\/wp-content\/uploads\/2015\/11\/DSC_3748.jpg?fit=563%2C374&ssl=1&resize=525%2C300 1.5x"},"classes":[]},{"id":20810,"url":"https:\/\/uscatletica.ch\/wp\/?p=20810","url_meta":{"origin":20792,"position":3},"title":"Stabio USC Brillante in coppa ASTi Podismo e Giovanile","author":"Leonida Stampanoni","date":"4 Maggio 2025","format":false,"excerpt":"La 42 edizione del Giro di Stabio terza prova della Coppa ASTi Ticino Banca Stato Podismo e Giovanile ha approfittato di una fresca mattinata primaverile. \u00a0L'USC si \u00e8 presentata al via con una ventina di atleti nelle diverse categorie. \u00a0Nelle gare di coppa 2 vittorie giovanili grazie a Mattia e\u2026","rel":"","context":"In &quot;Podismo&quot;","block_context":{"text":"Podismo","link":"https:\/\/uscatletica.ch\/wp\/?cat=5"},"img":{"alt_text":"","src":"https:\/\/i0.wp.com\/uscatletica.ch\/wp\/wp-content\/uploads\/2024\/05\/P1180042.jpeg?fit=1200%2C900&ssl=1&resize=350%2C200","width":350,"height":200,"srcset":"https:\/\/i0.wp.com\/uscatletica.ch\/wp\/wp-content\/uploads\/2024\/05\/P1180042.jpeg?fit=1200%2C900&ssl=1&resize=350%2C200 1x, https:\/\/i0.wp.com\/uscatletica.ch\/wp\/wp-content\/uploads\/2024\/05\/P1180042.jpeg?fit=1200%2C900&ssl=1&resize=525%2C300 1.5x, https:\/\/i0.wp.com\/uscatletica.ch\/wp\/wp-content\/uploads\/2024\/05\/P1180042.jpeg?fit=1200%2C900&ssl=1&resize=700%2C400 2x, https:\/\/i0.wp.com\/uscatletica.ch\/wp\/wp-content\/uploads\/2024\/05\/P1180042.jpeg?fit=1200%2C900&ssl=1&resize=1050%2C600 3x"},"classes":[]},{"id":18187,"url":"https:\/\/uscatletica.ch\/wp\/?p=18187","url_meta":{"origin":20792,"position":4},"title":"USC Bene a Giornico","author":"Leonida Stampanoni","date":"7 Ottobre 2023","format":false,"excerpt":"Erano quasi una ventina gli USCini al via della corsa delle 7 chiese di Giornico \u00a0penultima prova delle Coppe ASTi BancaStato \u00a0Podismo e Giovanile che si chiuderanno sabati 21 ottobre con il Gir dal Diavol.\u00a0 Nelle gare giovanili doppietta tra le U16 con Lila ed Elsa, tra i ragazzi No\u00e9\u2026","rel":"","context":"In &quot;Podismo&quot;","block_context":{"text":"Podismo","link":"https:\/\/uscatletica.ch\/wp\/?cat=5"},"img":{"alt_text":"","src":"https:\/\/i0.wp.com\/uscatletica.ch\/wp\/wp-content\/uploads\/2022\/10\/221992sagnoU14M.jpg?fit=480%2C640&ssl=1&resize=350%2C200","width":350,"height":200},"classes":[]},{"id":5771,"url":"https:\/\/uscatletica.ch\/wp\/?p=5771","url_meta":{"origin":20792,"position":5},"title":"Giro Media Blenio ottima pasquetta per gli USCini","author":"Leonida Stampanoni","date":"2 Aprile 2018","format":false,"excerpt":"In una bella giornata primaverile erano una trentina gli USCini al Giro Media Blenio vinto da Nicola Bonzi Pauline Esikon. Miglior ticinese con il quinto tempo assoluto Lukas Oehen.\u00a0 Nella 10 km 5 premiati Roberto M20, Jonathan M40, Ralf M50,\u00a0 Marco ed Alex tra gli U20.\u00a0 Che hanno coronato la\u2026","rel":"","context":"In &quot;Podismo&quot;","block_context":{"text":"Podismo","link":"https:\/\/uscatletica.ch\/wp\/?cat=5"},"img":{"alt_text":"","src":"https:\/\/i0.wp.com\/uscatletica.ch\/wp\/wp-content\/uploads\/2016\/03\/gmb16fgniba560.jpg?fit=563%2C367&ssl=1&resize=350%2C200","width":350,"height":200,"srcset":"https:\/\/i0.wp.com\/uscatletica.ch\/wp\/wp-content\/uploads\/2016\/03\/gmb16fgniba560.jpg?fit=563%2C367&ssl=1&resize=350%2C200 1x, https:\/\/i0.wp.com\/uscatletica.ch\/wp\/wp-content\/uploads\/2016\/03\/gmb16fgniba560.jpg?fit=563%2C367&ssl=1&resize=525%2C300 1.5x"},"classes":[]}],"_links":{"self":[{"href":"https:\/\/uscatletica.ch\/wp\/index.php?rest_route=\/wp\/v2\/posts\/20792","targetHints":{"allow":["GET"]}}],"collection":[{"href":"https:\/\/uscatletica.ch\/wp\/index.php?rest_route=\/wp\/v2\/posts"}],"about":[{"href":"https:\/\/uscatletica.ch\/wp\/index.php?rest_route=\/wp\/v2\/types\/post"}],"author":[{"embeddable":true,"href":"https:\/\/uscatletica.ch\/wp\/index.php?rest_route=\/wp\/v2\/users\/4"}],"replies":[{"embeddable":true,"href":"https:\/\/uscatletica.ch\/wp\/index.php?rest_route=%2Fwp%2Fv2%2Fcomments&post=20792"}],"version-history":[{"count":2,"href":"https:\/\/uscatletica.ch\/wp\/index.php?rest_route=\/wp\/v2\/posts\/20792\/revisions"}],"predecessor-version":[{"id":20795,"href":"https:\/\/uscatletica.ch\/wp\/index.php?rest_route=\/wp\/v2\/posts\/20792\/revisions\/20795"}],"wp:featuredmedia":[{"embeddable":true,"href":"https:\/\/uscatletica.ch\/wp\/index.php?rest_route=\/wp\/v2\/media\/20793"}],"wp:attachment":[{"href":"https:\/\/uscatletica.ch\/wp\/index.php?rest_route=%2Fwp%2Fv2%2Fmedia&parent=20792"}],"wp:term":[{"taxonomy":"category","embeddable":true,"href":"https:\/\/uscatletica.ch\/wp\/index.php?rest_route=%2Fwp%2Fv2%2Fcategories&post=20792"},{"taxonomy":"post_tag","embeddable":true,"href":"https:\/\/uscatletica.ch\/wp\/index.php?rest_route=%2Fwp%2Fv2%2Ftags&post=20792"}],"curies":[{"name":"wp","href":"https:\/\/api.w.org\/{rel}","templated":true}]}}