{"id":20816,"date":"2025-05-10T07:50:00","date_gmt":"2025-05-10T05:50:00","guid":{"rendered":"https:\/\/uscatletica.ch\/wp\/?p=20816"},"modified":"2025-05-10T07:10:32","modified_gmt":"2025-05-10T05:10:32","slug":"20816","status":"publish","type":"post","link":"https:\/\/uscatletica.ch\/wp\/?p=20816","title":{"rendered":"USC un fine settimana in gara nelle Capitali"},"content":{"rendered":"\n<p>Il mese di maggio sar\u00e0 uno dei pi\u00f9 intensi dell&#8217;anno, nel fine settimana Atleti e atlete USC saranno in gara tra Bellinzona, dove il comunale ospiter\u00e0 il meeting d&#8217;apertura, e Bern, dove il GP Bern accogliera trentamila partecipanti. All&#8217;Ombra dei Castelli una decina le USCine al via. Tra le vie della capitale l&#8217;et\u00e0 media si alza e diversi fedelissimi saranno ai nastri di Partenza.<\/p>\n<p><a href=\"https:\/\/slv.laportal.net\/Competitions\/Competitoroverview\/15588\" target=\"_blank\" rel=\"noopener\">Risultati live dal Comunale<\/a>. \u00a0 <a href=\"https:\/\/trackmaxx.ch\/entrylist\/?race=gp25\" target=\"_blank\" rel=\"noopener\">Risultati da Bern <\/a><\/p>\n<p>Al meeting d&#8217;apertura sui 600 m No\u00e9, Mattia ed Amelie testeranno la forma in vista dei CT di staffetta giovanili. Nella velocit\u00e0 Asia Alice e Melissa cercano le prime conferme del lavoro svolto in inverno. Lea sar\u00e0 al via sui 300 m. Nelle discipline tecniche Lana e Marta saranno in pedana nel lungo. Michele si prepara alla Gola di Lago con un bel 2000 m.<\/p>\n<p>In vista della Gola di Lago gareggeranno anche la decina di protagonisti del GP Bern sulla distanza classica Alex, Alessandro, Valerio, Jonathan e Leonida, Elisa, Silvano, Raffaele, Mauro, Nathalie, Alessandra, Prisca sapranno gustarsi la 10 miglia pi\u00f9 bella del mondo. Nell&#8217;Altstadt GP Elia \u00e8 una certezza con successi e podi a ripetizione negli ultimi anni, Al via anche Olivia, Ramona. Nel B\u00e4ren GP al via le piccole Flora e Lena<\/p>\n<table border=\"0\" cellspacing=\"0\"><colgroup width=\"301\"><\/colgroup><colgroup width=\"105\"><\/colgroup>\n<tbody>\n<tr>\n<td align=\"left\" valign=\"top\" height=\"26\" data-sheets-value=\"{ &quot;1&quot;: 2, &quot;2&quot;: &quot;Andreoli Am\u00e9lie&quot;}\"><span style=\"font-family: Verdana; font-size: xx-small;\">Andreoli Am\u00e9lie<\/span><\/td>\n<td align=\"left\" valign=\"top\" data-sheets-value=\"{ &quot;1&quot;: 2, &quot;2&quot;: &quot;600 m&quot;}\"><span style=\"font-family: Verdana; font-size: xx-small;\">600 m<\/span><\/td>\n<\/tr>\n<tr>\n<td align=\"left\" valign=\"top\" height=\"26\" data-sheets-value=\"{ &quot;1&quot;: 2, &quot;2&quot;: &quot;Cocconi Lea&quot;}\"><span style=\"font-family: Verdana; font-size: xx-small;\">Cocconi Lea<\/span><\/td>\n<td align=\"left\" valign=\"top\" data-sheets-value=\"{ &quot;1&quot;: 2, &quot;2&quot;: &quot;300 m&quot;}\"><span style=\"font-family: Verdana; font-size: xx-small;\">300 m<\/span><\/td>\n<\/tr>\n<tr>\n<td align=\"left\" valign=\"top\" height=\"26\" data-sheets-value=\"{ &quot;1&quot;: 2, &quot;2&quot;: &quot;Brenna Melissa&quot;}\"><span style=\"font-family: Verdana; font-size: xx-small;\">Brenna Melissa<\/span><\/td>\n<td align=\"left\" valign=\"top\" data-sheets-value=\"{ &quot;1&quot;: 2, &quot;2&quot;: &quot;100 m&quot;}\"><span style=\"font-family: Verdana; font-size: xx-small;\">100 m<\/span><\/td>\n<\/tr>\n<tr>\n<td align=\"left\" valign=\"top\" height=\"26\" data-sheets-value=\"{ &quot;1&quot;: 2, &quot;2&quot;: &quot;Petralli Alice&quot;}\"><span style=\"font-family: Verdana; font-size: xx-small;\">Petralli Alice<\/span><\/td>\n<td align=\"left\" valign=\"top\" data-sheets-value=\"{ &quot;1&quot;: 2, &quot;2&quot;: &quot;100 m&quot;}\"><span style=\"font-family: Verdana; font-size: xx-small;\">100 m<\/span><\/td>\n<\/tr>\n<tr>\n<td align=\"left\" valign=\"top\" height=\"26\" data-sheets-value=\"{ &quot;1&quot;: 2, &quot;2&quot;: &quot;Mulattieri Marta&quot;}\"><span style=\"font-family: Verdana; font-size: xx-small;\">Mulattieri Marta<\/span><\/td>\n<td align=\"left\" valign=\"top\" data-sheets-value=\"{ &quot;1&quot;: 2, &quot;2&quot;: &quot;Weit&quot;}\"><span style=\"font-family: Verdana; font-size: xx-small;\">Lungo<\/span><\/td>\n<\/tr>\n<tr>\n<td align=\"left\" valign=\"top\" height=\"26\" data-sheets-value=\"{ &quot;1&quot;: 2, &quot;2&quot;: &quot;Corti Asia&quot;}\"><span style=\"font-family: Verdana; font-size: xx-small;\">Corti Asia<\/span><\/td>\n<td align=\"left\" valign=\"top\" data-sheets-value=\"{ &quot;1&quot;: 2, &quot;2&quot;: &quot;80 m&quot;}\"><span style=\"font-family: Verdana; font-size: xx-small;\">80 m<\/span><\/td>\n<\/tr>\n<tr>\n<td align=\"left\" valign=\"top\" height=\"26\" data-sheets-value=\"{ &quot;1&quot;: 2, &quot;2&quot;: &quot;Gianotti Mattia&quot;}\"><span style=\"font-family: Verdana; font-size: xx-small;\">Gianotti Mattia<\/span><\/td>\n<td align=\"left\" valign=\"top\" data-sheets-value=\"{ &quot;1&quot;: 2, &quot;2&quot;: &quot;2000 m&quot;}\"><span style=\"font-family: Verdana; font-size: xx-small;\">2000 m \/600 m<\/span><\/td>\n<\/tr>\n<tr>\n<td align=\"left\" valign=\"top\" height=\"26\" data-sheets-value=\"{ &quot;1&quot;: 2, &quot;2&quot;: &quot;Volger No\u00e8&quot;}\"><span style=\"font-family: Verdana; font-size: xx-small;\">Volger No\u00e8<\/span><\/td>\n<td align=\"left\" valign=\"top\" data-sheets-value=\"{ &quot;1&quot;: 2, &quot;2&quot;: &quot;600 m&quot;}\"><span style=\"font-family: Verdana; font-size: xx-small;\">600 m<\/span><\/td>\n<\/tr>\n<tr>\n<td align=\"left\" valign=\"top\" height=\"26\" data-sheets-value=\"{ &quot;1&quot;: 2, &quot;2&quot;: &quot;Vidakovic Lana&quot;}\"><span style=\"font-family: Verdana; font-size: xx-small;\">Vidakovic Lana<\/span><\/td>\n<td align=\"left\" valign=\"top\" data-sheets-value=\"{ &quot;1&quot;: 2, &quot;2&quot;: &quot;Weit&quot;}\"><span style=\"font-family: Verdana; font-size: xx-small;\">Lungo<\/span><\/td>\n<\/tr>\n<tr>\n<td align=\"left\" valign=\"top\" height=\"26\" data-sheets-value=\"{ &quot;1&quot;: 2, &quot;2&quot;: &quot;Lardi Michele&quot;}\"><span style=\"font-family: Verdana; font-size: xx-small;\">Lardi Michele<\/span><\/td>\n<td align=\"left\" valign=\"top\" data-sheets-value=\"{ &quot;1&quot;: 2, &quot;2&quot;: &quot;2000 m&quot;}\"><span style=\"font-family: Verdana; font-size: xx-small;\">2000 m<\/span><\/td>\n<\/tr>\n<\/tbody>\n<\/table>\n<p>\u00a0<\/p>\n","protected":false},"excerpt":{"rendered":"<p>Il mese di maggio sar\u00e0 uno dei pi\u00f9 intensi dell&#8217;anno, nel fine settimana Atleti e atlete USC saranno in gara tra Bellinzona, dove il comunale ospiter\u00e0 il meeting d&#8217;apertura, e Bern, dove il GP Bern accogliera trentamila partecipanti. All&#8217;Ombra dei Castelli una decina le USCine al via. Tra le vie della capitale l&#8217;et\u00e0 media si alza e diversi fedelissimi saranno ai nastri di Partenza. Risultati live dal Comunale. \u00a0 Risultati da Bern Al meeting d&#8217;apertura&#8230;<\/p>\n","protected":false},"author":4,"featured_media":15889,"comment_status":"closed","ping_status":"closed","sticky":false,"template":"","format":"standard","meta":{"jetpack_post_was_ever_published":false,"_jetpack_newsletter_access":"","_jetpack_dont_email_post_to_subs":false,"_jetpack_newsletter_tier_id":0,"_jetpack_memberships_contains_paywalled_content":false,"_jetpack_memberships_contains_paid_content":false,"footnotes":"","jetpack_publicize_message":"","jetpack_publicize_feature_enabled":true,"jetpack_social_post_already_shared":true,"jetpack_social_options":{"image_generator_settings":{"template":"highway","default_image_id":0,"font":"","enabled":false},"version":2}},"categories":[4,5,9],"tags":[],"class_list":["post-20816","post","type-post","status-publish","format-standard","has-post-thumbnail","hentry","category-pista","category-podismo","category-sport"],"jetpack_publicize_connections":[],"jetpack_featured_media_url":"https:\/\/i0.wp.com\/uscatletica.ch\/wp\/wp-content\/uploads\/2022\/09\/Gala.jpg?fit=753%2C257&ssl=1","jetpack_sharing_enabled":true,"jetpack_shortlink":"https:\/\/wp.me\/s6V7Ck-20816","jetpack-related-posts":[{"id":20623,"url":"https:\/\/uscatletica.ch\/wp\/?p=20623","url_meta":{"origin":20816,"position":0},"title":"Da Willisau a Bern USCine\/i impegnate nel fine settimana","author":"Leonida Stampanoni","date":"7 Marzo 2025","format":false,"excerpt":"Nell'intenso fine settimana in cui si svolgono anche i campionati europei Indoor, l'USC sar\u00e0 impegnata su due fronti: Sabato a Willisau ci saranno tre team a caccia di un posto alla finale nazionale di Thun del 22 marzo. In mattinata saranno i due quintetti U16X Stralusc (Sebastiano, Noah, Anais, Amelie,\u2026","rel":"","context":"In &quot;Cross&quot;","block_context":{"text":"Cross","link":"https:\/\/uscatletica.ch\/wp\/?cat=7"},"img":{"alt_text":"","src":"https:\/\/i0.wp.com\/uscatletica.ch\/wp\/wp-content\/uploads\/2025\/03\/Trottatecaprette.jpg?fit=432%2C272&ssl=1&resize=350%2C200","width":350,"height":200},"classes":[]},{"id":13069,"url":"https:\/\/uscatletica.ch\/wp\/?p=13069","url_meta":{"origin":20816,"position":1},"title":"A Cornaredo riparte la stagione la nostra 4&#215;100 ambiziosa","author":"Leonida Stampanoni","date":"20 Agosto 2021","format":false,"excerpt":"Sabato sera saranno una decina gli atleti USC al via del Meeting Serale di Lugano abbinato ai campionati ticinesi di 4x100 e staffetta Olimpionica. Il nostro quartetto sar\u00e0 al via della 4x100 m femminile \u00a0sei atleti al via nelle gare individuali \u00a0su 100 m e 600 m. Nei prossimi due\u2026","rel":"","context":"In &quot;Pista&quot;","block_context":{"text":"Pista","link":"https:\/\/uscatletica.ch\/wp\/?cat=4"},"img":{"alt_text":"","src":"https:\/\/i0.wp.com\/uscatletica.ch\/wp\/wp-content\/uploads\/2021\/07\/210721leilamatilda.jpg?fit=432%2C324&ssl=1&resize=350%2C200","width":350,"height":200},"classes":[]},{"id":1716,"url":"https:\/\/uscatletica.ch\/wp\/?p=1716","url_meta":{"origin":20816,"position":2},"title":"Simone a Bressanone, sabato tra Bern e Sarnen domenica ticinese.","author":"Leonida Stampanoni","date":"13 Maggio 2016","format":false,"excerpt":"Il fine settimana di Pentecoste sar\u00e0 particolarmente intenso dal punto di vista atletico Simone difender\u00e0 i colori USC nella prima uscita da CT di Luca Romerio al Brixia Meeting di Bressanone. Sabato \u00a0una decina di USCini saranno a Sarnen \u00a0per il tradizionale meeting primaverile. \u00a03000o Podisti saranno al via del\u2026","rel":"","context":"In &quot;Pista&quot;","block_context":{"text":"Pista","link":"https:\/\/uscatletica.ch\/wp\/?cat=4"},"img":{"alt_text":"","src":"https:\/\/i0.wp.com\/uscatletica.ch\/wp\/wp-content\/uploads\/2015\/09\/argealpAI2015HERISAU.jpeg?fit=960%2C540&ssl=1&resize=350%2C200","width":350,"height":200,"srcset":"https:\/\/i0.wp.com\/uscatletica.ch\/wp\/wp-content\/uploads\/2015\/09\/argealpAI2015HERISAU.jpeg?fit=960%2C540&ssl=1&resize=350%2C200 1x, https:\/\/i0.wp.com\/uscatletica.ch\/wp\/wp-content\/uploads\/2015\/09\/argealpAI2015HERISAU.jpeg?fit=960%2C540&ssl=1&resize=525%2C300 1.5x, https:\/\/i0.wp.com\/uscatletica.ch\/wp\/wp-content\/uploads\/2015\/09\/argealpAI2015HERISAU.jpeg?fit=960%2C540&ssl=1&resize=700%2C400 2x"},"classes":[]},{"id":4244,"url":"https:\/\/uscatletica.ch\/wp\/?p=4244","url_meta":{"origin":20816,"position":3},"title":"Atleti da Rivera a Cornaredo Podisti da Bern a Gravesano fine settimana ricco","author":"Leonida Stampanoni","date":"12 Maggio 2017","format":false,"excerpt":"Fine settimana ricco per l'USC la stagione in pista \u00e8 oramai lanciata \u00a0\u00e8 vivr\u00e0 un doppio appuntamento tra Rivera con l'ultima occasione per strappare un biglietto per la finale Kids Cup di Bellinzona ed il bel meeting SAM di Cornaredo \u00a0con discipline per tutti i gusti. \u00a0Per i podisti la\u2026","rel":"","context":"In &quot;Pista&quot;","block_context":{"text":"Pista","link":"https:\/\/uscatletica.ch\/wp\/?cat=4"},"img":{"alt_text":"","src":"https:\/\/i0.wp.com\/uscatletica.ch\/wp\/wp-content\/uploads\/2017\/04\/P1460145.jpg?fit=563%2C422&ssl=1&resize=350%2C200","width":350,"height":200,"srcset":"https:\/\/i0.wp.com\/uscatletica.ch\/wp\/wp-content\/uploads\/2017\/04\/P1460145.jpg?fit=563%2C422&ssl=1&resize=350%2C200 1x, https:\/\/i0.wp.com\/uscatletica.ch\/wp\/wp-content\/uploads\/2017\/04\/P1460145.jpg?fit=563%2C422&ssl=1&resize=525%2C300 1.5x"},"classes":[]},{"id":6042,"url":"https:\/\/uscatletica.ch\/wp\/?p=6042","url_meta":{"origin":20816,"position":4},"title":"Giada a Bressanone I podisti tra GP Bern Ritom e Malvaglia","author":"Leonida Stampanoni","date":"17 Maggio 2018","format":false,"excerpt":"Il lungo fine settimana di Pentecoste \u00e8 ricco di appuntamenti atletici e podistici, Giada sar\u00e0 a Bressanone con i colori del Ticino per il Brixia meeting. Nella capitale ci sar\u00e0 la solita delegazione USC al GP Bern la 10 miglia pi\u00f9 bella al mondo, La coppa ASTi prevede un doppio\u2026","rel":"","context":"In &quot;Montagna&quot;","block_context":{"text":"Montagna","link":"https:\/\/uscatletica.ch\/wp\/?cat=16"},"img":{"alt_text":"","src":"https:\/\/i0.wp.com\/uscatletica.ch\/wp\/wp-content\/uploads\/2017\/10\/giadagiavepo2.jpg?fit=531%2C320&ssl=1&resize=350%2C200","width":350,"height":200,"srcset":"https:\/\/i0.wp.com\/uscatletica.ch\/wp\/wp-content\/uploads\/2017\/10\/giadagiavepo2.jpg?fit=531%2C320&ssl=1&resize=350%2C200 1x, https:\/\/i0.wp.com\/uscatletica.ch\/wp\/wp-content\/uploads\/2017\/10\/giadagiavepo2.jpg?fit=531%2C320&ssl=1&resize=525%2C300 1.5x"},"classes":[]},{"id":17288,"url":"https:\/\/uscatletica.ch\/wp\/?p=17288","url_meta":{"origin":20816,"position":5},"title":"Elia secondo al GP Bern","author":"Leonida Stampanoni","date":"13 Maggio 2023","format":false,"excerpt":"Alla 41 edizione del GP Bern, una delle grandi classiche del panorama svizzero con quasi 25000 partecipanti, come sempre c'era anche l'USC, con sei presenze. Sulla distanza corta Elia conferma di essere tra i migliori ottenendo il 24esimo tempo assoluto ed il secondo rango tra gli M40. \u00a0Bravi anche Patrizia\u2026","rel":"","context":"In &quot;Podismo&quot;","block_context":{"text":"Podismo","link":"https:\/\/uscatletica.ch\/wp\/?cat=5"},"img":{"alt_text":"","src":"https:\/\/i0.wp.com\/uscatletica.ch\/wp\/wp-content\/uploads\/2023\/05\/23gpbernelia.jpg?fit=432%2C324&ssl=1&resize=350%2C200","width":350,"height":200},"classes":[]}],"_links":{"self":[{"href":"https:\/\/uscatletica.ch\/wp\/index.php?rest_route=\/wp\/v2\/posts\/20816","targetHints":{"allow":["GET"]}}],"collection":[{"href":"https:\/\/uscatletica.ch\/wp\/index.php?rest_route=\/wp\/v2\/posts"}],"about":[{"href":"https:\/\/uscatletica.ch\/wp\/index.php?rest_route=\/wp\/v2\/types\/post"}],"author":[{"embeddable":true,"href":"https:\/\/uscatletica.ch\/wp\/index.php?rest_route=\/wp\/v2\/users\/4"}],"replies":[{"embeddable":true,"href":"https:\/\/uscatletica.ch\/wp\/index.php?rest_route=%2Fwp%2Fv2%2Fcomments&post=20816"}],"version-history":[{"count":8,"href":"https:\/\/uscatletica.ch\/wp\/index.php?rest_route=\/wp\/v2\/posts\/20816\/revisions"}],"predecessor-version":[{"id":20829,"href":"https:\/\/uscatletica.ch\/wp\/index.php?rest_route=\/wp\/v2\/posts\/20816\/revisions\/20829"}],"wp:featuredmedia":[{"embeddable":true,"href":"https:\/\/uscatletica.ch\/wp\/index.php?rest_route=\/wp\/v2\/media\/15889"}],"wp:attachment":[{"href":"https:\/\/uscatletica.ch\/wp\/index.php?rest_route=%2Fwp%2Fv2%2Fmedia&parent=20816"}],"wp:term":[{"taxonomy":"category","embeddable":true,"href":"https:\/\/uscatletica.ch\/wp\/index.php?rest_route=%2Fwp%2Fv2%2Fcategories&post=20816"},{"taxonomy":"post_tag","embeddable":true,"href":"https:\/\/uscatletica.ch\/wp\/index.php?rest_route=%2Fwp%2Fv2%2Ftags&post=20816"}],"curies":[{"name":"wp","href":"https:\/\/api.w.org\/{rel}","templated":true}]}}