{"id":20830,"date":"2025-05-10T22:59:25","date_gmt":"2025-05-10T20:59:25","guid":{"rendered":"https:\/\/uscatletica.ch\/wp\/?p=20830"},"modified":"2025-05-10T23:00:55","modified_gmt":"2025-05-10T21:00:55","slug":"elia-vince-laltstadt-gp-alex-sotto-lora-nel-gp","status":"publish","type":"post","link":"https:\/\/uscatletica.ch\/wp\/?p=20830","title":{"rendered":"Elia vince l&#8217;Altstadt GP Alex sotto l&#8217;ora nel GP"},"content":{"rendered":"\n<p>Una splendida e forse fin troppo calda giornata primaverile ha salutato i 35600 partecipanti alla 43 edizione del GP Bern. Sulla distanza originale doppietta Kenyana con il gi\u00e0 campione del mondo Geoffrey Kamworor e Rebecca Chepkwemoi. Nell&#8217;Altstadt GP sui 4.7 km vincono Hamsa Dhabar e Celine Aebi che solo nel finale stacca Elia, vincitore della categoria M40. Sulle 10 miglia Alex \u00e8 il miglior USC in 59&#8217;22 seguito da Alessandro che \u00e8 appena sopra l&#8217;ora.\u00a0<\/p>\n<p><a href=\"https:\/\/trackmaxx.ch\/results\/?race=gp25\" target=\"_blank\" rel=\"noopener\">Tutti i risultati del GP Bern<\/a><\/p>\n<p>Nell&#8217;Altstadt GP Elia firma ancora una volta la vittoria di categoria in 16&#8217;25 dopo una gara condotta spalla a spalla con la prima donna Celine Aebi. Nella gara femminile Olivia in 22&#8217;13 si migliora nettamente seguita a ruota da Ramona che chiude in 22&#8217;58. Massimo B. debutta in 26&#8243;01.\u00a0<\/p>\n<p>Sulle 10 miglia Alex in 59&#8217;22 riesce a scendere sotto il muro dell&#8217;ora e chiude nono di categoria. Alessandro dopo aver staccato il pacemaker dell&#8217;ora chiude purtroppo in 1h00&#8217;57 quindicesimo di categoria. \u00a0Jonathan in 1h05&#8217;47 precede di pochissimo Valerio 1h05&#8217;59 Poco mendo di 5 minuti dopo il duello \u00e8 tra mauro 1h10&#8217;25 e Leonida 1h10&#8217;41 poco dopo il nostro ex membro di comitato Raffaele. Elisa B. con 1h16&#8217;18 precede di poco Pap\u00e0 Silvano 1h17&#8217;57. Tre gazzelle completano il team Nathalie 1h22&#8217;55, Alessandra 1h24&#8217;06 e Prisca 1h31&#8217;03.\u00a0<\/p>\n<p>Le prime a tagliare il traguardo sono state le giovani Zanetti Lena in 8&#8217;59 \u00a0e Lena in 9&#8217;02.\u00a0<\/p>\n\n\n","protected":false},"excerpt":{"rendered":"<p>Una splendida e forse fin troppo calda giornata primaverile ha salutato i 35600 partecipanti alla 43 edizione del GP Bern. Sulla distanza originale doppietta Kenyana con il gi\u00e0 campione del mondo Geoffrey Kamworor e Rebecca Chepkwemoi. Nell&#8217;Altstadt GP sui 4.7 km vincono Hamsa Dhabar e Celine Aebi che solo nel finale stacca Elia, vincitore della categoria M40. Sulle 10 miglia Alex \u00e8 il miglior USC in 59&#8217;22 seguito da Alessandro che \u00e8 appena sopra l&#8217;ora.\u00a0&#8230;<\/p>\n","protected":false},"author":4,"featured_media":17293,"comment_status":"closed","ping_status":"closed","sticky":false,"template":"","format":"standard","meta":{"jetpack_post_was_ever_published":false,"_jetpack_newsletter_access":"","_jetpack_dont_email_post_to_subs":false,"_jetpack_newsletter_tier_id":0,"_jetpack_memberships_contains_paywalled_content":false,"_jetpack_memberships_contains_paid_content":false,"footnotes":"","jetpack_publicize_message":"","jetpack_publicize_feature_enabled":true,"jetpack_social_post_already_shared":true,"jetpack_social_options":{"image_generator_settings":{"template":"highway","default_image_id":0,"font":"","enabled":false},"version":2}},"categories":[5,9],"tags":[],"class_list":["post-20830","post","type-post","status-publish","format-standard","has-post-thumbnail","hentry","category-podismo","category-sport"],"jetpack_publicize_connections":[],"jetpack_featured_media_url":"https:\/\/i0.wp.com\/uscatletica.ch\/wp\/wp-content\/uploads\/2023\/05\/23gpbernelia.jpg?fit=432%2C324&ssl=1","jetpack_sharing_enabled":true,"jetpack_shortlink":"https:\/\/wp.me\/p6V7Ck-5pY","jetpack-related-posts":[{"id":19348,"url":"https:\/\/uscatletica.ch\/wp\/?p=19348","url_meta":{"origin":20830,"position":0},"title":"14 podisti USC a Berna, Elia (ri)vince l&#8217;Altstadt GP (agg.)","author":"Leonida Stampanoni","date":"18 Maggio 2024","format":false,"excerpt":"Il GP Bern, la grande classica di primavera del podismo svizzero, ha visto al via una quindicina di Capriaschesi tra i trentamila che hanno animato le strade della capitale di corsa. Tra i fedelissimi Elia, che festeggia la terza vittoria di categoria nell'Altstadt GP vinto da Fabian Aebersold e Delia\u2026","rel":"","context":"In &quot;Podismo&quot;","block_context":{"text":"Podismo","link":"https:\/\/uscatletica.ch\/wp\/?cat=5"},"img":{"alt_text":"","src":"https:\/\/i0.wp.com\/uscatletica.ch\/wp\/wp-content\/uploads\/2024\/02\/CrossMendrisio2024-FotoMCV.jpg?fit=559%2C503&ssl=1&resize=350%2C200","width":350,"height":200,"srcset":"https:\/\/i0.wp.com\/uscatletica.ch\/wp\/wp-content\/uploads\/2024\/02\/CrossMendrisio2024-FotoMCV.jpg?fit=559%2C503&ssl=1&resize=350%2C200 1x, https:\/\/i0.wp.com\/uscatletica.ch\/wp\/wp-content\/uploads\/2024\/02\/CrossMendrisio2024-FotoMCV.jpg?fit=559%2C503&ssl=1&resize=525%2C300 1.5x"},"classes":[]},{"id":8076,"url":"https:\/\/uscatletica.ch\/wp\/?p=8076","url_meta":{"origin":20830,"position":1},"title":"GP Bern Vola Kamworor Altstadt GP Elia primo M40","author":"Leonida Stampanoni","date":"11 Maggio 2019","format":false,"excerpt":"In una pazza giornata di primavera erano oltre 30000 gli atleti al via del GP BERN una ventina i capriaschesi. Nella classica 10 miglia il due volte campione del mondo di cross e tre volte campione del mondo di mezza maratona Geofrrey Kamworor ha firmato uno stellare primato del percorso\u2026","rel":"","context":"In &quot;Podismo&quot;","block_context":{"text":"Podismo","link":"https:\/\/uscatletica.ch\/wp\/?cat=5"},"img":{"alt_text":"","src":"https:\/\/i0.wp.com\/uscatletica.ch\/wp\/wp-content\/uploads\/2016\/05\/P1400304.jpg?fit=563%2C422&ssl=1&resize=350%2C200","width":350,"height":200,"srcset":"https:\/\/i0.wp.com\/uscatletica.ch\/wp\/wp-content\/uploads\/2016\/05\/P1400304.jpg?fit=563%2C422&ssl=1&resize=350%2C200 1x, https:\/\/i0.wp.com\/uscatletica.ch\/wp\/wp-content\/uploads\/2016\/05\/P1400304.jpg?fit=563%2C422&ssl=1&resize=525%2C300 1.5x"},"classes":[]},{"id":17288,"url":"https:\/\/uscatletica.ch\/wp\/?p=17288","url_meta":{"origin":20830,"position":2},"title":"Elia secondo al GP Bern","author":"Leonida Stampanoni","date":"13 Maggio 2023","format":false,"excerpt":"Alla 41 edizione del GP Bern, una delle grandi classiche del panorama svizzero con quasi 25000 partecipanti, come sempre c'era anche l'USC, con sei presenze. Sulla distanza corta Elia conferma di essere tra i migliori ottenendo il 24esimo tempo assoluto ed il secondo rango tra gli M40. \u00a0Bravi anche Patrizia\u2026","rel":"","context":"In &quot;Podismo&quot;","block_context":{"text":"Podismo","link":"https:\/\/uscatletica.ch\/wp\/?cat=5"},"img":{"alt_text":"","src":"https:\/\/i0.wp.com\/uscatletica.ch\/wp\/wp-content\/uploads\/2023\/05\/23gpbernelia.jpg?fit=432%2C324&ssl=1&resize=350%2C200","width":350,"height":200},"classes":[]},{"id":20816,"url":"https:\/\/uscatletica.ch\/wp\/?p=20816","url_meta":{"origin":20830,"position":3},"title":"USC un fine settimana in gara nelle Capitali","author":"Leonida Stampanoni","date":"10 Maggio 2025","format":false,"excerpt":"Il mese di maggio sar\u00e0 uno dei pi\u00f9 intensi dell'anno, nel fine settimana Atleti e atlete USC saranno in gara tra Bellinzona, dove il comunale ospiter\u00e0 il meeting d'apertura, e Bern, dove il GP Bern accogliera trentamila partecipanti. All'Ombra dei Castelli una decina le USCine al via. Tra le vie\u2026","rel":"","context":"In &quot;Pista&quot;","block_context":{"text":"Pista","link":"https:\/\/uscatletica.ch\/wp\/?cat=4"},"img":{"alt_text":"","src":"https:\/\/i0.wp.com\/uscatletica.ch\/wp\/wp-content\/uploads\/2022\/09\/Gala.jpg?fit=753%2C257&ssl=1&resize=350%2C200","width":350,"height":200,"srcset":"https:\/\/i0.wp.com\/uscatletica.ch\/wp\/wp-content\/uploads\/2022\/09\/Gala.jpg?fit=753%2C257&ssl=1&resize=350%2C200 1x, https:\/\/i0.wp.com\/uscatletica.ch\/wp\/wp-content\/uploads\/2022\/09\/Gala.jpg?fit=753%2C257&ssl=1&resize=525%2C300 1.5x, https:\/\/i0.wp.com\/uscatletica.ch\/wp\/wp-content\/uploads\/2022\/09\/Gala.jpg?fit=753%2C257&ssl=1&resize=700%2C400 2x"},"classes":[]},{"id":15184,"url":"https:\/\/uscatletica.ch\/wp\/?p=15184","url_meta":{"origin":20830,"position":4},"title":"John ed Elia sul Podio a Berna","author":"Leonida Stampanoni","date":"14 Maggio 2022","format":false,"excerpt":"La 40ima edizione del GP Bern ha regalato parecchie soddisfazioni agli atleti USC presenti nella capitale. Due i podidi categoria: uno nella 10 miglia pi\u00f9 bella del mondo per John e uno nell'Altstadt GP per Elia sui 4.7 \u00a0km. Tutti i risultati live\u00a0 Nella 10 miglia \u00a0le vittorie assolute sono\u2026","rel":"","context":"In &quot;Podismo&quot;","block_context":{"text":"Podismo","link":"https:\/\/uscatletica.ch\/wp\/?cat=5"},"img":{"alt_text":"","src":"https:\/\/i0.wp.com\/uscatletica.ch\/wp\/wp-content\/uploads\/2022\/05\/GP-Bern-22.jpg?fit=514%2C270&ssl=1&resize=350%2C200","width":350,"height":200},"classes":[]},{"id":4253,"url":"https:\/\/uscatletica.ch\/wp\/?p=4253","url_meta":{"origin":20830,"position":5},"title":"GP Bern Maria vince Jonathan da podio","author":"Leonida Stampanoni","date":"14 Maggio 2017","format":false,"excerpt":"Giornata afosa nella capitale con un temporale che minacciava l'aria. I 30ooo partecipanti si sono cimentati sui vari percorsi \u00a0una ventina gli USCini al via. Tra i 15000 della 10 miglia pi\u00f9 bella del mondo spiccano la vittoria W65 per Maria il podio M45 \u00a0per Jonathan, ottima prova per Matilde\u2026","rel":"","context":"In &quot;Podismo&quot;","block_context":{"text":"Podismo","link":"https:\/\/uscatletica.ch\/wp\/?cat=5"},"img":{"alt_text":"","src":"https:\/\/i0.wp.com\/uscatletica.ch\/wp\/wp-content\/uploads\/2016\/02\/MARIACRIMELLA13.jpg?fit=640%2C462&ssl=1&resize=350%2C200","width":350,"height":200,"srcset":"https:\/\/i0.wp.com\/uscatletica.ch\/wp\/wp-content\/uploads\/2016\/02\/MARIACRIMELLA13.jpg?fit=640%2C462&ssl=1&resize=350%2C200 1x, https:\/\/i0.wp.com\/uscatletica.ch\/wp\/wp-content\/uploads\/2016\/02\/MARIACRIMELLA13.jpg?fit=640%2C462&ssl=1&resize=525%2C300 1.5x"},"classes":[]}],"_links":{"self":[{"href":"https:\/\/uscatletica.ch\/wp\/index.php?rest_route=\/wp\/v2\/posts\/20830","targetHints":{"allow":["GET"]}}],"collection":[{"href":"https:\/\/uscatletica.ch\/wp\/index.php?rest_route=\/wp\/v2\/posts"}],"about":[{"href":"https:\/\/uscatletica.ch\/wp\/index.php?rest_route=\/wp\/v2\/types\/post"}],"author":[{"embeddable":true,"href":"https:\/\/uscatletica.ch\/wp\/index.php?rest_route=\/wp\/v2\/users\/4"}],"replies":[{"embeddable":true,"href":"https:\/\/uscatletica.ch\/wp\/index.php?rest_route=%2Fwp%2Fv2%2Fcomments&post=20830"}],"version-history":[{"count":1,"href":"https:\/\/uscatletica.ch\/wp\/index.php?rest_route=\/wp\/v2\/posts\/20830\/revisions"}],"predecessor-version":[{"id":20833,"href":"https:\/\/uscatletica.ch\/wp\/index.php?rest_route=\/wp\/v2\/posts\/20830\/revisions\/20833"}],"wp:featuredmedia":[{"embeddable":true,"href":"https:\/\/uscatletica.ch\/wp\/index.php?rest_route=\/wp\/v2\/media\/17293"}],"wp:attachment":[{"href":"https:\/\/uscatletica.ch\/wp\/index.php?rest_route=%2Fwp%2Fv2%2Fmedia&parent=20830"}],"wp:term":[{"taxonomy":"category","embeddable":true,"href":"https:\/\/uscatletica.ch\/wp\/index.php?rest_route=%2Fwp%2Fv2%2Fcategories&post=20830"},{"taxonomy":"post_tag","embeddable":true,"href":"https:\/\/uscatletica.ch\/wp\/index.php?rest_route=%2Fwp%2Fv2%2Ftags&post=20830"}],"curies":[{"name":"wp","href":"https:\/\/api.w.org\/{rel}","templated":true}]}}