{"id":20911,"date":"2025-05-25T05:46:31","date_gmt":"2025-05-25T03:46:31","guid":{"rendered":"https:\/\/uscatletica.ch\/wp\/?p=20911"},"modified":"2025-05-25T18:28:54","modified_gmt":"2025-05-25T16:28:54","slug":"gp-ftal-biasca-michele-argento-sui-5000-m-brava-usc","status":"publish","type":"post","link":"https:\/\/uscatletica.ch\/wp\/?p=20911","title":{"rendered":"GP FTAL BIASCA MICHELE BRONZO SUI 5000 m  OTTIMA ALICE AL BRIXIA MEETING (live streaming Brixia Next gen)"},"content":{"rendered":"\n<p>Un bel pomeriggio primaverile ha accolto al Vallone di Biasca i partecipanti al primo GP BancaStato FTAL, in cui erano in programma anche i campionati ticinesi dei 3000 m femminili e dei 5000 m maschili dove Michele ha colto il personale e la medaglia di bronzo. Due ori per la famiglia Marani con Tommaso al maschile ed Elisa al femminile. buona pure la gara di Alessandro. Tre dei quattro giovani talenti hanno firmato il personale No\u00e9 sugli 800, Amelie sui 600 ed Asia sugli 80 m. La nostra saltatrice Marta invece a causa di problema al piede non ha potuto esprimersi al meglio nell&#8217;alto. \u00a0<\/p>\n<p><a href=\"https:\/\/i0.wp.com\/uscatletica.ch\/wp\/wp-content\/uploads\/2025\/05\/2025ct5kmichilardipo.jpg?ssl=1\"><img data-recalc-dims=\"1\" loading=\"lazy\" decoding=\"async\" data-attachment-id=\"20944\" data-permalink=\"https:\/\/uscatletica.ch\/wp\/?attachment_id=20944\" data-orig-file=\"https:\/\/i0.wp.com\/uscatletica.ch\/wp\/wp-content\/uploads\/2025\/05\/2025ct5kmichilardipo.jpg?fit=444%2C666&amp;ssl=1\" data-orig-size=\"444,666\" data-comments-opened=\"0\" data-image-meta=\"{&quot;aperture&quot;:&quot;0&quot;,&quot;credit&quot;:&quot;&quot;,&quot;camera&quot;:&quot;&quot;,&quot;caption&quot;:&quot;&quot;,&quot;created_timestamp&quot;:&quot;0&quot;,&quot;copyright&quot;:&quot;&quot;,&quot;focal_length&quot;:&quot;0&quot;,&quot;iso&quot;:&quot;0&quot;,&quot;shutter_speed&quot;:&quot;0&quot;,&quot;title&quot;:&quot;&quot;,&quot;orientation&quot;:&quot;0&quot;}\" data-image-title=\"2025ct5kmichilardipo\" data-image-description=\"\" data-image-caption=\"\" data-large-file=\"https:\/\/i0.wp.com\/uscatletica.ch\/wp\/wp-content\/uploads\/2025\/05\/2025ct5kmichilardipo.jpg?fit=444%2C666&amp;ssl=1\" class=\"aligncenter size-medium wp-image-20944\" src=\"https:\/\/i0.wp.com\/uscatletica.ch\/wp\/wp-content\/uploads\/2025\/05\/2025ct5kmichilardipo.jpg?resize=200%2C300&#038;ssl=1\" alt=\"\" width=\"200\" height=\"300\" srcset=\"https:\/\/i0.wp.com\/uscatletica.ch\/wp\/wp-content\/uploads\/2025\/05\/2025ct5kmichilardipo.jpg?resize=200%2C300&amp;ssl=1 200w, https:\/\/i0.wp.com\/uscatletica.ch\/wp\/wp-content\/uploads\/2025\/05\/2025ct5kmichilardipo.jpg?w=444&amp;ssl=1 444w\" sizes=\"auto, (max-width: 200px) 100vw, 200px\" \/><\/a><\/p>\n<p>Domenica Alice sar\u00e0 nella selezione Ticino U18 che garegger\u00e0 a Bressanone nel Brixia next gen.\u00a0<\/p>\n<p><a href=\"https:\/\/slv.laportal.net\/Competitions\/Resultoverview\/16027\" target=\"_blank\" rel=\"noopener\">Tutti i risultati\u00a0<\/a>\u00a0<a href=\"https:\/\/www.fidal.it\/risultati\/2025\/COD13487\/Risultati\/Gara021.html\">Risultati da Bressanone<\/a><\/p>\n<p><a href=\"https:\/\/live.tv.sportface.it\/s\/atletica\/\">Live streaming da Bressanone<\/a>\u00a0<\/p>\n<p><span style=\"color: #ff0000;\">Al Brixia next Gen Alice debutta alla grande vincendo la sua batteria dei 200 m in 12&#8243;52 secondo tempo USC di sempre \u00a0nel tardo pomeriggio sar\u00e0 in gara nella. 4&#215;100 m. Tra i ragazzi ottimo Gianmarco Bielli in 10&#8243;81\u00a0<\/span><\/p>\n<p>Nei 5000 m ottima prestazione tattica e fisica per Michele, cambiando ritmo nel finale di gara va a cogliere un bronzo a suon di personale in 16&#8217;15&#8243;83. Titolo per Tommaso Marani in 15&#8217;51&#8243;73 e titolo U20 e argento per Elia Maggetti. Alessandro con una gara regolare ed un po&#8217; troppo solitaria chiude con un incoraggiante 17&#8217;17&#8243;97 al quinto rango. Al femminile cavalcata solitaria per Elisa Marani in 10&#8217;31&#8221;. Le nostre triathlete a medaglia negli ultimi anni erano impegnati in gare di coppa Europa.\u00a0<\/p>\n<p>Negli 800 vince con il personale Filippo Balestra 1&#8217;54&#8243;72. \u00a0No\u00e9, trainato dal folto gruppo, \u00a0 chiude il suo primo doppio giro di pista in 2&#8217;07&#8243;56 grazie ad una prestazione di infinita grinta. Personale polverizzato anche da Amelie sui 600 m in 1&#8217;51&#8243;87. \u00a0Negli 80 m, la partenza falsa della rivale accanto a lei non distrae Asia che in 11&#8243;37 pareggia il suo personale.\u00a0<\/p>\n<p>Nella pedana dell&#8217;alto Marta sofferente al piede deve fermarsi a 1.45 m.\u00a0<\/p>\n<p>Tra le migliori prestazioni arrivano nella velocit\u00e0 sui 400 m ostacoli Mattia Tajana corre in 51&#8243;77 \u00a0Kaja Eisenhut tra le donne corre in 60&#8243;28. Nella velocit\u00e0 i fratelli Crescini sono i migliori ticinesi Noah con 22&#8243;09 e Petra con 25&#8243;00 che vale il secondo rango dietro l&#8217;Italiana Gaia Pedreschi \u00a0in 24&#8243;47. \u00a0Negli 800 femminili bel duello tra Sara Salvad\u00e9 2&#8217;11&#8243;21 nono tempo ticinese della storia \u00a0Aurora De Marco 2&#8217;12&#8243;26.\u00a0<\/p>\n<p>\u00a0<\/p>\n","protected":false},"excerpt":{"rendered":"<p>Un bel pomeriggio primaverile ha accolto al Vallone di Biasca i partecipanti al primo GP BancaStato FTAL, in cui erano in programma anche i campionati ticinesi dei 3000 m femminili e dei 5000 m maschili dove Michele ha colto il personale e la medaglia di bronzo. Due ori per la famiglia Marani con Tommaso al maschile ed Elisa al femminile. buona pure la gara di Alessandro. Tre dei quattro giovani talenti hanno firmato il personale&#8230;<\/p>\n","protected":false},"author":4,"featured_media":20938,"comment_status":"closed","ping_status":"closed","sticky":false,"template":"","format":"standard","meta":{"jetpack_post_was_ever_published":false,"_jetpack_newsletter_access":"","_jetpack_dont_email_post_to_subs":false,"_jetpack_newsletter_tier_id":0,"_jetpack_memberships_contains_paywalled_content":false,"_jetpack_memberships_contains_paid_content":false,"footnotes":"","jetpack_publicize_message":"","jetpack_publicize_feature_enabled":true,"jetpack_social_post_already_shared":true,"jetpack_social_options":{"image_generator_settings":{"template":"highway","default_image_id":0,"font":"","enabled":false},"version":2}},"categories":[4,9],"tags":[],"class_list":["post-20911","post","type-post","status-publish","format-standard","has-post-thumbnail","hentry","category-pista","category-sport"],"jetpack_publicize_connections":[],"jetpack_featured_media_url":"https:\/\/i0.wp.com\/uscatletica.ch\/wp\/wp-content\/uploads\/2025\/05\/2025ct5kmichilardi.jpg?fit=439%2C261&ssl=1","jetpack_sharing_enabled":true,"jetpack_shortlink":"https:\/\/wp.me\/p6V7Ck-5rh","jetpack-related-posts":[{"id":20947,"url":"https:\/\/uscatletica.ch\/wp\/?p=20947","url_meta":{"origin":20911,"position":0},"title":"Da Bressanone a Dongio USC in grande forma","author":"Leonida Stampanoni","date":"25 Maggio 2025","format":false,"excerpt":"La selezione Ticino U18 era impegnata nella classica trasferta di Bressanone, il meeting si \u00e8 rinnovato diventando Brixia next gen per l'USC era presente Alice che sui 100 m ha abbassato il proprio primato personale. Il meeting scolari di Dongio \u00e8 una grande classica del calendario atletico cantonale, Kayla e\u2026","rel":"","context":"In &quot;Pista&quot;","block_context":{"text":"Pista","link":"https:\/\/uscatletica.ch\/wp\/?cat=4"},"img":{"alt_text":"","src":"https:\/\/i0.wp.com\/uscatletica.ch\/wp\/wp-content\/uploads\/2023\/05\/230501rivaukcuscfoto-e1683127197894.jpg?fit=432%2C324&ssl=1&resize=350%2C200","width":350,"height":200},"classes":[]},{"id":20966,"url":"https:\/\/uscatletica.ch\/wp\/?p=20966","url_meta":{"origin":20911,"position":1},"title":"ALICE VOLA A BRESSANONE, KAYLA E THEA A DONGIO","author":"Leonida Stampanoni","date":"26 Maggio 2025","format":false,"excerpt":"La selezione Ticino U18 era impegnata nella classica trasferta di Bressanone, il meeting si \u00e8 rinnovato diventando Brixia next gen per l\u2019USC era presente Alice che sui 100 m ha abbassato il proprio primato personale. Il meeting scolari di Dongio \u00e8 una grande classica del calendario atletico cantonale, Kayla e\u2026","rel":"","context":"In &quot;Pista&quot;","block_context":{"text":"Pista","link":"https:\/\/uscatletica.ch\/wp\/?cat=4"},"img":{"alt_text":"","src":"https:\/\/i0.wp.com\/uscatletica.ch\/wp\/wp-content\/uploads\/2025\/05\/20505dongiokay.jpg?fit=412%2C256&ssl=1&resize=350%2C200","width":350,"height":200},"classes":[]},{"id":6042,"url":"https:\/\/uscatletica.ch\/wp\/?p=6042","url_meta":{"origin":20911,"position":2},"title":"Giada a Bressanone I podisti tra GP Bern Ritom e Malvaglia","author":"Leonida Stampanoni","date":"17 Maggio 2018","format":false,"excerpt":"Il lungo fine settimana di Pentecoste \u00e8 ricco di appuntamenti atletici e podistici, Giada sar\u00e0 a Bressanone con i colori del Ticino per il Brixia meeting. Nella capitale ci sar\u00e0 la solita delegazione USC al GP Bern la 10 miglia pi\u00f9 bella al mondo, La coppa ASTi prevede un doppio\u2026","rel":"","context":"In &quot;Montagna&quot;","block_context":{"text":"Montagna","link":"https:\/\/uscatletica.ch\/wp\/?cat=16"},"img":{"alt_text":"","src":"https:\/\/i0.wp.com\/uscatletica.ch\/wp\/wp-content\/uploads\/2017\/10\/giadagiavepo2.jpg?fit=531%2C320&ssl=1&resize=350%2C200","width":350,"height":200,"srcset":"https:\/\/i0.wp.com\/uscatletica.ch\/wp\/wp-content\/uploads\/2017\/10\/giadagiavepo2.jpg?fit=531%2C320&ssl=1&resize=350%2C200 1x, https:\/\/i0.wp.com\/uscatletica.ch\/wp\/wp-content\/uploads\/2017\/10\/giadagiavepo2.jpg?fit=531%2C320&ssl=1&resize=525%2C300 1.5x"},"classes":[]},{"id":19453,"url":"https:\/\/uscatletica.ch\/wp\/?p=19453","url_meta":{"origin":20911,"position":3},"title":"A BIASCA BRILLANO LE USCINE SOTTO LA PIOGGIA","author":"Leonida Stampanoni","date":"9 Giugno 2024","format":false,"excerpt":"La seconda tappa del BancaStato GP TICINO ha portato grande entusiasmo al Vallone di Biasca nonostante il maltempo non sono mancate le ottime prestazione. Una otto le presenze USC: Nel peso brilla Giada con una vittoria che le permette di prendere il comando della classifica del Gran Prix lanci, personali\u2026","rel":"","context":"In &quot;Non catalogato&quot;","block_context":{"text":"Non catalogato","link":"https:\/\/uscatletica.ch\/wp\/?cat=6"},"img":{"alt_text":"","src":"https:\/\/i0.wp.com\/uscatletica.ch\/wp\/wp-content\/uploads\/2024\/05\/Maglia-USC-2023-2.jpg?fit=1052%2C1200&ssl=1&resize=350%2C200","width":350,"height":200,"srcset":"https:\/\/i0.wp.com\/uscatletica.ch\/wp\/wp-content\/uploads\/2024\/05\/Maglia-USC-2023-2.jpg?fit=1052%2C1200&ssl=1&resize=350%2C200 1x, https:\/\/i0.wp.com\/uscatletica.ch\/wp\/wp-content\/uploads\/2024\/05\/Maglia-USC-2023-2.jpg?fit=1052%2C1200&ssl=1&resize=525%2C300 1.5x, https:\/\/i0.wp.com\/uscatletica.ch\/wp\/wp-content\/uploads\/2024\/05\/Maglia-USC-2023-2.jpg?fit=1052%2C1200&ssl=1&resize=700%2C400 2x, https:\/\/i0.wp.com\/uscatletica.ch\/wp\/wp-content\/uploads\/2024\/05\/Maglia-USC-2023-2.jpg?fit=1052%2C1200&ssl=1&resize=1050%2C600 3x"},"classes":[]},{"id":6054,"url":"https:\/\/uscatletica.ch\/wp\/?p=6054","url_meta":{"origin":20911,"position":4},"title":"Selezione Ticino brava Giada","author":"Leonida Stampanoni","date":"21 Maggio 2018","format":false,"excerpt":"Domenica alla 36 edizione del meeting Brixia Athletics a difendere i colori del Ticino nella sfida con 19 regioni del centro europa c'era anche la nostra Giada che scendeva in pedana nel peso. Nel fine settimana altri tre atleti ticinese hanno ottenuto il limite per i campionati europei e mondiali\u2026","rel":"","context":"In &quot;Pista&quot;","block_context":{"text":"Pista","link":"https:\/\/uscatletica.ch\/wp\/?cat=4"},"img":{"alt_text":"","src":"https:\/\/i0.wp.com\/uscatletica.ch\/wp\/wp-content\/uploads\/2017\/09\/argealp2017TICINO.jpeg?fit=960%2C720&ssl=1&resize=350%2C200","width":350,"height":200,"srcset":"https:\/\/i0.wp.com\/uscatletica.ch\/wp\/wp-content\/uploads\/2017\/09\/argealp2017TICINO.jpeg?fit=960%2C720&ssl=1&resize=350%2C200 1x, https:\/\/i0.wp.com\/uscatletica.ch\/wp\/wp-content\/uploads\/2017\/09\/argealp2017TICINO.jpeg?fit=960%2C720&ssl=1&resize=525%2C300 1.5x, https:\/\/i0.wp.com\/uscatletica.ch\/wp\/wp-content\/uploads\/2017\/09\/argealp2017TICINO.jpeg?fit=960%2C720&ssl=1&resize=700%2C400 2x"},"classes":[]},{"id":17439,"url":"https:\/\/uscatletica.ch\/wp\/?p=17439","url_meta":{"origin":20911,"position":5},"title":"Doppio appuntamento al Comunale, i podisti al Br\u00e8 e al Tamaro","author":"Leonida Stampanoni","date":"2 Giugno 2023","format":false,"excerpt":"Il primo fine settimana di giugno sar\u00e0 particolarmente intenso con Bellinzona come centro dell'attivit\u00e0. Sabato saranno una decina le nostre giovani leve alla finale Cantonale della KIDS CUP. Alice finalista nazionale lo scorso anno guider\u00e0 il gruppo. Domenica in pista saranno i migliori atleti del cantone con la prima tappa\u2026","rel":"","context":"In &quot;Pista&quot;","block_context":{"text":"Pista","link":"https:\/\/uscatletica.ch\/wp\/?cat=4"},"img":{"alt_text":"","src":"https:\/\/i0.wp.com\/uscatletica.ch\/wp\/wp-content\/uploads\/2022\/09\/220910APUKCFI69M.jpg?fit=432%2C324&ssl=1&resize=350%2C200","width":350,"height":200},"classes":[]}],"_links":{"self":[{"href":"https:\/\/uscatletica.ch\/wp\/index.php?rest_route=\/wp\/v2\/posts\/20911","targetHints":{"allow":["GET"]}}],"collection":[{"href":"https:\/\/uscatletica.ch\/wp\/index.php?rest_route=\/wp\/v2\/posts"}],"about":[{"href":"https:\/\/uscatletica.ch\/wp\/index.php?rest_route=\/wp\/v2\/types\/post"}],"author":[{"embeddable":true,"href":"https:\/\/uscatletica.ch\/wp\/index.php?rest_route=\/wp\/v2\/users\/4"}],"replies":[{"embeddable":true,"href":"https:\/\/uscatletica.ch\/wp\/index.php?rest_route=%2Fwp%2Fv2%2Fcomments&post=20911"}],"version-history":[{"count":11,"href":"https:\/\/uscatletica.ch\/wp\/index.php?rest_route=\/wp\/v2\/posts\/20911\/revisions"}],"predecessor-version":[{"id":20945,"href":"https:\/\/uscatletica.ch\/wp\/index.php?rest_route=\/wp\/v2\/posts\/20911\/revisions\/20945"}],"wp:featuredmedia":[{"embeddable":true,"href":"https:\/\/uscatletica.ch\/wp\/index.php?rest_route=\/wp\/v2\/media\/20938"}],"wp:attachment":[{"href":"https:\/\/uscatletica.ch\/wp\/index.php?rest_route=%2Fwp%2Fv2%2Fmedia&parent=20911"}],"wp:term":[{"taxonomy":"category","embeddable":true,"href":"https:\/\/uscatletica.ch\/wp\/index.php?rest_route=%2Fwp%2Fv2%2Fcategories&post=20911"},{"taxonomy":"post_tag","embeddable":true,"href":"https:\/\/uscatletica.ch\/wp\/index.php?rest_route=%2Fwp%2Fv2%2Ftags&post=20911"}],"curies":[{"name":"wp","href":"https:\/\/api.w.org\/{rel}","templated":true}]}}