{"id":20966,"date":"2025-05-26T19:59:24","date_gmt":"2025-05-26T17:59:24","guid":{"rendered":"https:\/\/uscatletica.ch\/wp\/?p=20966"},"modified":"2025-05-26T19:59:27","modified_gmt":"2025-05-26T17:59:27","slug":"alice-vola-a-bressanone-kayla-e-thea-a-dongio","status":"publish","type":"post","link":"https:\/\/uscatletica.ch\/wp\/?p=20966","title":{"rendered":"ALICE VOLA A BRESSANONE, KAYLA E THEA A DONGIO"},"content":{"rendered":"\n<p>La selezione Ticino U18 era impegnata nella classica trasferta di Bressanone, il meeting si \u00e8 rinnovato diventando Brixia next gen per l\u2019USC era presente Alice che sui 100 m ha abbassato il proprio primato personale. Il meeting scolari di Dongio \u00e8 una grande classica del calendario atletico cantonale, Kayla e Thea dopo le brillanti prestazioni della Kids Cup venerdi hanno confermato il loro talento .<\/p>\n<p><a href=\"https:\/\/www.fidal.it\/risultati\/2025\/COD13487\/Risultati\/IndexRisultatiPerGara.html\" target=\"_blank\" rel=\"noopener\">Risultati da Bressanone <\/a>\u00a0<a href=\"https:\/\/slv.laportal.net\/Competitions\/Details\/16169\" target=\"_blank\" rel=\"noopener\">Risultati da Dongio <\/a><\/p>\n<p><a href=\"https:\/\/i0.wp.com\/uscatletica.ch\/wp\/wp-content\/uploads\/2025\/05\/20505dongiokay.jpg?ssl=1\"><img data-recalc-dims=\"1\" loading=\"lazy\" decoding=\"async\" data-attachment-id=\"20967\" data-permalink=\"https:\/\/uscatletica.ch\/wp\/?attachment_id=20967\" data-orig-file=\"https:\/\/i0.wp.com\/uscatletica.ch\/wp\/wp-content\/uploads\/2025\/05\/20505dongiokay.jpg?fit=412%2C256&amp;ssl=1\" data-orig-size=\"412,256\" data-comments-opened=\"0\" data-image-meta=\"{&quot;aperture&quot;:&quot;0&quot;,&quot;credit&quot;:&quot;&quot;,&quot;camera&quot;:&quot;&quot;,&quot;caption&quot;:&quot;&quot;,&quot;created_timestamp&quot;:&quot;0&quot;,&quot;copyright&quot;:&quot;&quot;,&quot;focal_length&quot;:&quot;0&quot;,&quot;iso&quot;:&quot;0&quot;,&quot;shutter_speed&quot;:&quot;0&quot;,&quot;title&quot;:&quot;&quot;,&quot;orientation&quot;:&quot;1&quot;}\" data-image-title=\"20505dongiokay\" data-image-description=\"\" data-image-caption=\"\" data-large-file=\"https:\/\/i0.wp.com\/uscatletica.ch\/wp\/wp-content\/uploads\/2025\/05\/20505dongiokay.jpg?fit=412%2C256&amp;ssl=1\" class=\"aligncenter size-medium wp-image-20967\" src=\"https:\/\/i0.wp.com\/uscatletica.ch\/wp\/wp-content\/uploads\/2025\/05\/20505dongiokay.jpg?resize=300%2C186&#038;ssl=1\" alt=\"\" width=\"300\" height=\"186\" srcset=\"https:\/\/i0.wp.com\/uscatletica.ch\/wp\/wp-content\/uploads\/2025\/05\/20505dongiokay.jpg?resize=300%2C186&amp;ssl=1 300w, https:\/\/i0.wp.com\/uscatletica.ch\/wp\/wp-content\/uploads\/2025\/05\/20505dongiokay.jpg?w=412&amp;ssl=1 412w\" sizes=\"auto, (max-width: 300px) 100vw, 300px\" \/><\/a> <a href=\"https:\/\/i0.wp.com\/uscatletica.ch\/wp\/wp-content\/uploads\/2025\/05\/20250525dongiotea.jpg?ssl=1\"><img data-recalc-dims=\"1\" loading=\"lazy\" decoding=\"async\" data-attachment-id=\"20968\" data-permalink=\"https:\/\/uscatletica.ch\/wp\/?attachment_id=20968\" data-orig-file=\"https:\/\/i0.wp.com\/uscatletica.ch\/wp\/wp-content\/uploads\/2025\/05\/20250525dongiotea.jpg?fit=1599%2C899&amp;ssl=1\" data-orig-size=\"1599,899\" data-comments-opened=\"0\" data-image-meta=\"{&quot;aperture&quot;:&quot;0&quot;,&quot;credit&quot;:&quot;&quot;,&quot;camera&quot;:&quot;&quot;,&quot;caption&quot;:&quot;&quot;,&quot;created_timestamp&quot;:&quot;0&quot;,&quot;copyright&quot;:&quot;&quot;,&quot;focal_length&quot;:&quot;0&quot;,&quot;iso&quot;:&quot;0&quot;,&quot;shutter_speed&quot;:&quot;0&quot;,&quot;title&quot;:&quot;&quot;,&quot;orientation&quot;:&quot;1&quot;}\" data-image-title=\"20250525dongiotea\" data-image-description=\"\" data-image-caption=\"\" data-large-file=\"https:\/\/i0.wp.com\/uscatletica.ch\/wp\/wp-content\/uploads\/2025\/05\/20250525dongiotea.jpg?fit=640%2C360&amp;ssl=1\" class=\"aligncenter size-medium wp-image-20968\" src=\"https:\/\/i0.wp.com\/uscatletica.ch\/wp\/wp-content\/uploads\/2025\/05\/20250525dongiotea.jpg?resize=300%2C169&#038;ssl=1\" alt=\"\" width=\"300\" height=\"169\" srcset=\"https:\/\/i0.wp.com\/uscatletica.ch\/wp\/wp-content\/uploads\/2025\/05\/20250525dongiotea.jpg?resize=300%2C169&amp;ssl=1 300w, https:\/\/i0.wp.com\/uscatletica.ch\/wp\/wp-content\/uploads\/2025\/05\/20250525dongiotea.jpg?resize=1024%2C576&amp;ssl=1 1024w, https:\/\/i0.wp.com\/uscatletica.ch\/wp\/wp-content\/uploads\/2025\/05\/20250525dongiotea.jpg?resize=768%2C432&amp;ssl=1 768w, https:\/\/i0.wp.com\/uscatletica.ch\/wp\/wp-content\/uploads\/2025\/05\/20250525dongiotea.jpg?resize=1536%2C864&amp;ssl=1 1536w, https:\/\/i0.wp.com\/uscatletica.ch\/wp\/wp-content\/uploads\/2025\/05\/20250525dongiotea.jpg?resize=71%2C40&amp;ssl=1 71w, https:\/\/i0.wp.com\/uscatletica.ch\/wp\/wp-content\/uploads\/2025\/05\/20250525dongiotea.jpg?w=1599&amp;ssl=1 1599w, https:\/\/i0.wp.com\/uscatletica.ch\/wp\/wp-content\/uploads\/2025\/05\/20250525dongiotea.jpg?w=1280&amp;ssl=1 1280w\" sizes=\"auto, (max-width: 300px) 100vw, 300px\" \/><\/a><\/p>\n<p>Al Brixia next Gen Alice debutta alla grande vincendo la sua batteria dei 200 m in 12\u203352 secondo tempo USC di sempre \u00a0nel tardo pomeriggio sar\u00e0 in gara nella. 4\u00d7100 m. Il Ticino ha vinto tre gare Gianmarco Bielli ha firmato la doppietta 100 -200 m con prestazione di assoluto valore 10\u203381 sui 100 m e 20\u203360 sui 200 m nona miglior prestazione cantonale di sempre. Nei 1500 m Eric Huanca Quispe ha vinto i 1500 \u00a0un 3\u201954\u203383 mentre Tiziana Rosamilia ha chiuso seconda sulla stessa distanza.<\/p>\n<p>A Dongio \u00a0le nostre giovani U10 erano impegnate in un triathlon Nel lungo Kayla ha vinto con 3.33 m mentre la U8 Thea \u00e8 atterrata a 2.95 chiudendo quinta. Nella pallina Kayla \u00e8 la migliore con 18.33 m, Thea si migliora con 12.33 m. \u00a0Si correva sui 50 m Kayla \u00e8 terza in 9\u203321 \u00a0mentre Thea quinta in 9\u203341.\u00a0<\/p>\n","protected":false},"excerpt":{"rendered":"<p>La selezione Ticino U18 era impegnata nella classica trasferta di Bressanone, il meeting si \u00e8 rinnovato diventando Brixia next gen per l\u2019USC era presente Alice che sui 100 m ha abbassato il proprio primato personale. Il meeting scolari di Dongio \u00e8 una grande classica del calendario atletico cantonale, Kayla e Thea dopo le brillanti prestazioni della Kids Cup venerdi hanno confermato il loro talento . Risultati da Bressanone \u00a0Risultati da Dongio Al Brixia next Gen&#8230;<\/p>\n","protected":false},"author":4,"featured_media":20967,"comment_status":"closed","ping_status":"closed","sticky":false,"template":"","format":"standard","meta":{"jetpack_post_was_ever_published":false,"_jetpack_newsletter_access":"","_jetpack_dont_email_post_to_subs":false,"_jetpack_newsletter_tier_id":0,"_jetpack_memberships_contains_paywalled_content":false,"_jetpack_memberships_contains_paid_content":false,"footnotes":"","jetpack_publicize_message":"","jetpack_publicize_feature_enabled":true,"jetpack_social_post_already_shared":true,"jetpack_social_options":{"image_generator_settings":{"template":"highway","default_image_id":0,"font":"","enabled":false},"version":2}},"categories":[4,9],"tags":[],"class_list":["post-20966","post","type-post","status-publish","format-standard","has-post-thumbnail","hentry","category-pista","category-sport"],"jetpack_publicize_connections":[],"jetpack_featured_media_url":"https:\/\/i0.wp.com\/uscatletica.ch\/wp\/wp-content\/uploads\/2025\/05\/20505dongiokay.jpg?fit=412%2C256&ssl=1","jetpack_sharing_enabled":true,"jetpack_shortlink":"https:\/\/wp.me\/p6V7Ck-5sa","jetpack-related-posts":[{"id":20947,"url":"https:\/\/uscatletica.ch\/wp\/?p=20947","url_meta":{"origin":20966,"position":0},"title":"Da Bressanone a Dongio USC in grande forma","author":"Leonida Stampanoni","date":"25 Maggio 2025","format":false,"excerpt":"La selezione Ticino U18 era impegnata nella classica trasferta di Bressanone, il meeting si \u00e8 rinnovato diventando Brixia next gen per l'USC era presente Alice che sui 100 m ha abbassato il proprio primato personale. Il meeting scolari di Dongio \u00e8 una grande classica del calendario atletico cantonale, Kayla e\u2026","rel":"","context":"In &quot;Pista&quot;","block_context":{"text":"Pista","link":"https:\/\/uscatletica.ch\/wp\/?cat=4"},"img":{"alt_text":"","src":"https:\/\/i0.wp.com\/uscatletica.ch\/wp\/wp-content\/uploads\/2023\/05\/230501rivaukcuscfoto-e1683127197894.jpg?fit=432%2C324&ssl=1&resize=350%2C200","width":350,"height":200},"classes":[]},{"id":1716,"url":"https:\/\/uscatletica.ch\/wp\/?p=1716","url_meta":{"origin":20966,"position":1},"title":"Simone a Bressanone, sabato tra Bern e Sarnen domenica ticinese.","author":"Leonida Stampanoni","date":"13 Maggio 2016","format":false,"excerpt":"Il fine settimana di Pentecoste sar\u00e0 particolarmente intenso dal punto di vista atletico Simone difender\u00e0 i colori USC nella prima uscita da CT di Luca Romerio al Brixia Meeting di Bressanone. Sabato \u00a0una decina di USCini saranno a Sarnen \u00a0per il tradizionale meeting primaverile. \u00a03000o Podisti saranno al via del\u2026","rel":"","context":"In &quot;Pista&quot;","block_context":{"text":"Pista","link":"https:\/\/uscatletica.ch\/wp\/?cat=4"},"img":{"alt_text":"","src":"https:\/\/i0.wp.com\/uscatletica.ch\/wp\/wp-content\/uploads\/2015\/09\/argealpAI2015HERISAU.jpeg?fit=960%2C540&ssl=1&resize=350%2C200","width":350,"height":200,"srcset":"https:\/\/i0.wp.com\/uscatletica.ch\/wp\/wp-content\/uploads\/2015\/09\/argealpAI2015HERISAU.jpeg?fit=960%2C540&ssl=1&resize=350%2C200 1x, https:\/\/i0.wp.com\/uscatletica.ch\/wp\/wp-content\/uploads\/2015\/09\/argealpAI2015HERISAU.jpeg?fit=960%2C540&ssl=1&resize=525%2C300 1.5x, https:\/\/i0.wp.com\/uscatletica.ch\/wp\/wp-content\/uploads\/2015\/09\/argealpAI2015HERISAU.jpeg?fit=960%2C540&ssl=1&resize=700%2C400 2x"},"classes":[]},{"id":15303,"url":"https:\/\/uscatletica.ch\/wp\/?p=15303","url_meta":{"origin":20966,"position":2},"title":"Gare a Lugano, Bressanone e Ligornetto","author":"Leonida Stampanoni","date":"28 Maggio 2022","format":false,"excerpt":"Il fine settimana USC sar\u00e0 intenso per l'USC tre impegni si comincia sabato allo stadio di Cornaredo con la finale cantonale Visana Sprint con sei uscine al via Aubree, Anais, Alice, Jennis, Melissa, Marta.\u00a0 Morena e Matilda invece con la selezione Ticino andranno per il fine settimana a Bressanone per\u2026","rel":"","context":"In &quot;Pista&quot;","block_context":{"text":"Pista","link":"https:\/\/uscatletica.ch\/wp\/?cat=4"},"img":{"alt_text":"","src":"https:\/\/i0.wp.com\/uscatletica.ch\/wp\/wp-content\/uploads\/2022\/05\/220105stralos.png?fit=432%2C288&ssl=1&resize=350%2C200","width":350,"height":200},"classes":[]},{"id":6042,"url":"https:\/\/uscatletica.ch\/wp\/?p=6042","url_meta":{"origin":20966,"position":3},"title":"Giada a Bressanone I podisti tra GP Bern Ritom e Malvaglia","author":"Leonida Stampanoni","date":"17 Maggio 2018","format":false,"excerpt":"Il lungo fine settimana di Pentecoste \u00e8 ricco di appuntamenti atletici e podistici, Giada sar\u00e0 a Bressanone con i colori del Ticino per il Brixia meeting. Nella capitale ci sar\u00e0 la solita delegazione USC al GP Bern la 10 miglia pi\u00f9 bella al mondo, La coppa ASTi prevede un doppio\u2026","rel":"","context":"In &quot;Montagna&quot;","block_context":{"text":"Montagna","link":"https:\/\/uscatletica.ch\/wp\/?cat=16"},"img":{"alt_text":"","src":"https:\/\/i0.wp.com\/uscatletica.ch\/wp\/wp-content\/uploads\/2017\/10\/giadagiavepo2.jpg?fit=531%2C320&ssl=1&resize=350%2C200","width":350,"height":200,"srcset":"https:\/\/i0.wp.com\/uscatletica.ch\/wp\/wp-content\/uploads\/2017\/10\/giadagiavepo2.jpg?fit=531%2C320&ssl=1&resize=350%2C200 1x, https:\/\/i0.wp.com\/uscatletica.ch\/wp\/wp-content\/uploads\/2017\/10\/giadagiavepo2.jpg?fit=531%2C320&ssl=1&resize=525%2C300 1.5x"},"classes":[]},{"id":19379,"url":"https:\/\/uscatletica.ch\/wp\/?p=19379","url_meta":{"origin":20966,"position":4},"title":"Ligornetto Lugano Bressanone gli appuntamenti del fine settimana","author":"Leonida Stampanoni","date":"25 Maggio 2024","format":false,"excerpt":"L'ultimo fine settimana di maggio vedr\u00e0 l'USC impegnata su tre fronti sabato \u00a0due squadre di U12 saranno al via della 67 edizione della Staffetta Vigor. Domenica saranno una decina abbondante i velocisti impegnati alla finale Visana Sprint di Lugano. Marta invece sar\u00e0 a Bressanone con la selezione Ticino per il\u2026","rel":"","context":"In &quot;Pista&quot;","block_context":{"text":"Pista","link":"https:\/\/uscatletica.ch\/wp\/?cat=4"},"img":{"alt_text":"","src":"https:\/\/i0.wp.com\/uscatletica.ch\/wp\/wp-content\/uploads\/2024\/05\/Maglia-USC-2023-2.jpg?fit=1052%2C1200&ssl=1&resize=350%2C200","width":350,"height":200,"srcset":"https:\/\/i0.wp.com\/uscatletica.ch\/wp\/wp-content\/uploads\/2024\/05\/Maglia-USC-2023-2.jpg?fit=1052%2C1200&ssl=1&resize=350%2C200 1x, https:\/\/i0.wp.com\/uscatletica.ch\/wp\/wp-content\/uploads\/2024\/05\/Maglia-USC-2023-2.jpg?fit=1052%2C1200&ssl=1&resize=525%2C300 1.5x, https:\/\/i0.wp.com\/uscatletica.ch\/wp\/wp-content\/uploads\/2024\/05\/Maglia-USC-2023-2.jpg?fit=1052%2C1200&ssl=1&resize=700%2C400 2x, https:\/\/i0.wp.com\/uscatletica.ch\/wp\/wp-content\/uploads\/2024\/05\/Maglia-USC-2023-2.jpg?fit=1052%2C1200&ssl=1&resize=1050%2C600 3x"},"classes":[]},{"id":20911,"url":"https:\/\/uscatletica.ch\/wp\/?p=20911","url_meta":{"origin":20966,"position":5},"title":"GP FTAL BIASCA MICHELE BRONZO SUI 5000 m  OTTIMA ALICE AL BRIXIA MEETING (live streaming Brixia Next gen)","author":"Leonida Stampanoni","date":"25 Maggio 2025","format":false,"excerpt":"Un bel pomeriggio primaverile ha accolto al Vallone di Biasca i partecipanti al primo GP BancaStato FTAL, in cui erano in programma anche i campionati ticinesi dei 3000 m femminili e dei 5000 m maschili dove Michele ha colto il personale e la medaglia di bronzo. Due ori per la\u2026","rel":"","context":"In &quot;Pista&quot;","block_context":{"text":"Pista","link":"https:\/\/uscatletica.ch\/wp\/?cat=4"},"img":{"alt_text":"","src":"https:\/\/i0.wp.com\/uscatletica.ch\/wp\/wp-content\/uploads\/2025\/05\/2025ct5kmichilardi.jpg?fit=439%2C261&ssl=1&resize=350%2C200","width":350,"height":200},"classes":[]}],"_links":{"self":[{"href":"https:\/\/uscatletica.ch\/wp\/index.php?rest_route=\/wp\/v2\/posts\/20966","targetHints":{"allow":["GET"]}}],"collection":[{"href":"https:\/\/uscatletica.ch\/wp\/index.php?rest_route=\/wp\/v2\/posts"}],"about":[{"href":"https:\/\/uscatletica.ch\/wp\/index.php?rest_route=\/wp\/v2\/types\/post"}],"author":[{"embeddable":true,"href":"https:\/\/uscatletica.ch\/wp\/index.php?rest_route=\/wp\/v2\/users\/4"}],"replies":[{"embeddable":true,"href":"https:\/\/uscatletica.ch\/wp\/index.php?rest_route=%2Fwp%2Fv2%2Fcomments&post=20966"}],"version-history":[{"count":1,"href":"https:\/\/uscatletica.ch\/wp\/index.php?rest_route=\/wp\/v2\/posts\/20966\/revisions"}],"predecessor-version":[{"id":20969,"href":"https:\/\/uscatletica.ch\/wp\/index.php?rest_route=\/wp\/v2\/posts\/20966\/revisions\/20969"}],"wp:featuredmedia":[{"embeddable":true,"href":"https:\/\/uscatletica.ch\/wp\/index.php?rest_route=\/wp\/v2\/media\/20967"}],"wp:attachment":[{"href":"https:\/\/uscatletica.ch\/wp\/index.php?rest_route=%2Fwp%2Fv2%2Fmedia&parent=20966"}],"wp:term":[{"taxonomy":"category","embeddable":true,"href":"https:\/\/uscatletica.ch\/wp\/index.php?rest_route=%2Fwp%2Fv2%2Fcategories&post=20966"},{"taxonomy":"post_tag","embeddable":true,"href":"https:\/\/uscatletica.ch\/wp\/index.php?rest_route=%2Fwp%2Fv2%2Ftags&post=20966"}],"curies":[{"name":"wp","href":"https:\/\/api.w.org\/{rel}","templated":true}]}}