{"id":21042,"date":"2025-06-20T19:38:30","date_gmt":"2025-06-20T17:38:30","guid":{"rendered":"https:\/\/uscatletica.ch\/wp\/?p=21042"},"modified":"2025-06-20T19:38:33","modified_gmt":"2025-06-20T17:38:33","slug":"i-regionali-in-ticino-usc-con-ambizione-al-via","status":"publish","type":"post","link":"https:\/\/uscatletica.ch\/wp\/?p=21042","title":{"rendered":"I REGIONALI IN TICINO USC con ambizione al via"},"content":{"rendered":"\n<p>Nel fine settimana il comunale di Bellinzona ospiter\u00e0 quasi 500 giovani talenti proveniente dalla svizzera Orientale quasi 800 le partenze. Tutto \u00e8 pronto domani al comunale ci saranno anche sette atlete USC e due atleti. 188 I Ticinesi al via. Nella velocit\u00e0 ci saranno Alice, Asia, Giorgia e Maja, \u00a0Nel mezzofondo veloce No\u00e9 e Amelie mentre Mattia sar\u00e0 al via sui 2000 m mentre Maja sar\u00e0 l&#8217;unica al via nei concorsi. \u00a0Una decina i collaboratori USC che contribuiranno alla buona riuscita della manifestazione. \u00a0Capitanati da Loris che \u00e8 stato tra i primi a lanciare l&#8217;idea, Grazie anche Lara ,Lara, Jaja, Carola, Davide, Cosima, Tommaso, Nevio, Paola, Amerigo, \u00a0Marco, Leonida\u00a0<\/p>\n<p><a href=\"https:\/\/slv.laportal.net\/Competitions\/Details\/16484\" target=\"_blank\" rel=\"noopener\">Risultati Live<\/a><\/p>\n<p>Alice sabato sar\u00e0 al via sui 100 m domenica sui 200 m, Asia e Giorgia saranno al via sugli 80 m mentre Maja si cimenter\u00e0 tra 60 m e getto del peso, No\u00e9 sar\u00e0 tra i protagonisti degli 800 m, Amelie cercher\u00e0 la finale sui 600 m Mattia invece correr\u00e0 i 2000 m.\u00a0<\/p>\n<p>Tra i ticinesi spicca il nome di Gianmarco Bielli il migliore di tutti sui 200 m con quasi in tasca il biglietto per i giochi europei della giovent\u00f9 olimpica dove ci sar\u00e0 anche Tiziana Rosamilia. \u00a0Non garegger\u00e0 invece il pluriprimatista svizzero Eric Huanca Quispe.\u00a0<\/p>\n","protected":false},"excerpt":{"rendered":"<p>Nel fine settimana il comunale di Bellinzona ospiter\u00e0 quasi 500 giovani talenti proveniente dalla svizzera Orientale quasi 800 le partenze. Tutto \u00e8 pronto domani al comunale ci saranno anche sette atlete USC e due atleti. 188 I Ticinesi al via. Nella velocit\u00e0 ci saranno Alice, Asia, Giorgia e Maja, \u00a0Nel mezzofondo veloce No\u00e9 e Amelie mentre Mattia sar\u00e0 al via sui 2000 m mentre Maja sar\u00e0 l&#8217;unica al via nei concorsi. \u00a0Una decina i collaboratori&#8230;<\/p>\n","protected":false},"author":4,"featured_media":15889,"comment_status":"closed","ping_status":"closed","sticky":false,"template":"","format":"standard","meta":{"jetpack_post_was_ever_published":false,"_jetpack_newsletter_access":"","_jetpack_dont_email_post_to_subs":false,"_jetpack_newsletter_tier_id":0,"_jetpack_memberships_contains_paywalled_content":false,"_jetpack_memberships_contains_paid_content":false,"footnotes":"","jetpack_publicize_message":"","jetpack_publicize_feature_enabled":true,"jetpack_social_post_already_shared":true,"jetpack_social_options":{"image_generator_settings":{"template":"highway","default_image_id":0,"font":"","enabled":false},"version":2}},"categories":[4,9],"tags":[],"class_list":["post-21042","post","type-post","status-publish","format-standard","has-post-thumbnail","hentry","category-pista","category-sport"],"jetpack_publicize_connections":[],"jetpack_featured_media_url":"https:\/\/i0.wp.com\/uscatletica.ch\/wp\/wp-content\/uploads\/2022\/09\/Gala.jpg?fit=753%2C257&ssl=1","jetpack_sharing_enabled":true,"jetpack_shortlink":"https:\/\/wp.me\/p6V7Ck-5to","jetpack-related-posts":[{"id":21295,"url":"https:\/\/uscatletica.ch\/wp\/?p=21295","url_meta":{"origin":21042,"position":0},"title":"Il fine settimana tra Bellinzona e Lugano","author":"Leonida Stampanoni","date":"26 Settembre 2025","format":false,"excerpt":"Nel fine settimana \u00a0doppio impegni per l'USC i podisti saranno impegnati alla Stralunano la manifestazione pi\u00f9 popolare del cantone sabato si garegger\u00e0 sui 5 e 10 km mentre domenica la coppa Giovanile accompagner\u00e0 la gara in salita e la mezza maratona. Sabato al comunale di Bellinzonasaranno quasi. 300 gli atleti\u2026","rel":"","context":"In &quot;Pista&quot;","block_context":{"text":"Pista","link":"https:\/\/uscatletica.ch\/wp\/?cat=4"},"img":{"alt_text":"","src":"https:\/\/i0.wp.com\/uscatletica.ch\/wp\/wp-content\/uploads\/2022\/09\/Gala.jpg?fit=753%2C257&ssl=1&resize=350%2C200","width":350,"height":200,"srcset":"https:\/\/i0.wp.com\/uscatletica.ch\/wp\/wp-content\/uploads\/2022\/09\/Gala.jpg?fit=753%2C257&ssl=1&resize=350%2C200 1x, https:\/\/i0.wp.com\/uscatletica.ch\/wp\/wp-content\/uploads\/2022\/09\/Gala.jpg?fit=753%2C257&ssl=1&resize=525%2C300 1.5x, https:\/\/i0.wp.com\/uscatletica.ch\/wp\/wp-content\/uploads\/2022\/09\/Gala.jpg?fit=753%2C257&ssl=1&resize=700%2C400 2x"},"classes":[]},{"id":19304,"url":"https:\/\/uscatletica.ch\/wp\/?p=19304","url_meta":{"origin":21042,"position":1},"title":"CSI LE U14 VOLANO SUL PODIO BENE LE SQUADRE COAS","author":"Leonida Stampanoni","date":"4 Maggio 2024","format":false,"excerpt":"Al Lido di Locarno la lunga giornata dei CSI. \u00e8 cominciata presto per concludersi nel tardo pomeriggio con i campionati ticinesi di staffetta Olimpionica. Asia, Anais Camilla, Maja, Matilde Viola . nel CSI U14 hanno chiuso al terzo posto l'affollata sfida tra ben dodici squadre. Alice. dal canto suo ha\u2026","rel":"","context":"In &quot;Pista&quot;","block_context":{"text":"Pista","link":"https:\/\/uscatletica.ch\/wp\/?cat=4"},"img":{"alt_text":"","src":"https:\/\/i0.wp.com\/uscatletica.ch\/wp\/wp-content\/uploads\/2024\/05\/20240504csiuscu14.jpg?fit=432%2C324&ssl=1&resize=350%2C200","width":350,"height":200},"classes":[]},{"id":19437,"url":"https:\/\/uscatletica.ch\/wp\/?p=19437","url_meta":{"origin":21042,"position":2},"title":"DAL COMUNALE A BIASCA IL FINE SETTIMANA USC","author":"Leonida Stampanoni","date":"6 Giugno 2024","format":false,"excerpt":"Il fine settimana USC sar\u00e0 particolarmente intenso, mentre la Capriasca palpiter\u00e0 per Scenic Trail, in pista \u00a0ci sar\u00e0 un doppio appuntamento: \u00a0sabato al Comunale di Bellinzona saranno una ventina le giovani leve al via della finale cantonale UBS KIDS CUP. Domenica al Vallone di Biasca ci saranno i campionati ticinesi\u2026","rel":"","context":"In &quot;Pista&quot;","block_context":{"text":"Pista","link":"https:\/\/uscatletica.ch\/wp\/?cat=4"},"img":{"alt_text":"","src":"https:\/\/i0.wp.com\/uscatletica.ch\/wp\/wp-content\/uploads\/2017\/05\/P1460520.jpg?fit=422%2C563&ssl=1&resize=350%2C200","width":350,"height":200},"classes":[]},{"id":19450,"url":"https:\/\/uscatletica.ch\/wp\/?p=19450","url_meta":{"origin":21042,"position":3},"title":"Al Comunale Alice, Martino, Linda e Kayla sul podio della KIDS CUP","author":"Leonida Stampanoni","date":"9 Giugno 2024","format":false,"excerpt":"Una splendida giornata un atmosfera di festa una ventina di giovani USCine hanno potuto gustarsi la magia della finale cantonale UBS KIDS CUP sabato al comunale di Bellinzona che il 9 settembre ospiter\u00e0 il gal\u00e0 dei Castelli. I nostri atleti hanno potuto anche salutare Ajla Del Ponte la festeggiatissima stella\u2026","rel":"","context":"In &quot;Pista&quot;","block_context":{"text":"Pista","link":"https:\/\/uscatletica.ch\/wp\/?cat=4"},"img":{"alt_text":"","src":"https:\/\/i0.wp.com\/uscatletica.ch\/wp\/wp-content\/uploads\/2020\/09\/P1030658.jpeg?fit=315%2C420&ssl=1&resize=350%2C200","width":350,"height":200},"classes":[]},{"id":19392,"url":"https:\/\/uscatletica.ch\/wp\/?p=19392","url_meta":{"origin":21042,"position":4},"title":"Alice e Martino secondi a Cornaredo","author":"Leonida Stampanoni","date":"26 Maggio 2024","format":false,"excerpt":"Nella cornice dello stadio di Cornaredo la finale cantonale Visana Sprint cercava i ragazzi e le ragazze pi\u00f9 veloci del Ticino ben 10 le presenze USC. Alice che lo scorso anno vinse il titolo per il 2009 ha ottenuto un ottimo secondo rango alle spalle di Azzurra Visetti . Alla\u2026","rel":"","context":"In &quot;Pista&quot;","block_context":{"text":"Pista","link":"https:\/\/uscatletica.ch\/wp\/?cat=4"},"img":{"alt_text":"","src":"https:\/\/i0.wp.com\/uscatletica.ch\/wp\/wp-content\/uploads\/2023\/05\/230528alpeotopb.jpg?fit=450%2C338&ssl=1&resize=350%2C200","width":350,"height":200},"classes":[]},{"id":20847,"url":"https:\/\/uscatletica.ch\/wp\/?p=20847","url_meta":{"origin":21042,"position":5},"title":"Mattia, No\u00e9, Melissa, Alice a medaglia ai CT Giovanili di staffette","author":"Leonida Stampanoni","date":"18 Maggio 2025","format":false,"excerpt":"Ai campionati ticinesi giovanili di staffette ben 15 erano le atlete e gli atleti USC al via. Grazie alla CoAS abbiamo raccolto tre medaglie con 4 atlete. \u00a0No\u00e9 nell'olimpionica e Mattia nella 3x1000 hanno vinto l'argento mentre Melissa ed Alice il bronzo nella 4x100 m. Bella esperienza per le U16\u2026","rel":"","context":"In &quot;Pista&quot;","block_context":{"text":"Pista","link":"https:\/\/uscatletica.ch\/wp\/?cat=4"},"img":{"alt_text":"","src":"https:\/\/i0.wp.com\/uscatletica.ch\/wp\/wp-content\/uploads\/2025\/03\/20250308ukctc.jpeg?fit=432%2C324&ssl=1&resize=350%2C200","width":350,"height":200},"classes":[]}],"_links":{"self":[{"href":"https:\/\/uscatletica.ch\/wp\/index.php?rest_route=\/wp\/v2\/posts\/21042","targetHints":{"allow":["GET"]}}],"collection":[{"href":"https:\/\/uscatletica.ch\/wp\/index.php?rest_route=\/wp\/v2\/posts"}],"about":[{"href":"https:\/\/uscatletica.ch\/wp\/index.php?rest_route=\/wp\/v2\/types\/post"}],"author":[{"embeddable":true,"href":"https:\/\/uscatletica.ch\/wp\/index.php?rest_route=\/wp\/v2\/users\/4"}],"replies":[{"embeddable":true,"href":"https:\/\/uscatletica.ch\/wp\/index.php?rest_route=%2Fwp%2Fv2%2Fcomments&post=21042"}],"version-history":[{"count":2,"href":"https:\/\/uscatletica.ch\/wp\/index.php?rest_route=\/wp\/v2\/posts\/21042\/revisions"}],"predecessor-version":[{"id":21507,"href":"https:\/\/uscatletica.ch\/wp\/index.php?rest_route=\/wp\/v2\/posts\/21042\/revisions\/21507"}],"wp:featuredmedia":[{"embeddable":true,"href":"https:\/\/uscatletica.ch\/wp\/index.php?rest_route=\/wp\/v2\/media\/15889"}],"wp:attachment":[{"href":"https:\/\/uscatletica.ch\/wp\/index.php?rest_route=%2Fwp%2Fv2%2Fmedia&parent=21042"}],"wp:term":[{"taxonomy":"category","embeddable":true,"href":"https:\/\/uscatletica.ch\/wp\/index.php?rest_route=%2Fwp%2Fv2%2Fcategories&post=21042"},{"taxonomy":"post_tag","embeddable":true,"href":"https:\/\/uscatletica.ch\/wp\/index.php?rest_route=%2Fwp%2Fv2%2Ftags&post=21042"}],"curies":[{"name":"wp","href":"https:\/\/api.w.org\/{rel}","templated":true}]}}