{"id":21094,"date":"2025-08-20T22:23:36","date_gmt":"2025-08-20T20:23:36","guid":{"rendered":"https:\/\/uscatletica.ch\/wp\/?p=21094"},"modified":"2025-08-20T22:28:21","modified_gmt":"2025-08-20T20:28:21","slug":"apertura-stagione-2025-2026","status":"publish","type":"post","link":"https:\/\/uscatletica.ch\/wp\/?p=21094","title":{"rendered":"Apertura stagione 2025-2026"},"content":{"rendered":"\n<p style=\"font-weight: 400;\"><strong>Ripresa degli allenamenti \u2013 Arena Sportiva Capriasca e Valcolla<\/strong><\/p>\n<p style=\"font-weight: 400;\"><br \/>L\u2019USC Capriaschese, nata oltre 50 anni fa, vi d\u00e0 il benvenuto alla stagione 2025-2026.<\/p>\n<p style=\"font-weight: 400;\">La nostra societ\u00e0 gode di una solida tradizione sul territorio e racchiude molte discipline dall\u2019atletica al podismo alla corsa in salita ottenendo molteplici risultati, con competizioni a livello cantonale, nazionale ed internazionale. Si identifica nello sport per tutti, dando forte risalto al gruppo, ai contatti umani ed al rispetto.<\/p>\n<p style=\"font-weight: 400;\">Gli interessati possono presentarsi al primo allenamento per una seduta di prova e per ricevere ulteriori informazioni.<\/p>\n<p style=\"font-weight: 400;\">Il numero di partecipanti per gruppo \u00e8 limitato e verr\u00e0 data la precedenza a chi fa gi\u00e0 parte dell\u2019USC e che ha partecipato regolarmente all\u2019attivit\u00e0 nella scorsa stagione.<\/p>\n<p style=\"font-weight: 400;\">A dipendenza del numero degli iscritti potrebbero esserci dei cambiamenti.<br \/>A chi si iscrive viene chiesta una partecipazione regolare agli allenamenti e alle gare.<\/p>\n<p style=\"font-weight: 400;\"><strong>\u00a0<\/strong><\/p>\n<p style=\"font-weight: 400;\"><strong><u>U10 Nate\/i nel 2017-2018 e 2019 che frequentano la prima elementare <\/u><\/strong><\/p>\n<p style=\"font-weight: 400;\">Il gruppo U10 si allena il <strong><u>gioved\u00ec dalle 17:30 alle 18:45<\/u><\/strong><\/p>\n<p style=\"font-weight: 400;\">Ripresa degli allenamenti il 4 settembre 2025.<\/p>\n<p style=\"font-weight: 400;\"><strong><u>U12 Nate\/i nel 2015-2016 <\/u><\/strong><\/p>\n<p style=\"font-weight: 400;\">Il gruppo U12 si allena il <strong><u>marted\u00ec dalle 17:30 alle 18:45<\/u><\/strong><\/p>\n<p style=\"font-weight: 400;\">Ripresa degli allenamenti il 2 settembre 2025.<\/p>\n<p style=\"font-weight: 400;\"><strong><u>U14 Nate\/i dal 2013-2014 <\/u><\/strong><\/p>\n<p style=\"font-weight: 400;\">Il gruppo\u00a0U14 si allena <strong><u>il\u00a0marted\u00ec e il gioved\u00ec dalle 18:30 alle 20:00<\/u><\/strong><br \/>Ripresa degli allenamenti il 2 settembre 2025.<br \/><br \/><strong><u>U16 &#8211; U18 e pi\u00f9 maturi<\/u><\/strong>\u00a0<strong><u>Nate\/i nel 2012 e prima<\/u><\/strong><\/p>\n<ol>\n<li style=\"font-weight: 400;\">Gruppo mezzofondo, fondo, cross e podismo si allena<br \/><strong> <u>il<\/u><\/strong><u> <strong>marted\u00ec e il gioved\u00ec dalle 18:30 alle 20:00.<br \/><\/strong><\/u> Ripresa degli allenamenti il 2 settembre 2025.<br \/>\u00a0\u00a0\u00a0 Allenamenti supplementari sono previsti il luned\u00ec dalle 18:15 alle 19:45.<\/li>\n<li style=\"font-weight: 400;\">Gruppo sprint \u2013 salti &#8211; lanci si allena<br \/><strong> <u>il luned\u00ec,\u00a0il mercoled\u00ec, il venerd\u00ec dalle ore 18:15 alle 19:45.<\/u><\/strong><br \/>Ripresa degli allenamenti il 1\u00b0settembre 2025.<br \/>\u00a0\u00a0\u00a0 Ai ragazzi viene chiesta una partecipazione ad almeno 2 allenamenti settimanali.<strong><u><br \/><br \/><\/u><\/strong><\/li>\n<\/ol>\n<p style=\"font-weight: 400;\"><span style=\"text-decoration: underline;\"><strong>Adulti<\/strong><\/span><\/p>\n<p style=\"font-weight: 400;\">Il gruppo adulti si ritrova il <strong><u>luned\u00ec dalle 18:15<\/u><\/strong>\u00a0presso l\u2019Arena Capriasca e Valcolla.<\/p>\n<p style=\"font-weight: 400;\">Altri allenamenti per gli adulti (il sabato e domenica soprattutto) vengono poi concordati di volta in volta.<br \/><br \/><\/p>\n<p>\u00a0<\/p>\n\n\n\n<div data-wp-interactive=\"core\/file\" class=\"wp-block-file\"><object data-wp-bind--hidden=\"!state.hasPdfPreview\" hidden class=\"wp-block-file__embed\" data=\"https:\/\/uscatletica.ch\/wp\/wp-content\/uploads\/2025\/08\/Allenamenti-stagione-2025-2026.pdf\" type=\"application\/pdf\" style=\"width:100%;height:600px\" aria-label=\"Incorporamento di Allenamenti stagione 2025-2026.\"><\/object><a id=\"wp-block-file--media-e48815e6-a92d-4df2-becc-c1a9884d20ef\" href=\"https:\/\/uscatletica.ch\/wp\/wp-content\/uploads\/2025\/08\/Allenamenti-stagione-2025-2026.pdf\">Allenamenti stagione 2025-2026<\/a><a href=\"https:\/\/uscatletica.ch\/wp\/wp-content\/uploads\/2025\/08\/Allenamenti-stagione-2025-2026.pdf\" class=\"wp-block-file__button wp-element-button\" download aria-describedby=\"wp-block-file--media-e48815e6-a92d-4df2-becc-c1a9884d20ef\">Download<\/a><\/div>\n","protected":false},"excerpt":{"rendered":"<p>Ripresa degli allenamenti \u2013 Arena Sportiva Capriasca e Valcolla L\u2019USC Capriaschese, nata oltre 50 anni fa, vi d\u00e0 il benvenuto alla stagione 2025-2026. La nostra societ\u00e0 gode di una solida tradizione sul territorio e racchiude molte discipline dall\u2019atletica al podismo alla corsa in salita ottenendo molteplici risultati, con competizioni a livello cantonale, nazionale ed internazionale. Si identifica nello sport per tutti, dando forte risalto al gruppo, ai contatti umani ed al rispetto. Gli interessati possono&#8230;<\/p>\n","protected":false},"author":8,"featured_media":21099,"comment_status":"closed","ping_status":"closed","sticky":false,"template":"","format":"standard","meta":{"jetpack_post_was_ever_published":false,"_jetpack_newsletter_access":"","_jetpack_dont_email_post_to_subs":false,"_jetpack_newsletter_tier_id":0,"_jetpack_memberships_contains_paywalled_content":false,"_jetpack_memberships_contains_paid_content":false,"footnotes":"","jetpack_publicize_message":"","jetpack_publicize_feature_enabled":true,"jetpack_social_post_already_shared":true,"jetpack_social_options":{"image_generator_settings":{"template":"highway","default_image_id":0,"font":"","enabled":false},"version":2}},"categories":[11,30,10,9],"tags":[],"class_list":["post-21094","post","type-post","status-publish","format-standard","has-post-thumbnail","hentry","category-altro","category-diversi","category-info","category-sport"],"jetpack_publicize_connections":[],"jetpack_featured_media_url":"https:\/\/i0.wp.com\/uscatletica.ch\/wp\/wp-content\/uploads\/2025\/08\/usc_logocapra.jpg?fit=472%2C324&ssl=1","jetpack_sharing_enabled":true,"jetpack_shortlink":"https:\/\/wp.me\/p6V7Ck-5ue","jetpack-related-posts":[{"id":19746,"url":"https:\/\/uscatletica.ch\/wp\/?p=19746","url_meta":{"origin":21094,"position":0},"title":"Ripresa degli allenamenti \u2013 Arena Sportiva Capriasca e Valcolla","author":"Leonida Stampanoni","date":"24 Agosto 2024","format":false,"excerpt":"Ripresa degli allenamenti \u2013 Arena Sportiva Capriasca e Valcolla Stagione 2024-2025 Ripresa degli allenamenti \u2013 Arena Sportiva Capriasca e Valcolla L\u2019USC Capriaschese vi d\u00e0 il benvenuto alla stagione atletica 2024-2025. Ecco le prime informazioni. Gli interessati possono presentarsi al primo allenamento per una seduta di prova e per ricevere ulteriori\u2026","rel":"","context":"In &quot;Altro&quot;","block_context":{"text":"Altro","link":"https:\/\/uscatletica.ch\/wp\/?cat=11"},"img":{"alt_text":"","src":"https:\/\/i0.wp.com\/uscatletica.ch\/wp\/wp-content\/uploads\/2024\/08\/image2dd.jpg?fit=432%2C324&ssl=1&resize=350%2C200","width":350,"height":200},"classes":[]},{"id":2700,"url":"https:\/\/uscatletica.ch\/wp\/?p=2700","url_meta":{"origin":21094,"position":1},"title":"STAGIONE 2016 2017 GLI ALLENAMENTI USC SI PARTE","author":"Leonida Stampanoni","date":"29 Agosto 2016","format":false,"excerpt":"Felice e sereno inizio di anno scolastico a Allievi ,Studenti e Docenti. La nuova stagione degli allenamenti ricomincia \u00a0per tutti I gruppi delle scuole medie e scuole superiori continuano la loro preparazione con i due allenamenti del martedi e giovedi A Partire da marted\u00ec 30 agosto ricominciano gli allenamenti del\u2026","rel":"","context":"In &quot;Altro&quot;","block_context":{"text":"Altro","link":"https:\/\/uscatletica.ch\/wp\/?cat=11"},"img":{"alt_text":"","src":"https:\/\/i0.wp.com\/uscatletica.ch\/wp\/wp-content\/uploads\/2016\/08\/IMG_7131.jpg?fit=563%2C422&ssl=1&resize=350%2C200","width":350,"height":200,"srcset":"https:\/\/i0.wp.com\/uscatletica.ch\/wp\/wp-content\/uploads\/2016\/08\/IMG_7131.jpg?fit=563%2C422&ssl=1&resize=350%2C200 1x, https:\/\/i0.wp.com\/uscatletica.ch\/wp\/wp-content\/uploads\/2016\/08\/IMG_7131.jpg?fit=563%2C422&ssl=1&resize=525%2C300 1.5x"},"classes":[]},{"id":21659,"url":"https:\/\/uscatletica.ch\/wp\/?p=21659","url_meta":{"origin":21094,"position":2},"title":"Il cross Capriaschese Gran finale di coppa Ticino","author":"Leonida Stampanoni","date":"5 Febbraio 2026","format":false,"excerpt":"Nel fine settimana l'USC sar\u00e0 lieta di accogliere il gran finale della Coppa Ticino di Cross FTAL 2025-26. La nostra societ\u00e0 \u00e8 onorata di premiare i protagonisti della stagione Campestre. Nicole, Davide sono gi\u00e0 sicuri del successo Martina tagliando il traguardo celebrer\u00e0 la vittoria mentre Elia ed Alex si giocheranno\u2026","rel":"","context":"In &quot;Cross&quot;","block_context":{"text":"Cross","link":"https:\/\/uscatletica.ch\/wp\/?cat=7"},"img":{"alt_text":"","src":"https:\/\/i0.wp.com\/uscatletica.ch\/wp\/wp-content\/uploads\/2025\/09\/20250928stra.jpg?fit=783%2C686&ssl=1&resize=350%2C200","width":350,"height":200,"srcset":"https:\/\/i0.wp.com\/uscatletica.ch\/wp\/wp-content\/uploads\/2025\/09\/20250928stra.jpg?fit=783%2C686&ssl=1&resize=350%2C200 1x, https:\/\/i0.wp.com\/uscatletica.ch\/wp\/wp-content\/uploads\/2025\/09\/20250928stra.jpg?fit=783%2C686&ssl=1&resize=525%2C300 1.5x, https:\/\/i0.wp.com\/uscatletica.ch\/wp\/wp-content\/uploads\/2025\/09\/20250928stra.jpg?fit=783%2C686&ssl=1&resize=700%2C400 2x"},"classes":[]},{"id":17852,"url":"https:\/\/uscatletica.ch\/wp\/?p=17852","url_meta":{"origin":21094,"position":3},"title":"Allenamenti Stagione 2023","author":"Leonida Stampanoni","date":"22 Agosto 2023","format":false,"excerpt":"Stagione 2023-2024 Ripresa degli allenamenti la Locandina\u00a0 Tesserete:Nate\/i nel 2015-2016 e prima elementare \u2013 U10Il gruppo U10 si allena il gioved\u00ec dalle 17:15 alle 18:30, ritrovo presso l\u2019Arena Capriasca e Valcolla.Ripresa degli allenamenti il 31 agosto 2023. Nate\/i nel 2013-2014 \u2013 U12Il gruppo U12 si allena il marted\u00ec dalle 17:30\u2026","rel":"","context":"In &quot;Altro&quot;","block_context":{"text":"Altro","link":"https:\/\/uscatletica.ch\/wp\/?cat=11"},"img":{"alt_text":"","src":"https:\/\/i0.wp.com\/uscatletica.ch\/wp\/wp-content\/uploads\/2023\/08\/230815ovactoschna.jpg?fit=640%2C480&ssl=1&resize=350%2C200","width":350,"height":200,"srcset":"https:\/\/i0.wp.com\/uscatletica.ch\/wp\/wp-content\/uploads\/2023\/08\/230815ovactoschna.jpg?fit=640%2C480&ssl=1&resize=350%2C200 1x, https:\/\/i0.wp.com\/uscatletica.ch\/wp\/wp-content\/uploads\/2023\/08\/230815ovactoschna.jpg?fit=640%2C480&ssl=1&resize=525%2C300 1.5x"},"classes":[]},{"id":21478,"url":"https:\/\/uscatletica.ch\/wp\/?p=21478","url_meta":{"origin":21094,"position":4},"title":"CASTAGNATA USC A CASTENSAGO","author":"Leonida Stampanoni","date":"23 Ottobre 2025","format":false,"excerpt":"\u00a0 CASTAGNATA USC 2025 In caso di brutto tempo la castagnata non si terr\u00e0 \u00a0 RITROVO ARENA SPORTIVA CAPRIASCA A TESSERETE SABATO 25 OTTOBRE 2025 ALLE ORE 13.30 PARTENZA VERSO CASTENSAGO (LELGIO) A PIEDI TUTTI INSIEME Per l\u2019organizzazione e sapere quante castagne preparare, vi preghiamo di \u00a0 , indicando il\u2026","rel":"","context":"In &quot;Altro&quot;","block_context":{"text":"Altro","link":"https:\/\/uscatletica.ch\/wp\/?cat=11"},"img":{"alt_text":"","src":"https:\/\/i0.wp.com\/uscatletica.ch\/wp\/wp-content\/uploads\/2025\/10\/castagnata2025usc.jpg?fit=595%2C841&ssl=1&resize=350%2C200","width":350,"height":200,"srcset":"https:\/\/i0.wp.com\/uscatletica.ch\/wp\/wp-content\/uploads\/2025\/10\/castagnata2025usc.jpg?fit=595%2C841&ssl=1&resize=350%2C200 1x, https:\/\/i0.wp.com\/uscatletica.ch\/wp\/wp-content\/uploads\/2025\/10\/castagnata2025usc.jpg?fit=595%2C841&ssl=1&resize=525%2C300 1.5x"},"classes":[]},{"id":10459,"url":"https:\/\/uscatletica.ch\/wp\/?p=10459","url_meta":{"origin":21094,"position":5},"title":"Annuario USC 2019","author":"Stampa E","date":"5 Giugno 2020","format":false,"excerpt":"\u00c8 pronto l\u2019annuario USC 2019. Una copia sar\u00e0 distribuita agli atleti nei rispettivi gruppi di allenamento in occasione degli allenamenti previsti o di un prossimo incontro organizzato dall'USC. Per i podisti adulti e per tutti i soci, sostenitori e amici dell\u2019USC \u00e8 invece possibile da subito ritirare una copia a\u2026","rel":"","context":"In &quot;Altro&quot;","block_context":{"text":"Altro","link":"https:\/\/uscatletica.ch\/wp\/?cat=11"},"img":{"alt_text":"","src":"https:\/\/i0.wp.com\/uscatletica.ch\/wp\/wp-content\/uploads\/2020\/06\/Annuario2019-USC-foto.jpg?fit=1200%2C900&ssl=1&resize=350%2C200","width":350,"height":200,"srcset":"https:\/\/i0.wp.com\/uscatletica.ch\/wp\/wp-content\/uploads\/2020\/06\/Annuario2019-USC-foto.jpg?fit=1200%2C900&ssl=1&resize=350%2C200 1x, https:\/\/i0.wp.com\/uscatletica.ch\/wp\/wp-content\/uploads\/2020\/06\/Annuario2019-USC-foto.jpg?fit=1200%2C900&ssl=1&resize=525%2C300 1.5x, https:\/\/i0.wp.com\/uscatletica.ch\/wp\/wp-content\/uploads\/2020\/06\/Annuario2019-USC-foto.jpg?fit=1200%2C900&ssl=1&resize=700%2C400 2x, https:\/\/i0.wp.com\/uscatletica.ch\/wp\/wp-content\/uploads\/2020\/06\/Annuario2019-USC-foto.jpg?fit=1200%2C900&ssl=1&resize=1050%2C600 3x"},"classes":[]}],"_links":{"self":[{"href":"https:\/\/uscatletica.ch\/wp\/index.php?rest_route=\/wp\/v2\/posts\/21094","targetHints":{"allow":["GET"]}}],"collection":[{"href":"https:\/\/uscatletica.ch\/wp\/index.php?rest_route=\/wp\/v2\/posts"}],"about":[{"href":"https:\/\/uscatletica.ch\/wp\/index.php?rest_route=\/wp\/v2\/types\/post"}],"author":[{"embeddable":true,"href":"https:\/\/uscatletica.ch\/wp\/index.php?rest_route=\/wp\/v2\/users\/8"}],"replies":[{"embeddable":true,"href":"https:\/\/uscatletica.ch\/wp\/index.php?rest_route=%2Fwp%2Fv2%2Fcomments&post=21094"}],"version-history":[{"count":1,"href":"https:\/\/uscatletica.ch\/wp\/index.php?rest_route=\/wp\/v2\/posts\/21094\/revisions"}],"predecessor-version":[{"id":21096,"href":"https:\/\/uscatletica.ch\/wp\/index.php?rest_route=\/wp\/v2\/posts\/21094\/revisions\/21096"}],"wp:featuredmedia":[{"embeddable":true,"href":"https:\/\/uscatletica.ch\/wp\/index.php?rest_route=\/wp\/v2\/media\/21099"}],"wp:attachment":[{"href":"https:\/\/uscatletica.ch\/wp\/index.php?rest_route=%2Fwp%2Fv2%2Fmedia&parent=21094"}],"wp:term":[{"taxonomy":"category","embeddable":true,"href":"https:\/\/uscatletica.ch\/wp\/index.php?rest_route=%2Fwp%2Fv2%2Fcategories&post=21094"},{"taxonomy":"post_tag","embeddable":true,"href":"https:\/\/uscatletica.ch\/wp\/index.php?rest_route=%2Fwp%2Fv2%2Ftags&post=21094"}],"curies":[{"name":"wp","href":"https:\/\/api.w.org\/{rel}","templated":true}]}}