{"id":21121,"date":"2025-08-30T10:19:46","date_gmt":"2025-08-30T08:19:46","guid":{"rendered":"https:\/\/uscatletica.ch\/wp\/?p=21121"},"modified":"2025-08-30T10:20:36","modified_gmt":"2025-08-30T08:20:36","slug":"lo-spirito-di-squadra-per-i-campionati-svizzeri-del-fine-settimana","status":"publish","type":"post","link":"https:\/\/uscatletica.ch\/wp\/?p=21121","title":{"rendered":"Lo spirito di Squadra per i campionati svizzeri del fine settimana"},"content":{"rendered":"\n<p>L&#8217;ultimo fine settimana di agosto sar\u00e0 dedicato ai campionati svizzeri con lo spirito di squadra a farla da padrone. Sabato a Martigny in pedana saranno gli specialisti delle discipline tecniche con i campionati svizzeri Team, nel triplo ci sar\u00e0 la Comunit\u00e0 atletica Sottoceneri con al via la nostra Marta.\u00a0<\/p>\n<p>Domenica a Nottwil saranno una decina le squadre COAS. al via ai campionati svizzeri di staffette. Sei \u00a0glI USCini al via \u00a0Mattia nella 3&#215;1000 m \u00a0No\u00e9 , Am\u00e9lie e Marta in tre squadre dell&#8217;olimpionica e Alice e Melissa nella 4&#215;100 m .\u00a0<\/p>\n<p>Nessun USC invece al via della finale UBS Kids Cup al Letzigrund \u00a0dove ci saranno una ventina di atleti ticinesi al via\u00a0<\/p>\n<p><a href=\"https:\/\/ftal.ch\/18816-2\/\" target=\"_blank\" rel=\"noopener\">l&#8217;articolo FTAL\u00a0<\/a><\/p>\n<p class=\"western\"><b>Campionati Svizzeri Team \u2013 30.08.2025 &#8211; Martigny<\/b><\/p>\n<p class=\"western\"><u><a href=\"https:\/\/www.cabv-martigny.ch\/csteam2025\/home\">Il sito Ufficiale<\/a><\/u><\/p>\n<p class=\"western\"><u><a href=\"https:\/\/www.cabv-martigny.ch\/csteam2025\/Liveresults\">Risultati live dai campionati svizzeri<\/a> Team<\/u><\/p>\n<p class=\"western\"><b>Campionati Svizzeri Staffette \u2013 31.08.2025 &#8211; Nottwil<\/b><\/p>\n<p class=\"western\"><u><a href=\"https:\/\/swiss-athletics.ch\/fr\/cs-relais\/\">Il sito Ufficiale<\/a><\/u><\/p>\n<p class=\"western\"><u><a href=\"https:\/\/slv.laportal.net\/Competitions\/Details\/17231\">Risultati live dai campionati svizzeri staffette<\/a><\/u><\/p>\n<p class=\"western\"><b>Finale UBS KIDS CUP \u2013 30.08.2025 \u2013 Zurigo Letzigrund<\/b><\/p>\n<p class=\"western\"><u><a href=\"https:\/\/www.ubs-kidscup.ch\/de\/fuer-teilnehmer\/schweizer-final\/schweizer-final\">Il sito Ufficiale<\/a><\/u><\/p>\n<p class=\"western\"><u><a href=\"https:\/\/www.ubs-kidscup.ch\/de\/fuer-teilnehmer\/ergebnisse\/live-resultate\">Risultati live da<\/a>l Letzigrund<\/u><\/p>\n<p class=\"western\"><u><a href=\"https:\/\/www.ubs-kidscup.ch\/de\/fuer-teilnehmer\/schweizer-final\/schweizer-final\/livestream-schweizer-final\">Livestrream<\/a><\/u><\/p>\n<p class=\"western\"><u><a href=\"https:\/\/www.weltklassezuerich.ch\/de\/\">Il sito Weltklasse Zurich<\/a><\/u><\/p>\n<p class=\"western\"><b>Campionati Svizzeri Staffette \u2013 31.08.2025 &#8211; Nottwil<\/b><\/p>\n<p class=\"western\"><u><a href=\"https:\/\/swiss-athletics.ch\/fr\/cs-relais\/\">Il sito Ufficiale<\/a><\/u><\/p>\n<p class=\"western\"><u><a href=\"https:\/\/slv.laportal.net\/Competitions\/Details\/17231\">Risultati live dai campionati svizzeri staffette<\/a><\/u><\/p>\n","protected":false},"excerpt":{"rendered":"<p>L&#8217;ultimo fine settimana di agosto sar\u00e0 dedicato ai campionati svizzeri con lo spirito di squadra a farla da padrone. Sabato a Martigny in pedana saranno gli specialisti delle discipline tecniche con i campionati svizzeri Team, nel triplo ci sar\u00e0 la Comunit\u00e0 atletica Sottoceneri con al via la nostra Marta.\u00a0 Domenica a Nottwil saranno una decina le squadre COAS. al via ai campionati svizzeri di staffette. Sei \u00a0glI USCini al via \u00a0Mattia nella 3&#215;1000 m \u00a0No\u00e9&#8230;<\/p>\n","protected":false},"author":4,"featured_media":19916,"comment_status":"closed","ping_status":"closed","sticky":false,"template":"","format":"standard","meta":{"jetpack_post_was_ever_published":false,"_jetpack_newsletter_access":"","_jetpack_dont_email_post_to_subs":false,"_jetpack_newsletter_tier_id":0,"_jetpack_memberships_contains_paywalled_content":false,"_jetpack_memberships_contains_paid_content":false,"footnotes":"","jetpack_publicize_message":"","jetpack_publicize_feature_enabled":true,"jetpack_social_post_already_shared":true,"jetpack_social_options":{"image_generator_settings":{"template":"highway","default_image_id":0,"font":"","enabled":false},"version":2}},"categories":[4,9],"tags":[],"class_list":["post-21121","post","type-post","status-publish","format-standard","has-post-thumbnail","hentry","category-pista","category-sport"],"jetpack_publicize_connections":[],"jetpack_featured_media_url":"https:\/\/i0.wp.com\/uscatletica.ch\/wp\/wp-content\/uploads\/2024\/09\/202409084x400mx.jpeg?fit=1280%2C960&ssl=1","jetpack_sharing_enabled":true,"jetpack_shortlink":"https:\/\/wp.me\/p6V7Ck-5uF","jetpack-related-posts":[{"id":21256,"url":"https:\/\/uscatletica.ch\/wp\/?p=21256","url_meta":{"origin":21121,"position":0},"title":"Marta No\u00e9 ed Alice al via dei campionati svizzeri giovanili","author":"Leonida Stampanoni","date":"12 Settembre 2025","format":false,"excerpt":"Nel fine settimana il Canton Argovia ospiter\u00e0 i campionati svizzeri giovanili 900 talenti delle categorie U16\/U18 saranno al via a Zofingen, mentre nella capitale Aarau gareggeranno quasi 700 U20\/U23. Per il Ticino saranno un centinaio i partecipanti nelle due sedi. Tre gli USCini No\u00e9 ed Alice gareggeranno tra. gli \u00a0U18\u2026","rel":"","context":"In &quot;Pista&quot;","block_context":{"text":"Pista","link":"https:\/\/uscatletica.ch\/wp\/?cat=4"},"img":{"alt_text":"","src":"https:\/\/i0.wp.com\/uscatletica.ch\/wp\/wp-content\/uploads\/2024\/06\/Pista-Olgiate-Olona-1-scaled.jpg?fit=1200%2C900&ssl=1&resize=350%2C200","width":350,"height":200,"srcset":"https:\/\/i0.wp.com\/uscatletica.ch\/wp\/wp-content\/uploads\/2024\/06\/Pista-Olgiate-Olona-1-scaled.jpg?fit=1200%2C900&ssl=1&resize=350%2C200 1x, https:\/\/i0.wp.com\/uscatletica.ch\/wp\/wp-content\/uploads\/2024\/06\/Pista-Olgiate-Olona-1-scaled.jpg?fit=1200%2C900&ssl=1&resize=525%2C300 1.5x, https:\/\/i0.wp.com\/uscatletica.ch\/wp\/wp-content\/uploads\/2024\/06\/Pista-Olgiate-Olona-1-scaled.jpg?fit=1200%2C900&ssl=1&resize=700%2C400 2x, https:\/\/i0.wp.com\/uscatletica.ch\/wp\/wp-content\/uploads\/2024\/06\/Pista-Olgiate-Olona-1-scaled.jpg?fit=1200%2C900&ssl=1&resize=1050%2C600 3x"},"classes":[]},{"id":21125,"url":"https:\/\/uscatletica.ch\/wp\/?p=21125","url_meta":{"origin":21121,"position":1},"title":"Le Tripliste sfiorano il podio nazionale","author":"Leonida Stampanoni","date":"30 Agosto 2025","format":false,"excerpt":"Ai campionati svizzeri di Team a Martigny ottima prova per il quartetto COAS con la nostra Marta che che fino all'ultimo turno era in zona medaglie. L'esperta Laura Torino Imberti, la nostra Marta con Alessia Gentile e Lia Gambetta hanno duellato con la seconda squadra di TVL Bern. \u00a0La campionessa\u2026","rel":"","context":"In &quot;Pista&quot;","block_context":{"text":"Pista","link":"https:\/\/uscatletica.ch\/wp\/?cat=4"},"img":{"alt_text":"","src":"https:\/\/i0.wp.com\/uscatletica.ch\/wp\/wp-content\/uploads\/2025\/08\/2024cstwamfofoasspo.jpg?resize=350%2C200&ssl=1","width":350,"height":200,"srcset":"https:\/\/i0.wp.com\/uscatletica.ch\/wp\/wp-content\/uploads\/2025\/08\/2024cstwamfofoasspo.jpg?resize=350%2C200&ssl=1 1x, https:\/\/i0.wp.com\/uscatletica.ch\/wp\/wp-content\/uploads\/2025\/08\/2024cstwamfofoasspo.jpg?resize=525%2C300&ssl=1 1.5x, https:\/\/i0.wp.com\/uscatletica.ch\/wp\/wp-content\/uploads\/2025\/08\/2024cstwamfofoasspo.jpg?resize=700%2C400&ssl=1 2x, https:\/\/i0.wp.com\/uscatletica.ch\/wp\/wp-content\/uploads\/2025\/08\/2024cstwamfofoasspo.jpg?resize=1050%2C600&ssl=1 3x, https:\/\/i0.wp.com\/uscatletica.ch\/wp\/wp-content\/uploads\/2025\/08\/2024cstwamfofoasspo.jpg?resize=1400%2C800&ssl=1 4x"},"classes":[]},{"id":7292,"url":"https:\/\/uscatletica.ch\/wp\/?p=7292","url_meta":{"origin":21121,"position":2},"title":"DALLA SARDEGNA A BELLINZONA IL FINE SETTIMANA DEGLI USCINI","author":"Leonida Stampanoni","date":"14 Febbraio 2019","format":false,"excerpt":"Sabato a Bellinzona per la prima volta in 8 edizioni la finale regionale della UBS Kids Team si disputer\u00e0 in Ticino,l'USC sar\u00e0 al via con tre squadre due U16 una femminile ed una maschile ed una femminile ed il sestetto misto delle U12. Domenica Rachele invece sar\u00e0 con la selezione\u2026","rel":"","context":"In &quot;Cross&quot;","block_context":{"text":"Cross","link":"https:\/\/uscatletica.ch\/wp\/?cat=7"},"img":{"alt_text":"","src":"https:\/\/i0.wp.com\/uscatletica.ch\/wp\/wp-content\/uploads\/2019\/01\/ukct19all.jpg?fit=532%2C399&ssl=1&resize=350%2C200","width":350,"height":200,"srcset":"https:\/\/i0.wp.com\/uscatletica.ch\/wp\/wp-content\/uploads\/2019\/01\/ukct19all.jpg?fit=532%2C399&ssl=1&resize=350%2C200 1x, https:\/\/i0.wp.com\/uscatletica.ch\/wp\/wp-content\/uploads\/2019\/01\/ukct19all.jpg?fit=532%2C399&ssl=1&resize=525%2C300 1.5x"},"classes":[]},{"id":21261,"url":"https:\/\/uscatletica.ch\/wp\/?p=21261","url_meta":{"origin":21121,"position":3},"title":"Nel Canton Argovia Marta sfiora il podio","author":"Leonida Stampanoni","date":"14 Settembre 2025","format":false,"excerpt":"Nel fine settimana il Canton Argovia ha ospitato i campionati svizzeri giovanili nella capitale gareggiavano gli U20\/U23 mentre gli U16\/U18 gareggiavano a Zofingen. \u00a0Tra i 1500 partenti un centinaio i ticinesi . Tre le presenze USC. Marta ad Aarau ha sfiorato la medaglia nel triplo \u00a0e passato un turno sui\u2026","rel":"","context":"In &quot;Pista&quot;","block_context":{"text":"Pista","link":"https:\/\/uscatletica.ch\/wp\/?cat=4"},"img":{"alt_text":"","src":"https:\/\/i0.wp.com\/uscatletica.ch\/wp\/wp-content\/uploads\/2016\/09\/20160903_112600-e1472936223978.jpg?fit=640%2C360&ssl=1&resize=350%2C200","width":350,"height":200,"srcset":"https:\/\/i0.wp.com\/uscatletica.ch\/wp\/wp-content\/uploads\/2016\/09\/20160903_112600-e1472936223978.jpg?fit=640%2C360&ssl=1&resize=350%2C200 1x, https:\/\/i0.wp.com\/uscatletica.ch\/wp\/wp-content\/uploads\/2016\/09\/20160903_112600-e1472936223978.jpg?fit=640%2C360&ssl=1&resize=525%2C300 1.5x"},"classes":[]},{"id":19296,"url":"https:\/\/uscatletica.ch\/wp\/?p=19296","url_meta":{"origin":21121,"position":4},"title":"DA LOCARNO A COMANO IL FINE SETTIMANA USC","author":"Leonida Stampanoni","date":"3 Maggio 2024","format":false,"excerpt":"Il primo fine settimana di maggio sar\u00e0 particolarmente intenso sabato a Locarno ci saranno i CSI ed i campionati ticinesi di Staffetta Olimpionica una ventina le presenze USC. Domenica alla Comano Run quarta prova delle Coppe ASTi BancaStato \u00a0Podismo e Giovanile \u00a0si assegneranno anche i titoli ASTi in gara singola.\u2026","rel":"","context":"In &quot;Pista&quot;","block_context":{"text":"Pista","link":"https:\/\/uscatletica.ch\/wp\/?cat=4"},"img":{"alt_text":"","src":"https:\/\/i0.wp.com\/uscatletica.ch\/wp\/wp-content\/uploads\/2017\/05\/csi2017u16.jpg?fit=579%2C407&ssl=1&resize=350%2C200","width":350,"height":200,"srcset":"https:\/\/i0.wp.com\/uscatletica.ch\/wp\/wp-content\/uploads\/2017\/05\/csi2017u16.jpg?fit=579%2C407&ssl=1&resize=350%2C200 1x, https:\/\/i0.wp.com\/uscatletica.ch\/wp\/wp-content\/uploads\/2017\/05\/csi2017u16.jpg?fit=579%2C407&ssl=1&resize=525%2C300 1.5x"},"classes":[]},{"id":9892,"url":"https:\/\/uscatletica.ch\/wp\/?p=9892","url_meta":{"origin":21121,"position":5},"title":"DALLA SARDEGNA A BIASCA PASSANDO PER LUGANO","author":"Leonida Stampanoni","date":"13 Febbraio 2020","format":false,"excerpt":"Il fine settimana dei campionati svizzeri indoor, senza atleti USC, sar\u00e0 comunque intenso per i nostri atleti che saranno impegnati su pi\u00f9 fronti \u00a0Giada sar\u00e0 al via dei campionati europei di Bob, mentre Giorgia e Matilde saranno in Sardegna per il Memorial Elisa Migliore, l'impegno pi\u00f9 consistente sar\u00e0 per\u00f2 all'Arti\u2026","rel":"","context":"In &quot;CO&quot;","block_context":{"text":"CO","link":"https:\/\/uscatletica.ch\/wp\/?cat=19"},"img":{"alt_text":"","src":"https:\/\/i0.wp.com\/uscatletica.ch\/wp\/wp-content\/uploads\/2020\/01\/10.jpg?fit=432%2C288&ssl=1&resize=350%2C200","width":350,"height":200},"classes":[]}],"_links":{"self":[{"href":"https:\/\/uscatletica.ch\/wp\/index.php?rest_route=\/wp\/v2\/posts\/21121","targetHints":{"allow":["GET"]}}],"collection":[{"href":"https:\/\/uscatletica.ch\/wp\/index.php?rest_route=\/wp\/v2\/posts"}],"about":[{"href":"https:\/\/uscatletica.ch\/wp\/index.php?rest_route=\/wp\/v2\/types\/post"}],"author":[{"embeddable":true,"href":"https:\/\/uscatletica.ch\/wp\/index.php?rest_route=\/wp\/v2\/users\/4"}],"replies":[{"embeddable":true,"href":"https:\/\/uscatletica.ch\/wp\/index.php?rest_route=%2Fwp%2Fv2%2Fcomments&post=21121"}],"version-history":[{"count":2,"href":"https:\/\/uscatletica.ch\/wp\/index.php?rest_route=\/wp\/v2\/posts\/21121\/revisions"}],"predecessor-version":[{"id":21124,"href":"https:\/\/uscatletica.ch\/wp\/index.php?rest_route=\/wp\/v2\/posts\/21121\/revisions\/21124"}],"wp:featuredmedia":[{"embeddable":true,"href":"https:\/\/uscatletica.ch\/wp\/index.php?rest_route=\/wp\/v2\/media\/19916"}],"wp:attachment":[{"href":"https:\/\/uscatletica.ch\/wp\/index.php?rest_route=%2Fwp%2Fv2%2Fmedia&parent=21121"}],"wp:term":[{"taxonomy":"category","embeddable":true,"href":"https:\/\/uscatletica.ch\/wp\/index.php?rest_route=%2Fwp%2Fv2%2Fcategories&post=21121"},{"taxonomy":"post_tag","embeddable":true,"href":"https:\/\/uscatletica.ch\/wp\/index.php?rest_route=%2Fwp%2Fv2%2Ftags&post=21121"}],"curies":[{"name":"wp","href":"https:\/\/api.w.org\/{rel}","templated":true}]}}