{"id":21125,"date":"2025-08-30T23:21:44","date_gmt":"2025-08-30T21:21:44","guid":{"rendered":"https:\/\/uscatletica.ch\/wp\/?p=21125"},"modified":"2025-08-31T06:45:16","modified_gmt":"2025-08-31T04:45:16","slug":"le-tripliste-sfiorano-il-podio-nazionale","status":"publish","type":"post","link":"https:\/\/uscatletica.ch\/wp\/?p=21125","title":{"rendered":"Le Tripliste sfiorano il podio nazionale"},"content":{"rendered":"\n<p>Ai campionati svizzeri di Team a Martigny ottima prova per il quartetto COAS con la nostra Marta che che fino all&#8217;ultimo turno era in zona medaglie. L&#8217;esperta Laura Torino Imberti, la nostra Marta con Alessia Gentile e Lia Gambetta hanno duellato con la seconda squadra di TVL Bern. \u00a0La campionessa svizzera Giada Borin invece ha trascinato il suo team LG Zuri+ al titolo nel disco.\u00a0<\/p>\n<p data-wp-editing=\"1\"><a href=\"https:\/\/i0.wp.com\/uscatletica.ch\/wp\/wp-content\/uploads\/2025\/08\/2024cstwamfofoasspo.jpg?ssl=1\"><img data-recalc-dims=\"1\" loading=\"lazy\" decoding=\"async\" data-attachment-id=\"21127\" data-permalink=\"https:\/\/uscatletica.ch\/wp\/?attachment_id=21127\" data-orig-file=\"https:\/\/i0.wp.com\/uscatletica.ch\/wp\/wp-content\/uploads\/2025\/08\/2024cstwamfofoasspo.jpg?fit=1535%2C2048&amp;ssl=1\" data-orig-size=\"1535,2048\" data-comments-opened=\"0\" data-image-meta=\"{&quot;aperture&quot;:&quot;0&quot;,&quot;credit&quot;:&quot;&quot;,&quot;camera&quot;:&quot;&quot;,&quot;caption&quot;:&quot;&quot;,&quot;created_timestamp&quot;:&quot;0&quot;,&quot;copyright&quot;:&quot;&quot;,&quot;focal_length&quot;:&quot;0&quot;,&quot;iso&quot;:&quot;0&quot;,&quot;shutter_speed&quot;:&quot;0&quot;,&quot;title&quot;:&quot;&quot;,&quot;orientation&quot;:&quot;0&quot;}\" data-image-title=\"2024cstwamfofoasspo\" data-image-description=\"\" data-image-caption=\"\" data-large-file=\"https:\/\/i0.wp.com\/uscatletica.ch\/wp\/wp-content\/uploads\/2025\/08\/2024cstwamfofoasspo.jpg?fit=640%2C853&amp;ssl=1\" class=\"aligncenter size-full wp-image-21127\" src=\"https:\/\/i0.wp.com\/uscatletica.ch\/wp\/wp-content\/uploads\/2025\/08\/2024cstwamfofoasspo.jpg?resize=640%2C854&#038;ssl=1\" alt=\"\" width=\"640\" height=\"854\" srcset=\"https:\/\/i0.wp.com\/uscatletica.ch\/wp\/wp-content\/uploads\/2025\/08\/2024cstwamfofoasspo.jpg?w=1535&amp;ssl=1 1535w, https:\/\/i0.wp.com\/uscatletica.ch\/wp\/wp-content\/uploads\/2025\/08\/2024cstwamfofoasspo.jpg?resize=225%2C300&amp;ssl=1 225w, https:\/\/i0.wp.com\/uscatletica.ch\/wp\/wp-content\/uploads\/2025\/08\/2024cstwamfofoasspo.jpg?resize=768%2C1025&amp;ssl=1 768w, https:\/\/i0.wp.com\/uscatletica.ch\/wp\/wp-content\/uploads\/2025\/08\/2024cstwamfofoasspo.jpg?resize=1151%2C1536&amp;ssl=1 1151w, https:\/\/i0.wp.com\/uscatletica.ch\/wp\/wp-content\/uploads\/2025\/08\/2024cstwamfofoasspo.jpg?w=1280&amp;ssl=1 1280w\" sizes=\"auto, (max-width: 640px) 100vw, 640px\" \/><\/a><\/p>\n<p>Foto ASSPO\u00a0<\/p>\n<p class=\"western\"><b>Campionati Svizzeri Team \u2013 30.08.2025 &#8211; Martigny<\/b><\/p>\n<p class=\"western\"><u><a href=\"https:\/\/www.cabv-martigny.ch\/csteam2025\/home\">Il sito Ufficiale<\/a><\/u><\/p>\n<p class=\"western\"><u><a href=\"https:\/\/www.cabv-martigny.ch\/csteam2025\/Liveresults\">Risultati live dai campionati svizzeri<\/a> Team<\/u><\/p>\n<p>Alle 13.30 si scende in pedana l&#8217;esperta Laura Imberti centra subito un ottimo 11.49 m seguito dal secondo tentativo a 11.56 m al secondo tentativo piazza il miglior salto anche Alessia 10.77 m, \u00a0Lia atterra a 9.53 m. Al terzo finalmente Marta ha il primo salto valido con 10.19 \u00a0Lia piazza il miglior salto con 9.65. All&#8217;ultimo turno arriva il 10.64 m e si sale sul podio. All&#8217;ultimo turno un solo salto per squadra con Marta che viene nominata \u00a0ma purtroppo non riesce a migliorarsi. \u00a0La seconda squadra del TVLB con Melanie Minder atterra 10.96 m migliorandosi di 55 cm che permettono alle bernesi di raggiungere le neo campionesse della prima squadra sul podio. \u00a0Sicuramente un&#8217;ottima esperienza ora ci sono due anni per una buona crescita. il prossimo anno si garegger\u00e0 nel salto in lungo.\u00a0<\/p>\n<p>Nel disco Giada Borin unica lanciatrice oltre i 50 m con 50.29 permette alla sua societ\u00e0 di mettersi al collo la medaglia d&#8217;oro\u00a0<\/p>\n","protected":false},"excerpt":{"rendered":"<p>Ai campionati svizzeri di Team a Martigny ottima prova per il quartetto COAS con la nostra Marta che che fino all&#8217;ultimo turno era in zona medaglie. L&#8217;esperta Laura Torino Imberti, la nostra Marta con Alessia Gentile e Lia Gambetta hanno duellato con la seconda squadra di TVL Bern. \u00a0La campionessa svizzera Giada Borin invece ha trascinato il suo team LG Zuri+ al titolo nel disco.\u00a0 Foto ASSPO\u00a0 Campionati Svizzeri Team \u2013 30.08.2025 &#8211; Martigny Il&#8230;<\/p>\n","protected":false},"author":4,"featured_media":21128,"comment_status":"closed","ping_status":"closed","sticky":false,"template":"","format":"standard","meta":{"jetpack_post_was_ever_published":false,"_jetpack_newsletter_access":"","_jetpack_dont_email_post_to_subs":false,"_jetpack_newsletter_tier_id":0,"_jetpack_memberships_contains_paywalled_content":false,"_jetpack_memberships_contains_paid_content":false,"footnotes":"","jetpack_publicize_message":"","jetpack_publicize_feature_enabled":true,"jetpack_social_post_already_shared":true,"jetpack_social_options":{"image_generator_settings":{"template":"highway","default_image_id":0,"font":"","enabled":false},"version":2}},"categories":[4,9],"tags":[],"class_list":["post-21125","post","type-post","status-publish","format-standard","has-post-thumbnail","hentry","category-pista","category-sport"],"jetpack_publicize_connections":[],"jetpack_featured_media_url":"https:\/\/i0.wp.com\/uscatletica.ch\/wp\/wp-content\/uploads\/2025\/08\/2024cstwam.jpg?fit=317%2C324&ssl=1","jetpack_sharing_enabled":true,"jetpack_shortlink":"https:\/\/wp.me\/p6V7Ck-5uJ","jetpack-related-posts":[{"id":21121,"url":"https:\/\/uscatletica.ch\/wp\/?p=21121","url_meta":{"origin":21125,"position":0},"title":"Lo spirito di Squadra per i campionati svizzeri del fine settimana","author":"Leonida Stampanoni","date":"30 Agosto 2025","format":false,"excerpt":"L'ultimo fine settimana di agosto sar\u00e0 dedicato ai campionati svizzeri con lo spirito di squadra a farla da padrone. Sabato a Martigny in pedana saranno gli specialisti delle discipline tecniche con i campionati svizzeri Team, nel triplo ci sar\u00e0 la Comunit\u00e0 atletica Sottoceneri con al via la nostra Marta.\u00a0 Domenica\u2026","rel":"","context":"In &quot;Pista&quot;","block_context":{"text":"Pista","link":"https:\/\/uscatletica.ch\/wp\/?cat=4"},"img":{"alt_text":"","src":"https:\/\/i0.wp.com\/uscatletica.ch\/wp\/wp-content\/uploads\/2024\/09\/202409084x400mx.jpeg?fit=1200%2C900&ssl=1&resize=350%2C200","width":350,"height":200,"srcset":"https:\/\/i0.wp.com\/uscatletica.ch\/wp\/wp-content\/uploads\/2024\/09\/202409084x400mx.jpeg?fit=1200%2C900&ssl=1&resize=350%2C200 1x, https:\/\/i0.wp.com\/uscatletica.ch\/wp\/wp-content\/uploads\/2024\/09\/202409084x400mx.jpeg?fit=1200%2C900&ssl=1&resize=525%2C300 1.5x, https:\/\/i0.wp.com\/uscatletica.ch\/wp\/wp-content\/uploads\/2024\/09\/202409084x400mx.jpeg?fit=1200%2C900&ssl=1&resize=700%2C400 2x, https:\/\/i0.wp.com\/uscatletica.ch\/wp\/wp-content\/uploads\/2024\/09\/202409084x400mx.jpeg?fit=1200%2C900&ssl=1&resize=1050%2C600 3x"},"classes":[]},{"id":21256,"url":"https:\/\/uscatletica.ch\/wp\/?p=21256","url_meta":{"origin":21125,"position":1},"title":"Marta No\u00e9 ed Alice al via dei campionati svizzeri giovanili","author":"Leonida Stampanoni","date":"12 Settembre 2025","format":false,"excerpt":"Nel fine settimana il Canton Argovia ospiter\u00e0 i campionati svizzeri giovanili 900 talenti delle categorie U16\/U18 saranno al via a Zofingen, mentre nella capitale Aarau gareggeranno quasi 700 U20\/U23. Per il Ticino saranno un centinaio i partecipanti nelle due sedi. Tre gli USCini No\u00e9 ed Alice gareggeranno tra. gli \u00a0U18\u2026","rel":"","context":"In &quot;Pista&quot;","block_context":{"text":"Pista","link":"https:\/\/uscatletica.ch\/wp\/?cat=4"},"img":{"alt_text":"","src":"https:\/\/i0.wp.com\/uscatletica.ch\/wp\/wp-content\/uploads\/2024\/06\/Pista-Olgiate-Olona-1-scaled.jpg?fit=1200%2C900&ssl=1&resize=350%2C200","width":350,"height":200,"srcset":"https:\/\/i0.wp.com\/uscatletica.ch\/wp\/wp-content\/uploads\/2024\/06\/Pista-Olgiate-Olona-1-scaled.jpg?fit=1200%2C900&ssl=1&resize=350%2C200 1x, https:\/\/i0.wp.com\/uscatletica.ch\/wp\/wp-content\/uploads\/2024\/06\/Pista-Olgiate-Olona-1-scaled.jpg?fit=1200%2C900&ssl=1&resize=525%2C300 1.5x, https:\/\/i0.wp.com\/uscatletica.ch\/wp\/wp-content\/uploads\/2024\/06\/Pista-Olgiate-Olona-1-scaled.jpg?fit=1200%2C900&ssl=1&resize=700%2C400 2x, https:\/\/i0.wp.com\/uscatletica.ch\/wp\/wp-content\/uploads\/2024\/06\/Pista-Olgiate-Olona-1-scaled.jpg?fit=1200%2C900&ssl=1&resize=1050%2C600 3x"},"classes":[]},{"id":21261,"url":"https:\/\/uscatletica.ch\/wp\/?p=21261","url_meta":{"origin":21125,"position":2},"title":"Nel Canton Argovia Marta sfiora il podio","author":"Leonida Stampanoni","date":"14 Settembre 2025","format":false,"excerpt":"Nel fine settimana il Canton Argovia ha ospitato i campionati svizzeri giovanili nella capitale gareggiavano gli U20\/U23 mentre gli U16\/U18 gareggiavano a Zofingen. \u00a0Tra i 1500 partenti un centinaio i ticinesi . Tre le presenze USC. Marta ad Aarau ha sfiorato la medaglia nel triplo \u00a0e passato un turno sui\u2026","rel":"","context":"In &quot;Pista&quot;","block_context":{"text":"Pista","link":"https:\/\/uscatletica.ch\/wp\/?cat=4"},"img":{"alt_text":"","src":"https:\/\/i0.wp.com\/uscatletica.ch\/wp\/wp-content\/uploads\/2016\/09\/20160903_112600-e1472936223978.jpg?fit=640%2C360&ssl=1&resize=350%2C200","width":350,"height":200,"srcset":"https:\/\/i0.wp.com\/uscatletica.ch\/wp\/wp-content\/uploads\/2016\/09\/20160903_112600-e1472936223978.jpg?fit=640%2C360&ssl=1&resize=350%2C200 1x, https:\/\/i0.wp.com\/uscatletica.ch\/wp\/wp-content\/uploads\/2016\/09\/20160903_112600-e1472936223978.jpg?fit=640%2C360&ssl=1&resize=525%2C300 1.5x"},"classes":[]},{"id":9892,"url":"https:\/\/uscatletica.ch\/wp\/?p=9892","url_meta":{"origin":21125,"position":3},"title":"DALLA SARDEGNA A BIASCA PASSANDO PER LUGANO","author":"Leonida Stampanoni","date":"13 Febbraio 2020","format":false,"excerpt":"Il fine settimana dei campionati svizzeri indoor, senza atleti USC, sar\u00e0 comunque intenso per i nostri atleti che saranno impegnati su pi\u00f9 fronti \u00a0Giada sar\u00e0 al via dei campionati europei di Bob, mentre Giorgia e Matilde saranno in Sardegna per il Memorial Elisa Migliore, l'impegno pi\u00f9 consistente sar\u00e0 per\u00f2 all'Arti\u2026","rel":"","context":"In &quot;CO&quot;","block_context":{"text":"CO","link":"https:\/\/uscatletica.ch\/wp\/?cat=19"},"img":{"alt_text":"","src":"https:\/\/i0.wp.com\/uscatletica.ch\/wp\/wp-content\/uploads\/2020\/01\/10.jpg?fit=432%2C288&ssl=1&resize=350%2C200","width":350,"height":200},"classes":[]},{"id":14337,"url":"https:\/\/uscatletica.ch\/wp\/?p=14337","url_meta":{"origin":21125,"position":4},"title":"Campionati Svizzeri di cross 23 USCine\/i al via Live sulla linea d&#8217;arrivo","author":"Leonida Stampanoni","date":"2 Marzo 2022","format":false,"excerpt":"Domenica si correranno i campionati svizzeri di cross allo stadio Wisacher di Regensdorf. L'USC si reca a Regensdorf guidata dal campione svizzero in carica U23 Roberto Delorenzi che vinse il titolo nella storica edizione 2019 a Chailly sur Montreux dove Letizia, Giorgia e Matilde vinsero il bronzo U18 a squadre.\u2026","rel":"","context":"In &quot;Cross&quot;","block_context":{"text":"Cross","link":"https:\/\/uscatletica.ch\/wp\/?cat=7"},"img":{"alt_text":"","src":"https:\/\/i0.wp.com\/uscatletica.ch\/wp\/wp-content\/uploads\/2020\/01\/10.jpg?fit=432%2C288&ssl=1&resize=350%2C200","width":350,"height":200},"classes":[]},{"id":14366,"url":"https:\/\/uscatletica.ch\/wp\/?p=14366","url_meta":{"origin":21125,"position":5},"title":"CAMPIONATI SVIZZERI DI CROSS: U16 di bronzo, Elia vince gli M45","author":"Leonida Stampanoni","date":"6 Marzo 2022","format":false,"excerpt":"Una bella giornata invernale ai campionati Svizzeri di cross, con 21 presenze USC al via.\u00a0 Nella seconda gara Elia, ottavo assoluto, vince la categoria M45 mentre John chiude terzo tra gli M55. Bene Christian. Tra le donne medaglia ticinese con Paola Stampanoni, seconda assoluta, e podio W50 per Lucia, terza.\u2026","rel":"","context":"In &quot;Cross&quot;","block_context":{"text":"Cross","link":"https:\/\/uscatletica.ch\/wp\/?cat=7"},"img":{"alt_text":"","src":"https:\/\/i0.wp.com\/uscatletica.ch\/wp\/wp-content\/uploads\/2022\/03\/220306U16WPODIOMINI.jpg?fit=432%2C324&ssl=1&resize=350%2C200","width":350,"height":200},"classes":[]}],"_links":{"self":[{"href":"https:\/\/uscatletica.ch\/wp\/index.php?rest_route=\/wp\/v2\/posts\/21125","targetHints":{"allow":["GET"]}}],"collection":[{"href":"https:\/\/uscatletica.ch\/wp\/index.php?rest_route=\/wp\/v2\/posts"}],"about":[{"href":"https:\/\/uscatletica.ch\/wp\/index.php?rest_route=\/wp\/v2\/types\/post"}],"author":[{"embeddable":true,"href":"https:\/\/uscatletica.ch\/wp\/index.php?rest_route=\/wp\/v2\/users\/4"}],"replies":[{"embeddable":true,"href":"https:\/\/uscatletica.ch\/wp\/index.php?rest_route=%2Fwp%2Fv2%2Fcomments&post=21125"}],"version-history":[{"count":3,"href":"https:\/\/uscatletica.ch\/wp\/index.php?rest_route=\/wp\/v2\/posts\/21125\/revisions"}],"predecessor-version":[{"id":21131,"href":"https:\/\/uscatletica.ch\/wp\/index.php?rest_route=\/wp\/v2\/posts\/21125\/revisions\/21131"}],"wp:featuredmedia":[{"embeddable":true,"href":"https:\/\/uscatletica.ch\/wp\/index.php?rest_route=\/wp\/v2\/media\/21128"}],"wp:attachment":[{"href":"https:\/\/uscatletica.ch\/wp\/index.php?rest_route=%2Fwp%2Fv2%2Fmedia&parent=21125"}],"wp:term":[{"taxonomy":"category","embeddable":true,"href":"https:\/\/uscatletica.ch\/wp\/index.php?rest_route=%2Fwp%2Fv2%2Fcategories&post=21125"},{"taxonomy":"post_tag","embeddable":true,"href":"https:\/\/uscatletica.ch\/wp\/index.php?rest_route=%2Fwp%2Fv2%2Ftags&post=21125"}],"curies":[{"name":"wp","href":"https:\/\/api.w.org\/{rel}","templated":true}]}}