{"id":21187,"date":"2025-09-05T17:02:51","date_gmt":"2025-09-05T15:02:51","guid":{"rendered":"https:\/\/uscatletica.ch\/wp\/?p=21187"},"modified":"2025-09-05T17:08:54","modified_gmt":"2025-09-05T15:08:54","slug":"nel-fine-settimana-i-campionati-ticinesi-assoluti-la-stramassagno-ed-il-cronovertical","status":"publish","type":"post","link":"https:\/\/uscatletica.ch\/wp\/?p=21187","title":{"rendered":"Nel fine settimana i Campionati Ticinesi assoluti la Stramassagno ed il cronovertical"},"content":{"rendered":"\n<p>Nel primo settimana di settembre tre gli appuntamenti in programma nel panorama ticinese. L&#8217;appuntamento principale saranno i campionati ticinesi assoluti al Lido di Locarno con ben \u00a0cinque USCine al via Marta sar\u00e0 tra le favorite nei salti alto, lungo e triplo dove trover\u00e0 anche Lana. Nel Disco ci sar\u00e0 Romina mentre nella velocit\u00e0 Lea ed Alice.\u00a0<\/p>\n<p>L&#8217;ASTi invece propone il Cronovertical CDO il sabato e la Stramassagno la domenica dove ci saranno al via anche i nostri giovani che stanno dominando le classifiche stagionali. L&#8217;USC si trova anche in vantaggio nella classifica a squadre ASTi.\u00a0<\/p>\n<p class=\"western\"><b>Campionati Ticines<\/b><b>i<\/b><b> assoluti \u2013 06-07.09.2025 &#8211; Locarno<\/b><\/p>\n<p class=\"western\"><u><a href=\"https:\/\/slv.laportal.net\/Competitions\/CurrentList\/892417\/17295\">Risultati live dai campionati Ticinesi <\/a><\/u><\/p>\n<p class=\"western\"><u><a href=\"https:\/\/ftal.ch\/wp-content\/uploads\/2025\/03\/CT-assoluti-piano-orario-definitivo.pdf\">Orario defintivo e direttive<\/a><\/u><\/p>\n<p>\u00a0<\/p>\n<p>\u00a0<\/p>\n<p>Al Lido di Locarno \u00a0tra sabato e Domenica ci saranno 175 atleti a contendersi i titoli cantonali. \u00a0Nei salti femminili Marta sar\u00e0 tra le favorite sabato alle 17.30 nel triplo dove ci sar\u00e0 anche Lana in pedana. La nostra saltatrice inaugurer\u00e0 le gare alle 15.30 nell&#8217;alto mentre domenica sar\u00e0 in pedana nel Lungo. Sabato sui 100 m troveremo Alice e Lea che cercheranno un posto in finale, Alice torner\u00e0 domenica sui 200 m\u00a0<\/p>\n\n\n\n<figure class=\"wp-block-embed is-type-wp-embed is-provider-ftal wp-block-embed-ftal\"><div class=\"wp-block-embed__wrapper\">\n<blockquote class=\"wp-embedded-content\" data-secret=\"UDHAAMtAcI\"><a href=\"https:\/\/ftal.ch\/18847-2\/\">I CAMPIONATI TICINESI ASSOLUTI IN SCENA AL LIDO DI LOCARNO<\/a><\/blockquote><iframe loading=\"lazy\" class=\"wp-embedded-content\" sandbox=\"allow-scripts\" security=\"restricted\" style=\"position: absolute; visibility: hidden;\" title=\"&#8220;I CAMPIONATI TICINESI ASSOLUTI IN SCENA AL LIDO DI LOCARNO&#8221; &#8212; FTAL\" src=\"https:\/\/ftal.ch\/18847-2\/embed\/#?secret=5W2ymm2C9w#?secret=UDHAAMtAcI\" data-secret=\"UDHAAMtAcI\" width=\"600\" height=\"338\" frameborder=\"0\" marginwidth=\"0\" marginheight=\"0\" scrolling=\"no\"><\/iframe>\n<\/div><\/figure>\n\n\n\n<p><b>CronoVerticai \u2013 06.09.2025 &#8211; Cugnasco\u00a0<\/b><\/p>\n<p><a href=\"https:\/\/www.performance-timing.ch\/race-info\/330549\">Iscritti e Risultati del Cronovertical<\/a><\/p>\n\n\n\n<p><b>Stramassagno \u2013 07.09.2025 &#8211; Massagno<\/b><\/p>\n<p class=\"western\"><a href=\"https:\/\/www.endu.net\/it\/events\/cross-sam-massagno-2\/results\" target=\"_blank\" rel=\"noopener\">Iscritti e Risultati della Stramassagno<\/a><\/p>\n<p><a href=\"https:\/\/www.asti-ticino.ch\/asti-new\/podismo\/notizie\" target=\"_blank\" rel=\"noopener\">Notizie ASTi Podismo<\/a><\/p>\n\n\n","protected":false},"excerpt":{"rendered":"<p>Nel primo settimana di settembre tre gli appuntamenti in programma nel panorama ticinese. L&#8217;appuntamento principale saranno i campionati ticinesi assoluti al Lido di Locarno con ben \u00a0cinque USCine al via Marta sar\u00e0 tra le favorite nei salti alto, lungo e triplo dove trover\u00e0 anche Lana. Nel Disco ci sar\u00e0 Romina mentre nella velocit\u00e0 Lea ed Alice.\u00a0 L&#8217;ASTi invece propone il Cronovertical CDO il sabato e la Stramassagno la domenica dove ci saranno al via anche&#8230;<\/p>\n","protected":false},"author":4,"featured_media":20085,"comment_status":"closed","ping_status":"closed","sticky":false,"template":"","format":"standard","meta":{"jetpack_post_was_ever_published":false,"_jetpack_newsletter_access":"","_jetpack_dont_email_post_to_subs":false,"_jetpack_newsletter_tier_id":0,"_jetpack_memberships_contains_paywalled_content":false,"_jetpack_memberships_contains_paid_content":false,"footnotes":"","jetpack_publicize_message":"","jetpack_publicize_feature_enabled":true,"jetpack_social_post_already_shared":true,"jetpack_social_options":{"image_generator_settings":{"template":"highway","default_image_id":0,"font":"","enabled":false},"version":2}},"categories":[16,4,5,9],"tags":[],"class_list":["post-21187","post","type-post","status-publish","format-standard","has-post-thumbnail","hentry","category-montagna","category-pista","category-podismo","category-sport"],"jetpack_publicize_connections":[],"jetpack_featured_media_url":"https:\/\/i0.wp.com\/uscatletica.ch\/wp\/wp-content\/uploads\/2024\/09\/20240915mamuctaspodio.jpg?fit=432%2C369&ssl=1","jetpack_sharing_enabled":true,"jetpack_shortlink":"https:\/\/wp.me\/p6V7Ck-5vJ","jetpack-related-posts":[{"id":15949,"url":"https:\/\/uscatletica.ch\/wp\/?p=15949","url_meta":{"origin":21187,"position":0},"title":"Chiasso, Locarno, Basodino, dagli assoluti alle Coppe ASTi","author":"Leonida Stampanoni","date":"16 Settembre 2022","format":false,"excerpt":"Fine settimana ricco di appuntamenti per l'USC: le coppe ASTi BancaStato entrano nella fase decisiva \u00e8 mercoled\u00ec faranno tappa all'Arena Sportiva con \"Tutti in pista\". Sabato i podisti saranno in gara a Chiasso mentre domenica gli specialisti di montagna chiuderanno la stagione al Basodino con Elia in lotta per la\u2026","rel":"","context":"In &quot;Montagna&quot;","block_context":{"text":"Montagna","link":"https:\/\/uscatletica.ch\/wp\/?cat=16"},"img":{"alt_text":"","src":"https:\/\/i0.wp.com\/uscatletica.ch\/wp\/wp-content\/uploads\/2022\/09\/Gala.jpg?fit=753%2C257&ssl=1&resize=350%2C200","width":350,"height":200,"srcset":"https:\/\/i0.wp.com\/uscatletica.ch\/wp\/wp-content\/uploads\/2022\/09\/Gala.jpg?fit=753%2C257&ssl=1&resize=350%2C200 1x, https:\/\/i0.wp.com\/uscatletica.ch\/wp\/wp-content\/uploads\/2022\/09\/Gala.jpg?fit=753%2C257&ssl=1&resize=525%2C300 1.5x, https:\/\/i0.wp.com\/uscatletica.ch\/wp\/wp-content\/uploads\/2022\/09\/Gala.jpg?fit=753%2C257&ssl=1&resize=700%2C400 2x"},"classes":[]},{"id":13515,"url":"https:\/\/uscatletica.ch\/wp\/?p=13515","url_meta":{"origin":21187,"position":1},"title":"Locarno Giornico Sagno chiude la pista con i CT Giovanili partono le staffette","author":"Leonida Stampanoni","date":"1 Ottobre 2021","format":false,"excerpt":"A due anni di distanza torna un classico fine settimana autunnale carico di impegni agonistici per l'USC. Al Lido di Locarno saranno una quindicina le presenze USC ai campionati ticinesi giovanili ultimo appuntamento FTAL su suolo cantonale. Tra i favoriti possiamo citare Matilda, Lara S, Pietro, Morena. \u00a0I Podisti faranno\u2026","rel":"","context":"In &quot;Pista&quot;","block_context":{"text":"Pista","link":"https:\/\/uscatletica.ch\/wp\/?cat=4"},"img":{"alt_text":"","src":"https:\/\/i0.wp.com\/uscatletica.ch\/wp\/wp-content\/uploads\/2021\/09\/TASSagno20211002-724x1024.jpg?resize=350%2C200&ssl=1","width":350,"height":200,"srcset":"https:\/\/i0.wp.com\/uscatletica.ch\/wp\/wp-content\/uploads\/2021\/09\/TASSagno20211002-724x1024.jpg?resize=350%2C200&ssl=1 1x, https:\/\/i0.wp.com\/uscatletica.ch\/wp\/wp-content\/uploads\/2021\/09\/TASSagno20211002-724x1024.jpg?resize=525%2C300&ssl=1 1.5x"},"classes":[]},{"id":6203,"url":"https:\/\/uscatletica.ch\/wp\/?p=6203","url_meta":{"origin":21187,"position":2},"title":"Campionati ticinesi assoluti Scenic Trail Faido un fine settimana intenso","author":"Leonida Stampanoni","date":"8 Giugno 2018","format":false,"excerpt":"L'utlimo fine settimana scolastico sar\u00e0 ricca di appuntamenti per gli USCini, a Locarno la SAM organizza i campionati ticinesi assoluti con i giovani Simone, Vera, Janet, Giada e C\u00e9line e l'esperto Elia al via. Si parte venerd\u00ec sera con la Faido Running Night ultima prova di coppa giovanile e coppa\u2026","rel":"","context":"In &quot;Montagna&quot;","block_context":{"text":"Montagna","link":"https:\/\/uscatletica.ch\/wp\/?cat=16"},"img":{"alt_text":"","src":"https:\/\/i0.wp.com\/uscatletica.ch\/wp\/wp-content\/uploads\/2017\/08\/gruppliam2017.jpg?fit=562%2C422&ssl=1&resize=350%2C200","width":350,"height":200,"srcset":"https:\/\/i0.wp.com\/uscatletica.ch\/wp\/wp-content\/uploads\/2017\/08\/gruppliam2017.jpg?fit=562%2C422&ssl=1&resize=350%2C200 1x, https:\/\/i0.wp.com\/uscatletica.ch\/wp\/wp-content\/uploads\/2017\/08\/gruppliam2017.jpg?fit=562%2C422&ssl=1&resize=525%2C300 1.5x"},"classes":[]},{"id":5874,"url":"https:\/\/uscatletica.ch\/wp\/?p=5874","url_meta":{"origin":21187,"position":3},"title":"A Locarno debutta la stagione in pista a Tesserete la nostra staffetta","author":"Leonida Stampanoni","date":"20 Aprile 2018","format":false,"excerpt":"Le staffette saranno il tema dell'intenso fine settimana che aspetta i giovani atleti dell'USC, Sabato al Lido di Locarno con i campionati ticinesi giovanili di Staffette parte la stagione FTAL 2018 all'aperto. Sulle rive del Verbano tra le 58 squadre al via ben 5 porteranno le maglie rosse dell'USC. Domenica\u2026","rel":"","context":"In &quot;Pista&quot;","block_context":{"text":"Pista","link":"https:\/\/uscatletica.ch\/wp\/?cat=4"},"img":{"alt_text":"","src":"https:\/\/i0.wp.com\/uscatletica.ch\/wp\/wp-content\/uploads\/2018\/04\/tasav2018.teamu12b.jpg?fit=532%2C399&ssl=1&resize=350%2C200","width":350,"height":200,"srcset":"https:\/\/i0.wp.com\/uscatletica.ch\/wp\/wp-content\/uploads\/2018\/04\/tasav2018.teamu12b.jpg?fit=532%2C399&ssl=1&resize=350%2C200 1x, https:\/\/i0.wp.com\/uscatletica.ch\/wp\/wp-content\/uploads\/2018\/04\/tasav2018.teamu12b.jpg?fit=532%2C399&ssl=1&resize=525%2C300 1.5x"},"classes":[]},{"id":17117,"url":"https:\/\/uscatletica.ch\/wp\/?p=17117","url_meta":{"origin":21187,"position":4},"title":"Nel fine settimana da Lucerna a Losone passando da Locarno, Riva S. Vitale e La Croce","author":"Leonida Stampanoni","date":"28 Aprile 2023","format":false,"excerpt":"Il lungo fine settimana sar\u00e0 molto intenso per le atlete e gli atleti USC. Sabato alla Luzernerstadtlauf nella corsa \u00e9lite avremo al via sia Federica che Martina grazie al brillante risultato nella Cross Cup di Swiss Athletics. Al Lido di Locarno andranno invece in scena i Campionati ticinesi giovanili di\u2026","rel":"","context":"In &quot;Pista&quot;","block_context":{"text":"Pista","link":"https:\/\/uscatletica.ch\/wp\/?cat=4"},"img":{"alt_text":"","src":"https:\/\/i0.wp.com\/uscatletica.ch\/wp\/wp-content\/uploads\/2023\/04\/230401mendru114f.jpg?fit=432%2C324&ssl=1&resize=350%2C200","width":350,"height":200},"classes":[]},{"id":9109,"url":"https:\/\/uscatletica.ch\/wp\/?p=9109","url_meta":{"origin":21187,"position":5},"title":"Bellinzona Isone Basodino Locarno Uster USC a 360 gradi","author":"Leonida Stampanoni","date":"20 Settembre 2019","format":false,"excerpt":"Il primo fine settimana autunnale sar\u00e0 veramente ricco di impegni per gli atleti USC. In pista si chiude il Gran Prix FTAL al comunale di Bellinzona con i palio pure i titoli suo 5000 m e 3000 m prima di ospitare il classico meeting Masters giunto alla 19 edizioni. Locarno\u2026","rel":"","context":"In &quot;Montagna&quot;","block_context":{"text":"Montagna","link":"https:\/\/uscatletica.ch\/wp\/?cat=16"},"img":{"alt_text":"","src":"https:\/\/i0.wp.com\/uscatletica.ch\/wp\/wp-content\/uploads\/2019\/08\/caratschlausc190815.jpg?fit=432%2C324&ssl=1&resize=350%2C200","width":350,"height":200},"classes":[]}],"_links":{"self":[{"href":"https:\/\/uscatletica.ch\/wp\/index.php?rest_route=\/wp\/v2\/posts\/21187","targetHints":{"allow":["GET"]}}],"collection":[{"href":"https:\/\/uscatletica.ch\/wp\/index.php?rest_route=\/wp\/v2\/posts"}],"about":[{"href":"https:\/\/uscatletica.ch\/wp\/index.php?rest_route=\/wp\/v2\/types\/post"}],"author":[{"embeddable":true,"href":"https:\/\/uscatletica.ch\/wp\/index.php?rest_route=\/wp\/v2\/users\/4"}],"replies":[{"embeddable":true,"href":"https:\/\/uscatletica.ch\/wp\/index.php?rest_route=%2Fwp%2Fv2%2Fcomments&post=21187"}],"version-history":[{"count":2,"href":"https:\/\/uscatletica.ch\/wp\/index.php?rest_route=\/wp\/v2\/posts\/21187\/revisions"}],"predecessor-version":[{"id":21190,"href":"https:\/\/uscatletica.ch\/wp\/index.php?rest_route=\/wp\/v2\/posts\/21187\/revisions\/21190"}],"wp:featuredmedia":[{"embeddable":true,"href":"https:\/\/uscatletica.ch\/wp\/index.php?rest_route=\/wp\/v2\/media\/20085"}],"wp:attachment":[{"href":"https:\/\/uscatletica.ch\/wp\/index.php?rest_route=%2Fwp%2Fv2%2Fmedia&parent=21187"}],"wp:term":[{"taxonomy":"category","embeddable":true,"href":"https:\/\/uscatletica.ch\/wp\/index.php?rest_route=%2Fwp%2Fv2%2Fcategories&post=21187"},{"taxonomy":"post_tag","embeddable":true,"href":"https:\/\/uscatletica.ch\/wp\/index.php?rest_route=%2Fwp%2Fv2%2Ftags&post=21187"}],"curies":[{"name":"wp","href":"https:\/\/api.w.org\/{rel}","templated":true}]}}