{"id":21451,"date":"2025-10-12T20:03:16","date_gmt":"2025-10-12T18:03:16","guid":{"rendered":"https:\/\/uscatletica.ch\/wp\/?p=21451"},"modified":"2025-10-12T20:03:40","modified_gmt":"2025-10-12T18:03:40","slug":"usc-si-diverte-a-riva-san-vitale","status":"publish","type":"post","link":"https:\/\/uscatletica.ch\/wp\/?p=21451","title":{"rendered":"USC si diverte a Riva San Vitale"},"content":{"rendered":"\n<p>Una bella domenica autunnale ha richiamato a Riva San Vitale quasi trecento giovani entusiasti per la 48 edizione della Staffetta Rivense sesta prova del Trofeo ASTi BancaStato Staffette. Una ventina le e gli USCini presenti. \u00a0Tre staffette ed una decina di U08 e U10. Nelle gare individuali si correva in batterie \u00a0Giulio ed Alina pur tagliando il traguardo per primi hanno solo sfiorato il podio. Due squadre al via tra le U12 Virginia, Anna, Caterina e Irene, Nathalie ed Amelie. Tra le U14 Matilde, Agata ed Emma.\u00a0<\/p>\n<p><a href=\"https:\/\/i0.wp.com\/uscatletica.ch\/wp\/wp-content\/uploads\/2025\/10\/20251012TAS2025VI.jpg?ssl=1\"><img data-recalc-dims=\"1\" loading=\"lazy\" decoding=\"async\" data-attachment-id=\"21452\" data-permalink=\"https:\/\/uscatletica.ch\/wp\/?attachment_id=21452\" data-orig-file=\"https:\/\/i0.wp.com\/uscatletica.ch\/wp\/wp-content\/uploads\/2025\/10\/20251012TAS2025VI.jpg?fit=841%2C595&amp;ssl=1\" data-orig-size=\"841,595\" data-comments-opened=\"0\" data-image-meta=\"{&quot;aperture&quot;:&quot;0&quot;,&quot;credit&quot;:&quot;&quot;,&quot;camera&quot;:&quot;&quot;,&quot;caption&quot;:&quot;&quot;,&quot;created_timestamp&quot;:&quot;0&quot;,&quot;copyright&quot;:&quot;&quot;,&quot;focal_length&quot;:&quot;0&quot;,&quot;iso&quot;:&quot;0&quot;,&quot;shutter_speed&quot;:&quot;0&quot;,&quot;title&quot;:&quot;&quot;,&quot;orientation&quot;:&quot;0&quot;}\" data-image-title=\"20251012TAS2025VI\" data-image-description=\"\" data-image-caption=\"\" data-large-file=\"https:\/\/i0.wp.com\/uscatletica.ch\/wp\/wp-content\/uploads\/2025\/10\/20251012TAS2025VI.jpg?fit=640%2C453&amp;ssl=1\" class=\"aligncenter size-full wp-image-21452\" src=\"https:\/\/i0.wp.com\/uscatletica.ch\/wp\/wp-content\/uploads\/2025\/10\/20251012TAS2025VI.jpg?resize=640%2C453&#038;ssl=1\" alt=\"\" width=\"640\" height=\"453\" srcset=\"https:\/\/i0.wp.com\/uscatletica.ch\/wp\/wp-content\/uploads\/2025\/10\/20251012TAS2025VI.jpg?w=841&amp;ssl=1 841w, https:\/\/i0.wp.com\/uscatletica.ch\/wp\/wp-content\/uploads\/2025\/10\/20251012TAS2025VI.jpg?resize=300%2C212&amp;ssl=1 300w, https:\/\/i0.wp.com\/uscatletica.ch\/wp\/wp-content\/uploads\/2025\/10\/20251012TAS2025VI.jpg?resize=768%2C543&amp;ssl=1 768w, https:\/\/i0.wp.com\/uscatletica.ch\/wp\/wp-content\/uploads\/2025\/10\/20251012TAS2025VI.jpg?resize=200%2C140&amp;ssl=1 200w\" sizes=\"auto, (max-width: 640px) 100vw, 640px\" \/><\/a> <a href=\"https:\/\/uscatletica.ch\/wp\/wp-content\/uploads\/2025\/10\/20251012TAS2025VI.pdf\">Classifica Trofeo ASTi Bancastato Staffette<\/a>\u00a0<a href=\"https:\/\/www.asti-ticino.ch\/asti-new\/storage\/gare\/staffetta-rivense-2025-risultati.pdf\" target=\"_blank\" rel=\"noopener\">Classifiche Riva San Vitale<\/a><\/p>\n<p>Tra le U12 vince la SAM Virginia, Anna, Caterina chiudono none seguite al dodicesimo da Irene, Nathalie e Amelie. Tra i ragazzi vince la mista SVAM e SAV.\u00a0<\/p>\n<p>Nelle U14 gran rimonta della SAL che si impone sul finale. Ottave Matilde, Agata ed Emma. Tra i ragazzi doppietta SAM bella gara per Jacopo nella squadra mista con AS Monteceneri.\u00a0<\/p>\n<p>Nella popolarissima gara individuale si correva in due batterie. Tra le U10 quinto Alina che ha il piacere di vincere la propria batteria seguita da Zoe (12) \u00a0Lisa M. (20), Silvia (32). \u00a0Tra i ragazzi Aris (18) e Leonardo (23). Giulio quarto tra gli U08 vince la sua batteria, Lisa S. \u00e8 quinta tra le ragazze seguita da Sofia (24).\u00a0<\/p>\n","protected":false},"excerpt":{"rendered":"<p>Una bella domenica autunnale ha richiamato a Riva San Vitale quasi trecento giovani entusiasti per la 48 edizione della Staffetta Rivense sesta prova del Trofeo ASTi BancaStato Staffette. Una ventina le e gli USCini presenti. \u00a0Tre staffette ed una decina di U08 e U10. Nelle gare individuali si correva in batterie \u00a0Giulio ed Alina pur tagliando il traguardo per primi hanno solo sfiorato il podio. Due squadre al via tra le U12 Virginia, Anna, Caterina&#8230;<\/p>\n","protected":false},"author":4,"featured_media":1122,"comment_status":"closed","ping_status":"closed","sticky":false,"template":"","format":"standard","meta":{"jetpack_post_was_ever_published":false,"_jetpack_newsletter_access":"","_jetpack_dont_email_post_to_subs":false,"_jetpack_newsletter_tier_id":0,"_jetpack_memberships_contains_paywalled_content":false,"_jetpack_memberships_contains_paid_content":false,"footnotes":"","jetpack_publicize_message":"","jetpack_publicize_feature_enabled":true,"jetpack_social_post_already_shared":true,"jetpack_social_options":{"image_generator_settings":{"template":"highway","default_image_id":0,"font":"","enabled":false},"version":2}},"categories":[5,8],"tags":[],"class_list":["post-21451","post","type-post","status-publish","format-standard","has-post-thumbnail","hentry","category-podismo","category-staffette"],"jetpack_publicize_connections":[],"jetpack_featured_media_url":"https:\/\/i0.wp.com\/uscatletica.ch\/wp\/wp-content\/uploads\/2016\/03\/P1390122.jpg?fit=563%2C422&ssl=1","jetpack_sharing_enabled":true,"jetpack_shortlink":"https:\/\/wp.me\/p6V7Ck-5zZ","jetpack-related-posts":[{"id":16830,"url":"https:\/\/uscatletica.ch\/wp\/?p=16830","url_meta":{"origin":21451,"position":0},"title":"La Staffetta Capriaschese lancia il TAS","author":"Stampa E","date":"24 Marzo 2023","format":false,"excerpt":"Una rinnovata Staffetta Capriaschese lancer\u00e0 la stagione del Trofeo ASTi BancaStato Staffette. L\u2019USC \u00e8 pronta ad accogliere i concorrenti sul circuito di Tesserete. Per le categorie giovanili la novit\u00e0 \u00e8 la parificazione delle distanze tra maschi e femmine. Le attive invece debutteranno nella spettacolare americana a coppie sulla distanza di\u2026","rel":"","context":"In &quot;I nostri appuntamenti&quot;","block_context":{"text":"I nostri appuntamenti","link":"https:\/\/uscatletica.ch\/wp\/?cat=12"},"img":{"alt_text":"","src":"https:\/\/i0.wp.com\/uscatletica.ch\/wp\/wp-content\/uploads\/2023\/03\/StaffettaUSC22-Foto-USC-ES-1-scaled.jpg?fit=1200%2C817&ssl=1&resize=350%2C200","width":350,"height":200,"srcset":"https:\/\/i0.wp.com\/uscatletica.ch\/wp\/wp-content\/uploads\/2023\/03\/StaffettaUSC22-Foto-USC-ES-1-scaled.jpg?fit=1200%2C817&ssl=1&resize=350%2C200 1x, https:\/\/i0.wp.com\/uscatletica.ch\/wp\/wp-content\/uploads\/2023\/03\/StaffettaUSC22-Foto-USC-ES-1-scaled.jpg?fit=1200%2C817&ssl=1&resize=525%2C300 1.5x, https:\/\/i0.wp.com\/uscatletica.ch\/wp\/wp-content\/uploads\/2023\/03\/StaffettaUSC22-Foto-USC-ES-1-scaled.jpg?fit=1200%2C817&ssl=1&resize=700%2C400 2x, https:\/\/i0.wp.com\/uscatletica.ch\/wp\/wp-content\/uploads\/2023\/03\/StaffettaUSC22-Foto-USC-ES-1-scaled.jpg?fit=1200%2C817&ssl=1&resize=1050%2C600 3x"},"classes":[]},{"id":20255,"url":"https:\/\/uscatletica.ch\/wp\/?p=20255","url_meta":{"origin":21451,"position":1},"title":"A SAGNO PARTE IL TRITTICO AUTUNNALE DEL TAS","author":"Leonida Stampanoni","date":"5 Ottobre 2024","format":false,"excerpt":"Domenica a Sagno partir\u00e0 il trittico autunnale del Trofeo ASTi BancaStato Staffette che nei prossimi 14 giorni preveder\u00e0 pure gli appuntamenti di Riva San Vitale ed Isone.\u00a0 La SVAM Muggio, dopo un anno di pausa, \u00a0torner\u00e0 ad accogliere il TAS sul classico percorso saliscendi di 500 m gareggeranno le categorie\u2026","rel":"","context":"In &quot;Sport&quot;","block_context":{"text":"Sport","link":"https:\/\/uscatletica.ch\/wp\/?cat=9"},"img":{"alt_text":"","src":"https:\/\/i0.wp.com\/uscatletica.ch\/wp\/wp-content\/uploads\/2023\/10\/20231008tasriva.jpg?fit=432%2C324&ssl=1&resize=350%2C200","width":350,"height":200},"classes":[]},{"id":16106,"url":"https:\/\/uscatletica.ch\/wp\/?p=16106","url_meta":{"origin":21451,"position":2},"title":"CT GIOVANILI E TAS SAGNO IL FINE SETTIMANA USC","author":"Leonida Stampanoni","date":"30 Settembre 2022","format":false,"excerpt":"Nel fine settimana si chiuder\u00e0 la stagione ticinese in pista con un doppio l'ultimo appuntamento sar\u00e0 a Mendrisio con tutte le prove di corsa dai 100 agli 800 mentre sabato al comunale di Bellinzona si disputeranno i campionati ticinesi giovanili di atletica leggera. \u00a0Domenica sar\u00e0 idealmente il trofeo ASTi BancaStato\u2026","rel":"","context":"In &quot;Non catalogato&quot;","block_context":{"text":"Non catalogato","link":"https:\/\/uscatletica.ch\/wp\/?cat=6"},"img":{"alt_text":"","src":"https:\/\/i0.wp.com\/uscatletica.ch\/wp\/wp-content\/uploads\/2022\/09\/22o.jpg?fit=432%2C411&ssl=1&resize=350%2C200","width":350,"height":200},"classes":[]},{"id":21006,"url":"https:\/\/uscatletica.ch\/wp\/?p=21006","url_meta":{"origin":21451,"position":3},"title":"TAS USC VINCE TRA GLI M17+ ALTRI DUE PODI","author":"Leonida Stampanoni","date":"10 Giugno 2025","format":false,"excerpt":"La quarta tappa del Trofeo ASTi BancaStato Staffette svoltasi sabato a Ligornetto ha chiuso la fase primaverile. Nel mendrisiotto si assegnavano i primi quattro trofei. Nella categoria \u00a0M17+ l'USC ha vinto a parimerito con la SAM. Le nostre U16 pur assenti nell'ultima gara hanno salvato il secondo rango. Le nostre\u2026","rel":"","context":"In &quot;Pista&quot;","block_context":{"text":"Pista","link":"https:\/\/uscatletica.ch\/wp\/?cat=4"},"img":{"alt_text":"","src":"https:\/\/i0.wp.com\/uscatletica.ch\/wp\/wp-content\/uploads\/2025\/06\/2025TASCLASSIFICHEIV.jpg?fit=841%2C595&ssl=1&resize=350%2C200","width":350,"height":200,"srcset":"https:\/\/i0.wp.com\/uscatletica.ch\/wp\/wp-content\/uploads\/2025\/06\/2025TASCLASSIFICHEIV.jpg?fit=841%2C595&ssl=1&resize=350%2C200 1x, https:\/\/i0.wp.com\/uscatletica.ch\/wp\/wp-content\/uploads\/2025\/06\/2025TASCLASSIFICHEIV.jpg?fit=841%2C595&ssl=1&resize=525%2C300 1.5x, https:\/\/i0.wp.com\/uscatletica.ch\/wp\/wp-content\/uploads\/2025\/06\/2025TASCLASSIFICHEIV.jpg?fit=841%2C595&ssl=1&resize=700%2C400 2x"},"classes":[]},{"id":16201,"url":"https:\/\/uscatletica.ch\/wp\/?p=16201","url_meta":{"origin":21451,"position":4},"title":"Due podi  per le staffette a Riva San Vitale","author":"Leonida Stampanoni","date":"9 Ottobre 2022","format":false,"excerpt":"Il pomeriggio piovoso non ha certo fermato l'entusiasmo dei 250 giovani presenti alla Staffetta Rivense una ventina le presenze USC sulle rive del Ceresio. Due podi nelle staffette con gli U14 \u00a0e le U12 che finiranno anche sul podio nella classifica del trofeo ASTi BancaStato di Staffette. Alla prima gara\u2026","rel":"","context":"In &quot;Sport&quot;","block_context":{"text":"Sport","link":"https:\/\/uscatletica.ch\/wp\/?cat=9"},"img":{"alt_text":"","src":"https:\/\/i0.wp.com\/uscatletica.ch\/wp\/wp-content\/uploads\/2022\/10\/podioU14221009b-scaled.jpg?fit=1200%2C900&ssl=1&resize=350%2C200","width":350,"height":200,"srcset":"https:\/\/i0.wp.com\/uscatletica.ch\/wp\/wp-content\/uploads\/2022\/10\/podioU14221009b-scaled.jpg?fit=1200%2C900&ssl=1&resize=350%2C200 1x, https:\/\/i0.wp.com\/uscatletica.ch\/wp\/wp-content\/uploads\/2022\/10\/podioU14221009b-scaled.jpg?fit=1200%2C900&ssl=1&resize=525%2C300 1.5x, https:\/\/i0.wp.com\/uscatletica.ch\/wp\/wp-content\/uploads\/2022\/10\/podioU14221009b-scaled.jpg?fit=1200%2C900&ssl=1&resize=700%2C400 2x, https:\/\/i0.wp.com\/uscatletica.ch\/wp\/wp-content\/uploads\/2022\/10\/podioU14221009b-scaled.jpg?fit=1200%2C900&ssl=1&resize=1050%2C600 3x"},"classes":[]},{"id":14189,"url":"https:\/\/uscatletica.ch\/wp\/?p=14189","url_meta":{"origin":21451,"position":5},"title":"Le prime novit\u00e0 ASTi per il 2022","author":"Stampa E","date":"25 Gennaio 2022","format":false,"excerpt":"In attesa degli ultimi cross del 2022, ecco le prime novit\u00e0 ASTi per il 2022 --- 2 gare USC valide per la Coppa ASTi di podismo nella stagione 2022: - Giro podistico di Stabio - Stralosone - BancaStato Comano Run - Gran Premio Rossa - SanBeRun - StraMassagno - StraLugano\u2026","rel":"","context":"In &quot;I nostri appuntamenti&quot;","block_context":{"text":"I nostri appuntamenti","link":"https:\/\/uscatletica.ch\/wp\/?cat=12"},"img":{"alt_text":"","src":"https:\/\/i0.wp.com\/uscatletica.ch\/wp\/wp-content\/uploads\/2021\/04\/CalAsti21.jpg?fit=1079%2C749&ssl=1&resize=350%2C200","width":350,"height":200,"srcset":"https:\/\/i0.wp.com\/uscatletica.ch\/wp\/wp-content\/uploads\/2021\/04\/CalAsti21.jpg?fit=1079%2C749&ssl=1&resize=350%2C200 1x, https:\/\/i0.wp.com\/uscatletica.ch\/wp\/wp-content\/uploads\/2021\/04\/CalAsti21.jpg?fit=1079%2C749&ssl=1&resize=525%2C300 1.5x, https:\/\/i0.wp.com\/uscatletica.ch\/wp\/wp-content\/uploads\/2021\/04\/CalAsti21.jpg?fit=1079%2C749&ssl=1&resize=700%2C400 2x, https:\/\/i0.wp.com\/uscatletica.ch\/wp\/wp-content\/uploads\/2021\/04\/CalAsti21.jpg?fit=1079%2C749&ssl=1&resize=1050%2C600 3x"},"classes":[]}],"_links":{"self":[{"href":"https:\/\/uscatletica.ch\/wp\/index.php?rest_route=\/wp\/v2\/posts\/21451","targetHints":{"allow":["GET"]}}],"collection":[{"href":"https:\/\/uscatletica.ch\/wp\/index.php?rest_route=\/wp\/v2\/posts"}],"about":[{"href":"https:\/\/uscatletica.ch\/wp\/index.php?rest_route=\/wp\/v2\/types\/post"}],"author":[{"embeddable":true,"href":"https:\/\/uscatletica.ch\/wp\/index.php?rest_route=\/wp\/v2\/users\/4"}],"replies":[{"embeddable":true,"href":"https:\/\/uscatletica.ch\/wp\/index.php?rest_route=%2Fwp%2Fv2%2Fcomments&post=21451"}],"version-history":[{"count":2,"href":"https:\/\/uscatletica.ch\/wp\/index.php?rest_route=\/wp\/v2\/posts\/21451\/revisions"}],"predecessor-version":[{"id":21456,"href":"https:\/\/uscatletica.ch\/wp\/index.php?rest_route=\/wp\/v2\/posts\/21451\/revisions\/21456"}],"wp:featuredmedia":[{"embeddable":true,"href":"https:\/\/uscatletica.ch\/wp\/index.php?rest_route=\/wp\/v2\/media\/1122"}],"wp:attachment":[{"href":"https:\/\/uscatletica.ch\/wp\/index.php?rest_route=%2Fwp%2Fv2%2Fmedia&parent=21451"}],"wp:term":[{"taxonomy":"category","embeddable":true,"href":"https:\/\/uscatletica.ch\/wp\/index.php?rest_route=%2Fwp%2Fv2%2Fcategories&post=21451"},{"taxonomy":"post_tag","embeddable":true,"href":"https:\/\/uscatletica.ch\/wp\/index.php?rest_route=%2Fwp%2Fv2%2Ftags&post=21451"}],"curies":[{"name":"wp","href":"https:\/\/api.w.org\/{rel}","templated":true}]}}