{"id":21540,"date":"2025-11-29T14:03:06","date_gmt":"2025-11-29T13:03:06","guid":{"rendered":"https:\/\/uscatletica.ch\/wp\/?p=21540"},"modified":"2025-11-29T14:03:09","modified_gmt":"2025-11-29T13:03:09","slug":"si-torna-a-camignolo-con-la-seconda-tappa-della-coppa-ticino","status":"publish","type":"post","link":"https:\/\/uscatletica.ch\/wp\/?p=21540","title":{"rendered":"SI TORNA A CAMIGNOLO CON LA SECONDA TAPPA DELLA COPPA TICINO"},"content":{"rendered":"\n<p>La Coppa Ticino di cross FTAL con la seconda tappa ritrover\u00e0 le scuole medie di Camignolo con il classico percorso ricco di saliscendi. Domenica la lunga giornata di gare debutter\u00e0 alle 11 per chiudersi alle 14.05 con la gara \u00e9lite maschile. Una quarantina le attese presenze USC sulla linea di partenza. Dopo l&#8217;ottimo esordio di Dongio con quattro successi, nelle gare sprint dovremo cercare di confermare i risultati dell&#8217;esordio. &nbsp;Elia, Nicole, Jana saranno in prima fila a cercare la seconda vittoria. Marco, Rocco, Michele, Davide, Mattia, Dario, Laura, Ralf, Alex, saranno tra gli outsider. &nbsp;<\/p>\n\n\n\n<p>Alessandro la scorsa settimana ha corso la 10 km di Milano in 35&#8217;07 migliorando il proprio primato personale complimenti al nostro atleta\u00a0<\/p>\n\n\n\n<p><a href=\"https:\/\/www.endu.net\/it\/events\/cross-camignolo-ctc\/\" target=\"_blank\" rel=\"noopener\">ISCRITTI E RISULTATI LIVE<\/a><\/p>\n\n\n\n\n\n\n\n<p>&nbsp;<\/p>\n\n\n\n<p>&nbsp;<\/p>\n\n\n\n<p>&nbsp;<\/p>\n\n\n\n<p>&nbsp;<\/p>\n\n\n\n<p><\/p>\n\n\n\n<figure class=\"wp-block-embed is-type-wp-embed is-provider-ftal wp-block-embed-ftal\"><div class=\"wp-block-embed__wrapper\">\n<blockquote class=\"wp-embedded-content\" data-secret=\"ZRenlbNgO4\"><a href=\"https:\/\/ftal.ch\/la-coppa-ticino-fa-tappa-a-camignolo\/\">LA COPPA TICINO FA TAPPA A  CAMIGNOLO<\/a><\/blockquote><iframe loading=\"lazy\" class=\"wp-embedded-content\" sandbox=\"allow-scripts\" security=\"restricted\" style=\"position: absolute; visibility: hidden;\" title=\"&#8220;LA COPPA TICINO FA TAPPA A  CAMIGNOLO&#8221; &#8212; FTAL\" src=\"https:\/\/ftal.ch\/la-coppa-ticino-fa-tappa-a-camignolo\/embed\/#?secret=EKzZuVTaG9#?secret=ZRenlbNgO4\" data-secret=\"ZRenlbNgO4\" width=\"600\" height=\"338\" frameborder=\"0\" marginwidth=\"0\" marginheight=\"0\" scrolling=\"no\"><\/iframe>\n<\/div><\/figure>\n\n\n","protected":false},"excerpt":{"rendered":"<p>La Coppa Ticino di cross FTAL con la seconda tappa ritrover\u00e0 le scuole medie di Camignolo con il classico percorso ricco di saliscendi. Domenica la lunga giornata di gare debutter\u00e0 alle 11 per chiudersi alle 14.05 con la gara \u00e9lite maschile. Una quarantina le attese presenze USC sulla linea di partenza. Dopo l&#8217;ottimo esordio di Dongio con quattro successi, nelle gare sprint dovremo cercare di confermare i risultati dell&#8217;esordio. &nbsp;Elia, Nicole, Jana saranno in prima&#8230;<\/p>\n","protected":false},"author":4,"featured_media":21311,"comment_status":"closed","ping_status":"closed","sticky":false,"template":"","format":"standard","meta":{"jetpack_post_was_ever_published":false,"_jetpack_newsletter_access":"","_jetpack_dont_email_post_to_subs":false,"_jetpack_newsletter_tier_id":0,"_jetpack_memberships_contains_paywalled_content":false,"_jetpack_memberships_contains_paid_content":false,"footnotes":"","jetpack_publicize_message":"","jetpack_publicize_feature_enabled":true,"jetpack_social_post_already_shared":true,"jetpack_social_options":{"image_generator_settings":{"template":"highway","default_image_id":0,"font":"","enabled":false},"version":2}},"categories":[7,5,9],"tags":[],"class_list":["post-21540","post","type-post","status-publish","format-standard","has-post-thumbnail","hentry","category-cross","category-podismo","category-sport"],"jetpack_publicize_connections":[],"jetpack_featured_media_url":"https:\/\/i0.wp.com\/uscatletica.ch\/wp\/wp-content\/uploads\/2025\/09\/20250928stra.jpg?fit=783%2C686&ssl=1","jetpack_sharing_enabled":true,"jetpack_shortlink":"https:\/\/wp.me\/p6V7Ck-5Bq","jetpack-related-posts":[{"id":5163,"url":"https:\/\/uscatletica.ch\/wp\/?p=5163","url_meta":{"origin":21540,"position":0},"title":"COPPA TICINO CROSS le classifiche dopo tre gare prima parte","author":"Leonida Stampanoni","date":"6 Novembre 2017","format":false,"excerpt":"COPPA TICINO CROSS FTAL 2017-2018\u00a0 Laube -Greenkey \u00a0 La coppa Ticino 2017-2018\u00a0 patrocinata dalla FTAL\u00a0 avr\u00e0 iscrizioni e classifiche gestita per la prima volta da Mysdam tramite il portale \u00a0 Endu.net.\u00a0\u00a0 CLASSIFICHE COPPA TICINO DOPO LE PRIME TRE PROVE Classifica individuale Classifica Societa CROSS DI POM CAPRIASCA Domenica 3 Dicembre\u2026","rel":"","context":"In &quot;Cross&quot;","block_context":{"text":"Cross","link":"https:\/\/uscatletica.ch\/wp\/?cat=7"},"img":{"alt_text":"","src":"https:\/\/i0.wp.com\/uscatletica.ch\/wp\/wp-content\/uploads\/2017\/03\/P1450159.jpg?fit=563%2C422&ssl=1&resize=350%2C200","width":350,"height":200,"srcset":"https:\/\/i0.wp.com\/uscatletica.ch\/wp\/wp-content\/uploads\/2017\/03\/P1450159.jpg?fit=563%2C422&ssl=1&resize=350%2C200 1x, https:\/\/i0.wp.com\/uscatletica.ch\/wp\/wp-content\/uploads\/2017\/03\/P1450159.jpg?fit=563%2C422&ssl=1&resize=525%2C300 1.5x"},"classes":[]},{"id":3117,"url":"https:\/\/uscatletica.ch\/wp\/?p=3117","url_meta":{"origin":21540,"position":1},"title":"Cross Camignolo Maratona di Firenze Baslerstadlauf","author":"Leonida Stampanoni","date":"25 Novembre 2016","format":false,"excerpt":"L'ultimo fine settimana del mese di novembre sar\u00e0 abbastanza intenso per gli atleti USC . Una cinquantina saranno al via del cross di \u00a0Camignolo \u00a0seconda prova della coppa Ticino. Un terzetto sar\u00e0 alla\u00a0Maratona di Firenze\u00a0altri tre atleti saranno al via della BaslerStadtlauf.\u00a0 A Camignolo. il furgone parte alle 8.40 dall'Arena\u2026","rel":"","context":"In &quot;Cross&quot;","block_context":{"text":"Cross","link":"https:\/\/uscatletica.ch\/wp\/?cat=7"},"img":{"alt_text":"","src":"https:\/\/i0.wp.com\/uscatletica.ch\/wp\/wp-content\/uploads\/2015\/11\/DSC_3748.jpg?fit=563%2C374&ssl=1&resize=350%2C200","width":350,"height":200,"srcset":"https:\/\/i0.wp.com\/uscatletica.ch\/wp\/wp-content\/uploads\/2015\/11\/DSC_3748.jpg?fit=563%2C374&ssl=1&resize=350%2C200 1x, https:\/\/i0.wp.com\/uscatletica.ch\/wp\/wp-content\/uploads\/2015\/11\/DSC_3748.jpg?fit=563%2C374&ssl=1&resize=525%2C300 1.5x"},"classes":[]},{"id":5243,"url":"https:\/\/uscatletica.ch\/wp\/?p=5243","url_meta":{"origin":21540,"position":2},"title":"La coppa Ticino di cross a Camignolo podisti tra Milano e Basel","author":"Leonida Stampanoni","date":"24 Novembre 2017","format":false,"excerpt":"Sabato mattina alle scuole di Camignolo saranno ancora un 50 gli USCini al via del cross di Camignolo seconda prova della coppa Ticino di cross FTAL.\u00a0 Altri impegni per gli atleti USC alla Baslerstadtlauf\u00a0 sabato pomeriggio ed alla mezza maratona\u00a0 di Milano\u00a0 domenica mattina. Cross a Camignolo in cerca di\u2026","rel":"","context":"In &quot;Cross&quot;","block_context":{"text":"Cross","link":"https:\/\/uscatletica.ch\/wp\/?cat=7"},"img":{"alt_text":"","src":"https:\/\/i0.wp.com\/uscatletica.ch\/wp\/wp-content\/uploads\/2017\/03\/P1450202.jpg?fit=563%2C422&ssl=1&resize=350%2C200","width":350,"height":200,"srcset":"https:\/\/i0.wp.com\/uscatletica.ch\/wp\/wp-content\/uploads\/2017\/03\/P1450202.jpg?fit=563%2C422&ssl=1&resize=350%2C200 1x, https:\/\/i0.wp.com\/uscatletica.ch\/wp\/wp-content\/uploads\/2017\/03\/P1450202.jpg?fit=563%2C422&ssl=1&resize=525%2C300 1.5x"},"classes":[]},{"id":5404,"url":"https:\/\/uscatletica.ch\/wp\/?p=5404","url_meta":{"origin":21540,"position":3},"title":"COPPA TICINO CROSS CLASSIFICA FINALE CAMPIONATI TICINESI DI CROSS Banco","author":"Leonida Stampanoni","date":"6 Gennaio 2018","format":false,"excerpt":"COPPA TICINO CROSS FTAL 2017-2018\u00a0 Laube -Greenkey \u00a0 La coppa Ticino 2017-2018\u00a0 patrocinata dalla FTAL\u00a0 avr\u00e0 iscrizioni e classifiche gestita per la prima volta da Mysdam tramite il portale \u00a0 Endu.net.\u00a0\u00a0 3 Marzo CAMPIONATI SVIZZERI DI CROSS GENEVE CLASSIFICHE FINALI COPPA TICINO CROSS Classifica finale coppa Ticino FTAL CAMPIONATI TICINESI\u2026","rel":"","context":"In &quot;Altro&quot;","block_context":{"text":"Altro","link":"https:\/\/uscatletica.ch\/wp\/?cat=11"},"img":{"alt_text":"","src":"https:\/\/i0.wp.com\/uscatletica.ch\/wp\/wp-content\/uploads\/2017\/12\/podiocrosspom1712m40.jpg?fit=532%2C399&ssl=1&resize=350%2C200","width":350,"height":200,"srcset":"https:\/\/i0.wp.com\/uscatletica.ch\/wp\/wp-content\/uploads\/2017\/12\/podiocrosspom1712m40.jpg?fit=532%2C399&ssl=1&resize=350%2C200 1x, https:\/\/i0.wp.com\/uscatletica.ch\/wp\/wp-content\/uploads\/2017\/12\/podiocrosspom1712m40.jpg?fit=532%2C399&ssl=1&resize=525%2C300 1.5x"},"classes":[]},{"id":21565,"url":"https:\/\/uscatletica.ch\/wp\/?p=21565","url_meta":{"origin":21540,"position":4},"title":"Il Fine settimana tra Mendrisio e Ascona","author":"Leonida Stampanoni","date":"19 Dicembre 2025","format":false,"excerpt":"Nel fine settimana la Coppa Ticino di cross vivr\u00e0 al parco OSC di Mendrisio la terza tappa l'ultima del 2025. Una ventina di giorni orsono a Camignolo l'USC festeggi\u00f2 ben cinque vittorie in coppa. Al via a Mendrisio sono attesi mezzo migliaio di atleti e atlete, oltre 60 provenienti dalla\u2026","rel":"","context":"In &quot;Cross&quot;","block_context":{"text":"Cross","link":"https:\/\/uscatletica.ch\/wp\/?cat=7"},"img":{"alt_text":"","src":"https:\/\/i0.wp.com\/uscatletica.ch\/wp\/wp-content\/uploads\/2025\/12\/251130nicpong.jpg?fit=432%2C336&ssl=1&resize=350%2C200","width":350,"height":200},"classes":[]},{"id":6864,"url":"https:\/\/uscatletica.ch\/wp\/?p=6864","url_meta":{"origin":21540,"position":5},"title":"Cross Camignolo Festa Atleti","author":"Leonida Stampanoni","date":"23 Novembre 2018","format":false,"excerpt":"Sar\u00e0 un sabato intenso per gli USCini si comincia sabato mattina con il cross di Camignolo seconda prova della coppa Ticino con una cinquantina di capriaschesi. In serata a Tenero alla Festa degli atleti agli onori balzeranno i protagonisti della coppa 2018, l'USC intera Jonathan, Ralf, Rachele, Marco, Davide, Elia,\u2026","rel":"","context":"In &quot;Cross&quot;","block_context":{"text":"Cross","link":"https:\/\/uscatletica.ch\/wp\/?cat=7"},"img":{"alt_text":"","src":"https:\/\/i0.wp.com\/uscatletica.ch\/wp\/wp-content\/uploads\/2018\/01\/CRO.jpg?fit=532%2C399&ssl=1&resize=350%2C200","width":350,"height":200,"srcset":"https:\/\/i0.wp.com\/uscatletica.ch\/wp\/wp-content\/uploads\/2018\/01\/CRO.jpg?fit=532%2C399&ssl=1&resize=350%2C200 1x, https:\/\/i0.wp.com\/uscatletica.ch\/wp\/wp-content\/uploads\/2018\/01\/CRO.jpg?fit=532%2C399&ssl=1&resize=525%2C300 1.5x"},"classes":[]}],"_links":{"self":[{"href":"https:\/\/uscatletica.ch\/wp\/index.php?rest_route=\/wp\/v2\/posts\/21540","targetHints":{"allow":["GET"]}}],"collection":[{"href":"https:\/\/uscatletica.ch\/wp\/index.php?rest_route=\/wp\/v2\/posts"}],"about":[{"href":"https:\/\/uscatletica.ch\/wp\/index.php?rest_route=\/wp\/v2\/types\/post"}],"author":[{"embeddable":true,"href":"https:\/\/uscatletica.ch\/wp\/index.php?rest_route=\/wp\/v2\/users\/4"}],"replies":[{"embeddable":true,"href":"https:\/\/uscatletica.ch\/wp\/index.php?rest_route=%2Fwp%2Fv2%2Fcomments&post=21540"}],"version-history":[{"count":1,"href":"https:\/\/uscatletica.ch\/wp\/index.php?rest_route=\/wp\/v2\/posts\/21540\/revisions"}],"predecessor-version":[{"id":21541,"href":"https:\/\/uscatletica.ch\/wp\/index.php?rest_route=\/wp\/v2\/posts\/21540\/revisions\/21541"}],"wp:featuredmedia":[{"embeddable":true,"href":"https:\/\/uscatletica.ch\/wp\/index.php?rest_route=\/wp\/v2\/media\/21311"}],"wp:attachment":[{"href":"https:\/\/uscatletica.ch\/wp\/index.php?rest_route=%2Fwp%2Fv2%2Fmedia&parent=21540"}],"wp:term":[{"taxonomy":"category","embeddable":true,"href":"https:\/\/uscatletica.ch\/wp\/index.php?rest_route=%2Fwp%2Fv2%2Fcategories&post=21540"},{"taxonomy":"post_tag","embeddable":true,"href":"https:\/\/uscatletica.ch\/wp\/index.php?rest_route=%2Fwp%2Fv2%2Ftags&post=21540"}],"curies":[{"name":"wp","href":"https:\/\/api.w.org\/{rel}","templated":true}]}}