{"id":2156,"date":"2016-06-12T23:08:40","date_gmt":"2016-06-12T21:08:40","guid":{"rendered":"http:\/\/uscatletica.ch\/wp\/?p=2156"},"modified":"2016-06-12T23:14:10","modified_gmt":"2016-06-12T21:14:10","slug":"ajla-del-ponte-da-primato","status":"publish","type":"post","link":"https:\/\/uscatletica.ch\/wp\/?p=2156","title":{"rendered":"Ajla Del Ponte da primato"},"content":{"rendered":"<h2 class=\"western\">FTAL \u2013 comunicato del 12-6-2016<\/h2>\n<p align=\"LEFT\"><a name=\"_GoBack\"><\/a> <span style=\"font-family: 'Calibri Light', serif;\"><span style=\"font-size: xx-large;\"><b>Ajla Del Ponte da record<\/b><\/span><\/span><\/p>\n<p>Primato ticinese per Ajla Del Ponte sui 200 metri<\/p>\n<p>asat \u2013 Dopo essere stata tra i protagonisti al Gal\u00e0 di Bellinzona, Ajla Del Ponte \u00e8 stata nuovamente all\u2019altezza delle sue ultime apparizioni anche in occasione dello Swiss meeting di Ginevra. Alla prima uscita stagionale sui 200 metri, la ticinese di Losone in forza all\u2019USA Ascona, ha centrato un importante primato ticinese correndo la distanza nell\u2019ottimo tempo di 23\u2019\u201982, il che significa per lei un miglioramento di mezzo secondo. Il nuovo tempo di 23\u2019\u201982 \u00e8 di grande spessore (il terzo in svizzera in stagione) e va a migliorare il 24\u2019\u2019 netti stabilito in due occasione nel lontano 1998 da Bettina Della Corte. La luganese detiene ancora il primato sui 100 metri, quel 11\u2019\u201955 che per\u00f2 sembra avere i giorni contati: Ajla a Ginevra ha infatti corso ancora una volta a livelli da primato pure i 100, chiudendo la prova in 11\u2019\u201960 ma con un vento contrario di 0,8 m\/s.<\/p>\n<p>Che la giornata ginevrina fosse ideale per grandi cose, si era inoltre gi\u00e0 intuito nella prima gara di giornata, quando la staffetta 4&#215;100 metri elvetica, con Ajla in prima frazione, aveva corso in 43&#8243;24, ossia la terza migliore prestazione europea dell&#8217;anno e non cos\u00ec lontano dal primato svizzero di 42\u2019\u201994 stabilito nel 2014 da Kambundji, Lavanchy e le sorelle Sprunger. La squadra era per l\u2019occasione formata dalla ticinese e dalle giovani compagne Sarah Atcho e Salom\u00e9 Kora, oltre che dalla rodata Ellen Sprunger. Grande esperienza quindi ma soprattutto grande soddisfazione per il quartetto di swiss athletics, che potrebbe essere lo stesso a difender i colori rossocrociati agli europei e alla prossime olimpiadi. Impegnata anche con gli esami universitari, Ajla correr\u00e0 marted\u00ec a Lucerna lo Spitzen Leichtathletik, meeting internazionale di prestigio. A Ginevra si \u00e8 messo in luce anche Mattia Tajana del GAB, che sui 400 ostacoli ha corso ancora una volta vicino al personale stabilito al Gal\u00e0 dei Castelli, chiudendo in 52\u2019\u201968.<\/p>\n<p><span style=\"color: #444444;\"><span style=\"font-family: 'Lucida Sans Unicode', serif;\"><span style=\"font-size: small;\"><span lang=\"it-IT\"><b>asat<\/b><\/span><\/span><\/span><\/span><\/p>\n","protected":false},"excerpt":{"rendered":"<p>FTAL \u2013 comunicato del 12-6-2016 Ajla Del Ponte da record Primato ticinese per Ajla Del Ponte sui 200 metri asat \u2013 Dopo essere stata tra i protagonisti al Gal\u00e0 di Bellinzona, Ajla Del Ponte \u00e8 stata nuovamente all\u2019altezza delle sue ultime apparizioni anche in occasione dello Swiss meeting di Ginevra. Alla prima uscita stagionale sui 200 metri, la ticinese di Losone in forza all\u2019USA Ascona, ha centrato un importante primato ticinese correndo la distanza nell\u2019ottimo&#8230;<\/p>\n","protected":false},"author":4,"featured_media":1755,"comment_status":"closed","ping_status":"closed","sticky":false,"template":"","format":"standard","meta":{"jetpack_post_was_ever_published":false,"_jetpack_newsletter_access":"","_jetpack_dont_email_post_to_subs":false,"_jetpack_newsletter_tier_id":0,"_jetpack_memberships_contains_paywalled_content":false,"_jetpack_memberships_contains_paid_content":false,"footnotes":"","jetpack_publicize_message":"","jetpack_publicize_feature_enabled":true,"jetpack_social_post_already_shared":true,"jetpack_social_options":{"image_generator_settings":{"template":"highway","default_image_id":0,"font":"","enabled":false},"version":2}},"categories":[11,4],"tags":[],"class_list":["post-2156","post","type-post","status-publish","format-standard","has-post-thumbnail","hentry","category-altro","category-pista"],"jetpack_publicize_connections":[],"jetpack_featured_media_url":"https:\/\/i0.wp.com\/uscatletica.ch\/wp\/wp-content\/uploads\/2016\/05\/brxia2016selti.png?fit=562%2C323&ssl=1","jetpack_sharing_enabled":true,"jetpack_shortlink":"https:\/\/wp.me\/p6V7Ck-yM","jetpack-related-posts":[{"id":7150,"url":"https:\/\/uscatletica.ch\/wp\/?p=7150","url_meta":{"origin":2156,"position":0},"title":"CT Indoor USCini alla carica","author":"Leonida Stampanoni","date":"29 Gennaio 2019","format":false,"excerpt":"Mercoledi al Palexpo di Locarno i campionati ticinesi indoor di corse e ostacoli chiuderanno la stagione indoor cantonale tre gli atleti USC iscritti due sui 60 m e due peso Matteo sosterr\u00e0 il doppio impegno. Alessia correr\u00e0 sui 60 m mentre Giada scender\u00e0 in pedana nel peso . Comunicato FTAL,\u2026","rel":"","context":"In &quot;Pista&quot;","block_context":{"text":"Pista","link":"https:\/\/uscatletica.ch\/wp\/?cat=4"},"img":{"alt_text":"","src":"https:\/\/i0.wp.com\/uscatletica.ch\/wp\/wp-content\/uploads\/2019\/01\/giadctu20peso19.jpg?fit=499%2C340&ssl=1&resize=350%2C200","width":350,"height":200},"classes":[]},{"id":6295,"url":"https:\/\/uscatletica.ch\/wp\/?p=6295","url_meta":{"origin":2156,"position":1},"title":"Simone buon debutto sui 400 m ostacoli (Ajla primato ticinese 11.21 sui 100 m 23.07 sui 200 )","author":"Leonida Stampanoni","date":"1 Luglio 2018","format":false,"excerpt":"Sabato a Nottwil\u00a0il Bonus Track meeting\u00a0ha accolto quasi 500 atleti- Al via per l'USC c'era Simone alla prima gara dell'anno sui 400 m ostacoli. Dopo una buona prova ha chiuso in 57\"06 a soli 19 ct dal primato personale le classifiche\u00a0 Fuochi d'artifcio al meeting Resisprint di La Chaux de\u2026","rel":"","context":"In &quot;Pista&quot;","block_context":{"text":"Pista","link":"https:\/\/uscatletica.ch\/wp\/?cat=4"},"img":{"alt_text":"","src":"https:\/\/i0.wp.com\/uscatletica.ch\/wp\/wp-content\/uploads\/2016\/05\/simonevel.jpg?fit=563%2C401&ssl=1&resize=350%2C200","width":350,"height":200,"srcset":"https:\/\/i0.wp.com\/uscatletica.ch\/wp\/wp-content\/uploads\/2016\/05\/simonevel.jpg?fit=563%2C401&ssl=1&resize=350%2C200 1x, https:\/\/i0.wp.com\/uscatletica.ch\/wp\/wp-content\/uploads\/2016\/05\/simonevel.jpg?fit=563%2C401&ssl=1&resize=525%2C300 1.5x"},"classes":[]},{"id":820,"url":"https:\/\/uscatletica.ch\/wp\/?p=820","url_meta":{"origin":2156,"position":2},"title":"Simone in gara a Macolin TRIPLO PRIMATO TICINESE","author":"Leonida Stampanoni","date":"6 Febbraio 2016","format":false,"excerpt":"A Macolin in programma un meeting nazionale abbinato ai campionati svizzeri di gare multiple per l'USC Simone si presenta due volte al via nel salto con l'asta ed una volta sui 200 m \u00a0. Alla palestra Ende der Welt molti tra i migliori atleti svizzeri\u00a0I risultati live da Macolin. Simone\u2026","rel":"","context":"In &quot;Pista&quot;","block_context":{"text":"Pista","link":"https:\/\/uscatletica.ch\/wp\/?cat=4"},"img":{"alt_text":"","src":"https:\/\/i0.wp.com\/uscatletica.ch\/wp\/wp-content\/uploads\/2016\/01\/P1370405-1.jpg?fit=563%2C422&ssl=1&resize=350%2C200","width":350,"height":200,"srcset":"https:\/\/i0.wp.com\/uscatletica.ch\/wp\/wp-content\/uploads\/2016\/01\/P1370405-1.jpg?fit=563%2C422&ssl=1&resize=350%2C200 1x, https:\/\/i0.wp.com\/uscatletica.ch\/wp\/wp-content\/uploads\/2016\/01\/P1370405-1.jpg?fit=563%2C422&ssl=1&resize=525%2C300 1.5x"},"classes":[]},{"id":6373,"url":"https:\/\/uscatletica.ch\/wp\/?p=6373","url_meta":{"origin":2156,"position":3},"title":"Robi Ai Mondiali di Duathlon Votate Elisa e Robi  sportivo ticinese 2018 Aiuto Sport Ticino","author":"Leonida Stampanoni","date":"26 Luglio 2018","format":false,"excerpt":"Robi ai Mondiali Duathlon lunga distanza Powerman Zofingen Roberto\u00a0 grazie alla sua prestazione al campionato svizzero \u00e8 stato convocato da Swiss Triathlon per i campionati del mondo di Duathlon su lunga distanza in programma 1-2 settembre nell'ambito del mitico Powerman Zofingen. bravissima Aiuto Sport Ticino cerca la sportiva ticinese 2018\u2026","rel":"","context":"In &quot;Altro&quot;","block_context":{"text":"Altro","link":"https:\/\/uscatletica.ch\/wp\/?cat=11"},"img":{"alt_text":"","src":"https:\/\/i0.wp.com\/uscatletica.ch\/wp\/wp-content\/uploads\/2017\/12\/robadricnatal17.jpg?fit=529%2C365&ssl=1&resize=350%2C200","width":350,"height":200,"srcset":"https:\/\/i0.wp.com\/uscatletica.ch\/wp\/wp-content\/uploads\/2017\/12\/robadricnatal17.jpg?fit=529%2C365&ssl=1&resize=350%2C200 1x, https:\/\/i0.wp.com\/uscatletica.ch\/wp\/wp-content\/uploads\/2017\/12\/robadricnatal17.jpg?fit=529%2C365&ssl=1&resize=525%2C300 1.5x"},"classes":[]},{"id":10640,"url":"https:\/\/uscatletica.ch\/wp\/?p=10640","url_meta":{"origin":2156,"position":4},"title":"CT 4X100 m e Meeting Lugano ultimo test prima dei tris di campionati","author":"Leonida Stampanoni","date":"18 Agosto 2020","format":false,"excerpt":"Marted\u00ec sera a Cornaredo\u00a0 si terranno i campionati ticinesi di 4x100 m ed il meeting di Lugano, a cui seguiranno 4 fine settimana dedicate ai campionati a cominciare dai campionati svizzeri U20 e U23 di Frauenfeld per finire con gli assoluti di Basel .Nella corsa al titolo della 4x100 m\u2026","rel":"","context":"In &quot;Pista&quot;","block_context":{"text":"Pista","link":"https:\/\/uscatletica.ch\/wp\/?cat=4"},"img":{"alt_text":"","src":"https:\/\/i0.wp.com\/uscatletica.ch\/wp\/wp-content\/uploads\/2019\/08\/IMG_0908.jpg?fit=640%2C480&ssl=1&resize=350%2C200","width":350,"height":200,"srcset":"https:\/\/i0.wp.com\/uscatletica.ch\/wp\/wp-content\/uploads\/2019\/08\/IMG_0908.jpg?fit=640%2C480&ssl=1&resize=350%2C200 1x, https:\/\/i0.wp.com\/uscatletica.ch\/wp\/wp-content\/uploads\/2019\/08\/IMG_0908.jpg?fit=640%2C480&ssl=1&resize=525%2C300 1.5x"},"classes":[]},{"id":1686,"url":"https:\/\/uscatletica.ch\/wp\/?p=1686","url_meta":{"origin":2156,"position":5},"title":"Simone  debutta a Basel (ticinesi e svizzeri partono col botto)","author":"Leonida Stampanoni","date":"7 Maggio 2016","format":false,"excerpt":"A Basel si correva la H\u00fcrden cup meeting \u00a0dedicato specialmente agli ostacoli, che presenta infatti anche la gara sui 200 m hs. Alla Sch\u00fctzenmatte debuttava in pista nel 2016 Simone che settimana prossima rappresenter\u00e0 il Ticino a Bressanone con la selezione Ticino. \u00a0Gioved\u00ec a Langenthal e a Basel gli atleti\u2026","rel":"","context":"In &quot;Pista&quot;","block_context":{"text":"Pista","link":"https:\/\/uscatletica.ch\/wp\/?cat=4"},"img":{"alt_text":"","src":"https:\/\/i0.wp.com\/uscatletica.ch\/wp\/wp-content\/uploads\/2016\/01\/P1330283.jpg?fit=640%2C480&ssl=1&resize=350%2C200","width":350,"height":200,"srcset":"https:\/\/i0.wp.com\/uscatletica.ch\/wp\/wp-content\/uploads\/2016\/01\/P1330283.jpg?fit=640%2C480&ssl=1&resize=350%2C200 1x, https:\/\/i0.wp.com\/uscatletica.ch\/wp\/wp-content\/uploads\/2016\/01\/P1330283.jpg?fit=640%2C480&ssl=1&resize=525%2C300 1.5x"},"classes":[]}],"_links":{"self":[{"href":"https:\/\/uscatletica.ch\/wp\/index.php?rest_route=\/wp\/v2\/posts\/2156","targetHints":{"allow":["GET"]}}],"collection":[{"href":"https:\/\/uscatletica.ch\/wp\/index.php?rest_route=\/wp\/v2\/posts"}],"about":[{"href":"https:\/\/uscatletica.ch\/wp\/index.php?rest_route=\/wp\/v2\/types\/post"}],"author":[{"embeddable":true,"href":"https:\/\/uscatletica.ch\/wp\/index.php?rest_route=\/wp\/v2\/users\/4"}],"replies":[{"embeddable":true,"href":"https:\/\/uscatletica.ch\/wp\/index.php?rest_route=%2Fwp%2Fv2%2Fcomments&post=2156"}],"version-history":[{"count":1,"href":"https:\/\/uscatletica.ch\/wp\/index.php?rest_route=\/wp\/v2\/posts\/2156\/revisions"}],"predecessor-version":[{"id":2157,"href":"https:\/\/uscatletica.ch\/wp\/index.php?rest_route=\/wp\/v2\/posts\/2156\/revisions\/2157"}],"wp:featuredmedia":[{"embeddable":true,"href":"https:\/\/uscatletica.ch\/wp\/index.php?rest_route=\/wp\/v2\/media\/1755"}],"wp:attachment":[{"href":"https:\/\/uscatletica.ch\/wp\/index.php?rest_route=%2Fwp%2Fv2%2Fmedia&parent=2156"}],"wp:term":[{"taxonomy":"category","embeddable":true,"href":"https:\/\/uscatletica.ch\/wp\/index.php?rest_route=%2Fwp%2Fv2%2Fcategories&post=2156"},{"taxonomy":"post_tag","embeddable":true,"href":"https:\/\/uscatletica.ch\/wp\/index.php?rest_route=%2Fwp%2Fv2%2Ftags&post=2156"}],"curies":[{"name":"wp","href":"https:\/\/api.w.org\/{rel}","templated":true}]}}