{"id":21624,"date":"2026-01-23T09:00:49","date_gmt":"2026-01-23T08:00:49","guid":{"rendered":"https:\/\/uscatletica.ch\/wp\/?p=21624"},"modified":"2026-01-23T09:01:50","modified_gmt":"2026-01-23T08:01:50","slug":"il-fine-settimana-dei-titoli-da-gordola-a-vezia","status":"publish","type":"post","link":"https:\/\/uscatletica.ch\/wp\/?p=21624","title":{"rendered":"IL FINE SETTIMANA DEI TITOLI DA GORDOLA A VEZIA"},"content":{"rendered":"\n<p>Nel fine settimana saranno assegnati una trentina abbondante di titoli cantonali sabato alla Regazzi ci saranno i campionati ticinesi indoor, mentre domenica sui prati della Monda di Vezia in palio ci saranno i titoli di cross<\/p>\n<p><a href=\"https:\/\/www.endu.net\/it\/events\/cross-sam\/results\">Risultati live su Endu Per i CT CROSS<\/a><\/p>\n<h5>24.01.2026 CAMPIONATI \u00a0TICINESI INDOOR (GORDOLA REGAZZI)<\/h5>\n<p><a href=\"https:\/\/slv.laportal.net\/Competitions\/Details\/18118\" target=\"_blank\" rel=\"noopener\" data-cmp-ab=\"2\">RISULTATI<\/a><\/p>\n<p>Alla Regazzi l&#8217;USC presenter\u00e0 un quartetto al via No\u00e9 ed Am\u00e9lie sui 400 m Lana nel triplo e Romina nel peso. La gara \u00e8 organizzata dalla comunit\u00e0 atletica Sottoceneri e l&#8217;USC dar\u00e0 una mano alla buona riuscita della giornata.\u00a0<\/p>\n<p>Domenica a Vezia saranno una sessantina gli USCini al via sul veloce percorso di Vezia oltre ai titoli ci saranno anche preziosi punti di coppa in palio. Nella gara \u00e9lite maschile Fiorillo, Rocco e Marco lotteranno per il podio. Tra i masters Elia ed Alex saranno i favoriti negli M40 \u00a0mentre Davide lo sar\u00e0 negli M50 .Leonida e Ralf, Matteo lotteranno per il podio come Jana, Patrizia e Laura.\u00a0<\/p>\n<p>Martina sar\u00e0 tra le favorite tra le U20, Mattia \u00e8 l&#8217;outsider tra gli U18, Dario lotter\u00e0 per il podio U16.\u00a0<\/p>\n<p>Per la coppa Nicole cerca la vittoria finale tra le U14 dove Remo \u00e8 abbonato al podio. Anais, Viola, Agata, sono a caccia di punti per trovare un biglietto per il cross delle selezioni di Cortenova.\u00a0<\/p>\n<p>Tutti porteranno punti preziosi per la classifica a squadre dove si va verso la ventiseiesima vittoria \u00a0che si potr\u00e0 festeggiare a<a href=\"https:\/\/uscatletica.ch\/wp\/?p=21588\">l buon anno USC<\/a> in programma nel tardo pomeriggio\u00a0<\/p>\n<p><a href=\"https:\/\/i0.wp.com\/uscatletica.ch\/wp\/wp-content\/uploads\/2026\/01\/BuonAnnoUSC2026.jpg?ssl=1\"><img data-recalc-dims=\"1\" loading=\"lazy\" decoding=\"async\" data-attachment-id=\"21589\" data-permalink=\"https:\/\/uscatletica.ch\/wp\/?attachment_id=21589\" data-orig-file=\"https:\/\/i0.wp.com\/uscatletica.ch\/wp\/wp-content\/uploads\/2026\/01\/BuonAnnoUSC2026.jpg?fit=595%2C841&amp;ssl=1\" data-orig-size=\"595,841\" data-comments-opened=\"0\" data-image-meta=\"{&quot;aperture&quot;:&quot;0&quot;,&quot;credit&quot;:&quot;&quot;,&quot;camera&quot;:&quot;&quot;,&quot;caption&quot;:&quot;&quot;,&quot;created_timestamp&quot;:&quot;0&quot;,&quot;copyright&quot;:&quot;&quot;,&quot;focal_length&quot;:&quot;0&quot;,&quot;iso&quot;:&quot;0&quot;,&quot;shutter_speed&quot;:&quot;0&quot;,&quot;title&quot;:&quot;&quot;,&quot;orientation&quot;:&quot;0&quot;}\" data-image-title=\"BuonAnnoUSC2026\" data-image-description=\"\" data-image-caption=\"\" data-large-file=\"https:\/\/i0.wp.com\/uscatletica.ch\/wp\/wp-content\/uploads\/2026\/01\/BuonAnnoUSC2026.jpg?fit=595%2C841&amp;ssl=1\" class=\"aligncenter size-full wp-image-21589\" src=\"https:\/\/i0.wp.com\/uscatletica.ch\/wp\/wp-content\/uploads\/2026\/01\/BuonAnnoUSC2026.jpg?resize=595%2C841&#038;ssl=1\" alt=\"\" width=\"595\" height=\"841\" srcset=\"https:\/\/i0.wp.com\/uscatletica.ch\/wp\/wp-content\/uploads\/2026\/01\/BuonAnnoUSC2026.jpg?w=595&amp;ssl=1 595w, https:\/\/i0.wp.com\/uscatletica.ch\/wp\/wp-content\/uploads\/2026\/01\/BuonAnnoUSC2026.jpg?resize=212%2C300&amp;ssl=1 212w\" sizes=\"auto, (max-width: 595px) 100vw, 595px\" \/><\/a><\/p>\n<p>\u00a0<\/p>\n<p>\u00a0<\/p>\n<p>\u00a0<\/p>\n\n\n\n<figure class=\"wp-block-embed is-type-wp-embed is-provider-ftal wp-block-embed-ftal\"><div class=\"wp-block-embed__wrapper\">\n<blockquote class=\"wp-embedded-content\" data-secret=\"vjRfgwthzg\"><a href=\"https:\/\/ftal.ch\/velocisti-in-forma-a-san-gallo\/\">VELOCISTI IN FORMA A SAN GALLO<\/a><\/blockquote><iframe loading=\"lazy\" class=\"wp-embedded-content\" sandbox=\"allow-scripts\" security=\"restricted\" style=\"position: absolute; visibility: hidden;\" title=\"&#8220;VELOCISTI IN FORMA A SAN GALLO&#8221; &#8212; FTAL\" src=\"https:\/\/ftal.ch\/velocisti-in-forma-a-san-gallo\/embed\/#?secret=evnyftfIcj#?secret=vjRfgwthzg\" data-secret=\"vjRfgwthzg\" width=\"600\" height=\"338\" frameborder=\"0\" marginwidth=\"0\" marginheight=\"0\" scrolling=\"no\"><\/iframe>\n<\/div><\/figure>\n\n\n\n<figure class=\"wp-block-embed is-type-wp-embed is-provider-ftal wp-block-embed-ftal\"><div class=\"wp-block-embed__wrapper\">\n<blockquote class=\"wp-embedded-content\" data-secret=\"R9mtJoAcO1\"><a href=\"https:\/\/ftal.ch\/a-vezia-si-cercano-i-campioni-ticinesi-di-cross\/\">A VEZIA SI CERCANO I CAMPIONI TICINESI DI CROSS<\/a><\/blockquote><iframe loading=\"lazy\" class=\"wp-embedded-content\" sandbox=\"allow-scripts\" security=\"restricted\" style=\"position: absolute; visibility: hidden;\" title=\"&#8220;A VEZIA SI CERCANO I CAMPIONI TICINESI DI CROSS&#8221; &#8212; FTAL\" src=\"https:\/\/ftal.ch\/a-vezia-si-cercano-i-campioni-ticinesi-di-cross\/embed\/#?secret=oyhNGn5w1a#?secret=R9mtJoAcO1\" data-secret=\"R9mtJoAcO1\" width=\"600\" height=\"338\" frameborder=\"0\" marginwidth=\"0\" marginheight=\"0\" scrolling=\"no\"><\/iframe>\n<\/div><\/figure>\n","protected":false},"excerpt":{"rendered":"<p>Nel fine settimana saranno assegnati una trentina abbondante di titoli cantonali sabato alla Regazzi ci saranno i campionati ticinesi indoor, mentre domenica sui prati della Monda di Vezia in palio ci saranno i titoli di cross Risultati live su Endu Per i CT CROSS 24.01.2026 CAMPIONATI \u00a0TICINESI INDOOR (GORDOLA REGAZZI) RISULTATI Alla Regazzi l&#8217;USC presenter\u00e0 un quartetto al via No\u00e9 ed Am\u00e9lie sui 400 m Lana nel triplo e Romina nel peso. La gara \u00e8&#8230;<\/p>\n","protected":false},"author":4,"featured_media":21570,"comment_status":"closed","ping_status":"closed","sticky":false,"template":"","format":"standard","meta":{"jetpack_post_was_ever_published":false,"_jetpack_newsletter_access":"","_jetpack_dont_email_post_to_subs":false,"_jetpack_newsletter_tier_id":0,"_jetpack_memberships_contains_paywalled_content":false,"_jetpack_memberships_contains_paid_content":false,"footnotes":"","jetpack_publicize_message":"","jetpack_publicize_feature_enabled":true,"jetpack_social_post_already_shared":true,"jetpack_social_options":{"image_generator_settings":{"template":"highway","default_image_id":0,"font":"","enabled":false},"version":2}},"categories":[7,4,9],"tags":[],"class_list":["post-21624","post","type-post","status-publish","format-standard","has-post-thumbnail","hentry","category-cross","category-pista","category-sport"],"jetpack_publicize_connections":[],"jetpack_featured_media_url":"https:\/\/i0.wp.com\/uscatletica.ch\/wp\/wp-content\/uploads\/2025\/12\/20251220rdFOTCROSSu10b-e1766249823338.jpeg?fit=432%2C288&ssl=1","jetpack_sharing_enabled":true,"jetpack_shortlink":"https:\/\/wp.me\/p6V7Ck-5CM","jetpack-related-posts":[{"id":5412,"url":"https:\/\/uscatletica.ch\/wp\/?p=5412","url_meta":{"origin":21624,"position":0},"title":"Gordola riparte la stagione dei cross","author":"Leonida Stampanoni","date":"13 Gennaio 2018","format":false,"excerpt":"\u00a0 Sabato alle Roviscaglie di Gordola ripartir\u00e0 la coppa Ticino di cross 338 gli iscritti quasi un cinquantina di USCini, al via nel primo appuntamento agonistico del 2018. Domenica alla Regazzi di Gordola si assegneranno invece i primi titoli cantonali del nuovo anno. Sabato a partire dalle 12.00 sul veloce\u2026","rel":"","context":"In &quot;Cross&quot;","block_context":{"text":"Cross","link":"https:\/\/uscatletica.ch\/wp\/?cat=7"},"img":{"alt_text":"","src":"https:\/\/i0.wp.com\/uscatletica.ch\/wp\/wp-content\/uploads\/2015\/11\/LOGOCOPPATICROSS.png?fit=960%2C420&ssl=1&resize=350%2C200","width":350,"height":200,"srcset":"https:\/\/i0.wp.com\/uscatletica.ch\/wp\/wp-content\/uploads\/2015\/11\/LOGOCOPPATICROSS.png?fit=960%2C420&ssl=1&resize=350%2C200 1x, https:\/\/i0.wp.com\/uscatletica.ch\/wp\/wp-content\/uploads\/2015\/11\/LOGOCOPPATICROSS.png?fit=960%2C420&ssl=1&resize=525%2C300 1.5x, https:\/\/i0.wp.com\/uscatletica.ch\/wp\/wp-content\/uploads\/2015\/11\/LOGOCOPPATICROSS.png?fit=960%2C420&ssl=1&resize=700%2C400 2x"},"classes":[]},{"id":627,"url":"https:\/\/uscatletica.ch\/wp\/?p=627","url_meta":{"origin":21624,"position":1},"title":"Cross a Vezia a Tenero si salta per i titoli","author":"Leonida Stampanoni","date":"15 Gennaio 2016","format":false,"excerpt":"Il fine settimana intenso a met\u00e0 gennaio per gli USCini che tra sabato e domenica saranno impegnati tra i campi della monda di Vezia e la palestra indoor del CST dove si terr\u00e0 la prima edizione dei campionati ticinesi indoor \u00a0la prima parte assegner\u00e0 i titoli nei salti. Sabato a\u2026","rel":"","context":"In &quot;Cross&quot;","block_context":{"text":"Cross","link":"https:\/\/uscatletica.ch\/wp\/?cat=7"},"img":{"alt_text":"","src":"https:\/\/i0.wp.com\/uscatletica.ch\/wp\/wp-content\/uploads\/2015\/12\/P1360515.jpg?fit=563%2C422&ssl=1&resize=350%2C200","width":350,"height":200,"srcset":"https:\/\/i0.wp.com\/uscatletica.ch\/wp\/wp-content\/uploads\/2015\/12\/P1360515.jpg?fit=563%2C422&ssl=1&resize=350%2C200 1x, https:\/\/i0.wp.com\/uscatletica.ch\/wp\/wp-content\/uploads\/2015\/12\/P1360515.jpg?fit=563%2C422&ssl=1&resize=525%2C300 1.5x"},"classes":[]},{"id":3299,"url":"https:\/\/uscatletica.ch\/wp\/?p=3299","url_meta":{"origin":21624,"position":2},"title":"USCini il 2017 comincia a Gordola","author":"Leonida Stampanoni","date":"11 Gennaio 2017","format":false,"excerpt":"Nel fine settimana a Gordola debutter\u00e0 l'annata atletica 2017 \u00a0sabato sui prati delle Roviscaglie in programma la quarta prova di coppa Ticino \u00a0con una sessantina di USCini attesi al via . Domenica alla Palestra Regazzi in palio per il secondo anno i titoli cantonali nei salti tre USCine al via\u2026","rel":"","context":"In &quot;Cross&quot;","block_context":{"text":"Cross","link":"https:\/\/uscatletica.ch\/wp\/?cat=7"},"img":{"alt_text":"","src":"https:\/\/i0.wp.com\/uscatletica.ch\/wp\/wp-content\/uploads\/2016\/01\/P1370359.jpg?fit=563%2C422&ssl=1&resize=350%2C200","width":350,"height":200,"srcset":"https:\/\/i0.wp.com\/uscatletica.ch\/wp\/wp-content\/uploads\/2016\/01\/P1370359.jpg?fit=563%2C422&ssl=1&resize=350%2C200 1x, https:\/\/i0.wp.com\/uscatletica.ch\/wp\/wp-content\/uploads\/2016\/01\/P1370359.jpg?fit=563%2C422&ssl=1&resize=525%2C300 1.5x"},"classes":[]},{"id":20536,"url":"https:\/\/uscatletica.ch\/wp\/?p=20536","url_meta":{"origin":21624,"position":3},"title":"Da Macolin a Vezia il fine settimana intenso per gli USCini","author":"Leonida Stampanoni","date":"25 Gennaio 2025","format":false,"excerpt":"Nel fine settimana l'USC sar\u00e0 impegnata su due fronti sempre a livello nazionale. Domenica a Macolin parte la stagione indoor insieme alle stelle dell'atletica svizzera ci saranno pure Lea sui 400 e Marta nel Alto. Una cinquantina i partenti a Vezia nella sesta tappa di Coppa Ticino di cross che\u2026","rel":"","context":"In &quot;Cross&quot;","block_context":{"text":"Cross","link":"https:\/\/uscatletica.ch\/wp\/?cat=7"},"img":{"alt_text":"","src":"https:\/\/i0.wp.com\/uscatletica.ch\/wp\/wp-content\/uploads\/2016\/02\/cs2016indoor01.jpg?fit=640%2C432&ssl=1&resize=350%2C200","width":350,"height":200,"srcset":"https:\/\/i0.wp.com\/uscatletica.ch\/wp\/wp-content\/uploads\/2016\/02\/cs2016indoor01.jpg?fit=640%2C432&ssl=1&resize=350%2C200 1x, https:\/\/i0.wp.com\/uscatletica.ch\/wp\/wp-content\/uploads\/2016\/02\/cs2016indoor01.jpg?fit=640%2C432&ssl=1&resize=525%2C300 1.5x"},"classes":[]},{"id":5617,"url":"https:\/\/uscatletica.ch\/wp\/?p=5617","url_meta":{"origin":21624,"position":4},"title":"Poker di appuntamento da Padova  a Geneve passando da Tenero e Willisau","author":"Leonida Stampanoni","date":"27 Febbraio 2018","format":false,"excerpt":"Emil Gea e Florian in Selezione a Tenero le U14 alla finale di Willisau CS Cross a geneve Chiara a Padova Il prossimo fine settimana sar\u00e0 particolarmente intenso sabato a Willisau ci sar\u00e0 la finale della UBS KID CUP Team con al via le nostre Lea Pauline Selina Elody e\u2026","rel":"","context":"In &quot;Cross&quot;","block_context":{"text":"Cross","link":"https:\/\/uscatletica.ch\/wp\/?cat=7"},"img":{"alt_text":"","src":"https:\/\/i0.wp.com\/uscatletica.ch\/wp\/wp-content\/uploads\/2017\/12\/ukctsbiasca18u14w.jpg?fit=532%2C399&ssl=1&resize=350%2C200","width":350,"height":200,"srcset":"https:\/\/i0.wp.com\/uscatletica.ch\/wp\/wp-content\/uploads\/2017\/12\/ukctsbiasca18u14w.jpg?fit=532%2C399&ssl=1&resize=350%2C200 1x, https:\/\/i0.wp.com\/uscatletica.ch\/wp\/wp-content\/uploads\/2017\/12\/ukctsbiasca18u14w.jpg?fit=532%2C399&ssl=1&resize=525%2C300 1.5x"},"classes":[]},{"id":7005,"url":"https:\/\/uscatletica.ch\/wp\/?p=7005","url_meta":{"origin":21624,"position":5},"title":"Cross Coppa Ticino FTAL Laube Greenkey stagione 2018-2019 (Cross Vezia Campionati ticinesi )","author":"Leonida Stampanoni","date":"8 Gennaio 2019","format":false,"excerpt":"CAMPIONATI TICINESI DI CROSS VEZIA COPPA TICINO VII Prova valida cross cup Swiss Athletics Ultima prova di coppa Ticino e campionato ticinese di cross alla monda di Vezia nuovo percorso 20190209ProgrammaSAMCrossScarica Cross Banco VI COPPA TICINO CROSS ANNULLATA CLASSIFICHE COPPA TICINO Cross Banco \u2013 3 febbraio 2019 Quinto cross della\u2026","rel":"","context":"In &quot;Cross&quot;","block_context":{"text":"Cross","link":"https:\/\/uscatletica.ch\/wp\/?cat=7"},"img":{"alt_text":"","src":"https:\/\/i0.wp.com\/uscatletica.ch\/wp\/wp-content\/uploads\/2018\/12\/sstef2019usc.jpg?fit=532%2C399&ssl=1&resize=350%2C200","width":350,"height":200,"srcset":"https:\/\/i0.wp.com\/uscatletica.ch\/wp\/wp-content\/uploads\/2018\/12\/sstef2019usc.jpg?fit=532%2C399&ssl=1&resize=350%2C200 1x, https:\/\/i0.wp.com\/uscatletica.ch\/wp\/wp-content\/uploads\/2018\/12\/sstef2019usc.jpg?fit=532%2C399&ssl=1&resize=525%2C300 1.5x"},"classes":[]}],"_links":{"self":[{"href":"https:\/\/uscatletica.ch\/wp\/index.php?rest_route=\/wp\/v2\/posts\/21624","targetHints":{"allow":["GET"]}}],"collection":[{"href":"https:\/\/uscatletica.ch\/wp\/index.php?rest_route=\/wp\/v2\/posts"}],"about":[{"href":"https:\/\/uscatletica.ch\/wp\/index.php?rest_route=\/wp\/v2\/types\/post"}],"author":[{"embeddable":true,"href":"https:\/\/uscatletica.ch\/wp\/index.php?rest_route=\/wp\/v2\/users\/4"}],"replies":[{"embeddable":true,"href":"https:\/\/uscatletica.ch\/wp\/index.php?rest_route=%2Fwp%2Fv2%2Fcomments&post=21624"}],"version-history":[{"count":1,"href":"https:\/\/uscatletica.ch\/wp\/index.php?rest_route=\/wp\/v2\/posts\/21624\/revisions"}],"predecessor-version":[{"id":21625,"href":"https:\/\/uscatletica.ch\/wp\/index.php?rest_route=\/wp\/v2\/posts\/21624\/revisions\/21625"}],"wp:featuredmedia":[{"embeddable":true,"href":"https:\/\/uscatletica.ch\/wp\/index.php?rest_route=\/wp\/v2\/media\/21570"}],"wp:attachment":[{"href":"https:\/\/uscatletica.ch\/wp\/index.php?rest_route=%2Fwp%2Fv2%2Fmedia&parent=21624"}],"wp:term":[{"taxonomy":"category","embeddable":true,"href":"https:\/\/uscatletica.ch\/wp\/index.php?rest_route=%2Fwp%2Fv2%2Fcategories&post=21624"},{"taxonomy":"post_tag","embeddable":true,"href":"https:\/\/uscatletica.ch\/wp\/index.php?rest_route=%2Fwp%2Fv2%2Ftags&post=21624"}],"curies":[{"name":"wp","href":"https:\/\/api.w.org\/{rel}","templated":true}]}}