{"id":21626,"date":"2026-01-24T21:29:04","date_gmt":"2026-01-24T20:29:04","guid":{"rendered":"https:\/\/uscatletica.ch\/wp\/?p=21626"},"modified":"2026-03-05T09:16:01","modified_gmt":"2026-03-05T08:16:01","slug":"romina-argento-nel-peso-noe-ai-piedi-del-podio","status":"publish","type":"post","link":"https:\/\/uscatletica.ch\/wp\/?p=21626","title":{"rendered":"Romina argento nel peso No\u00e8 ai piedi del podio"},"content":{"rendered":"\n<p>Intensa giornata di gare alla Regazzi di Gordola per i campionati ticinesi assoluti Indoor organizzati dall&#8217;ASSPO con la collaborazione della COAS. Un centinaio gli atleti e le atlete al via. L&#8217;USC ha raccolto una medaglia nel peso con Romina mentre sui 400 m No\u00e9 ha sfiorato il podio. Amelie sui 400 m e Lana nel triplo hanno lottato con grinta.\u00a0<\/p>\n<p style=\"text-align: left;\"><a href=\"https:\/\/slv.laportal.net\/Competitions\/Details\/18059\" target=\"_blank\" rel=\"noopener\">RISULTATI<\/a><\/p>\n<p>Nel getto del peso femminile domina Maria W\u00fcrz con 10.86 m. Romina scagliando i 4 kg a 7.87 \u00a0m raccoglie l&#8217;argento. \u00a0Nei 400 m domina Benjamin Rajendram \u00a0in 51&#8243;26 nella stessa batteria No\u00e9 in 53&#8243;61 chiude terzo \u00a0in scia del secondo. Nella seconda batteria il vincitore si prende l&#8217;argento in 53&#8217;29. Togliendo il nostro atleta dal podio. Tra le donne \u00a0bel duello tra Tosca Del Siro 57&#8243;48 e Alice Baggi 58&#8243;02. Amelie sfiora il personale correndo in 70&#8243;31.<\/p>\n<p>Nella gara di chiusura del triplo Lana atterra a 9.35 m. Laura Torino Imberti atterrando a 11.60 m completa la doppietta, dopo il primato nazionale W45 nel lungo con 5.62 m. \u00a0<\/p>\n<p>Sui 60 m il titolo va a Riccardo Mazzini 6&#8243;94 e Aicha Pirotta 7&#8243;72, Sui 200 m Petra Crescini 25&#8243;11 e Mattia Schenk 23&#8243;26 emergono nel finale. Sugli 800 m il GAB vince con Anna Turrini e Filippo Balestra. Alessandro Fugazzi sigla i primati svizzeri M55 sui 60 m ed i 200 m. \u00a0<\/p>\n<p>Nei salti Mattia Fumagalli vince l&#8217;asta, Gianmarco Bielli nel lungo. I titoli nell&#8217;alto sono per Floriano Barbaresco e Matilda Losa. Milo Vigani vince nel peso .<\/p>\n\n\n","protected":false},"excerpt":{"rendered":"<p>Intensa giornata di gare alla Regazzi di Gordola per i campionati ticinesi assoluti Indoor organizzati dall&#8217;ASSPO con la collaborazione della COAS. Un centinaio gli atleti e le atlete al via. L&#8217;USC ha raccolto una medaglia nel peso con Romina mentre sui 400 m No\u00e9 ha sfiorato il podio. Amelie sui 400 m e Lana nel triplo hanno lottato con grinta.\u00a0 RISULTATI Nel getto del peso femminile domina Maria W\u00fcrz con 10.86 m. Romina scagliando i&#8230;<\/p>\n","protected":false},"author":4,"featured_media":18879,"comment_status":"closed","ping_status":"closed","sticky":false,"template":"","format":"standard","meta":{"jetpack_post_was_ever_published":false,"_jetpack_newsletter_access":"","_jetpack_dont_email_post_to_subs":false,"_jetpack_newsletter_tier_id":0,"_jetpack_memberships_contains_paywalled_content":false,"_jetpack_memberships_contains_paid_content":false,"footnotes":"","jetpack_publicize_message":"","jetpack_publicize_feature_enabled":true,"jetpack_social_post_already_shared":true,"jetpack_social_options":{"image_generator_settings":{"template":"highway","default_image_id":0,"font":"","enabled":false},"version":2}},"categories":[4,9],"tags":[],"class_list":["post-21626","post","type-post","status-publish","format-standard","has-post-thumbnail","hentry","category-pista","category-sport"],"jetpack_publicize_connections":[],"jetpack_featured_media_url":"https:\/\/i0.wp.com\/uscatletica.ch\/wp\/wp-content\/uploads\/2024\/02\/20240209regazzib.jpg?fit=1452%2C970&ssl=1","jetpack_sharing_enabled":true,"jetpack_shortlink":"https:\/\/wp.me\/p6V7Ck-5CO","jetpack-related-posts":[{"id":20226,"url":"https:\/\/uscatletica.ch\/wp\/?p=20226","url_meta":{"origin":21626,"position":0},"title":"Quattro medaglie USC al Lido","author":"Leonida Stampanoni","date":"28 Settembre 2024","format":false,"excerpt":"Una splendida e caldissima giornata autunnale 220 partecipanti hanno animato i campionati ticinesi giovanili. Al Lido di Locarno in palio c'erano 32 titoli. I sette atleti USC hanno raccolto ben 4 medaglie Marta ha colto due argenti nei salti U18. Alice sui 60 m e No\u00e8 sui 600 m ci\u2026","rel":"","context":"In &quot;Pista&quot;","block_context":{"text":"Pista","link":"https:\/\/uscatletica.ch\/wp\/?cat=4"},"img":{"alt_text":"","src":"https:\/\/i0.wp.com\/uscatletica.ch\/wp\/wp-content\/uploads\/2024\/09\/20240915mamuctaspodio.jpg?fit=432%2C369&ssl=1&resize=350%2C200","width":350,"height":200},"classes":[]},{"id":19257,"url":"https:\/\/uscatletica.ch\/wp\/?p=19257","url_meta":{"origin":21626,"position":1},"title":"A BELLINZONA PIOGGIA DI MEDAGLIE PER COAS","author":"Leonida Stampanoni","date":"27 Aprile 2024","format":false,"excerpt":"In un pomeriggio decisamente invernale il comunale di Bellinzona ha ospitato i campionati ticinesi giovanili di staffette svoltisi sotto l'ottima regia del GA Bellinzona. Ai nastri di partenza c'erano 58 squadre. La COAS era presente con 22 squadre con la presenza di ben 11 atlete ed atleti USC. Nella categoria\u2026","rel":"","context":"In &quot;Pista&quot;","block_context":{"text":"Pista","link":"https:\/\/uscatletica.ch\/wp\/?cat=4"},"img":{"alt_text":"","src":"https:\/\/i0.wp.com\/uscatletica.ch\/wp\/wp-content\/uploads\/2022\/09\/Gala.jpg?fit=753%2C257&ssl=1&resize=350%2C200","width":350,"height":200,"srcset":"https:\/\/i0.wp.com\/uscatletica.ch\/wp\/wp-content\/uploads\/2022\/09\/Gala.jpg?fit=753%2C257&ssl=1&resize=350%2C200 1x, https:\/\/i0.wp.com\/uscatletica.ch\/wp\/wp-content\/uploads\/2022\/09\/Gala.jpg?fit=753%2C257&ssl=1&resize=525%2C300 1.5x, https:\/\/i0.wp.com\/uscatletica.ch\/wp\/wp-content\/uploads\/2022\/09\/Gala.jpg?fit=753%2C257&ssl=1&resize=700%2C400 2x"},"classes":[]},{"id":18886,"url":"https:\/\/uscatletica.ch\/wp\/?p=18886","url_meta":{"origin":21626,"position":2},"title":"USCini Brillanti alla Regazzi","author":"Leonida Stampanoni","date":"10 Febbraio 2024","format":false,"excerpt":"Il secondo appuntamento della stagione FTAL indoor alla Regazzi ha regalato grandi soddisfazioni all'USC. I nostri atleti \u00a0Giada ha vinto il peso con la sua quarta misura da sempre superando sfiorando i 12.50m. Elia tra gli U20 si migliora fino a 11.52 m . Sui 1000 m No\u00e9 ha abbattuto\u2026","rel":"","context":"In &quot;Non catalogato&quot;","block_context":{"text":"Non catalogato","link":"https:\/\/uscatletica.ch\/wp\/?cat=6"},"img":{"alt_text":"","src":"https:\/\/i0.wp.com\/uscatletica.ch\/wp\/wp-content\/uploads\/2024\/02\/20240209regazzib.jpg?fit=1200%2C802&ssl=1&resize=350%2C200","width":350,"height":200,"srcset":"https:\/\/i0.wp.com\/uscatletica.ch\/wp\/wp-content\/uploads\/2024\/02\/20240209regazzib.jpg?fit=1200%2C802&ssl=1&resize=350%2C200 1x, https:\/\/i0.wp.com\/uscatletica.ch\/wp\/wp-content\/uploads\/2024\/02\/20240209regazzib.jpg?fit=1200%2C802&ssl=1&resize=525%2C300 1.5x, https:\/\/i0.wp.com\/uscatletica.ch\/wp\/wp-content\/uploads\/2024\/02\/20240209regazzib.jpg?fit=1200%2C802&ssl=1&resize=700%2C400 2x, https:\/\/i0.wp.com\/uscatletica.ch\/wp\/wp-content\/uploads\/2024\/02\/20240209regazzib.jpg?fit=1200%2C802&ssl=1&resize=1050%2C600 3x"},"classes":[]},{"id":20847,"url":"https:\/\/uscatletica.ch\/wp\/?p=20847","url_meta":{"origin":21626,"position":3},"title":"Mattia, No\u00e9, Melissa, Alice a medaglia ai CT Giovanili di staffette","author":"Leonida Stampanoni","date":"18 Maggio 2025","format":false,"excerpt":"Ai campionati ticinesi giovanili di staffette ben 15 erano le atlete e gli atleti USC al via. Grazie alla CoAS abbiamo raccolto tre medaglie con 4 atlete. \u00a0No\u00e9 nell'olimpionica e Mattia nella 3x1000 hanno vinto l'argento mentre Melissa ed Alice il bronzo nella 4x100 m. Bella esperienza per le U16\u2026","rel":"","context":"In &quot;Pista&quot;","block_context":{"text":"Pista","link":"https:\/\/uscatletica.ch\/wp\/?cat=4"},"img":{"alt_text":"","src":"https:\/\/i0.wp.com\/uscatletica.ch\/wp\/wp-content\/uploads\/2025\/03\/20250308ukctc.jpeg?fit=432%2C324&ssl=1&resize=350%2C200","width":350,"height":200},"classes":[]},{"id":17755,"url":"https:\/\/uscatletica.ch\/wp\/?p=17755","url_meta":{"origin":21626,"position":4},"title":"No\u00e9 quarto a Winterthur","author":"Leonida Stampanoni","date":"26 Giugno 2023","format":false,"excerpt":"Nel fine settimana a Winterthur erano 600 gli atleti al via dei campionati della Svizzera Orientale, il Ticino con 115 partecipanti era ben presente, l'USC la via aveva il solo No\u00e9, in passato l'USC era anche stata tra le societ\u00e0 pi\u00f9 rappresentative della FTAL. No\u00e9 sui 2000 m si \u00e8\u2026","rel":"","context":"In &quot;Pista&quot;","block_context":{"text":"Pista","link":"https:\/\/uscatletica.ch\/wp\/?cat=4"},"img":{"alt_text":"","src":"https:\/\/i0.wp.com\/uscatletica.ch\/wp\/wp-content\/uploads\/2021\/09\/210925NOE.png?fit=324%2C501&ssl=1&resize=350%2C200","width":350,"height":200},"classes":[]},{"id":21608,"url":"https:\/\/uscatletica.ch\/wp\/?p=21608","url_meta":{"origin":21626,"position":5},"title":"NO\u00c9 E MATTIA A PODIO NEL MEZZOFONDO","author":"Leonida Stampanoni","date":"17 Gennaio 2026","format":false,"excerpt":"I primi campionati ticinesi della stagione si sono svolti sabato alla Regazzi di Gordola quasi 130 talenti delle categorie U16-U18 si sono contesi una trentina di titoli. \u00a0L'USC si presentava con due ragazzi e cinque ragazze. \u00a0Al termine di una gara caotica No\u00e9 e Mattia si sono meritati il podio\u2026","rel":"","context":"In &quot;Pista&quot;","block_context":{"text":"Pista","link":"https:\/\/uscatletica.ch\/wp\/?cat=4"},"img":{"alt_text":"","src":"https:\/\/i0.wp.com\/uscatletica.ch\/wp\/wp-content\/uploads\/2026\/01\/2026011710000U16M20.jpeg?fit=432%2C213&ssl=1&resize=350%2C200","width":350,"height":200},"classes":[]}],"_links":{"self":[{"href":"https:\/\/uscatletica.ch\/wp\/index.php?rest_route=\/wp\/v2\/posts\/21626","targetHints":{"allow":["GET"]}}],"collection":[{"href":"https:\/\/uscatletica.ch\/wp\/index.php?rest_route=\/wp\/v2\/posts"}],"about":[{"href":"https:\/\/uscatletica.ch\/wp\/index.php?rest_route=\/wp\/v2\/types\/post"}],"author":[{"embeddable":true,"href":"https:\/\/uscatletica.ch\/wp\/index.php?rest_route=\/wp\/v2\/users\/4"}],"replies":[{"embeddable":true,"href":"https:\/\/uscatletica.ch\/wp\/index.php?rest_route=%2Fwp%2Fv2%2Fcomments&post=21626"}],"version-history":[{"count":1,"href":"https:\/\/uscatletica.ch\/wp\/index.php?rest_route=\/wp\/v2\/posts\/21626\/revisions"}],"predecessor-version":[{"id":21627,"href":"https:\/\/uscatletica.ch\/wp\/index.php?rest_route=\/wp\/v2\/posts\/21626\/revisions\/21627"}],"wp:featuredmedia":[{"embeddable":true,"href":"https:\/\/uscatletica.ch\/wp\/index.php?rest_route=\/wp\/v2\/media\/18879"}],"wp:attachment":[{"href":"https:\/\/uscatletica.ch\/wp\/index.php?rest_route=%2Fwp%2Fv2%2Fmedia&parent=21626"}],"wp:term":[{"taxonomy":"category","embeddable":true,"href":"https:\/\/uscatletica.ch\/wp\/index.php?rest_route=%2Fwp%2Fv2%2Fcategories&post=21626"},{"taxonomy":"post_tag","embeddable":true,"href":"https:\/\/uscatletica.ch\/wp\/index.php?rest_route=%2Fwp%2Fv2%2Ftags&post=21626"}],"curies":[{"name":"wp","href":"https:\/\/api.w.org\/{rel}","templated":true}]}}