{"id":21777,"date":"2026-03-15T18:53:37","date_gmt":"2026-03-15T17:53:37","guid":{"rendered":"https:\/\/uscatletica.ch\/wp\/?p=21777"},"modified":"2026-03-16T21:28:27","modified_gmt":"2026-03-16T20:28:27","slug":"i-nostri-atleti-brillano-da-losone-a-cortenova","status":"publish","type":"post","link":"https:\/\/uscatletica.ch\/wp\/?p=21777","title":{"rendered":"I nostri atleti brillano da Losone a Cortenova"},"content":{"rendered":"\n<p>In una domenica decisamente invernale la stagione podistica ha raccolto il testimone da quella dei cross. La selezione Ticino U16-U14 ha corso a Cortenova dove con il quarto rango Nicole \u00e8 stata la migliore atleta ticinese mentre Remo ha goduto dell&#8217;ottima esperienza. L&#8217;ASTi ha lanciato la stagione 2026 con la Stralosone dove la folta delegazione USC ha raccolto molte soddisfazioni. Le U20 con Olivia, Alice e Dalia firmano la tripletta Mattia chiude terzo. Tra gli M50 secondo posto per Davide mentre Alex e Alessandro sono ai piedi del podio. Nella coppa giovanile vince Nicol\u00f6 negli U14 secondo posto per Alina (U12) e Viola (U16) \u00a0le classifiche giovanili non sono disponibili. \u00a0Ulteriori aggiornamenti con le classifiche complete.<\/p>\n<p><a href=\"https:\/\/www.performance-timing.ch\/home\" target=\"_blank\" rel=\"noopener\">Risultati Losone<\/a> \u00a0<a href=\"https:\/\/www.fidal.it\/risultati\/2026\/REG42587\/Iscrizioni\/IndexPerGara.html\" target=\"_blank\" rel=\"noopener\">Risultati Cortenova<\/a><\/p>\n<div data-carousel-extra='{&quot;blog_id&quot;:1,&quot;permalink&quot;:&quot;https:\/\/uscatletica.ch\/wp\/?p=21777&quot;}' id='gallery-1' class='gallery galleryid-21777 gallery-columns-3 gallery-size-thumbnail'><figure class='gallery-item'>\n\t\t\t<div class='gallery-icon landscape'>\n\t\t\t\t<a href='https:\/\/uscatletica.ch\/wp\/?attachment_id=21780'><img loading=\"lazy\" decoding=\"async\" width=\"150\" height=\"150\" src=\"https:\/\/i0.wp.com\/uscatletica.ch\/wp\/wp-content\/uploads\/2026\/03\/20260315u14m.jpg?resize=150%2C150&amp;ssl=1\" class=\"attachment-thumbnail size-thumbnail\" alt=\"\" srcset=\"https:\/\/i0.wp.com\/uscatletica.ch\/wp\/wp-content\/uploads\/2026\/03\/20260315u14m.jpg?resize=150%2C150&amp;ssl=1 150w, https:\/\/i0.wp.com\/uscatletica.ch\/wp\/wp-content\/uploads\/2026\/03\/20260315u14m.jpg?resize=83%2C83&amp;ssl=1 83w, https:\/\/i0.wp.com\/uscatletica.ch\/wp\/wp-content\/uploads\/2026\/03\/20260315u14m.jpg?zoom=2&amp;resize=150%2C150&amp;ssl=1 300w\" sizes=\"auto, (max-width: 150px) 100vw, 150px\" data-attachment-id=\"21780\" data-permalink=\"https:\/\/uscatletica.ch\/wp\/?attachment_id=21780\" data-orig-file=\"https:\/\/i0.wp.com\/uscatletica.ch\/wp\/wp-content\/uploads\/2026\/03\/20260315u14m.jpg?fit=432%2C324&amp;ssl=1\" data-orig-size=\"432,324\" data-comments-opened=\"0\" data-image-meta=\"{&quot;aperture&quot;:&quot;1.6&quot;,&quot;credit&quot;:&quot;&quot;,&quot;camera&quot;:&quot;iPhone 15&quot;,&quot;caption&quot;:&quot;&quot;,&quot;created_timestamp&quot;:&quot;1773576387&quot;,&quot;copyright&quot;:&quot;&quot;,&quot;focal_length&quot;:&quot;5.96&quot;,&quot;iso&quot;:&quot;80&quot;,&quot;shutter_speed&quot;:&quot;0.0082644628099174&quot;,&quot;title&quot;:&quot;&quot;,&quot;orientation&quot;:&quot;1&quot;}\" data-image-title=\"20260315u14m\" data-image-description=\"\" data-image-caption=\"\" data-large-file=\"https:\/\/i0.wp.com\/uscatletica.ch\/wp\/wp-content\/uploads\/2026\/03\/20260315u14m.jpg?fit=432%2C324&amp;ssl=1\" \/><\/a>\n\t\t\t<\/div><\/figure><figure class='gallery-item'>\n\t\t\t<div class='gallery-icon landscape'>\n\t\t\t\t<a href='https:\/\/uscatletica.ch\/wp\/?attachment_id=21779'><img loading=\"lazy\" decoding=\"async\" width=\"150\" height=\"150\" src=\"https:\/\/i0.wp.com\/uscatletica.ch\/wp\/wp-content\/uploads\/2026\/03\/20260315u12.jpg?resize=150%2C150&amp;ssl=1\" class=\"attachment-thumbnail size-thumbnail\" alt=\"\" srcset=\"https:\/\/i0.wp.com\/uscatletica.ch\/wp\/wp-content\/uploads\/2026\/03\/20260315u12.jpg?resize=150%2C150&amp;ssl=1 150w, https:\/\/i0.wp.com\/uscatletica.ch\/wp\/wp-content\/uploads\/2026\/03\/20260315u12.jpg?resize=83%2C83&amp;ssl=1 83w, https:\/\/i0.wp.com\/uscatletica.ch\/wp\/wp-content\/uploads\/2026\/03\/20260315u12.jpg?zoom=2&amp;resize=150%2C150&amp;ssl=1 300w\" sizes=\"auto, (max-width: 150px) 100vw, 150px\" data-attachment-id=\"21779\" data-permalink=\"https:\/\/uscatletica.ch\/wp\/?attachment_id=21779\" data-orig-file=\"https:\/\/i0.wp.com\/uscatletica.ch\/wp\/wp-content\/uploads\/2026\/03\/20260315u12.jpg?fit=432%2C309&amp;ssl=1\" data-orig-size=\"432,309\" data-comments-opened=\"0\" data-image-meta=\"{&quot;aperture&quot;:&quot;1.6&quot;,&quot;credit&quot;:&quot;&quot;,&quot;camera&quot;:&quot;iPhone 15&quot;,&quot;caption&quot;:&quot;&quot;,&quot;created_timestamp&quot;:&quot;1773576217&quot;,&quot;copyright&quot;:&quot;&quot;,&quot;focal_length&quot;:&quot;5.96&quot;,&quot;iso&quot;:&quot;80&quot;,&quot;shutter_speed&quot;:&quot;0.0082644628099174&quot;,&quot;title&quot;:&quot;&quot;,&quot;orientation&quot;:&quot;1&quot;}\" data-image-title=\"20260315u12\" data-image-description=\"\" data-image-caption=\"\" data-large-file=\"https:\/\/i0.wp.com\/uscatletica.ch\/wp\/wp-content\/uploads\/2026\/03\/20260315u12.jpg?fit=432%2C309&amp;ssl=1\" \/><\/a>\n\t\t\t<\/div><\/figure><figure class='gallery-item'>\n\t\t\t<div class='gallery-icon landscape'>\n\t\t\t\t<a href='https:\/\/uscatletica.ch\/wp\/?attachment_id=21778'><img loading=\"lazy\" decoding=\"async\" width=\"150\" height=\"150\" src=\"https:\/\/i0.wp.com\/uscatletica.ch\/wp\/wp-content\/uploads\/2026\/03\/20260315u16w.jpg?resize=150%2C150&amp;ssl=1\" class=\"attachment-thumbnail size-thumbnail\" alt=\"\" srcset=\"https:\/\/i0.wp.com\/uscatletica.ch\/wp\/wp-content\/uploads\/2026\/03\/20260315u16w.jpg?resize=150%2C150&amp;ssl=1 150w, https:\/\/i0.wp.com\/uscatletica.ch\/wp\/wp-content\/uploads\/2026\/03\/20260315u16w.jpg?resize=83%2C83&amp;ssl=1 83w, https:\/\/i0.wp.com\/uscatletica.ch\/wp\/wp-content\/uploads\/2026\/03\/20260315u16w.jpg?zoom=2&amp;resize=150%2C150&amp;ssl=1 300w\" sizes=\"auto, (max-width: 150px) 100vw, 150px\" data-attachment-id=\"21778\" data-permalink=\"https:\/\/uscatletica.ch\/wp\/?attachment_id=21778\" data-orig-file=\"https:\/\/i0.wp.com\/uscatletica.ch\/wp\/wp-content\/uploads\/2026\/03\/20260315u16w.jpg?fit=432%2C309&amp;ssl=1\" data-orig-size=\"432,309\" data-comments-opened=\"0\" data-image-meta=\"{&quot;aperture&quot;:&quot;1.6&quot;,&quot;credit&quot;:&quot;&quot;,&quot;camera&quot;:&quot;iPhone 15&quot;,&quot;caption&quot;:&quot;&quot;,&quot;created_timestamp&quot;:&quot;1773576433&quot;,&quot;copyright&quot;:&quot;&quot;,&quot;focal_length&quot;:&quot;5.96&quot;,&quot;iso&quot;:&quot;100&quot;,&quot;shutter_speed&quot;:&quot;0.0082644628099174&quot;,&quot;title&quot;:&quot;&quot;,&quot;orientation&quot;:&quot;1&quot;}\" data-image-title=\"20260315u16w\" data-image-description=\"\" data-image-caption=\"\" data-large-file=\"https:\/\/i0.wp.com\/uscatletica.ch\/wp\/wp-content\/uploads\/2026\/03\/20260315u16w.jpg?fit=432%2C309&amp;ssl=1\" \/><\/a>\n\t\t\t<\/div><\/figure><figure class='gallery-item'>\n\t\t\t<div class='gallery-icon landscape'>\n\t\t\t\t<a href='https:\/\/uscatletica.ch\/wp\/?attachment_id=21788'><img loading=\"lazy\" decoding=\"async\" width=\"150\" height=\"150\" src=\"https:\/\/i0.wp.com\/uscatletica.ch\/wp\/wp-content\/uploads\/2026\/03\/20260315crtnv.jpg?resize=150%2C150&amp;ssl=1\" class=\"attachment-thumbnail size-thumbnail\" alt=\"\" srcset=\"https:\/\/i0.wp.com\/uscatletica.ch\/wp\/wp-content\/uploads\/2026\/03\/20260315crtnv.jpg?resize=150%2C150&amp;ssl=1 150w, https:\/\/i0.wp.com\/uscatletica.ch\/wp\/wp-content\/uploads\/2026\/03\/20260315crtnv.jpg?resize=83%2C83&amp;ssl=1 83w, https:\/\/i0.wp.com\/uscatletica.ch\/wp\/wp-content\/uploads\/2026\/03\/20260315crtnv.jpg?zoom=2&amp;resize=150%2C150&amp;ssl=1 300w\" sizes=\"auto, (max-width: 150px) 100vw, 150px\" data-attachment-id=\"21788\" data-permalink=\"https:\/\/uscatletica.ch\/wp\/?attachment_id=21788\" data-orig-file=\"https:\/\/i0.wp.com\/uscatletica.ch\/wp\/wp-content\/uploads\/2026\/03\/20260315crtnv.jpg?fit=432%2C302&amp;ssl=1\" data-orig-size=\"432,302\" data-comments-opened=\"0\" data-image-meta=\"{&quot;aperture&quot;:&quot;0&quot;,&quot;credit&quot;:&quot;&quot;,&quot;camera&quot;:&quot;&quot;,&quot;caption&quot;:&quot;&quot;,&quot;created_timestamp&quot;:&quot;0&quot;,&quot;copyright&quot;:&quot;&quot;,&quot;focal_length&quot;:&quot;0&quot;,&quot;iso&quot;:&quot;0&quot;,&quot;shutter_speed&quot;:&quot;0&quot;,&quot;title&quot;:&quot;&quot;,&quot;orientation&quot;:&quot;1&quot;}\" data-image-title=\"20260315crtnv\" data-image-description=\"\" data-image-caption=\"\" data-large-file=\"https:\/\/i0.wp.com\/uscatletica.ch\/wp\/wp-content\/uploads\/2026\/03\/20260315crtnv.jpg?fit=432%2C302&amp;ssl=1\" \/><\/a>\n\t\t\t<\/div><\/figure><figure class='gallery-item'>\n\t\t\t<div class='gallery-icon landscape'>\n\t\t\t\t<a href='https:\/\/uscatletica.ch\/wp\/?attachment_id=21787'><img loading=\"lazy\" decoding=\"async\" width=\"150\" height=\"150\" src=\"https:\/\/i0.wp.com\/uscatletica.ch\/wp\/wp-content\/uploads\/2026\/03\/20260315crtnvb.jpg?resize=150%2C150&amp;ssl=1\" class=\"attachment-thumbnail size-thumbnail\" alt=\"\" srcset=\"https:\/\/i0.wp.com\/uscatletica.ch\/wp\/wp-content\/uploads\/2026\/03\/20260315crtnvb.jpg?resize=150%2C150&amp;ssl=1 150w, https:\/\/i0.wp.com\/uscatletica.ch\/wp\/wp-content\/uploads\/2026\/03\/20260315crtnvb.jpg?resize=83%2C83&amp;ssl=1 83w, https:\/\/i0.wp.com\/uscatletica.ch\/wp\/wp-content\/uploads\/2026\/03\/20260315crtnvb.jpg?zoom=2&amp;resize=150%2C150&amp;ssl=1 300w\" sizes=\"auto, (max-width: 150px) 100vw, 150px\" data-attachment-id=\"21787\" data-permalink=\"https:\/\/uscatletica.ch\/wp\/?attachment_id=21787\" data-orig-file=\"https:\/\/i0.wp.com\/uscatletica.ch\/wp\/wp-content\/uploads\/2026\/03\/20260315crtnvb.jpg?fit=432%2C420&amp;ssl=1\" data-orig-size=\"432,420\" data-comments-opened=\"0\" data-image-meta=\"{&quot;aperture&quot;:&quot;0&quot;,&quot;credit&quot;:&quot;&quot;,&quot;camera&quot;:&quot;&quot;,&quot;caption&quot;:&quot;&quot;,&quot;created_timestamp&quot;:&quot;0&quot;,&quot;copyright&quot;:&quot;&quot;,&quot;focal_length&quot;:&quot;0&quot;,&quot;iso&quot;:&quot;0&quot;,&quot;shutter_speed&quot;:&quot;0&quot;,&quot;title&quot;:&quot;&quot;,&quot;orientation&quot;:&quot;1&quot;}\" data-image-title=\"20260315crtnvb\" data-image-description=\"\" data-image-caption=\"\" data-large-file=\"https:\/\/i0.wp.com\/uscatletica.ch\/wp\/wp-content\/uploads\/2026\/03\/20260315crtnvb.jpg?fit=432%2C420&amp;ssl=1\" \/><\/a>\n\t\t\t<\/div><\/figure>\n\t\t<\/div>\n\n<p>In Valsassina nelle gara tra le nate nel 2013 va subito via il duo di testa. Alle loro spalle \u00e8 Nicole che guida l&#8217;inseguimento \u00a0per tutta la gara. Negli ultimi 100 m dalle retrovie sbuca un&#8217;atleta che sorprende Nicole relegandola a quarto rango, risultato che vale comunque la premiazione. \u00a0Tra i ragazzi \u00a0ben 70 gli atleti al via Remo dopo alcuni problemi in partenza prova a riprendersi \u00a0e chiude al cinquantaquatresimo rango. Dopo otto anni di dominio di Milano, Bergamo ha vinto la classifica per Rappresentative con il Ticino che ha chiuso decimo.\u00a0<\/p>\n<p>A Losone \u00a0nella gara U18-U20 Olivia 20&#8217;10 vince \u00a0davanti ad Alice 20.22 che poi completa anche il secondo giro (39&#8217;10) e Dalia. Tra i ragazzi vince Adriano Rosamilia, Mattia (14&#8217;49) con un ottima prova chiude terzo.\u00a0<\/p>\n<p>Nella gara Elite vince Andrea Alagona \u00a027&#8217;32 su Sasha Caterina. \u00a0Tra gli M40 vince Lukas Oehen (29&#8217;07), Alex (30&#8217;47) e \u00a0Alessandro (31&#8217;14) ai piedi del podio di categoria tra gli M50 \u00a0vince Sacha Salvetti \u00a031&#8217;20 \u00a0su Davide 31&#8217;47.La \u00a0cinquantenne. Ivana Iozzia vince la gara femminile \u00a0con Ramona che termina gli 8.8 km in 44&#8217;34. \u00a0<\/p>\n<p>Nella gara di coppa giovanile \u00a0Nicol\u00f2 ha vinto nella categoria U14 con lui sul traguardo \u00a0Giosu\u00e8 ha conquistato il podio U16. Tra le ragazze seconda \u00a0Viola. \u00a0<\/p>\n<p><span style=\"color: #ff0000;\">Nella gara U12 Alina ha chiuso seconda \u00a0mentre Irene ha sfiorato il podio con un bel quarto posto. Tra le pi\u00f9 piccole vittoria per Linda accompagnata sul gradino pi\u00f9 basso del podio da Flora. Brava anche Lisa\u00a0<\/span><\/p>\n","protected":false},"excerpt":{"rendered":"<p>In una domenica decisamente invernale la stagione podistica ha raccolto il testimone da quella dei cross. La selezione Ticino U16-U14 ha corso a Cortenova dove con il quarto rango Nicole \u00e8 stata la migliore atleta ticinese mentre Remo ha goduto dell&#8217;ottima esperienza. L&#8217;ASTi ha lanciato la stagione 2026 con la Stralosone dove la folta delegazione USC ha raccolto molte soddisfazioni. Le U20 con Olivia, Alice e Dalia firmano la tripletta Mattia chiude terzo. Tra gli&#8230;<\/p>\n","protected":false},"author":4,"featured_media":21779,"comment_status":"closed","ping_status":"closed","sticky":false,"template":"","format":"standard","meta":{"jetpack_post_was_ever_published":false,"_jetpack_newsletter_access":"","_jetpack_dont_email_post_to_subs":false,"_jetpack_newsletter_tier_id":0,"_jetpack_memberships_contains_paywalled_content":false,"_jetpack_memberships_contains_paid_content":false,"footnotes":"","jetpack_publicize_message":"","jetpack_publicize_feature_enabled":true,"jetpack_social_post_already_shared":true,"jetpack_social_options":{"image_generator_settings":{"template":"highway","default_image_id":0,"font":"","enabled":false},"version":2}},"categories":[7,5,9],"tags":[],"class_list":["post-21777","post","type-post","status-publish","format-standard","has-post-thumbnail","hentry","category-cross","category-podismo","category-sport"],"jetpack_publicize_connections":[],"jetpack_featured_media_url":"https:\/\/i0.wp.com\/uscatletica.ch\/wp\/wp-content\/uploads\/2026\/03\/20260315u12.jpg?fit=432%2C309&ssl=1","jetpack_sharing_enabled":true,"jetpack_shortlink":"https:\/\/wp.me\/p6V7Ck-5Ff","jetpack-related-posts":[{"id":439,"url":"https:\/\/uscatletica.ch\/wp\/?p=439","url_meta":{"origin":21777,"position":0},"title":"Cross di Pom gli USCini volano in coppa","author":"Leonida Stampanoni","date":"8 Dicembre 2015","format":false,"excerpt":"L'edizione 2015 del Cross di Pom chiuder\u00e0 la prima parte della coppa Ticino di cross, sui prati di casa gli USCini chiuderanno l'ottima prima parte di stagione. I preparativi sono in corso la posa del percorso avverr\u00e0 venerdi 11 a partire dalle 9.30. Nella classifica di coppa Ticino a squadre\u2026","rel":"","context":"In &quot;Cross&quot;","block_context":{"text":"Cross","link":"https:\/\/uscatletica.ch\/wp\/?cat=7"},"img":{"alt_text":"","src":"https:\/\/i0.wp.com\/uscatletica.ch\/wp\/wp-content\/uploads\/2015\/12\/P1360400.jpg?fit=563%2C422&ssl=1&resize=350%2C200","width":350,"height":200,"srcset":"https:\/\/i0.wp.com\/uscatletica.ch\/wp\/wp-content\/uploads\/2015\/12\/P1360400.jpg?fit=563%2C422&ssl=1&resize=350%2C200 1x, https:\/\/i0.wp.com\/uscatletica.ch\/wp\/wp-content\/uploads\/2015\/12\/P1360400.jpg?fit=563%2C422&ssl=1&resize=525%2C300 1.5x"},"classes":[]},{"id":19023,"url":"https:\/\/uscatletica.ch\/wp\/?p=19023","url_meta":{"origin":21777,"position":1},"title":"DOMENICA TRA TESSERETE E CORTENOVA","author":"Leonida Stampanoni","date":"16 Marzo 2024","format":false,"excerpt":"Domenica la stagione del Trofeo ASTi BancaStato Staffette raccoglier\u00e0 il testimone da quella di cross che vivr\u00e0 a Cortenova il suo epilogo mentre alla Staffetta Capriaschee debutter\u00e0 la stagione del TAS.\u00a0 In Valsassina con la selezione Ticino ben otto le presenze USC a sfidare le selezioni provinciali italiani sul bellissimo\u2026","rel":"","context":"In &quot;Cross&quot;","block_context":{"text":"Cross","link":"https:\/\/uscatletica.ch\/wp\/?cat=7"},"img":{"alt_text":"","src":"https:\/\/i0.wp.com\/uscatletica.ch\/wp\/wp-content\/uploads\/2023\/03\/StaffettaUSC22-Foto-USC-ES-1-scaled.jpg?fit=1200%2C817&ssl=1&resize=350%2C200","width":350,"height":200,"srcset":"https:\/\/i0.wp.com\/uscatletica.ch\/wp\/wp-content\/uploads\/2023\/03\/StaffettaUSC22-Foto-USC-ES-1-scaled.jpg?fit=1200%2C817&ssl=1&resize=350%2C200 1x, https:\/\/i0.wp.com\/uscatletica.ch\/wp\/wp-content\/uploads\/2023\/03\/StaffettaUSC22-Foto-USC-ES-1-scaled.jpg?fit=1200%2C817&ssl=1&resize=525%2C300 1.5x, https:\/\/i0.wp.com\/uscatletica.ch\/wp\/wp-content\/uploads\/2023\/03\/StaffettaUSC22-Foto-USC-ES-1-scaled.jpg?fit=1200%2C817&ssl=1&resize=700%2C400 2x, https:\/\/i0.wp.com\/uscatletica.ch\/wp\/wp-content\/uploads\/2023\/03\/StaffettaUSC22-Foto-USC-ES-1-scaled.jpg?fit=1200%2C817&ssl=1&resize=1050%2C600 3x"},"classes":[]},{"id":909,"url":"https:\/\/uscatletica.ch\/wp\/?p=909","url_meta":{"origin":21777,"position":2},"title":"Campionati Svizzeri di Cross USCini  a pieno regime","author":"Leonida Stampanoni","date":"3 Marzo 2016","format":false,"excerpt":"Il primo fine settimana di Marzo \u00e8 dedicato ai campionati svizzeri di cross, l'edizione 2016 si terr\u00e0 a\u00a0Benken (SG), e sapr\u00e0 sicuramente offrire un'atmosfera unica, le gare principali si svolgeranno a partire dalle 18.10 sotto la luce soffusa dei lampioni. L'edizione 2005 di Inwil sotto la neve fu l'esordio in\u2026","rel":"","context":"In &quot;Cross&quot;","block_context":{"text":"Cross","link":"https:\/\/uscatletica.ch\/wp\/?cat=7"},"img":{"alt_text":"","src":"https:\/\/i0.wp.com\/uscatletica.ch\/wp\/wp-content\/uploads\/2016\/03\/P1350394-1.jpg?fit=563%2C422&ssl=1&resize=350%2C200","width":350,"height":200,"srcset":"https:\/\/i0.wp.com\/uscatletica.ch\/wp\/wp-content\/uploads\/2016\/03\/P1350394-1.jpg?fit=563%2C422&ssl=1&resize=350%2C200 1x, https:\/\/i0.wp.com\/uscatletica.ch\/wp\/wp-content\/uploads\/2016\/03\/P1350394-1.jpg?fit=563%2C422&ssl=1&resize=525%2C300 1.5x"},"classes":[]},{"id":7443,"url":"https:\/\/uscatletica.ch\/wp\/?p=7443","url_meta":{"origin":21777,"position":3},"title":"Gaia Vola a Bergamo bravi gli USCini a Cortenova Parigi Kerzers","author":"Leonida Stampanoni","date":"17 Marzo 2019","format":false,"excerpt":"Fine settimana intenso per gli USCini i nostri atleti erano impegnati su pi\u00f9 fronti: Chiara era ai campionati italiani di Ancona, U14 ed U16 impegnati nelle selezioni Ticino tra Cortenova e Bergamo. Roby giovedi ha scalato la tour Eiffel per poi concedersi un trail a Parigi. Kalinka e Patrizia erano\u2026","rel":"","context":"In &quot;Cross&quot;","block_context":{"text":"Cross","link":"https:\/\/uscatletica.ch\/wp\/?cat=7"},"img":{"alt_text":"","src":"https:\/\/i0.wp.com\/uscatletica.ch\/wp\/wp-content\/uploads\/2018\/06\/altoP1510460.jpg?fit=432%2C324&ssl=1&resize=350%2C200","width":350,"height":200},"classes":[]},{"id":5709,"url":"https:\/\/uscatletica.ch\/wp\/?p=5709","url_meta":{"origin":21777,"position":4},"title":"Cortenova bravi gli USCini le signore del podismo a Kerzers","author":"Leonida Stampanoni","date":"19 Marzo 2018","format":false,"excerpt":"Al cross di Cortenova bella trasferta per gli USCini invitati dalla selezione Ticino, tempo coperto ma asciutto per la sfida con le province italiane. Le distanze corte, il percorso tecnico e variato e l'alto livello dei partecipanti ha regalato una bellissima esperienza ai nostri ragazzi. Lea ha raccolto un bel\u2026","rel":"","context":"In &quot;Cross&quot;","block_context":{"text":"Cross","link":"https:\/\/uscatletica.ch\/wp\/?cat=7"},"img":{"alt_text":"","src":"https:\/\/i0.wp.com\/uscatletica.ch\/wp\/wp-content\/uploads\/2018\/03\/ftalticinocortenova18.jpg?fit=563%2C422&ssl=1&resize=350%2C200","width":350,"height":200,"srcset":"https:\/\/i0.wp.com\/uscatletica.ch\/wp\/wp-content\/uploads\/2018\/03\/ftalticinocortenova18.jpg?fit=563%2C422&ssl=1&resize=350%2C200 1x, https:\/\/i0.wp.com\/uscatletica.ch\/wp\/wp-content\/uploads\/2018\/03\/ftalticinocortenova18.jpg?fit=563%2C422&ssl=1&resize=525%2C300 1.5x"},"classes":[]},{"id":594,"url":"https:\/\/uscatletica.ch\/wp\/?p=594","url_meta":{"origin":21777,"position":5},"title":"Coppa Ticino si riparte da Gordola","author":"Leonida Stampanoni","date":"6 Gennaio 2016","format":false,"excerpt":"Sabato a Gordola ripartir\u00e0 la coppa Ticino di cross con la quinta prova. Sul veloce circuito delle Roviscaglie lungo 1.6 km tra i 400 atleti attesi non mancheranno una cinquantina di USCini pronti ad inaugurare il 2016. \u00a0Nella classifica a squadre il costante contributo di tutti ci piazza per l'ennesima\u2026","rel":"","context":"In &quot;Cross&quot;","block_context":{"text":"Cross","link":"https:\/\/uscatletica.ch\/wp\/?cat=7"},"img":{"alt_text":"","src":"https:\/\/i0.wp.com\/uscatletica.ch\/wp\/wp-content\/uploads\/2016\/01\/fotou16w.png?fit=560%2C413&ssl=1&resize=350%2C200","width":350,"height":200,"srcset":"https:\/\/i0.wp.com\/uscatletica.ch\/wp\/wp-content\/uploads\/2016\/01\/fotou16w.png?fit=560%2C413&ssl=1&resize=350%2C200 1x, https:\/\/i0.wp.com\/uscatletica.ch\/wp\/wp-content\/uploads\/2016\/01\/fotou16w.png?fit=560%2C413&ssl=1&resize=525%2C300 1.5x"},"classes":[]}],"_links":{"self":[{"href":"https:\/\/uscatletica.ch\/wp\/index.php?rest_route=\/wp\/v2\/posts\/21777","targetHints":{"allow":["GET"]}}],"collection":[{"href":"https:\/\/uscatletica.ch\/wp\/index.php?rest_route=\/wp\/v2\/posts"}],"about":[{"href":"https:\/\/uscatletica.ch\/wp\/index.php?rest_route=\/wp\/v2\/types\/post"}],"author":[{"embeddable":true,"href":"https:\/\/uscatletica.ch\/wp\/index.php?rest_route=\/wp\/v2\/users\/4"}],"replies":[{"embeddable":true,"href":"https:\/\/uscatletica.ch\/wp\/index.php?rest_route=%2Fwp%2Fv2%2Fcomments&post=21777"}],"version-history":[{"count":4,"href":"https:\/\/uscatletica.ch\/wp\/index.php?rest_route=\/wp\/v2\/posts\/21777\/revisions"}],"predecessor-version":[{"id":21789,"href":"https:\/\/uscatletica.ch\/wp\/index.php?rest_route=\/wp\/v2\/posts\/21777\/revisions\/21789"}],"wp:featuredmedia":[{"embeddable":true,"href":"https:\/\/uscatletica.ch\/wp\/index.php?rest_route=\/wp\/v2\/media\/21779"}],"wp:attachment":[{"href":"https:\/\/uscatletica.ch\/wp\/index.php?rest_route=%2Fwp%2Fv2%2Fmedia&parent=21777"}],"wp:term":[{"taxonomy":"category","embeddable":true,"href":"https:\/\/uscatletica.ch\/wp\/index.php?rest_route=%2Fwp%2Fv2%2Fcategories&post=21777"},{"taxonomy":"post_tag","embeddable":true,"href":"https:\/\/uscatletica.ch\/wp\/index.php?rest_route=%2Fwp%2Fv2%2Ftags&post=21777"}],"curies":[{"name":"wp","href":"https:\/\/api.w.org\/{rel}","templated":true}]}}