{"id":2190,"date":"2016-06-14T17:59:20","date_gmt":"2016-06-14T15:59:20","guid":{"rendered":"http:\/\/uscatletica.ch\/wp\/?p=2190"},"modified":"2016-06-15T07:37:22","modified_gmt":"2016-06-15T05:37:22","slug":"spitzenleichtahtletik-alex-abbatte-la-barriera-dei-3-minuti-live","status":"publish","type":"post","link":"https:\/\/uscatletica.ch\/wp\/?p=2190","title":{"rendered":"Spitzenleichtahtletik Alex abbatte la barriera dei 3 minuti (Live Ajla Del Ponte 100m da primato)"},"content":{"rendered":"<p><a href=\"https:\/\/uscatletica.ch\/wp\/wp-content\/uploads\/2016\/06\/P1410918.jpg\"><br \/>\n<\/a> <a href=\"https:\/\/uscatletica.ch\/wp\/wp-content\/uploads\/2016\/06\/P1410892.jpg\"><br \/>\n<\/a>Al meeting Spitzenleichtathletik di Luzern prima delle Star internazionali Alex \u00e8 sceso in pista determinata per affrontare la gara dei 1000 \u00a0m della cross cup di Swiss athletics. Al termine di una bella gara \u00e8 riuscito ad abbattere la barriera dei 3&#8242; . Risultato sfiorato tra le ragazze da Zoe Ranzoni che si \u00e8 per\u00f2 guadagnata il secondo rango .\u00a0risultati live da Luzern\u00a0<a href=\"https:\/\/uscatletica.ch\/wp\/wp-content\/uploads\/2016\/06\/gdp20160615ukcajla.pdf\">articolo GDP<\/a><\/p>\n<p>Tra gli U16 \u00a0un gruppo di 16 ragazzi al via gara lanciata \u00a0su ritmi da 2&#8217;45 \u00a0Alex si accoda e segue il grup<a href=\"https:\/\/i0.wp.com\/uscatletica.ch\/wp\/wp-content\/uploads\/2016\/06\/alexspityenlau16.png?ssl=1\"><img data-recalc-dims=\"1\" loading=\"lazy\" decoding=\"async\" data-attachment-id=\"2204\" data-permalink=\"https:\/\/uscatletica.ch\/wp\/?attachment_id=2204\" data-orig-file=\"https:\/\/i0.wp.com\/uscatletica.ch\/wp\/wp-content\/uploads\/2016\/06\/alexspityenlau16.png?fit=563%2C421&amp;ssl=1\" data-orig-size=\"563,421\" data-comments-opened=\"0\" data-image-meta=\"{&quot;aperture&quot;:&quot;0&quot;,&quot;credit&quot;:&quot;&quot;,&quot;camera&quot;:&quot;&quot;,&quot;caption&quot;:&quot;&quot;,&quot;created_timestamp&quot;:&quot;0&quot;,&quot;copyright&quot;:&quot;&quot;,&quot;focal_length&quot;:&quot;0&quot;,&quot;iso&quot;:&quot;0&quot;,&quot;shutter_speed&quot;:&quot;0&quot;,&quot;title&quot;:&quot;&quot;,&quot;orientation&quot;:&quot;0&quot;}\" data-image-title=\"alexspityenlau16\" data-image-description=\"\" data-image-caption=\"\" data-large-file=\"https:\/\/i0.wp.com\/uscatletica.ch\/wp\/wp-content\/uploads\/2016\/06\/alexspityenlau16.png?fit=563%2C421&amp;ssl=1\" class=\"alignleft wp-image-2204 size-medium\" src=\"https:\/\/i0.wp.com\/uscatletica.ch\/wp\/wp-content\/uploads\/2016\/06\/alexspityenlau16.png?resize=300%2C224&#038;ssl=1\" alt=\"alexspityenlau16\" width=\"300\" height=\"224\" srcset=\"https:\/\/i0.wp.com\/uscatletica.ch\/wp\/wp-content\/uploads\/2016\/06\/alexspityenlau16.png?resize=300%2C224&amp;ssl=1 300w, https:\/\/i0.wp.com\/uscatletica.ch\/wp\/wp-content\/uploads\/2016\/06\/alexspityenlau16.png?resize=201%2C150&amp;ssl=1 201w, https:\/\/i0.wp.com\/uscatletica.ch\/wp\/wp-content\/uploads\/2016\/06\/alexspityenlau16.png?w=563&amp;ssl=1 563w\" sizes=\"auto, (max-width: 300px) 100vw, 300px\" \/><\/a>po \u00a0 con un gran finale va prendersi un ottimo 2&#8217;58&#8243;98 cje ben promette in vista del 1000 Gruyere di Domani \u00a0Vince la gara in 2&#8217;44&#8243;97 Ramon H\u00fcrlimann. \u00a0Nella gara femminile partono in tre in fuga \u00a0ma con un gran finale Zoe Ranzoni arriva al secondo \u00a0posto in 3&#8217;00&#8243;92 dietro alla campionessa svizzera di Cross Laura Giudice in 2&#8217;57&#8243;92.<\/p>\n<p>Nella batteria nazionale dei 100 m \u00a0Ajla Del Ponte conferma la sua crescita firmano il secondo posto in 11&#8243;52 che equivale al primato ticinese \u00a0abbattendo il limite di \u00a0Bettina Della Corte \u00a011&#8243;55<\/p>\n<p>Yasmin Giger chiude i 400 m in 54&#8217;45 nuovo personale per la U18 svizzera<\/p>\n<p>Mattia Tajana in batteria a fianco di due\u00a0\u00a0campione del mondo corre in 52&#8243;93 Dnnz Brand in\u00a0 52&#8243;27<\/p>\n<p>La 4&#215;400 con Daniele Angelella in terza frazione infiamma l&#8217;Allmend e chiude in 3&#8217;7&#8243;59 miglior tempo degli ultimi 5 anni in psita anche Luca Fl\u00fcck, Joel Burgunder e Silvan Lutz.<\/p>\n<p>&nbsp;<\/p>\n<p class=\"jetpack-slideshow-noscript robots-nocontent\">Questo slideshow richiede JavaScript.<\/p><div id=\"gallery-2190-1-slideshow\" class=\"jetpack-slideshow-window jetpack-slideshow jetpack-slideshow-black\" data-trans=\"fade\" data-autostart=\"1\" data-gallery=\"[{&quot;src&quot;:&quot;https:\\\/\\\/i0.wp.com\\\/uscatletica.ch\\\/wp\\\/wp-content\\\/uploads\\\/2016\\\/06\\\/P1410892-1.jpg?fit=563%2C751\\u0026ssl=1&quot;,&quot;id&quot;:&quot;2202&quot;,&quot;title&quot;:&quot;P1410892&quot;,&quot;alt&quot;:&quot;&quot;,&quot;caption&quot;:&quot;&quot;,&quot;itemprop&quot;:&quot;image&quot;},{&quot;src&quot;:&quot;https:\\\/\\\/i0.wp.com\\\/uscatletica.ch\\\/wp\\\/wp-content\\\/uploads\\\/2016\\\/06\\\/P1410864-1.jpg?fit=563%2C751\\u0026ssl=1&quot;,&quot;id&quot;:&quot;2201&quot;,&quot;title&quot;:&quot;P1410864&quot;,&quot;alt&quot;:&quot;&quot;,&quot;caption&quot;:&quot;&quot;,&quot;itemprop&quot;:&quot;image&quot;},{&quot;src&quot;:&quot;https:\\\/\\\/i0.wp.com\\\/uscatletica.ch\\\/wp\\\/wp-content\\\/uploads\\\/2016\\\/06\\\/P1410918.jpg?fit=563%2C422\\u0026ssl=1&quot;,&quot;id&quot;:&quot;2200&quot;,&quot;title&quot;:&quot;P1410918&quot;,&quot;alt&quot;:&quot;&quot;,&quot;caption&quot;:&quot;&quot;,&quot;itemprop&quot;:&quot;image&quot;}]\" itemscope itemtype=\"https:\/\/schema.org\/ImageGallery\"><\/div>\n","protected":false},"excerpt":{"rendered":"<p>Al meeting Spitzenleichtathletik di Luzern prima delle Star internazionali Alex \u00e8 sceso in pista determinata per affrontare la gara dei 1000 \u00a0m della cross cup di Swiss athletics. Al termine di una bella gara \u00e8 riuscito ad abbattere la barriera dei 3&#8242; . Risultato sfiorato tra le ragazze da Zoe Ranzoni che si \u00e8 per\u00f2 guadagnata il secondo rango .\u00a0risultati live da Luzern\u00a0articolo GDP Tra gli U16 \u00a0un gruppo di 16 ragazzi al via gara&#8230;<\/p>\n","protected":false},"author":4,"featured_media":2195,"comment_status":"closed","ping_status":"closed","sticky":false,"template":"","format":"standard","meta":{"jetpack_post_was_ever_published":false,"_jetpack_newsletter_access":"","_jetpack_dont_email_post_to_subs":false,"_jetpack_newsletter_tier_id":0,"_jetpack_memberships_contains_paywalled_content":false,"_jetpack_memberships_contains_paid_content":false,"footnotes":"","jetpack_publicize_message":"","jetpack_publicize_feature_enabled":true,"jetpack_social_post_already_shared":true,"jetpack_social_options":{"image_generator_settings":{"template":"highway","default_image_id":0,"font":"","enabled":false},"version":2}},"categories":[4,9],"tags":[],"class_list":["post-2190","post","type-post","status-publish","format-standard","has-post-thumbnail","hentry","category-pista","category-sport"],"jetpack_publicize_connections":[],"jetpack_featured_media_url":"https:\/\/i0.wp.com\/uscatletica.ch\/wp\/wp-content\/uploads\/2016\/06\/alexluy.jpg?fit=561%2C330&ssl=1","jetpack_sharing_enabled":true,"jetpack_shortlink":"https:\/\/wp.me\/p6V7Ck-zk","jetpack-related-posts":[{"id":2183,"url":"https:\/\/uscatletica.ch\/wp\/?p=2183","url_meta":{"origin":2190,"position":0},"title":"Mille Gruyere e Spitzenleichtathletik Luzern USCini a 1000 m","author":"Leonida Stampanoni","date":"14 Giugno 2016","format":false,"excerpt":"Martedi sera nel programma nazionale del 30o meeting Internazionale Spitzenleichtathletik Luzern \u00a0ci sar\u00e0 un 1000 m U16 \u00a0con Alex al via a confronto con i migliori svizzeri. Mercoledi il comunale di Bellinzona \u00a0la finale ticinese del progetto Mille Gruyere \u00a0per gli USCini l'opportunit\u00e0 di raccogliere la sfida e correre 1000\u2026","rel":"","context":"In &quot;Sport&quot;","block_context":{"text":"Sport","link":"https:\/\/uscatletica.ch\/wp\/?cat=9"},"img":{"alt_text":"","src":"https:\/\/i0.wp.com\/uscatletica.ch\/wp\/wp-content\/uploads\/2016\/06\/P1400750.jpg?fit=563%2C422&ssl=1&resize=350%2C200","width":350,"height":200,"srcset":"https:\/\/i0.wp.com\/uscatletica.ch\/wp\/wp-content\/uploads\/2016\/06\/P1400750.jpg?fit=563%2C422&ssl=1&resize=350%2C200 1x, https:\/\/i0.wp.com\/uscatletica.ch\/wp\/wp-content\/uploads\/2016\/06\/P1400750.jpg?fit=563%2C422&ssl=1&resize=525%2C300 1.5x"},"classes":[]},{"id":3592,"url":"https:\/\/uscatletica.ch\/wp\/?p=3592","url_meta":{"origin":2190,"position":1},"title":"CS GIOVANILI INDOOR GRANDE USC ( Classifche, Cross Luzern)","author":"Leonida Stampanoni","date":"11 Febbraio 2017","format":false,"excerpt":"Buon fine settimana per gli USCini ai campionati svizzeri Indoor di San Gallo . Simone sui 400 m sfiora la medaglia in una finale concitata alla fine di un gran gara mancano solo 5 ct al bronzo.Due atleti USC erano impegnati al cross di Luzern \u00a0Rachele ha chiuso al terzo\u2026","rel":"","context":"In &quot;Cross&quot;","block_context":{"text":"Cross","link":"https:\/\/uscatletica.ch\/wp\/?cat=7"},"img":{"alt_text":"","src":"https:\/\/i0.wp.com\/uscatletica.ch\/wp\/wp-content\/uploads\/2016\/09\/P1430671.jpg?fit=563%2C422&ssl=1&resize=350%2C200","width":350,"height":200,"srcset":"https:\/\/i0.wp.com\/uscatletica.ch\/wp\/wp-content\/uploads\/2016\/09\/P1430671.jpg?fit=563%2C422&ssl=1&resize=350%2C200 1x, https:\/\/i0.wp.com\/uscatletica.ch\/wp\/wp-content\/uploads\/2016\/09\/P1430671.jpg?fit=563%2C422&ssl=1&resize=525%2C300 1.5x"},"classes":[]},{"id":20586,"url":"https:\/\/uscatletica.ch\/wp\/?p=20586","url_meta":{"origin":2190,"position":2},"title":"GIADA ED ALICE AI CAMPIONATI SVIZZERI","author":"Leonida Stampanoni","date":"28 Febbraio 2025","format":false,"excerpt":"Neil fine settimana si disputeranno i campionati svizzeri giovanili Indoor a Macolin ed i campionati svizzeri invernali di lanci a Lucerna. Alice rappresenter\u00e0 l'USC \u00a0nella capitale svizzera dello sport sui 60 m, Giada sar\u00e0 al via all'Almend.\u00a0 Risultati live da Luzern \u00a0I Risultati da Macolin All'Ende der Welt Alice cercher\u00e0\u2026","rel":"","context":"In &quot;Pista&quot;","block_context":{"text":"Pista","link":"https:\/\/uscatletica.ch\/wp\/?cat=4"},"img":{"alt_text":"","src":"https:\/\/i0.wp.com\/uscatletica.ch\/wp\/wp-content\/uploads\/2019\/02\/giadaargentoamcolin2019.jpg?fit=640%2C480&ssl=1&resize=350%2C200","width":350,"height":200,"srcset":"https:\/\/i0.wp.com\/uscatletica.ch\/wp\/wp-content\/uploads\/2019\/02\/giadaargentoamcolin2019.jpg?fit=640%2C480&ssl=1&resize=350%2C200 1x, https:\/\/i0.wp.com\/uscatletica.ch\/wp\/wp-content\/uploads\/2019\/02\/giadaargentoamcolin2019.jpg?fit=640%2C480&ssl=1&resize=525%2C300 1.5x"},"classes":[]},{"id":2212,"url":"https:\/\/uscatletica.ch\/wp\/?p=2212","url_meta":{"origin":2190,"position":3},"title":"Mille Gruyere Matilde alla finale di Fribourg.","author":"Leonida Stampanoni","date":"16 Giugno 2016","format":false,"excerpt":"180 atleti al via per la finale del Mille Gruyere mercoledi in una giornata uggiosa al comunale di Bellinzona, come nel 2015 dodici gli USCini al via, \u00a0Matilde si guadagna anche il posto alla finale del 24 settembre a Fribourg , due anni dopo l'ultima finale di Payerne con Rachele.\u2026","rel":"","context":"In &quot;Non catalogato&quot;","block_context":{"text":"Non catalogato","link":"https:\/\/uscatletica.ch\/wp\/?cat=6"},"img":{"alt_text":"","src":"https:\/\/i0.wp.com\/uscatletica.ch\/wp\/wp-content\/uploads\/2016\/06\/alexspityenlau16.png?fit=563%2C421&ssl=1&resize=350%2C200","width":350,"height":200,"srcset":"https:\/\/i0.wp.com\/uscatletica.ch\/wp\/wp-content\/uploads\/2016\/06\/alexspityenlau16.png?fit=563%2C421&ssl=1&resize=350%2C200 1x, https:\/\/i0.wp.com\/uscatletica.ch\/wp\/wp-content\/uploads\/2016\/06\/alexspityenlau16.png?fit=563%2C421&ssl=1&resize=525%2C300 1.5x"},"classes":[]},{"id":4423,"url":"https:\/\/uscatletica.ch\/wp\/?p=4423","url_meta":{"origin":2190,"position":4},"title":"Tutti in pista un centinaio di mezzofondisti festeggiano la nuova torretta (classifiche e gempenlauf)","author":"Leonida Stampanoni","date":"31 Maggio 2017","format":false,"excerpt":"Un centinaio gli atleti al via della serata tutti in pista con i nostri cronometristi che per la prima volta erano comodamente e panoramicamente seduti nella nuova torretta ed hanno fornito con efficienza tutti i risultati. Al via un centinaio di atleti dai 9 ai 70 anni. Belle prestazioni lungo\u2026","rel":"","context":"In &quot;Informazioni&quot;","block_context":{"text":"Informazioni","link":"https:\/\/uscatletica.ch\/wp\/?cat=10"},"img":{"alt_text":"","src":"https:\/\/i0.wp.com\/uscatletica.ch\/wp\/wp-content\/uploads\/2017\/05\/start5000mastiusc2017.jpg?fit=564%2C266&ssl=1&resize=350%2C200","width":350,"height":200,"srcset":"https:\/\/i0.wp.com\/uscatletica.ch\/wp\/wp-content\/uploads\/2017\/05\/start5000mastiusc2017.jpg?fit=564%2C266&ssl=1&resize=350%2C200 1x, https:\/\/i0.wp.com\/uscatletica.ch\/wp\/wp-content\/uploads\/2017\/05\/start5000mastiusc2017.jpg?fit=564%2C266&ssl=1&resize=525%2C300 1.5x"},"classes":[]},{"id":2100,"url":"https:\/\/uscatletica.ch\/wp\/?p=2100","url_meta":{"origin":2190,"position":5},"title":"Fine settimana tra monti e valli e grandi Finali in pista","author":"Leonida Stampanoni","date":"11 Giugno 2016","format":false,"excerpt":"Fine settimana di grande intensit\u00e0 \u00a0il penultimo dell'anno scolastico 2015-2016. Gli atleti USC saranno impegnati su molti fronti \u00a0la Capriasca freme per Scenic Trail una durissima e spettacolare \u00a0corsa tra le cime della regione Roberto sar\u00e0 il capofila degli infaticabili. Domenica seguir\u00e0 il Vertical della Croce 1000m di dislivello in\u2026","rel":"","context":"In &quot;Montagna&quot;","block_context":{"text":"Montagna","link":"https:\/\/uscatletica.ch\/wp\/?cat=16"},"img":{"alt_text":"","src":"https:\/\/i0.wp.com\/uscatletica.ch\/wp\/wp-content\/uploads\/2016\/05\/P1400121.jpg?fit=563%2C422&ssl=1&resize=350%2C200","width":350,"height":200,"srcset":"https:\/\/i0.wp.com\/uscatletica.ch\/wp\/wp-content\/uploads\/2016\/05\/P1400121.jpg?fit=563%2C422&ssl=1&resize=350%2C200 1x, https:\/\/i0.wp.com\/uscatletica.ch\/wp\/wp-content\/uploads\/2016\/05\/P1400121.jpg?fit=563%2C422&ssl=1&resize=525%2C300 1.5x"},"classes":[]}],"_links":{"self":[{"href":"https:\/\/uscatletica.ch\/wp\/index.php?rest_route=\/wp\/v2\/posts\/2190","targetHints":{"allow":["GET"]}}],"collection":[{"href":"https:\/\/uscatletica.ch\/wp\/index.php?rest_route=\/wp\/v2\/posts"}],"about":[{"href":"https:\/\/uscatletica.ch\/wp\/index.php?rest_route=\/wp\/v2\/types\/post"}],"author":[{"embeddable":true,"href":"https:\/\/uscatletica.ch\/wp\/index.php?rest_route=\/wp\/v2\/users\/4"}],"replies":[{"embeddable":true,"href":"https:\/\/uscatletica.ch\/wp\/index.php?rest_route=%2Fwp%2Fv2%2Fcomments&post=2190"}],"version-history":[{"count":10,"href":"https:\/\/uscatletica.ch\/wp\/index.php?rest_route=\/wp\/v2\/posts\/2190\/revisions"}],"predecessor-version":[{"id":2209,"href":"https:\/\/uscatletica.ch\/wp\/index.php?rest_route=\/wp\/v2\/posts\/2190\/revisions\/2209"}],"wp:featuredmedia":[{"embeddable":true,"href":"https:\/\/uscatletica.ch\/wp\/index.php?rest_route=\/wp\/v2\/media\/2195"}],"wp:attachment":[{"href":"https:\/\/uscatletica.ch\/wp\/index.php?rest_route=%2Fwp%2Fv2%2Fmedia&parent=2190"}],"wp:term":[{"taxonomy":"category","embeddable":true,"href":"https:\/\/uscatletica.ch\/wp\/index.php?rest_route=%2Fwp%2Fv2%2Fcategories&post=2190"},{"taxonomy":"post_tag","embeddable":true,"href":"https:\/\/uscatletica.ch\/wp\/index.php?rest_route=%2Fwp%2Fv2%2Ftags&post=2190"}],"curies":[{"name":"wp","href":"https:\/\/api.w.org\/{rel}","templated":true}]}}