{"id":21965,"date":"2026-05-03T08:47:13","date_gmt":"2026-05-03T06:47:13","guid":{"rendered":"https:\/\/uscatletica.ch\/wp\/?p=21965"},"modified":"2026-05-03T08:47:53","modified_gmt":"2026-05-03T06:47:53","slug":"kids-cup-un-bella-serata-di-atletica","status":"publish","type":"post","link":"https:\/\/uscatletica.ch\/wp\/?p=21965","title":{"rendered":"KIDS CUP UN BELLA SERATA DI ATLETICA"},"content":{"rendered":"\n<p>Gioved\u00ec nell&#8217;ultimo giorno di aprile lo sforzo organizzativo di monitori e collaboratori ha offerto ai 63 partecipanti una splendida serata di atletica grazie alla UBS Kids Cup, con le nostre giovani leve che hanno affrontato con grinta ed allegria il triathlon pi\u00f9 popolare della Svizzera. Diversi ottimi risultati tanto passione e divertimento per i nostri atleti.\u00a0<\/p>\n<p><a href=\"https:\/\/uscatletica.ch\/wp\/wp-content\/uploads\/2026\/05\/RisultatiKidsCupTesserete260430.pdf\">Risultati<\/a><\/p>\n<p>\u00a0<\/p>\n","protected":false},"excerpt":{"rendered":"<p>Gioved\u00ec nell&#8217;ultimo giorno di aprile lo sforzo organizzativo di monitori e collaboratori ha offerto ai 63 partecipanti una splendida serata di atletica grazie alla UBS Kids Cup, con le nostre giovani leve che hanno affrontato con grinta ed allegria il triathlon pi\u00f9 popolare della Svizzera. Diversi ottimi risultati tanto passione e divertimento per i nostri atleti.\u00a0 Risultati \u00a0<\/p>\n","protected":false},"author":4,"featured_media":8459,"comment_status":"closed","ping_status":"closed","sticky":false,"template":"","format":"standard","meta":{"jetpack_post_was_ever_published":false,"_jetpack_newsletter_access":"","_jetpack_dont_email_post_to_subs":false,"_jetpack_newsletter_tier_id":0,"_jetpack_memberships_contains_paywalled_content":false,"_jetpack_memberships_contains_paid_content":false,"footnotes":"","jetpack_publicize_message":"","jetpack_publicize_feature_enabled":true,"jetpack_social_post_already_shared":true,"jetpack_social_options":{"image_generator_settings":{"template":"highway","default_image_id":0,"font":"","enabled":false},"version":2}},"categories":[11,30,12,10,4,9],"tags":[],"class_list":["post-21965","post","type-post","status-publish","format-standard","has-post-thumbnail","hentry","category-altro","category-diversi","category-nostregare","category-info","category-pista","category-sport"],"jetpack_publicize_connections":[],"jetpack_featured_media_url":"https:\/\/i0.wp.com\/uscatletica.ch\/wp\/wp-content\/uploads\/2019\/06\/ukc2019w14podio.jpg?fit=432%2C315&ssl=1","jetpack_sharing_enabled":true,"jetpack_shortlink":"https:\/\/wp.me\/p6V7Ck-5Ih","jetpack-related-posts":[{"id":6370,"url":"https:\/\/uscatletica.ch\/wp\/?p=6370","url_meta":{"origin":21965,"position":0},"title":"Giada allo scouting day di Swiss Athletics","author":"Leonida Stampanoni","date":"25 Luglio 2018","format":false,"excerpt":"Fine luglio \u00e8 tempo di campi di allenamento con Swiss Athletics e nel 2018 l'USC\u00a0 \u00e8 presente a Tenero con la nostra Giada finalista della Kids Cup lo scorso anno. La nostra Giada trascorrer\u00e0 una settimana in compagnia di alcune delle pi\u00f9 grandi promesse dell'atletica svizzera. Lunedi Giada ha avuto\u2026","rel":"","context":"In &quot;Pista&quot;","block_context":{"text":"Pista","link":"https:\/\/uscatletica.ch\/wp\/?cat=4"},"img":{"alt_text":"","src":"https:\/\/i0.wp.com\/uscatletica.ch\/wp\/wp-content\/uploads\/2018\/07\/ticino2018ukc.jpg?fit=432%2C288&ssl=1&resize=350%2C200","width":350,"height":200},"classes":[]},{"id":1258,"url":"https:\/\/uscatletica.ch\/wp\/?p=1258","url_meta":{"origin":21965,"position":1},"title":"TAS A VACALLO LA TERZA TAPPA TAS  BELLINZONA DEBUTTA LA KIDS CUP (Rassegna Stampa)","author":"Leonida Stampanoni","date":"15 Aprile 2016","format":false,"excerpt":"Sabato si correr\u00e0 la 52a\u00a0edizione della Staffetta di Vacallo valida quale terza prova del TAS, I nostri USCini sono pronti per vivere un'altra vivace giornata agonistica, sfidando l'impervio percorso mom\u00f2. Domenica invece \u00a0al comunale di Bellinzona ripartono le selezioni della Kids Cup con in palio i posti per la finale\u2026","rel":"","context":"In &quot;Pista&quot;","block_context":{"text":"Pista","link":"https:\/\/uscatletica.ch\/wp\/?cat=4"},"img":{"alt_text":"","src":"https:\/\/i0.wp.com\/uscatletica.ch\/wp\/wp-content\/uploads\/2016\/03\/P1390105.jpg?fit=563%2C422&ssl=1&resize=350%2C200","width":350,"height":200,"srcset":"https:\/\/i0.wp.com\/uscatletica.ch\/wp\/wp-content\/uploads\/2016\/03\/P1390105.jpg?fit=563%2C422&ssl=1&resize=350%2C200 1x, https:\/\/i0.wp.com\/uscatletica.ch\/wp\/wp-content\/uploads\/2016\/03\/P1390105.jpg?fit=563%2C422&ssl=1&resize=525%2C300 1.5x"},"classes":[]},{"id":13279,"url":"https:\/\/uscatletica.ch\/wp\/?p=13279","url_meta":{"origin":21965,"position":2},"title":"HOCHDORF LAA 4X100 AI CS PAULINE E PIETRO CON LA SELEZIONE TICINO","author":"Leonida Stampanoni","date":"12 Settembre 2021","format":false,"excerpt":"Domenica dopo molti anni l'USC torna in pista ai campionati svizzeri di Staffette, dove tra gli attivi trovammo anche la qualificazione alla coppa Europa di Ahrus nella 4x1500 m firmando pure il primato primato Ticinese. Domenica ci sar\u00e0 invece la 4x100 m U20 con Giada Sofia Leila Matilda come obbiettivo\u2026","rel":"","context":"In &quot;Non catalogato&quot;","block_context":{"text":"Non catalogato","link":"https:\/\/uscatletica.ch\/wp\/?cat=6"},"img":{"alt_text":"","src":"https:\/\/i0.wp.com\/uscatletica.ch\/wp\/wp-content\/uploads\/2021\/08\/4x100210821.jpeg?fit=432%2C324&ssl=1&resize=350%2C200","width":350,"height":200},"classes":[]},{"id":15253,"url":"https:\/\/uscatletica.ch\/wp\/?p=15253","url_meta":{"origin":21965,"position":3},"title":"La kids cup sociale lancia il fine settimana atletico","author":"Leonida Stampanoni","date":"20 Maggio 2022","format":false,"excerpt":"Il fine \u00a0settimana atletico parte stasera con la festa sociale dedicata ai giovani con l'eliminatoria USC della Kids Cup. Sabato a Locarno ci saranno i campionati ticinesi di 5000 m e 3000 m oltre che la prima tappa del Gran Prix FTAL. \u00a0i campionati ticinesi sui 3000 e 5000 m\u2026","rel":"","context":"In &quot;Montagna&quot;","block_context":{"text":"Montagna","link":"https:\/\/uscatletica.ch\/wp\/?cat=16"},"img":{"alt_text":"","src":"https:\/\/i0.wp.com\/uscatletica.ch\/wp\/wp-content\/uploads\/2022\/05\/CSI20220514.jpg?fit=432%2C323&ssl=1&resize=350%2C200","width":350,"height":200},"classes":[]},{"id":21121,"url":"https:\/\/uscatletica.ch\/wp\/?p=21121","url_meta":{"origin":21965,"position":4},"title":"Lo spirito di Squadra per i campionati svizzeri del fine settimana","author":"Leonida Stampanoni","date":"30 Agosto 2025","format":false,"excerpt":"L'ultimo fine settimana di agosto sar\u00e0 dedicato ai campionati svizzeri con lo spirito di squadra a farla da padrone. Sabato a Martigny in pedana saranno gli specialisti delle discipline tecniche con i campionati svizzeri Team, nel triplo ci sar\u00e0 la Comunit\u00e0 atletica Sottoceneri con al via la nostra Marta.\u00a0 Domenica\u2026","rel":"","context":"In &quot;Pista&quot;","block_context":{"text":"Pista","link":"https:\/\/uscatletica.ch\/wp\/?cat=4"},"img":{"alt_text":"","src":"https:\/\/i0.wp.com\/uscatletica.ch\/wp\/wp-content\/uploads\/2024\/09\/202409084x400mx.jpeg?fit=1200%2C900&ssl=1&resize=350%2C200","width":350,"height":200,"srcset":"https:\/\/i0.wp.com\/uscatletica.ch\/wp\/wp-content\/uploads\/2024\/09\/202409084x400mx.jpeg?fit=1200%2C900&ssl=1&resize=350%2C200 1x, https:\/\/i0.wp.com\/uscatletica.ch\/wp\/wp-content\/uploads\/2024\/09\/202409084x400mx.jpeg?fit=1200%2C900&ssl=1&resize=525%2C300 1.5x, https:\/\/i0.wp.com\/uscatletica.ch\/wp\/wp-content\/uploads\/2024\/09\/202409084x400mx.jpeg?fit=1200%2C900&ssl=1&resize=700%2C400 2x, https:\/\/i0.wp.com\/uscatletica.ch\/wp\/wp-content\/uploads\/2024\/09\/202409084x400mx.jpeg?fit=1200%2C900&ssl=1&resize=1050%2C600 3x"},"classes":[]},{"id":15854,"url":"https:\/\/uscatletica.ch\/wp\/?p=15854","url_meta":{"origin":21965,"position":5},"title":"DA Zurigo a Bellinzona passando per Lugano il fine settimana USC","author":"Leonida Stampanoni","date":"9 Settembre 2022","format":false,"excerpt":"Quattro appuntamenti agonistici per l'USC nel fine settimana \u00a0si parte sabato Mattina con la finale UBS Kids Cup \u00a0sulla mitica pista del Letzigrund fresca della finale della Diamond League con Alice, che raccoglie il testimone di Flavie, C\u00e9line, Giada, Morena \u00a0e Chiara capace anche di vincere. \u00a0Sabato a Lugano ci\u2026","rel":"","context":"In &quot;Pista&quot;","block_context":{"text":"Pista","link":"https:\/\/uscatletica.ch\/wp\/?cat=4"},"img":{"alt_text":"","src":"https:\/\/i0.wp.com\/uscatletica.ch\/wp\/wp-content\/uploads\/2021\/09\/210914U118eajla.jpg?fit=432%2C324&ssl=1&resize=350%2C200","width":350,"height":200},"classes":[]}],"_links":{"self":[{"href":"https:\/\/uscatletica.ch\/wp\/index.php?rest_route=\/wp\/v2\/posts\/21965","targetHints":{"allow":["GET"]}}],"collection":[{"href":"https:\/\/uscatletica.ch\/wp\/index.php?rest_route=\/wp\/v2\/posts"}],"about":[{"href":"https:\/\/uscatletica.ch\/wp\/index.php?rest_route=\/wp\/v2\/types\/post"}],"author":[{"embeddable":true,"href":"https:\/\/uscatletica.ch\/wp\/index.php?rest_route=\/wp\/v2\/users\/4"}],"replies":[{"embeddable":true,"href":"https:\/\/uscatletica.ch\/wp\/index.php?rest_route=%2Fwp%2Fv2%2Fcomments&post=21965"}],"version-history":[{"count":1,"href":"https:\/\/uscatletica.ch\/wp\/index.php?rest_route=\/wp\/v2\/posts\/21965\/revisions"}],"predecessor-version":[{"id":21967,"href":"https:\/\/uscatletica.ch\/wp\/index.php?rest_route=\/wp\/v2\/posts\/21965\/revisions\/21967"}],"wp:featuredmedia":[{"embeddable":true,"href":"https:\/\/uscatletica.ch\/wp\/index.php?rest_route=\/wp\/v2\/media\/8459"}],"wp:attachment":[{"href":"https:\/\/uscatletica.ch\/wp\/index.php?rest_route=%2Fwp%2Fv2%2Fmedia&parent=21965"}],"wp:term":[{"taxonomy":"category","embeddable":true,"href":"https:\/\/uscatletica.ch\/wp\/index.php?rest_route=%2Fwp%2Fv2%2Fcategories&post=21965"},{"taxonomy":"post_tag","embeddable":true,"href":"https:\/\/uscatletica.ch\/wp\/index.php?rest_route=%2Fwp%2Fv2%2Ftags&post=21965"}],"curies":[{"name":"wp","href":"https:\/\/api.w.org\/{rel}","templated":true}]}}