{"id":21968,"date":"2026-05-03T13:34:36","date_gmt":"2026-05-03T11:34:36","guid":{"rendered":"https:\/\/uscatletica.ch\/wp\/?p=21968"},"modified":"2026-05-03T13:36:52","modified_gmt":"2026-05-03T11:36:52","slug":"comano-run-uscini-brillanti","status":"publish","type":"post","link":"https:\/\/uscatletica.ch\/wp\/?p=21968","title":{"rendered":"COMANO RUN USCINI BRILLANTI"},"content":{"rendered":"\n<p>La prima domenica \u00a0di maggio \u00a0\u00e8 ormai il classico appuntamento della Comano Run \u00a0quarta prova della Coppa ASTi BancaStato Podismo e Giovanile. Tra i 500 partecipanti \u00a0una quarantina le presenze USC \u00a0sulla linea di partenza all&#8217;ombra di S. Bernardo. Sul tracciato disegnato nel nucleo di Comano ben 4 i successi per l&#8217;USC \u00a0Alice e Mattia hanno vinto la gara sui 7 km tra gli U20. Nicole \u00e8 stata la migliore U14, Linda la pi\u00f9 veloce tra le U10. A podio anche Alex Valerio Alice S. Dalia, Kayla, Flora Alina, Remo<\/p>\n<p><a href=\"https:\/\/my.raceresult.com\/375393\/results#0_765FCA\" target=\"_blank\" rel=\"noopener\">Risultati<\/a><\/p>\n<p>7 km U20 M\/W M\/W20 M\/W40 M\/W50\u00a0<\/p>\n<p>Nella gara di chiusura vincono Tommaso Marani e Francesca Sabena. Quinto tempo assoluto e secondo M40 per Alex \u00a025&#8217;58 che nel finale \u00a0non regge il cambio di ritmo di Damiano Barloggio. In progressione Mattia \u00a026&#8217;36 domina la gara U20, Adrian 31&#8217;20 al debutto \u00e8 quinto. Tra le ragazze \u00a0tripletta per Alice G \u00a032&#8217;24. che firma il quinto \u00a0tempo assoluto, Alice S. 35&#8217;04 \u00a0e Dalia 39&#8217;40. \u00a0Valerio in 27&#8217;57 \u00e8 terzo tra gli M50. Tra le W40 \u00a0Laura 34&#8217;34 sfiora il podio \u00a0mentre Ramona chiude in 38&#8217;02. al nono posto.<\/p>\n<p>Nella gara U14 Nicole in 5&#8217;28 \u00e8 la pi\u00f9 veloce di tutti \u00a0Remo in 5&#8217;34 \u00e8 secondo dietro Bartholom\u00e9 Jacop, Nicol\u00f2 5&#8217;41 \u00e8 quinto \u00a0seguono Jacopo 6&#8217;20 e Daniel 6&#8217;22. \u00a0Michelle.\u00a0<\/p>\n<p>Nella gara U12 nel finale Alina 4&#8217;02 si avvicina la vincitrice \u00a0Roy Bella Romanini. Ai piedi del podio Amy 4&#8217;22 ed Irene 4&#8217;33. Ottava GaIa 4&#8217;48 davanti a Amelie 4&#8217;58, Lena 5&#8217;03, Nathalie 5&#8217;04.\u00a0<\/p>\n<p>Le categorie U10 gareggiavano sul giro Linda 1&#8217;57 \u00a0\u00e8 la pi\u00f9 veloce \u00a0Kayla e Flora 2&#8217;09 \u00a0sono terze separate da un centesimo. Quinta Lisa \u00a02&#8217;11 seguita al settimo da Lina 2&#8217;14. \u00a0Zoe \u00e8 undicesima 2&#8217;22 seguita da Greta (26) 2&#8217;36, Sofia 2&#8217;46 Alice F. 2&#8217;52. \u00a0Tra i bimbi Marco \u00e8 quinto 2&#8217;04 davanti a Liam 2&#8217;09, \u00a0(19)Leonardo 2&#8217;21, \u00a0Seba (32) 2&#8217;30. Leon 2&#8217;46. \u00a0Tra i piccolissimi sesto Aaron \u00a0e poi Matteo (31). \u00a0<\/p>\n","protected":false},"excerpt":{"rendered":"<p>La prima domenica \u00a0di maggio \u00a0\u00e8 ormai il classico appuntamento della Comano Run \u00a0quarta prova della Coppa ASTi BancaStato Podismo e Giovanile. Tra i 500 partecipanti \u00a0una quarantina le presenze USC \u00a0sulla linea di partenza all&#8217;ombra di S. Bernardo. Sul tracciato disegnato nel nucleo di Comano ben 4 i successi per l&#8217;USC \u00a0Alice e Mattia hanno vinto la gara sui 7 km tra gli U20. Nicole \u00e8 stata la migliore U14, Linda la pi\u00f9 veloce&#8230;<\/p>\n","protected":false},"author":4,"featured_media":21969,"comment_status":"closed","ping_status":"closed","sticky":false,"template":"","format":"standard","meta":{"jetpack_post_was_ever_published":false,"_jetpack_newsletter_access":"","_jetpack_dont_email_post_to_subs":false,"_jetpack_newsletter_tier_id":0,"_jetpack_memberships_contains_paywalled_content":false,"_jetpack_memberships_contains_paid_content":false,"footnotes":"","jetpack_publicize_message":"","jetpack_publicize_feature_enabled":true,"jetpack_social_post_already_shared":true,"jetpack_social_options":{"image_generator_settings":{"template":"highway","default_image_id":0,"font":"","enabled":false},"version":2}},"categories":[6],"tags":[],"class_list":["post-21968","post","type-post","status-publish","format-standard","has-post-thumbnail","hentry","category-non-catalogato"],"jetpack_publicize_connections":[],"jetpack_featured_media_url":"https:\/\/i0.wp.com\/uscatletica.ch\/wp\/wp-content\/uploads\/2026\/05\/20260503COMANOA.jpg?fit=432%2C324&ssl=1","jetpack_sharing_enabled":true,"jetpack_shortlink":"https:\/\/wp.me\/p6V7Ck-5Ik","jetpack-related-posts":[{"id":20864,"url":"https:\/\/uscatletica.ch\/wp\/?p=20864","url_meta":{"origin":21968,"position":0},"title":"Comano Run USC da podio","author":"Leonida Stampanoni","date":"18 Maggio 2025","format":false,"excerpt":"Alla BancaStato Comano Run al via si sono presentati 500 atlete ed atleti per una grande festa del podismo. \u00a0106 podisti e podiste erano sulla linea di partenza della gara principale dominata da Tommaso Marani e Stefania Barloggio Lupatini. L'USC si assicura il secondo rango con Alex \u00a0M40 e Olivia\u2026","rel":"","context":"In &quot;Podismo&quot;","block_context":{"text":"Podismo","link":"https:\/\/uscatletica.ch\/wp\/?cat=5"},"img":{"alt_text":"","src":"https:\/\/i0.wp.com\/uscatletica.ch\/wp\/wp-content\/uploads\/2024\/05\/Maglia-USC-2023-2.jpg?fit=1052%2C1200&ssl=1&resize=350%2C200","width":350,"height":200,"srcset":"https:\/\/i0.wp.com\/uscatletica.ch\/wp\/wp-content\/uploads\/2024\/05\/Maglia-USC-2023-2.jpg?fit=1052%2C1200&ssl=1&resize=350%2C200 1x, https:\/\/i0.wp.com\/uscatletica.ch\/wp\/wp-content\/uploads\/2024\/05\/Maglia-USC-2023-2.jpg?fit=1052%2C1200&ssl=1&resize=525%2C300 1.5x, https:\/\/i0.wp.com\/uscatletica.ch\/wp\/wp-content\/uploads\/2024\/05\/Maglia-USC-2023-2.jpg?fit=1052%2C1200&ssl=1&resize=700%2C400 2x, https:\/\/i0.wp.com\/uscatletica.ch\/wp\/wp-content\/uploads\/2024\/05\/Maglia-USC-2023-2.jpg?fit=1052%2C1200&ssl=1&resize=1050%2C600 3x"},"classes":[]},{"id":19311,"url":"https:\/\/uscatletica.ch\/wp\/?p=19311","url_meta":{"origin":21968,"position":1},"title":"COMANO RUN USC ELIA E SELINA CAMPIONI ASTI","author":"Leonida Stampanoni","date":"5 Maggio 2024","format":false,"excerpt":"Alla Comano Run erano in 430 sulla linea di partenza di cui 150 i partecipanti al campionato ASTi. Ai piedi della Collina di San Bernardo erano be 34 gli USCini che hanno tagliato il traguardo. A vincere la gara principale \u00e8 stato Tommaso Marani \u00a0nuovo campione ASTi assoluto ed M20\u2026","rel":"","context":"In &quot;Podismo&quot;","block_context":{"text":"Podismo","link":"https:\/\/uscatletica.ch\/wp\/?cat=5"},"img":{"alt_text":"","src":"https:\/\/i0.wp.com\/uscatletica.ch\/wp\/wp-content\/uploads\/2023\/12\/231210selinasilvw.jpg?fit=432%2C243&ssl=1&resize=350%2C200","width":350,"height":200},"classes":[]},{"id":19278,"url":"https:\/\/uscatletica.ch\/wp\/?p=19278","url_meta":{"origin":21968,"position":2},"title":"STRALOSONE: USC in evidenza (aggiornato)","author":"Leonida Stampanoni","date":"1 Maggio 2024","format":false,"excerpt":"La terza prova delle Coppe ASTi BancaStato podismo e giovanile \u00e8 la Stralosone, classica del primo di maggio che per la seconda volta si disputa sul rinnovato tracciato attorno alle scuole elementari. Il plumbeo cielo primaverile di questo 2024 non ha fermato i quasi 200 atleti al via. \u00a0L'USC era\u2026","rel":"","context":"In &quot;Non catalogato&quot;","block_context":{"text":"Non catalogato","link":"https:\/\/uscatletica.ch\/wp\/?cat=6"},"img":{"alt_text":"Una parte del gruppo USC alla partenza della GDL 2023-foto-USC","src":"https:\/\/i0.wp.com\/uscatletica.ch\/wp\/wp-content\/uploads\/2023\/05\/GDL2023-una-parte-del-gruppo-USC-alla-partenza-foto-USC.jpg?fit=979%2C653&ssl=1&resize=350%2C200","width":350,"height":200,"srcset":"https:\/\/i0.wp.com\/uscatletica.ch\/wp\/wp-content\/uploads\/2023\/05\/GDL2023-una-parte-del-gruppo-USC-alla-partenza-foto-USC.jpg?fit=979%2C653&ssl=1&resize=350%2C200 1x, https:\/\/i0.wp.com\/uscatletica.ch\/wp\/wp-content\/uploads\/2023\/05\/GDL2023-una-parte-del-gruppo-USC-alla-partenza-foto-USC.jpg?fit=979%2C653&ssl=1&resize=525%2C300 1.5x, https:\/\/i0.wp.com\/uscatletica.ch\/wp\/wp-content\/uploads\/2023\/05\/GDL2023-una-parte-del-gruppo-USC-alla-partenza-foto-USC.jpg?fit=979%2C653&ssl=1&resize=700%2C400 2x"},"classes":[]},{"id":17307,"url":"https:\/\/uscatletica.ch\/wp\/?p=17307","url_meta":{"origin":21968,"position":3},"title":"USC in grande evidenza alla ComanoRun","author":"Leonida Stampanoni","date":"14 Maggio 2023","format":false,"excerpt":"Domenica erano quasi 400 i partecipanti alla Comano Run \u00a0, ben 160 giovanissimi, 120 nelle tre gare della coppa ASTi BancaStato Giovanile. Una ventina abbondante gli atleti USC presenti che hanno raccolto 7 successi \u00a0le piccole Linda e Alicia un poker di vittorie nella coppa giovanile con No\u00e9 , Elsa,\u2026","rel":"","context":"In &quot;Podismo&quot;","block_context":{"text":"Podismo","link":"https:\/\/uscatletica.ch\/wp\/?cat=5"},"img":{"alt_text":"Una parte del gruppo USC alla partenza della GDL 2023-foto-USC","src":"https:\/\/i0.wp.com\/uscatletica.ch\/wp\/wp-content\/uploads\/2023\/05\/GDL2023-una-parte-del-gruppo-USC-alla-partenza-foto-USC.jpg?fit=979%2C653&ssl=1&resize=350%2C200","width":350,"height":200,"srcset":"https:\/\/i0.wp.com\/uscatletica.ch\/wp\/wp-content\/uploads\/2023\/05\/GDL2023-una-parte-del-gruppo-USC-alla-partenza-foto-USC.jpg?fit=979%2C653&ssl=1&resize=350%2C200 1x, https:\/\/i0.wp.com\/uscatletica.ch\/wp\/wp-content\/uploads\/2023\/05\/GDL2023-una-parte-del-gruppo-USC-alla-partenza-foto-USC.jpg?fit=979%2C653&ssl=1&resize=525%2C300 1.5x, https:\/\/i0.wp.com\/uscatletica.ch\/wp\/wp-content\/uploads\/2023\/05\/GDL2023-una-parte-del-gruppo-USC-alla-partenza-foto-USC.jpg?fit=979%2C653&ssl=1&resize=700%2C400 2x"},"classes":[]},{"id":8152,"url":"https:\/\/uscatletica.ch\/wp\/?p=8152","url_meta":{"origin":21968,"position":4},"title":"Giada ed Elia in forma al GP FTAL bene gli USCini alla Comano Run","author":"Leonida Stampanoni","date":"19 Maggio 2019","format":false,"excerpt":"Domenica intensa per gli USCini a Locarno in programma una delle gare pi\u00f9 importanti della stagione cantonale la prima tappa del GP FTAL al via solo due USCini Giada trova un bel lancio a 29.01 nel disco Elia debutta sui 1500 m con una prestazione promettente Nel disco ieri primato\u2026","rel":"","context":"In &quot;Diversi&quot;","block_context":{"text":"Diversi","link":"https:\/\/uscatletica.ch\/wp\/?cat=30"},"img":{"alt_text":"","src":"https:\/\/i0.wp.com\/uscatletica.ch\/wp\/wp-content\/uploads\/2019\/02\/giadaargentoamcolin2019.jpg?fit=640%2C480&ssl=1&resize=350%2C200","width":350,"height":200,"srcset":"https:\/\/i0.wp.com\/uscatletica.ch\/wp\/wp-content\/uploads\/2019\/02\/giadaargentoamcolin2019.jpg?fit=640%2C480&ssl=1&resize=350%2C200 1x, https:\/\/i0.wp.com\/uscatletica.ch\/wp\/wp-content\/uploads\/2019\/02\/giadaargentoamcolin2019.jpg?fit=640%2C480&ssl=1&resize=525%2C300 1.5x"},"classes":[]},{"id":19296,"url":"https:\/\/uscatletica.ch\/wp\/?p=19296","url_meta":{"origin":21968,"position":5},"title":"DA LOCARNO A COMANO IL FINE SETTIMANA USC","author":"Leonida Stampanoni","date":"3 Maggio 2024","format":false,"excerpt":"Il primo fine settimana di maggio sar\u00e0 particolarmente intenso sabato a Locarno ci saranno i CSI ed i campionati ticinesi di Staffetta Olimpionica una ventina le presenze USC. Domenica alla Comano Run quarta prova delle Coppe ASTi BancaStato \u00a0Podismo e Giovanile \u00a0si assegneranno anche i titoli ASTi in gara singola.\u2026","rel":"","context":"In &quot;Pista&quot;","block_context":{"text":"Pista","link":"https:\/\/uscatletica.ch\/wp\/?cat=4"},"img":{"alt_text":"","src":"https:\/\/i0.wp.com\/uscatletica.ch\/wp\/wp-content\/uploads\/2017\/05\/csi2017u16.jpg?fit=579%2C407&ssl=1&resize=350%2C200","width":350,"height":200,"srcset":"https:\/\/i0.wp.com\/uscatletica.ch\/wp\/wp-content\/uploads\/2017\/05\/csi2017u16.jpg?fit=579%2C407&ssl=1&resize=350%2C200 1x, https:\/\/i0.wp.com\/uscatletica.ch\/wp\/wp-content\/uploads\/2017\/05\/csi2017u16.jpg?fit=579%2C407&ssl=1&resize=525%2C300 1.5x"},"classes":[]}],"_links":{"self":[{"href":"https:\/\/uscatletica.ch\/wp\/index.php?rest_route=\/wp\/v2\/posts\/21968","targetHints":{"allow":["GET"]}}],"collection":[{"href":"https:\/\/uscatletica.ch\/wp\/index.php?rest_route=\/wp\/v2\/posts"}],"about":[{"href":"https:\/\/uscatletica.ch\/wp\/index.php?rest_route=\/wp\/v2\/types\/post"}],"author":[{"embeddable":true,"href":"https:\/\/uscatletica.ch\/wp\/index.php?rest_route=\/wp\/v2\/users\/4"}],"replies":[{"embeddable":true,"href":"https:\/\/uscatletica.ch\/wp\/index.php?rest_route=%2Fwp%2Fv2%2Fcomments&post=21968"}],"version-history":[{"count":2,"href":"https:\/\/uscatletica.ch\/wp\/index.php?rest_route=\/wp\/v2\/posts\/21968\/revisions"}],"predecessor-version":[{"id":21971,"href":"https:\/\/uscatletica.ch\/wp\/index.php?rest_route=\/wp\/v2\/posts\/21968\/revisions\/21971"}],"wp:featuredmedia":[{"embeddable":true,"href":"https:\/\/uscatletica.ch\/wp\/index.php?rest_route=\/wp\/v2\/media\/21969"}],"wp:attachment":[{"href":"https:\/\/uscatletica.ch\/wp\/index.php?rest_route=%2Fwp%2Fv2%2Fmedia&parent=21968"}],"wp:term":[{"taxonomy":"category","embeddable":true,"href":"https:\/\/uscatletica.ch\/wp\/index.php?rest_route=%2Fwp%2Fv2%2Fcategories&post=21968"},{"taxonomy":"post_tag","embeddable":true,"href":"https:\/\/uscatletica.ch\/wp\/index.php?rest_route=%2Fwp%2Fv2%2Ftags&post=21968"}],"curies":[{"name":"wp","href":"https:\/\/api.w.org\/{rel}","templated":true}]}}