{"id":22497,"date":"2026-09-04T08:57:02","date_gmt":"2026-09-04T06:57:02","guid":{"rendered":"https:\/\/uscatletica.ch\/wp\/?p=22497"},"modified":"2026-09-04T08:57:06","modified_gmt":"2026-09-04T06:57:06","slug":"mattia-e-noe-ai-campionati-svizzeri-di-thun","status":"publish","type":"post","link":"https:\/\/uscatletica.ch\/wp\/?p=22497","title":{"rendered":"Mattia e No\u00e9 ai campionati svizzeri di Thun"},"content":{"rendered":"\n<pre class=\"wp-block-preformatted\">Nel fine settimana Swiss Athletics propone i campionati svizzeri giovanili le categorie U20\/23 scenderanno in pista a Basilea  con circa 800 partecipanti e una cinquantina di Ticinese. L'USC sar\u00e0 invece presente a Thun dove sulla magica pista del Lachen garggerannno circa novecento giovani leve con sempre una cinquantina di ticinesi. Dalla Capriasca ci saranno No\u00e9 sugli 800 m e Mattia sui 1500 m. \u00f9<\/pre>\n\n\n\n<p class=\"wp-block-paragraph\"><a href=\"https:\/\/slv.laportal.net\/Competitions\/Details\/20348\" data-type=\"link\" data-id=\"https:\/\/slv.laportal.net\/Competitions\/Details\/20348\">I RISULTATI DI BASILEA <\/a> <a href=\"https:\/\/slv.laportal.net\/Competitions\/Details\/20072\" data-type=\"link\" data-id=\"https:\/\/slv.laportal.net\/Competitions\/Details\/20072\">RISULTATI ED ORARIO DI THUN<\/a><\/p>\n\n\n\n<p class=\"has-black-color has-text-color has-link-color wp-elements-1 wp-block-paragraph\">Sabato i nostri atleti scenderanno in pista alle 13.10 No\u00e9 che ha le capacit\u00e0 per scendere sottto i 2&#8242;, Tempo che ptorebbe valere  un posto nella finale di domenica alle 17.15. Tra gli iscritti ci sar\u00e0 anche il quarto dei campionati europei sui 2000 m siepi Nino Eugster. Eugster figura tra i favoriti anche sui 3000 m dove alle 19.10 Mattia scender\u00e0 in pista <\/p>\n\n\n\n<p class=\"wp-block-paragraph\"><a href=\"https:\/\/ftal.ch\/22611-2\/\">https:\/\/ftal.ch\/22611-2\/<\/a><\/p>\n\n\n\n<p class=\"wp-block-paragraph\">L&#8217;Articolo FTAL<\/p>\n\n\n\n<p class=\"wp-block-paragraph\">Nel fine settimana Swiss Athletics propone i campionati svizzeri giovanili con due manifestazioni: a Basilea si ritroveranno 800 atleti ed atlete delle categorie U20\/U23 con in palio una sessantina di titoli. Le categorie U16\/U18 scenderanno in pista a Thun. Tra gli attesi protagonisti dei campionati svizzeri ci saranno diversi medagliati nelle grandi rassegne giovanili, come alcuni reduci dagli europei di Birmingham<\/p>\n\n\n\n<h4 class=\"wp-block-heading\">GIADA BORIN ERIC HUANCA QUISPE GUIDANO LA CARICA A BASILEA<\/h4>\n\n\n\n<p class=\"wp-block-paragraph\">Sulle rive del Reno saranno una cinquantina le atlete e gli atleti ticinesi che cercheranno di cogliere l\u2019occasione per raccogliere i frutti dell\u2019intenso lavoro. Nella decina di atleti in grado di puntare al podio emergono certamente i nomi della primatista cantonale del disco Giada Borin (TVU) e del campione svizzero dei 1500 m Eric Huanca Quispe (Vigor). Borin, al termine di una stagione molto intensa, sar\u00e0 tra le favorite sia nel disco che nel martello U23. Huanca Quispe sar\u00e0 l\u2019uomo da battere nel mezzofondo. Sempre per la Vigor, tra le U23, le sorelle Sara (800 m) e Giulia (1500 m) sono tra le migliori nelle liste di partenza, come Elia Maggetti (Virtus) sui 5000 m. La famiglia De Marco, con Aurora (U20) e Gioele (U23), \u00e8 da podio. Nella velocit\u00e0 U23, Giovanni Pirolli (USA) \u00e8 tra i migliori U23 su 100 e 200 m, mentre sui 400 ci sar\u00e0 il duplice campione ticinese Noah Crescini (LCZ). Una decina i candidati alle finali nelle diverse discipline e categorie.<\/p>\n\n\n\n<h4 class=\"wp-block-heading\">CHRISTIAN SARTORI MILO VIGANI ED ERYN REDAELLI LE PUNTE A THUN<\/h4>\n\n\n\n<p class=\"wp-block-paragraph\">splendido impianto di Thun saranno quasi 900 le giovani leve a caccia della sessantina di titoli in palio. Sempre una cinquantina le presenze ticinesi che proveranno a battersi a viso aperto contro i migliori confederati. Tra gli U18 il fresco primatista cantonale U20 del giavellotto Milo Vigani (Virtus) \u00e8 tra i favoriti, come pure nel disco. Il suo compagno d\u2019allenamento Floriano Barbaresco \u00e8 atteso nell\u2019alto. Nella pedana del lungo, fresca di titolo cantonale, Laura Pesenti (SFG Biasca) potrebbe strappare una medaglia. Christian Sartori (Virtus) parte con il secondo accredito nelle tre gare in cui \u00e8 iscritto: triplo, alto e 80 m, dove il terzo tempo di iscrizione \u00e8 quello di Christian Ronchi (SAM). Eryn Redaelli (ASSPO) guida le liste stagionali nel triplo U16. Sui 600 m, fresca della vittoria al Galathletics, Orielle Levi (SAL) si presenta a Thun con il terzo tempo stagionale. Mattia Bigger (SAB) \u00e8 tra i migliori negli ostacoli. Florian Lisa (Virtus) ha il secondo accredito nel disco. Per un posto in finale ci saranno una decina di ticinesi pronti a cogliere l\u2019occasione. Tutti gli iscritti potranno trovare gli stimoli per crescere ancora e presentarsi con maggiori ambizioni nelle prossime uscite.<\/p>\n\n\n\n<p class=\"wp-block-paragraph\">5-6.9.2026 CS U20\/U23 (BASILEA)<\/p>\n\n\n\n<p class=\"wp-block-paragraph\"><a href=\"https:\/\/www.swiss-athletics.ch\/sm-u20-u23\/\">Il Sito<\/a><\/p>\n\n\n\n<p class=\"wp-block-paragraph\"><a href=\"https:\/\/slv.laportal.net\/Competitions\/Details\/20348\">Risultati<\/a><\/p>\n\n\n\n<p class=\"wp-block-paragraph\">5-6.9.2026 CS U16\/U18 (THUN<\/p>\n\n\n\n<p class=\"wp-block-paragraph\"><a href=\"https:\/\/www.swiss-athletics.ch\/sm-u16-u18\/\">Sito<\/a><\/p>\n\n\n\n<p class=\"wp-block-paragraph\"><a href=\"https:\/\/slv.laportal.net\/Competitions\/Details\/20072\">Risultati<\/a><\/p>\n","protected":false},"excerpt":{"rendered":"<p>Nel fine settimana Swiss Athletics propone i campionati svizzeri giovanili le categorie U20\/23 scenderanno in pista a Basilea con circa 800 partecipanti e una cinquantina di Ticinese. L&#8217;USC sar\u00e0 invece presente a Thun dove sulla magica pista del Lachen garggerannno circa novecento giovani leve con sempre una cinquantina di ticinesi. Dalla Capriasca ci saranno No\u00e9 sugli 800 m e Mattia sui 1500 m. \u00f9 I RISULTATI DI BASILEA RISULTATI ED ORARIO DI THUN Sabato i&#8230;<\/p>\n","protected":false},"author":4,"featured_media":22420,"comment_status":"closed","ping_status":"closed","sticky":false,"template":"","format":"standard","meta":{"_jetpack_newsletter_access":"","_jetpack_dont_email_post_to_subs":false,"_jetpack_newsletter_tier_id":0,"_jetpack_memberships_contains_paywalled_content":false,"_jetpack_feature_clip_id":0,"_jetpack_memberships_contains_paid_content":false,"footnotes":"","jetpack_publicize_message":"","jetpack_publicize_feature_enabled":true,"jetpack_social_post_already_shared":true,"jetpack_social_options":{"image_generator_settings":{"template":"highway","default_image_id":0,"font":"","enabled":false},"version":2},"jetpack_post_was_ever_published":false},"categories":[4,9],"tags":[],"class_list":["post-22497","post","type-post","status-publish","format-standard","has-post-thumbnail","hentry","category-pista","category-sport"],"jetpack_publicize_connections":[],"jetpack_sharing_enabled":true,"jetpack_shortlink":"https:\/\/wp.me\/p6V7Ck-5QR","jetpack-related-posts":[{"id":20623,"url":"https:\/\/uscatletica.ch\/wp\/?p=20623","url_meta":{"origin":22497,"position":0},"title":"Da Willisau a Bern USCine\/i impegnate nel fine settimana","author":"Leonida Stampanoni","date":"7 Marzo 2025","format":false,"excerpt":"Nell'intenso fine settimana in cui si svolgono anche i campionati europei Indoor, l'USC sar\u00e0 impegnata su due fronti: Sabato a Willisau ci saranno tre team a caccia di un posto alla finale nazionale di Thun del 22 marzo. In mattinata saranno i due quintetti U16X Stralusc (Sebastiano, Noah, Anais, Amelie,\u2026","rel":"","context":"In &quot;Cross&quot;","block_context":{"text":"Cross","link":"https:\/\/uscatletica.ch\/wp\/?cat=7"},"img":{"alt_text":"","src":"https:\/\/i0.wp.com\/uscatletica.ch\/wp\/wp-content\/uploads\/2025\/03\/Trottatecaprette.jpg?fit=432%2C272&ssl=1&resize=350%2C200","width":350,"height":200},"classes":[]},{"id":21261,"url":"https:\/\/uscatletica.ch\/wp\/?p=21261","url_meta":{"origin":22497,"position":1},"title":"Nel Canton Argovia Marta sfiora il podio","author":"Leonida Stampanoni","date":"14 Settembre 2025","format":false,"excerpt":"Nel fine settimana il Canton Argovia ha ospitato i campionati svizzeri giovanili nella capitale gareggiavano gli U20\/U23 mentre gli U16\/U18 gareggiavano a Zofingen. \u00a0Tra i 1500 partenti un centinaio i ticinesi . Tre le presenze USC. Marta ad Aarau ha sfiorato la medaglia nel triplo \u00a0e passato un turno sui\u2026","rel":"","context":"In &quot;Pista&quot;","block_context":{"text":"Pista","link":"https:\/\/uscatletica.ch\/wp\/?cat=4"},"img":{"alt_text":"","src":"https:\/\/i0.wp.com\/uscatletica.ch\/wp\/wp-content\/uploads\/2016\/09\/20160903_112600-e1472936223978.jpg?fit=640%2C360&ssl=1&resize=350%2C200","width":350,"height":200,"srcset":"https:\/\/i0.wp.com\/uscatletica.ch\/wp\/wp-content\/uploads\/2016\/09\/20160903_112600-e1472936223978.jpg?fit=640%2C360&ssl=1&resize=350%2C200 1x, https:\/\/i0.wp.com\/uscatletica.ch\/wp\/wp-content\/uploads\/2016\/09\/20160903_112600-e1472936223978.jpg?fit=640%2C360&ssl=1&resize=525%2C300 1.5x"},"classes":[]},{"id":21256,"url":"https:\/\/uscatletica.ch\/wp\/?p=21256","url_meta":{"origin":22497,"position":2},"title":"Marta No\u00e9 ed Alice al via dei campionati svizzeri giovanili","author":"Leonida Stampanoni","date":"12 Settembre 2025","format":false,"excerpt":"Nel fine settimana il Canton Argovia ospiter\u00e0 i campionati svizzeri giovanili 900 talenti delle categorie U16\/U18 saranno al via a Zofingen, mentre nella capitale Aarau gareggeranno quasi 700 U20\/U23. Per il Ticino saranno un centinaio i partecipanti nelle due sedi. Tre gli USCini No\u00e9 ed Alice gareggeranno tra. gli \u00a0U18\u2026","rel":"","context":"In &quot;Pista&quot;","block_context":{"text":"Pista","link":"https:\/\/uscatletica.ch\/wp\/?cat=4"},"img":{"alt_text":"","src":"https:\/\/i0.wp.com\/uscatletica.ch\/wp\/wp-content\/uploads\/2024\/06\/Pista-Olgiate-Olona-1-scaled.jpg?fit=1200%2C900&ssl=1&resize=350%2C200","width":350,"height":200,"srcset":"https:\/\/i0.wp.com\/uscatletica.ch\/wp\/wp-content\/uploads\/2024\/06\/Pista-Olgiate-Olona-1-scaled.jpg?fit=1200%2C900&ssl=1&resize=350%2C200 1x, https:\/\/i0.wp.com\/uscatletica.ch\/wp\/wp-content\/uploads\/2024\/06\/Pista-Olgiate-Olona-1-scaled.jpg?fit=1200%2C900&ssl=1&resize=525%2C300 1.5x, https:\/\/i0.wp.com\/uscatletica.ch\/wp\/wp-content\/uploads\/2024\/06\/Pista-Olgiate-Olona-1-scaled.jpg?fit=1200%2C900&ssl=1&resize=700%2C400 2x, https:\/\/i0.wp.com\/uscatletica.ch\/wp\/wp-content\/uploads\/2024\/06\/Pista-Olgiate-Olona-1-scaled.jpg?fit=1200%2C900&ssl=1&resize=1050%2C600 3x"},"classes":[]},{"id":21042,"url":"https:\/\/uscatletica.ch\/wp\/?p=21042","url_meta":{"origin":22497,"position":3},"title":"I REGIONALI IN TICINO USC con ambizione al via","author":"Leonida Stampanoni","date":"20 Giugno 2025","format":false,"excerpt":"Nel fine settimana il comunale di Bellinzona ospiter\u00e0 quasi 500 giovani talenti proveniente dalla svizzera Orientale quasi 800 le partenze. Tutto \u00e8 pronto domani al comunale ci saranno anche sette atlete USC e due atleti. 188 I Ticinesi al via. Nella velocit\u00e0 ci saranno Alice, Asia, Giorgia e Maja, \u00a0Nel\u2026","rel":"","context":"In &quot;Pista&quot;","block_context":{"text":"Pista","link":"https:\/\/uscatletica.ch\/wp\/?cat=4"},"img":{"alt_text":"","src":"https:\/\/i0.wp.com\/uscatletica.ch\/wp\/wp-content\/uploads\/2022\/09\/Gala.jpg?fit=753%2C257&ssl=1&resize=350%2C200","width":350,"height":200,"srcset":"https:\/\/i0.wp.com\/uscatletica.ch\/wp\/wp-content\/uploads\/2022\/09\/Gala.jpg?fit=753%2C257&ssl=1&resize=350%2C200 1x, https:\/\/i0.wp.com\/uscatletica.ch\/wp\/wp-content\/uploads\/2022\/09\/Gala.jpg?fit=753%2C257&ssl=1&resize=525%2C300 1.5x, https:\/\/i0.wp.com\/uscatletica.ch\/wp\/wp-content\/uploads\/2022\/09\/Gala.jpg?fit=753%2C257&ssl=1&resize=700%2C400 2x"},"classes":[]},{"id":12628,"url":"https:\/\/uscatletica.ch\/wp\/?p=12628","url_meta":{"origin":22497,"position":4},"title":"Una dozzina di USCini al Sihlholzli per CS ORIENTALE","author":"Leonida Stampanoni","date":"18 Giugno 2021","format":false,"excerpt":"Sabato saranno \u00a0una dozzina gli USCini impegnati al Sihlholzli di Zurich per i campionati della Svizzera Orientale. Nella stessa sede dove nel 2019 \u00a0\u00a0Giada vinse il titolo Morena e Gaia vinsero il bronzo. Finalmente tutti si potranno confrontare nuovamente con i nostri avversari di oltre Gottardo\u00a0 Seguite le gare live\u2026","rel":"","context":"In &quot;Pista&quot;","block_context":{"text":"Pista","link":"https:\/\/uscatletica.ch\/wp\/?cat=4"},"img":{"alt_text":"","src":"https:\/\/i0.wp.com\/uscatletica.ch\/wp\/wp-content\/uploads\/2020\/09\/7-1.jpeg?fit=420%2C315&ssl=1&resize=350%2C200","width":350,"height":200},"classes":[]},{"id":18075,"url":"https:\/\/uscatletica.ch\/wp\/?p=18075","url_meta":{"origin":22497,"position":5},"title":"ALICE FEDERICA MATILDA AI CAMPIONATI SVIZZERI GIOVANILI","author":"Leonida Stampanoni","date":"8 Settembre 2023","format":false,"excerpt":"Nel fine settimana tra Losanna (U23\/U20) e Frauenfeld (U18 U16)si correranno i campionati svizzeri giovanili. L'USC sar\u00e0 presente con tre ragazze; \u00a0Federica e Matilda \u00a0a Losanna dove al via ci saranno 600 atleti ed un trentina di ticinesi. Alice garegger\u00e0 Frauenfeld con 800 atleti ed una cinquantina di ticinesi al\u2026","rel":"","context":"In &quot;Pista&quot;","block_context":{"text":"Pista","link":"https:\/\/uscatletica.ch\/wp\/?cat=4"},"img":{"alt_text":"","src":"https:\/\/i0.wp.com\/uscatletica.ch\/wp\/wp-content\/uploads\/2023\/09\/230903widencoas.jpg?fit=432%2C287&ssl=1&resize=350%2C200","width":350,"height":200},"classes":[]}],"jetpack_featured_media_url":"https:\/\/i0.wp.com\/uscatletica.ch\/wp\/wp-content\/uploads\/2026\/06\/20260621CRESTU18.jpg?fit=420%2C315&ssl=1","_links":{"self":[{"href":"https:\/\/uscatletica.ch\/wp\/index.php?rest_route=\/wp\/v2\/posts\/22497","targetHints":{"allow":["GET"]}}],"collection":[{"href":"https:\/\/uscatletica.ch\/wp\/index.php?rest_route=\/wp\/v2\/posts"}],"about":[{"href":"https:\/\/uscatletica.ch\/wp\/index.php?rest_route=\/wp\/v2\/types\/post"}],"author":[{"embeddable":true,"href":"https:\/\/uscatletica.ch\/wp\/index.php?rest_route=\/wp\/v2\/users\/4"}],"replies":[{"embeddable":true,"href":"https:\/\/uscatletica.ch\/wp\/index.php?rest_route=%2Fwp%2Fv2%2Fcomments&post=22497"}],"version-history":[{"count":2,"href":"https:\/\/uscatletica.ch\/wp\/index.php?rest_route=\/wp\/v2\/posts\/22497\/revisions"}],"predecessor-version":[{"id":22499,"href":"https:\/\/uscatletica.ch\/wp\/index.php?rest_route=\/wp\/v2\/posts\/22497\/revisions\/22499"}],"wp:featuredmedia":[{"embeddable":true,"href":"https:\/\/uscatletica.ch\/wp\/index.php?rest_route=\/wp\/v2\/media\/22420"}],"wp:attachment":[{"href":"https:\/\/uscatletica.ch\/wp\/index.php?rest_route=%2Fwp%2Fv2%2Fmedia&parent=22497"}],"wp:term":[{"taxonomy":"category","embeddable":true,"href":"https:\/\/uscatletica.ch\/wp\/index.php?rest_route=%2Fwp%2Fv2%2Fcategories&post=22497"},{"taxonomy":"post_tag","embeddable":true,"href":"https:\/\/uscatletica.ch\/wp\/index.php?rest_route=%2Fwp%2Fv2%2Ftags&post=22497"}],"curies":[{"name":"wp","href":"https:\/\/api.w.org\/{rel}","templated":true}]}}