{"id":2561,"date":"2016-08-06T22:27:02","date_gmt":"2016-08-06T20:27:02","guid":{"rendered":"http:\/\/uscatletica.ch\/wp\/?p=2561"},"modified":"2016-08-06T22:28:46","modified_gmt":"2016-08-06T20:28:46","slug":"zofingen-meeting-giovanile-giada-in-gara","status":"publish","type":"post","link":"https:\/\/uscatletica.ch\/wp\/?p=2561","title":{"rendered":"Zofingen meeting giovanile Giada in gara"},"content":{"rendered":"<p>Trasferta a Zofingen per un meeting Giovanile per la nostra Giada che ha portato a termine tre gare.\u00a0<a href=\"http:\/\/www.alv-lager.ch\/live\/timetable1.php\" target=\"_blank\">le classifiche<\/a><\/p>\n<p>Nella Pedana del peso ha insabbiato la boccia da 3 kg a 10.12 m , Il giavellotto \u00e8 atterrato a 28.67 m al primo lancio seguito da tre nulli.<\/p>\n<p>In gara sui 600 m ha chiuso in 1&#8217;57&#8243;67. \u00a0Alcuni problemi invece in mattinata sulla distanza degli 80 m ostacoli dove Giada non ha potuto chiudere.<\/p>\n","protected":false},"excerpt":{"rendered":"<p>Trasferta a Zofingen per un meeting Giovanile per la nostra Giada che ha portato a termine tre gare.\u00a0le classifiche Nella Pedana del peso ha insabbiato la boccia da 3 kg a 10.12 m , Il giavellotto \u00e8 atterrato a 28.67 m al primo lancio seguito da tre nulli. In gara sui 600 m ha chiuso in 1&#8217;57&#8243;67. \u00a0Alcuni problemi invece in mattinata sulla distanza degli 80 m ostacoli dove Giada non ha potuto chiudere.<\/p>\n","protected":false},"author":4,"featured_media":2266,"comment_status":"closed","ping_status":"closed","sticky":false,"template":"","format":"standard","meta":{"jetpack_post_was_ever_published":false,"_jetpack_newsletter_access":"","_jetpack_dont_email_post_to_subs":false,"_jetpack_newsletter_tier_id":0,"_jetpack_memberships_contains_paywalled_content":false,"_jetpack_memberships_contains_paid_content":false,"footnotes":"","jetpack_publicize_message":"","jetpack_publicize_feature_enabled":true,"jetpack_social_post_already_shared":true,"jetpack_social_options":{"image_generator_settings":{"template":"highway","default_image_id":0,"font":"","enabled":false},"version":2}},"categories":[4,9],"tags":[],"class_list":["post-2561","post","type-post","status-publish","format-standard","has-post-thumbnail","hentry","category-pista","category-sport"],"jetpack_publicize_connections":[],"jetpack_featured_media_url":"https:\/\/i0.wp.com\/uscatletica.ch\/wp\/wp-content\/uploads\/2016\/06\/ctgiovanili009.jpg?fit=563%2C422&ssl=1","jetpack_sharing_enabled":true,"jetpack_shortlink":"https:\/\/wp.me\/p6V7Ck-Fj","jetpack-related-posts":[{"id":2543,"url":"https:\/\/uscatletica.ch\/wp\/?p=2543","url_meta":{"origin":2561,"position":0},"title":"Fine Settimana da Selma a Zofingen","author":"Leonida Stampanoni","date":"4 Agosto 2016","format":false,"excerpt":"Archiviata la coppa Ticino di corsa in montagna sabato nel tardo pomeriggio la coppa Ticino raccoglier\u00e0 il testimone con la nona prova Moesa Runner's organizzer\u00e0 in Calanca la Selma Rossa 10 km suggestiva nell'alta valle. A Zofingen si correr\u00e0 invece un meeting nazionale giovanile \u00a0Giada dopo un intenso periodo di\u2026","rel":"","context":"In &quot;Pista&quot;","block_context":{"text":"Pista","link":"https:\/\/uscatletica.ch\/wp\/?cat=4"},"img":{"alt_text":"","src":"https:\/\/i0.wp.com\/uscatletica.ch\/wp\/wp-content\/uploads\/2016\/04\/csigrupo201618anni.png?fit=563%2C307&ssl=1&resize=350%2C200","width":350,"height":200,"srcset":"https:\/\/i0.wp.com\/uscatletica.ch\/wp\/wp-content\/uploads\/2016\/04\/csigrupo201618anni.png?fit=563%2C307&ssl=1&resize=350%2C200 1x, https:\/\/i0.wp.com\/uscatletica.ch\/wp\/wp-content\/uploads\/2016\/04\/csigrupo201618anni.png?fit=563%2C307&ssl=1&resize=525%2C300 1.5x"},"classes":[]},{"id":6054,"url":"https:\/\/uscatletica.ch\/wp\/?p=6054","url_meta":{"origin":2561,"position":1},"title":"Selezione Ticino brava Giada","author":"Leonida Stampanoni","date":"21 Maggio 2018","format":false,"excerpt":"Domenica alla 36 edizione del meeting Brixia Athletics a difendere i colori del Ticino nella sfida con 19 regioni del centro europa c'era anche la nostra Giada che scendeva in pedana nel peso. Nel fine settimana altri tre atleti ticinese hanno ottenuto il limite per i campionati europei e mondiali\u2026","rel":"","context":"In &quot;Pista&quot;","block_context":{"text":"Pista","link":"https:\/\/uscatletica.ch\/wp\/?cat=4"},"img":{"alt_text":"","src":"https:\/\/i0.wp.com\/uscatletica.ch\/wp\/wp-content\/uploads\/2017\/09\/argealp2017TICINO.jpeg?fit=960%2C720&ssl=1&resize=350%2C200","width":350,"height":200,"srcset":"https:\/\/i0.wp.com\/uscatletica.ch\/wp\/wp-content\/uploads\/2017\/09\/argealp2017TICINO.jpeg?fit=960%2C720&ssl=1&resize=350%2C200 1x, https:\/\/i0.wp.com\/uscatletica.ch\/wp\/wp-content\/uploads\/2017\/09\/argealp2017TICINO.jpeg?fit=960%2C720&ssl=1&resize=525%2C300 1.5x, https:\/\/i0.wp.com\/uscatletica.ch\/wp\/wp-content\/uploads\/2017\/09\/argealp2017TICINO.jpeg?fit=960%2C720&ssl=1&resize=700%2C400 2x"},"classes":[]},{"id":8152,"url":"https:\/\/uscatletica.ch\/wp\/?p=8152","url_meta":{"origin":2561,"position":2},"title":"Giada ed Elia in forma al GP FTAL bene gli USCini alla Comano Run","author":"Leonida Stampanoni","date":"19 Maggio 2019","format":false,"excerpt":"Domenica intensa per gli USCini a Locarno in programma una delle gare pi\u00f9 importanti della stagione cantonale la prima tappa del GP FTAL al via solo due USCini Giada trova un bel lancio a 29.01 nel disco Elia debutta sui 1500 m con una prestazione promettente Nel disco ieri primato\u2026","rel":"","context":"In &quot;Diversi&quot;","block_context":{"text":"Diversi","link":"https:\/\/uscatletica.ch\/wp\/?cat=30"},"img":{"alt_text":"","src":"https:\/\/i0.wp.com\/uscatletica.ch\/wp\/wp-content\/uploads\/2019\/02\/giadaargentoamcolin2019.jpg?fit=640%2C480&ssl=1&resize=350%2C200","width":350,"height":200,"srcset":"https:\/\/i0.wp.com\/uscatletica.ch\/wp\/wp-content\/uploads\/2019\/02\/giadaargentoamcolin2019.jpg?fit=640%2C480&ssl=1&resize=350%2C200 1x, https:\/\/i0.wp.com\/uscatletica.ch\/wp\/wp-content\/uploads\/2019\/02\/giadaargentoamcolin2019.jpg?fit=640%2C480&ssl=1&resize=525%2C300 1.5x"},"classes":[]},{"id":21261,"url":"https:\/\/uscatletica.ch\/wp\/?p=21261","url_meta":{"origin":2561,"position":3},"title":"Nel Canton Argovia Marta sfiora il podio","author":"Leonida Stampanoni","date":"14 Settembre 2025","format":false,"excerpt":"Nel fine settimana il Canton Argovia ha ospitato i campionati svizzeri giovanili nella capitale gareggiavano gli U20\/U23 mentre gli U16\/U18 gareggiavano a Zofingen. \u00a0Tra i 1500 partenti un centinaio i ticinesi . Tre le presenze USC. Marta ad Aarau ha sfiorato la medaglia nel triplo \u00a0e passato un turno sui\u2026","rel":"","context":"In &quot;Pista&quot;","block_context":{"text":"Pista","link":"https:\/\/uscatletica.ch\/wp\/?cat=4"},"img":{"alt_text":"","src":"https:\/\/i0.wp.com\/uscatletica.ch\/wp\/wp-content\/uploads\/2016\/09\/20160903_112600-e1472936223978.jpg?fit=640%2C360&ssl=1&resize=350%2C200","width":350,"height":200,"srcset":"https:\/\/i0.wp.com\/uscatletica.ch\/wp\/wp-content\/uploads\/2016\/09\/20160903_112600-e1472936223978.jpg?fit=640%2C360&ssl=1&resize=350%2C200 1x, https:\/\/i0.wp.com\/uscatletica.ch\/wp\/wp-content\/uploads\/2016\/09\/20160903_112600-e1472936223978.jpg?fit=640%2C360&ssl=1&resize=525%2C300 1.5x"},"classes":[]},{"id":6042,"url":"https:\/\/uscatletica.ch\/wp\/?p=6042","url_meta":{"origin":2561,"position":4},"title":"Giada a Bressanone I podisti tra GP Bern Ritom e Malvaglia","author":"Leonida Stampanoni","date":"17 Maggio 2018","format":false,"excerpt":"Il lungo fine settimana di Pentecoste \u00e8 ricco di appuntamenti atletici e podistici, Giada sar\u00e0 a Bressanone con i colori del Ticino per il Brixia meeting. Nella capitale ci sar\u00e0 la solita delegazione USC al GP Bern la 10 miglia pi\u00f9 bella al mondo, La coppa ASTi prevede un doppio\u2026","rel":"","context":"In &quot;Montagna&quot;","block_context":{"text":"Montagna","link":"https:\/\/uscatletica.ch\/wp\/?cat=16"},"img":{"alt_text":"","src":"https:\/\/i0.wp.com\/uscatletica.ch\/wp\/wp-content\/uploads\/2017\/10\/giadagiavepo2.jpg?fit=531%2C320&ssl=1&resize=350%2C200","width":350,"height":200,"srcset":"https:\/\/i0.wp.com\/uscatletica.ch\/wp\/wp-content\/uploads\/2017\/10\/giadagiavepo2.jpg?fit=531%2C320&ssl=1&resize=350%2C200 1x, https:\/\/i0.wp.com\/uscatletica.ch\/wp\/wp-content\/uploads\/2017\/10\/giadagiavepo2.jpg?fit=531%2C320&ssl=1&resize=525%2C300 1.5x"},"classes":[]},{"id":12430,"url":"https:\/\/uscatletica.ch\/wp\/?p=12430","url_meta":{"origin":2561,"position":5},"title":"Da Uster a Locarno molti USCini in pista","author":"Leonida Stampanoni","date":"4 Giugno 2021","format":false,"excerpt":"Il primo fine settimana di giugno prevede per l' USC due impegni : Venerd\u00ec sera \u00a0Roby sar\u00e0 ad Uster per i campionati svizzeri dei 10000 m mentre sabato a Locarno ci sar\u00e0 il primo meeting aperto a tutti gli atleti. con una quindicina di nostre atleti al via.\u00a0 I risultati\u2026","rel":"","context":"In &quot;Pista&quot;","block_context":{"text":"Pista","link":"https:\/\/uscatletica.ch\/wp\/?cat=4"},"img":{"alt_text":"","src":"https:\/\/i0.wp.com\/uscatletica.ch\/wp\/wp-content\/uploads\/2021\/04\/P1070134oli.jpg?fit=432%2C324&ssl=1&resize=350%2C200","width":350,"height":200},"classes":[]}],"_links":{"self":[{"href":"https:\/\/uscatletica.ch\/wp\/index.php?rest_route=\/wp\/v2\/posts\/2561","targetHints":{"allow":["GET"]}}],"collection":[{"href":"https:\/\/uscatletica.ch\/wp\/index.php?rest_route=\/wp\/v2\/posts"}],"about":[{"href":"https:\/\/uscatletica.ch\/wp\/index.php?rest_route=\/wp\/v2\/types\/post"}],"author":[{"embeddable":true,"href":"https:\/\/uscatletica.ch\/wp\/index.php?rest_route=\/wp\/v2\/users\/4"}],"replies":[{"embeddable":true,"href":"https:\/\/uscatletica.ch\/wp\/index.php?rest_route=%2Fwp%2Fv2%2Fcomments&post=2561"}],"version-history":[{"count":2,"href":"https:\/\/uscatletica.ch\/wp\/index.php?rest_route=\/wp\/v2\/posts\/2561\/revisions"}],"predecessor-version":[{"id":2564,"href":"https:\/\/uscatletica.ch\/wp\/index.php?rest_route=\/wp\/v2\/posts\/2561\/revisions\/2564"}],"wp:featuredmedia":[{"embeddable":true,"href":"https:\/\/uscatletica.ch\/wp\/index.php?rest_route=\/wp\/v2\/media\/2266"}],"wp:attachment":[{"href":"https:\/\/uscatletica.ch\/wp\/index.php?rest_route=%2Fwp%2Fv2%2Fmedia&parent=2561"}],"wp:term":[{"taxonomy":"category","embeddable":true,"href":"https:\/\/uscatletica.ch\/wp\/index.php?rest_route=%2Fwp%2Fv2%2Fcategories&post=2561"},{"taxonomy":"post_tag","embeddable":true,"href":"https:\/\/uscatletica.ch\/wp\/index.php?rest_route=%2Fwp%2Fv2%2Ftags&post=2561"}],"curies":[{"name":"wp","href":"https:\/\/api.w.org\/{rel}","templated":true}]}}