{"id":2936,"date":"2016-10-10T22:30:36","date_gmt":"2016-10-10T20:30:36","guid":{"rendered":"http:\/\/uscatletica.ch\/wp\/?p=2936"},"modified":"2016-10-10T22:30:36","modified_gmt":"2016-10-10T20:30:36","slug":"2016-annata-luminosa-in-pista","status":"publish","type":"post","link":"https:\/\/uscatletica.ch\/wp\/?p=2936","title":{"rendered":"2016 ANNATA LUMINOSA IN PISTA"},"content":{"rendered":"<p>La stagione in pista \u00e8 cominciata presto con i primi campionati ticinesi Indoor nei salti alla Regazzi a met\u00e0 gennaio per chiudersi lo scorso fine settimana sul nuovo RUB TAN dominator del Lido di Locarno. Molte le soddisfazione e una buona dose di medaglie. Molte soddisfazione anche come squadra la vittoria delle U16 nei CSI 5 medaglie di bronzo per le nostre staffette. Fuori dai confini nazionali solo tre atleti hanno potuto gareggiare ai campionati svizzeri giovanili. Gli assoluti restano un obbiettivo per il futuro.<\/p>\n<p>La Stagione indoor ha salutato la prima edizione dei campionati ticinesi indoor con C\u00e9line a conquistare il titolo nel salto in lungo <a href=\"https:\/\/uscatletica.ch\/wp\/?p=641\" target=\"_blank\">\u00a0a Tenero<\/a>,accompagnata a piedi del podio da Alessia e Giada. Simone \u00a0nell&#8217;Asta vince la medaglia d&#8217;argento salendo. \u00a0<a href=\"https:\/\/uscatletica.ch\/wp\/?p=800\" target=\"_blank\">Al Fevi<\/a> in palio i titoli nel peso e nella velocit\u00e0 \u00a0C\u00e9line in pedana si prende l&#8217;argento. Ai <a href=\"https:\/\/uscatletica.ch\/wp\/?p=862\" target=\"_blank\">campionati svizzeri indoor<\/a> \u00a0Simone si presenta al via sui 200 m mentre Giada \u00a0sui 60 m. Alessia e C\u00e9line sono invece infortunate. Chiude la stagione Giada con la selezione Ticino ad Aosta.<\/p>\n<p>La Stagione estiva comincia con tre bronzi di squadra: due \u00a0ai <a href=\"https:\/\/uscatletica.ch\/wp\/?p=1422\">campionati\u00a0giovanili di staffette s<\/a>ulla nuova pista del Lido Rachele Katharina Nina e Pamela siglano l&#8217;olimpionica Janet Giorgia ed Alice la 3&#215;1000 m . il terzo lo vincono Alice, Vera, Giada, Alessia, Janet e Clo\u00e9 la settimana successiva ai\u00a0<a href=\"https:\/\/uscatletica.ch\/wp\/?p=1570\">CSI<\/a>. A fine estate nella categoria assoluta arriva un&#8217;ulteriore doppietta a<a href=\"https:\/\/uscatletica.ch\/wp\/?p=2715\" target=\"_blank\"> Lugano\u00a0<\/a>\u00a0 sono \u00a0Clo\u00e9, Alice, Giada e Nina a mettersi al collo il bronzo nella 4&#215;100 battendo le compagne . Tre giorni dopo sulla pista di casa Flavie Vera Giada e Nina si prendono il bronzo <a href=\"https:\/\/uscatletica.ch\/wp\/?p=2733\" target=\"_blank\">nell&#8217;olimpionica<\/a> \u00a0davanti ad un&#8217;altra squadra di casa.<\/p>\n<p>I progetti giovanili sono la palestra ideale per i piccolini e delle sfide impegnative per i pi\u00f9 grandi. Vivace la partecipazione alla KIDS CUP con l&#8217;ottima festa a <a href=\"https:\/\/uscatletica.ch\/wp\/?p=1772\" target=\"_blank\">Tesserete<\/a> e 22 finalisti a<a href=\"https:\/\/uscatletica.ch\/wp\/?p=2146\" target=\"_blank\"> Bellinzona<\/a>. Morena partecipa per la seconda volta alla<a href=\"https:\/\/uscatletica.ch\/wp\/?p=2731\" target=\"_blank\"> Finale del Letzi <\/a>dove trova anche Chiara. \u00a014 gli atleti al via del <a href=\"https:\/\/uscatletica.ch\/wp\/?p=2212\" target=\"_blank\">Mille Gruyere<\/a> con Matilde che si guadagna la finale <a href=\"https:\/\/uscatletica.ch\/wp\/?p=2849\" target=\"_blank\">di Fribourg <\/a>dove otterr\u00e0 il personale. Gea \u00e8 l&#8217;unica a guadagnarsi la finale cantonale di <a href=\"https:\/\/uscatletica.ch\/wp\/?p=2113\" target=\"_blank\">Swiss Athletics sprint <\/a>dove le nostre U16 si battono bene.<\/p>\n<p>I campionati ticinesi giovanili salutano al via la seconda ondata di USCini il<\/p>\n","protected":false},"excerpt":{"rendered":"<p>La stagione in pista \u00e8 cominciata presto con i primi campionati ticinesi Indoor nei salti alla Regazzi a met\u00e0 gennaio per chiudersi lo scorso fine settimana sul nuovo RUB TAN dominator del Lido di Locarno. Molte le soddisfazione e una buona dose di medaglie. Molte soddisfazione anche come squadra la vittoria delle U16 nei CSI 5 medaglie di bronzo per le nostre staffette. Fuori dai confini nazionali solo tre atleti hanno potuto gareggiare ai campionati&#8230;<\/p>\n","protected":false},"author":4,"featured_media":2716,"comment_status":"closed","ping_status":"closed","sticky":false,"template":"","format":"standard","meta":{"jetpack_post_was_ever_published":false,"_jetpack_newsletter_access":"","_jetpack_dont_email_post_to_subs":false,"_jetpack_newsletter_tier_id":0,"_jetpack_memberships_contains_paywalled_content":false,"_jetpack_memberships_contains_paid_content":false,"footnotes":"","jetpack_publicize_message":"","jetpack_publicize_feature_enabled":true,"jetpack_social_post_already_shared":true,"jetpack_social_options":{"image_generator_settings":{"template":"highway","default_image_id":0,"font":"","enabled":false},"version":2}},"categories":[4],"tags":[],"class_list":["post-2936","post","type-post","status-publish","format-standard","has-post-thumbnail","hentry","category-pista"],"jetpack_publicize_connections":[],"jetpack_featured_media_url":"https:\/\/i0.wp.com\/uscatletica.ch\/wp\/wp-content\/uploads\/2016\/08\/ct4x100.jpg?fit=561%2C371&ssl=1","jetpack_sharing_enabled":true,"jetpack_shortlink":"https:\/\/wp.me\/p6V7Ck-Lm","jetpack-related-posts":[{"id":775,"url":"https:\/\/uscatletica.ch\/wp\/?p=775","url_meta":{"origin":2936,"position":0},"title":"Campionati ticinesi Indoor Fevi USCini ambiziosi","author":"Leonida Stampanoni","date":"2 Febbraio 2016","format":false,"excerpt":"Mercoled\u00ec per la terza settimana consecutiva la Virtus accoglier\u00e0 al Fevi velocisti e lanciatori, ma per la prima volta nella storia in palio ci saranno i titoli di campionessa ticinese. A partire dalle 19.00 si tratter\u00e0 di sprintare e lanciare a caccia di medaglie. L'USC \u00a0sar\u00e0 al via con 9\u2026","rel":"","context":"In &quot;Pista&quot;","block_context":{"text":"Pista","link":"https:\/\/uscatletica.ch\/wp\/?cat=4"},"img":{"alt_text":"","src":"https:\/\/i0.wp.com\/uscatletica.ch\/wp\/wp-content\/uploads\/2016\/02\/csceline.png?fit=560%2C416&ssl=1&resize=350%2C200","width":350,"height":200,"srcset":"https:\/\/i0.wp.com\/uscatletica.ch\/wp\/wp-content\/uploads\/2016\/02\/csceline.png?fit=560%2C416&ssl=1&resize=350%2C200 1x, https:\/\/i0.wp.com\/uscatletica.ch\/wp\/wp-content\/uploads\/2016\/02\/csceline.png?fit=560%2C416&ssl=1&resize=525%2C300 1.5x"},"classes":[]},{"id":5497,"url":"https:\/\/uscatletica.ch\/wp\/?p=5497","url_meta":{"origin":2936,"position":1},"title":"CT INDOOR CORSA AL PALEXPO 13 USCini","author":"Leonida Stampanoni","date":"28 Gennaio 2018","format":false,"excerpt":"PALEXPO SI CORRE PER GLI ULTIMI TITOLI INDOOR \u00a0Martedi sera al Palexpo si correr\u00e0 la terza giornata dei campionati ticinesi indoor quella dedicata a velocit\u00e0 ed ostacoli, sulla pista del Palexpo di Locarno in palio ci saranno le medaglie sui 60 m ed i 60 m h.\u00a0 Ben tredici gli\u2026","rel":"","context":"In &quot;Pista&quot;","block_context":{"text":"Pista","link":"https:\/\/uscatletica.ch\/wp\/?cat=4"},"img":{"alt_text":"","src":"https:\/\/i0.wp.com\/uscatletica.ch\/wp\/wp-content\/uploads\/2017\/05\/P1470012-1.jpg?fit=563%2C422&ssl=1&resize=350%2C200","width":350,"height":200,"srcset":"https:\/\/i0.wp.com\/uscatletica.ch\/wp\/wp-content\/uploads\/2017\/05\/P1470012-1.jpg?fit=563%2C422&ssl=1&resize=350%2C200 1x, https:\/\/i0.wp.com\/uscatletica.ch\/wp\/wp-content\/uploads\/2017\/05\/P1470012-1.jpg?fit=563%2C422&ssl=1&resize=525%2C300 1.5x"},"classes":[]},{"id":641,"url":"https:\/\/uscatletica.ch\/wp\/?p=641","url_meta":{"origin":2936,"position":2},"title":"Celine campionessa ticinese indoor di salto in lungo","author":"Leonida Stampanoni","date":"17 Gennaio 2016","format":false,"excerpt":"La prima edizione dei campionati ticinesi indoor per il settore salti \u00e8 stata una bella giornata di atletica organizzata dall'US Ascona alla palestra Regazzi di Gordola. l'USC con sei atleti era tra le societ\u00e0 pi\u00f9 numerose, C\u00e9line ha scritto una pagina storica aggiudicandosi il primo titolo nel salto in lungo,\u2026","rel":"","context":"In &quot;Pista&quot;","block_context":{"text":"Pista","link":"https:\/\/uscatletica.ch\/wp\/?cat=4"},"img":{"alt_text":"","src":"https:\/\/i0.wp.com\/uscatletica.ch\/wp\/wp-content\/uploads\/2016\/01\/P1370359.jpg?fit=563%2C422&ssl=1&resize=350%2C200","width":350,"height":200,"srcset":"https:\/\/i0.wp.com\/uscatletica.ch\/wp\/wp-content\/uploads\/2016\/01\/P1370359.jpg?fit=563%2C422&ssl=1&resize=350%2C200 1x, https:\/\/i0.wp.com\/uscatletica.ch\/wp\/wp-content\/uploads\/2016\/01\/P1370359.jpg?fit=563%2C422&ssl=1&resize=525%2C300 1.5x"},"classes":[]},{"id":3592,"url":"https:\/\/uscatletica.ch\/wp\/?p=3592","url_meta":{"origin":2936,"position":3},"title":"CS GIOVANILI INDOOR GRANDE USC ( Classifche, Cross Luzern)","author":"Leonida Stampanoni","date":"11 Febbraio 2017","format":false,"excerpt":"Buon fine settimana per gli USCini ai campionati svizzeri Indoor di San Gallo . Simone sui 400 m sfiora la medaglia in una finale concitata alla fine di un gran gara mancano solo 5 ct al bronzo.Due atleti USC erano impegnati al cross di Luzern \u00a0Rachele ha chiuso al terzo\u2026","rel":"","context":"In &quot;Cross&quot;","block_context":{"text":"Cross","link":"https:\/\/uscatletica.ch\/wp\/?cat=7"},"img":{"alt_text":"","src":"https:\/\/i0.wp.com\/uscatletica.ch\/wp\/wp-content\/uploads\/2016\/09\/P1430671.jpg?fit=563%2C422&ssl=1&resize=350%2C200","width":350,"height":200,"srcset":"https:\/\/i0.wp.com\/uscatletica.ch\/wp\/wp-content\/uploads\/2016\/09\/P1430671.jpg?fit=563%2C422&ssl=1&resize=350%2C200 1x, https:\/\/i0.wp.com\/uscatletica.ch\/wp\/wp-content\/uploads\/2016\/09\/P1430671.jpg?fit=563%2C422&ssl=1&resize=525%2C300 1.5x"},"classes":[]},{"id":220,"url":"https:\/\/uscatletica.ch\/wp\/?p=220","url_meta":{"origin":2936,"position":4},"title":"La Stagione in pista 2015","author":"Leonida Stampanoni","date":"10 Ottobre 2015","format":false,"excerpt":"La Stagione 2016 si \u00e8 chiusa con il titolo di SImone nel pentathlon U18.Non sono mancate le soddisfazioni e la giusta dose di delusione che ci aiuteranno e sproneranno a crescere. Ecco i fatti salienti riassunti dal nostro allenatore Renato LA STAGIONE IN PISTA 2015. Il 2015 in pista inizia\u2026","rel":"","context":"In &quot;Pista&quot;","block_context":{"text":"Pista","link":"https:\/\/uscatletica.ch\/wp\/?cat=4"},"img":{"alt_text":"","src":"https:\/\/i0.wp.com\/uscatletica.ch\/wp\/wp-content\/uploads\/2015\/10\/cssiepi2015lan01-e1446309499445.jpg?fit=563%2C353&ssl=1&resize=350%2C200","width":350,"height":200,"srcset":"https:\/\/i0.wp.com\/uscatletica.ch\/wp\/wp-content\/uploads\/2015\/10\/cssiepi2015lan01-e1446309499445.jpg?fit=563%2C353&ssl=1&resize=350%2C200 1x, https:\/\/i0.wp.com\/uscatletica.ch\/wp\/wp-content\/uploads\/2015\/10\/cssiepi2015lan01-e1446309499445.jpg?fit=563%2C353&ssl=1&resize=525%2C300 1.5x"},"classes":[]},{"id":627,"url":"https:\/\/uscatletica.ch\/wp\/?p=627","url_meta":{"origin":2936,"position":5},"title":"Cross a Vezia a Tenero si salta per i titoli","author":"Leonida Stampanoni","date":"15 Gennaio 2016","format":false,"excerpt":"Il fine settimana intenso a met\u00e0 gennaio per gli USCini che tra sabato e domenica saranno impegnati tra i campi della monda di Vezia e la palestra indoor del CST dove si terr\u00e0 la prima edizione dei campionati ticinesi indoor \u00a0la prima parte assegner\u00e0 i titoli nei salti. Sabato a\u2026","rel":"","context":"In &quot;Cross&quot;","block_context":{"text":"Cross","link":"https:\/\/uscatletica.ch\/wp\/?cat=7"},"img":{"alt_text":"","src":"https:\/\/i0.wp.com\/uscatletica.ch\/wp\/wp-content\/uploads\/2015\/12\/P1360515.jpg?fit=563%2C422&ssl=1&resize=350%2C200","width":350,"height":200,"srcset":"https:\/\/i0.wp.com\/uscatletica.ch\/wp\/wp-content\/uploads\/2015\/12\/P1360515.jpg?fit=563%2C422&ssl=1&resize=350%2C200 1x, https:\/\/i0.wp.com\/uscatletica.ch\/wp\/wp-content\/uploads\/2015\/12\/P1360515.jpg?fit=563%2C422&ssl=1&resize=525%2C300 1.5x"},"classes":[]}],"_links":{"self":[{"href":"https:\/\/uscatletica.ch\/wp\/index.php?rest_route=\/wp\/v2\/posts\/2936","targetHints":{"allow":["GET"]}}],"collection":[{"href":"https:\/\/uscatletica.ch\/wp\/index.php?rest_route=\/wp\/v2\/posts"}],"about":[{"href":"https:\/\/uscatletica.ch\/wp\/index.php?rest_route=\/wp\/v2\/types\/post"}],"author":[{"embeddable":true,"href":"https:\/\/uscatletica.ch\/wp\/index.php?rest_route=\/wp\/v2\/users\/4"}],"replies":[{"embeddable":true,"href":"https:\/\/uscatletica.ch\/wp\/index.php?rest_route=%2Fwp%2Fv2%2Fcomments&post=2936"}],"version-history":[{"count":5,"href":"https:\/\/uscatletica.ch\/wp\/index.php?rest_route=\/wp\/v2\/posts\/2936\/revisions"}],"predecessor-version":[{"id":2953,"href":"https:\/\/uscatletica.ch\/wp\/index.php?rest_route=\/wp\/v2\/posts\/2936\/revisions\/2953"}],"wp:featuredmedia":[{"embeddable":true,"href":"https:\/\/uscatletica.ch\/wp\/index.php?rest_route=\/wp\/v2\/media\/2716"}],"wp:attachment":[{"href":"https:\/\/uscatletica.ch\/wp\/index.php?rest_route=%2Fwp%2Fv2%2Fmedia&parent=2936"}],"wp:term":[{"taxonomy":"category","embeddable":true,"href":"https:\/\/uscatletica.ch\/wp\/index.php?rest_route=%2Fwp%2Fv2%2Fcategories&post=2936"},{"taxonomy":"post_tag","embeddable":true,"href":"https:\/\/uscatletica.ch\/wp\/index.php?rest_route=%2Fwp%2Fv2%2Ftags&post=2936"}],"curies":[{"name":"wp","href":"https:\/\/api.w.org\/{rel}","templated":true}]}}