{"id":2960,"date":"2016-10-12T13:40:39","date_gmt":"2016-10-12T11:40:39","guid":{"rendered":"http:\/\/uscatletica.ch\/wp\/?p=2960"},"modified":"2016-10-30T16:28:12","modified_gmt":"2016-10-30T15:28:12","slug":"campo-di-allenamento","status":"publish","type":"post","link":"https:\/\/uscatletica.ch\/wp\/?p=2960","title":{"rendered":"Campo Di Allenamento"},"content":{"rendered":"<p>campotade2016 <a href=\"https:\/\/uscatletica.ch\/wp\/wp-content\/uploads\/2016\/10\/CampoTade2016.pdf\"><img data-recalc-dims=\"1\" loading=\"lazy\" decoding=\"async\" data-attachment-id=\"2962\" data-permalink=\"https:\/\/uscatletica.ch\/wp\/?attachment_id=2962\" data-orig-file=\"https:\/\/i0.wp.com\/uscatletica.ch\/wp\/wp-content\/uploads\/2016\/10\/CampoTade2016.jpg?fit=595%2C841&amp;ssl=1\" data-orig-size=\"595,841\" data-comments-opened=\"0\" data-image-meta=\"{&quot;aperture&quot;:&quot;0&quot;,&quot;credit&quot;:&quot;&quot;,&quot;camera&quot;:&quot;&quot;,&quot;caption&quot;:&quot;&quot;,&quot;created_timestamp&quot;:&quot;0&quot;,&quot;copyright&quot;:&quot;&quot;,&quot;focal_length&quot;:&quot;0&quot;,&quot;iso&quot;:&quot;0&quot;,&quot;shutter_speed&quot;:&quot;0&quot;,&quot;title&quot;:&quot;&quot;,&quot;orientation&quot;:&quot;0&quot;}\" data-image-title=\"campotade2016\" data-image-description=\"\" data-image-caption=\"\" data-large-file=\"https:\/\/i0.wp.com\/uscatletica.ch\/wp\/wp-content\/uploads\/2016\/10\/CampoTade2016.jpg?fit=595%2C841&amp;ssl=1\" class=\"aligncenter size-full wp-image-2962\" src=\"https:\/\/i0.wp.com\/uscatletica.ch\/wp\/wp-content\/uploads\/2016\/10\/CampoTade2016.jpg?resize=595%2C841&#038;ssl=1\" alt=\"campotade2016\" width=\"595\" height=\"841\" srcset=\"https:\/\/i0.wp.com\/uscatletica.ch\/wp\/wp-content\/uploads\/2016\/10\/CampoTade2016.jpg?w=595&amp;ssl=1 595w, https:\/\/i0.wp.com\/uscatletica.ch\/wp\/wp-content\/uploads\/2016\/10\/CampoTade2016.jpg?resize=212%2C300&amp;ssl=1 212w, https:\/\/i0.wp.com\/uscatletica.ch\/wp\/wp-content\/uploads\/2016\/10\/CampoTade2016.jpg?resize=106%2C150&amp;ssl=1 106w\" sizes=\"auto, (max-width: 595px) 100vw, 595px\" \/><\/a><\/p>\n","protected":false},"excerpt":{"rendered":"<p>campotade2016<\/p>\n","protected":false},"author":4,"featured_media":2963,"comment_status":"closed","ping_status":"closed","sticky":false,"template":"","format":"standard","meta":{"jetpack_post_was_ever_published":false,"_jetpack_newsletter_access":"","_jetpack_dont_email_post_to_subs":false,"_jetpack_newsletter_tier_id":0,"_jetpack_memberships_contains_paywalled_content":false,"_jetpack_memberships_contains_paid_content":false,"footnotes":"","jetpack_publicize_message":"","jetpack_publicize_feature_enabled":true,"jetpack_social_post_already_shared":true,"jetpack_social_options":{"image_generator_settings":{"template":"highway","default_image_id":0,"font":"","enabled":false},"version":2}},"categories":[30],"tags":[],"class_list":["post-2960","post","type-post","status-publish","format-standard","has-post-thumbnail","hentry","category-diversi"],"jetpack_publicize_connections":[],"jetpack_featured_media_url":"https:\/\/i0.wp.com\/uscatletica.ch\/wp\/wp-content\/uploads\/2016\/10\/runtade2.jpg?fit=500%2C328&ssl=1","jetpack_sharing_enabled":true,"jetpack_shortlink":"https:\/\/wp.me\/p6V7Ck-LK","jetpack-related-posts":[{"id":10491,"url":"https:\/\/uscatletica.ch\/wp\/?p=10491","url_meta":{"origin":2960,"position":0},"title":"Comunicato campo allenamento estivo 2020","author":"Leonida Stampanoni","date":"16 Giugno 2020","format":false,"excerpt":"Dopo attenta riflessione e ponderata valutazione, ascoltato i pareri di diversi monitori e le perplessit\u00e0 di alcuni genitori, il comitato dell\u2019unione Sportiva Capriaschese, a malincuore, ha deciso di non organizzare il campo d\u2019allenamento 2020 che avrebbe dovuto svolgersi a St. Moritz da sabato 8 a sabato 15 agosto. Il comitato\u2026","rel":"","context":"In &quot;Altro&quot;","block_context":{"text":"Altro","link":"https:\/\/uscatletica.ch\/wp\/?cat=11"},"img":{"alt_text":"","src":"https:\/\/i0.wp.com\/uscatletica.ch\/wp\/wp-content\/uploads\/2019\/08\/lejgrischus2010815.jpg?fit=432%2C324&ssl=1&resize=350%2C200","width":350,"height":200},"classes":[]},{"id":19649,"url":"https:\/\/uscatletica.ch\/wp\/?p=19649","url_meta":{"origin":2960,"position":1},"title":"UN GRUPPETTO USC A LIVIGNO AL CAMPO D&#8217;ALLENAMENTO  COAS A LIVGNO","author":"Leonida Stampanoni","date":"17 Luglio 2024","format":false,"excerpt":"Domenica 14 luglio un gruppetto di atleti USC accompagnato da Loris, Elisa e Marco B. \u00e8 partito per Livigno per un campo d'allenamento con la Comunit\u00e0 atletica Sottoceneri. L'AS Monteceneri con grande disponibilit\u00e0 ha aperto suo campo ad un sestetto di atlete\/i USC composto da Marta, Alice, Lana, Lea, Elia\u2026","rel":"","context":"In &quot;Altro&quot;","block_context":{"text":"Altro","link":"https:\/\/uscatletica.ch\/wp\/?cat=11"},"img":{"alt_text":"","src":"https:\/\/i0.wp.com\/uscatletica.ch\/wp\/wp-content\/uploads\/2024\/07\/image4.jpeg?fit=640%2C480&ssl=1&resize=350%2C200","width":350,"height":200,"srcset":"https:\/\/i0.wp.com\/uscatletica.ch\/wp\/wp-content\/uploads\/2024\/07\/image4.jpeg?fit=640%2C480&ssl=1&resize=350%2C200 1x, https:\/\/i0.wp.com\/uscatletica.ch\/wp\/wp-content\/uploads\/2024\/07\/image4.jpeg?fit=640%2C480&ssl=1&resize=525%2C300 1.5x"},"classes":[]},{"id":19684,"url":"https:\/\/uscatletica.ch\/wp\/?p=19684","url_meta":{"origin":2960,"position":2},"title":"Campo St Moritz in altura per un autunno brillante","author":"Leonida Stampanoni","date":"13 Agosto 2024","format":false,"excerpt":"A St. Moritz \u00e8 in pieno svolgimento l\u2019annuale Campo d\u2019allenamento dell\u2019Unione Sportiva Capriaschese. Le favorevoli condizioni meteorologiche, la bellezza del territorio, l\u2019entusiasmo degli atleti e la professionalit\u00e0 dei monitori hanno permesso un inizio decisamente positivo","rel":"","context":"In &quot;Altro&quot;","block_context":{"text":"Altro","link":"https:\/\/uscatletica.ch\/wp\/?cat=11"},"img":{"alt_text":"","src":"https:\/\/i0.wp.com\/uscatletica.ch\/wp\/wp-content\/uploads\/2024\/08\/202408stroitiz0812b.jpg?fit=432%2C324&ssl=1&resize=350%2C200","width":350,"height":200},"classes":[]},{"id":19731,"url":"https:\/\/uscatletica.ch\/wp\/?p=19731","url_meta":{"origin":2960,"position":3},"title":"Campo estivo St Moritz 2024","author":"Leonida Stampanoni","date":"18 Agosto 2024","format":false,"excerpt":"Si \u00e8 concluso nel migliore dei modi il tradizionale Campo d\u2019allenamento USC a St. Moritz con piena soddisfazione di tutti: atleti, allenatori, accompagnatori. Molte e variate le attivit\u00e0 svolte, incentrate ovviamente sull\u2019atletica e sul podismo.\u00a0 A tutti un augurio per ottimi risultati nelle gare autunnali. \u00a0","rel":"","context":"In &quot;Diversi&quot;","block_context":{"text":"Diversi","link":"https:\/\/uscatletica.ch\/wp\/?cat=30"},"img":{"alt_text":"","src":"https:\/\/i0.wp.com\/uscatletica.ch\/wp\/wp-content\/uploads\/2024\/08\/image2dd.jpg?fit=432%2C324&ssl=1&resize=350%2C200","width":350,"height":200},"classes":[]},{"id":12080,"url":"https:\/\/uscatletica.ch\/wp\/?p=12080","url_meta":{"origin":2960,"position":4},"title":"COMUNICATI USC ATLETICA","author":"Leonida Stampanoni","date":"21 Aprile 2021","format":false,"excerpt":"Comunicati L\u2019azione \u201cSupport Your Sport\u201d, promossa dalla Migros a favore delle societ\u00e0 sportive, \u00e8 terminata. La nostra societ\u00e0 ha raccolto ben 4\u2019995 buoni sport. Ringraziamo tutti coloro che hanno contribuito a ottenere questo brillante risultato. La corsa in salita Tesserete \u2013 Gola di lago, in programma sabato 8 maggio 2021,\u2026","rel":"","context":"In &quot;Altro&quot;","block_context":{"text":"Altro","link":"https:\/\/uscatletica.ch\/wp\/?cat=11"},"img":{"alt_text":"","src":"https:\/\/i0.wp.com\/uscatletica.ch\/wp\/wp-content\/uploads\/2020\/01\/10.jpg?fit=432%2C288&ssl=1&resize=350%2C200","width":350,"height":200},"classes":[]},{"id":2594,"url":"https:\/\/uscatletica.ch\/wp\/?p=2594","url_meta":{"origin":2960,"position":5},"title":"Campo Rio 2016 St Moritz (20.08.2016 cronologia dal basso verso l&#8217;alto)","author":"Leonida Stampanoni","date":"15 Agosto 2016","format":false,"excerpt":"Il Tradizionale Campo D'allenamento \u00e8 partito sabato 13.08 all'ostello della giovent\u00f9 di St Moritz 34 Gli USCini presenti diretti da Renato e Sandra \u00a0con l'aiuto di Leonida, Loris e Elisa e dell'infaticabile Cornelio. Sotto trovate in cronologia dal basso verso l'alto il basso \u00a0il diario giornaliero . Sabato 19.08.2016 Il\u2026","rel":"","context":"In &quot;Altro&quot;","block_context":{"text":"Altro","link":"https:\/\/uscatletica.ch\/wp\/?cat=11"},"img":{"alt_text":"","src":"https:\/\/i0.wp.com\/uscatletica.ch\/wp\/wp-content\/uploads\/2016\/08\/IMG7127.jpg?fit=563%2C422&ssl=1&resize=350%2C200","width":350,"height":200,"srcset":"https:\/\/i0.wp.com\/uscatletica.ch\/wp\/wp-content\/uploads\/2016\/08\/IMG7127.jpg?fit=563%2C422&ssl=1&resize=350%2C200 1x, https:\/\/i0.wp.com\/uscatletica.ch\/wp\/wp-content\/uploads\/2016\/08\/IMG7127.jpg?fit=563%2C422&ssl=1&resize=525%2C300 1.5x"},"classes":[]}],"_links":{"self":[{"href":"https:\/\/uscatletica.ch\/wp\/index.php?rest_route=\/wp\/v2\/posts\/2960","targetHints":{"allow":["GET"]}}],"collection":[{"href":"https:\/\/uscatletica.ch\/wp\/index.php?rest_route=\/wp\/v2\/posts"}],"about":[{"href":"https:\/\/uscatletica.ch\/wp\/index.php?rest_route=\/wp\/v2\/types\/post"}],"author":[{"embeddable":true,"href":"https:\/\/uscatletica.ch\/wp\/index.php?rest_route=\/wp\/v2\/users\/4"}],"replies":[{"embeddable":true,"href":"https:\/\/uscatletica.ch\/wp\/index.php?rest_route=%2Fwp%2Fv2%2Fcomments&post=2960"}],"version-history":[{"count":1,"href":"https:\/\/uscatletica.ch\/wp\/index.php?rest_route=\/wp\/v2\/posts\/2960\/revisions"}],"predecessor-version":[{"id":2964,"href":"https:\/\/uscatletica.ch\/wp\/index.php?rest_route=\/wp\/v2\/posts\/2960\/revisions\/2964"}],"wp:featuredmedia":[{"embeddable":true,"href":"https:\/\/uscatletica.ch\/wp\/index.php?rest_route=\/wp\/v2\/media\/2963"}],"wp:attachment":[{"href":"https:\/\/uscatletica.ch\/wp\/index.php?rest_route=%2Fwp%2Fv2%2Fmedia&parent=2960"}],"wp:term":[{"taxonomy":"category","embeddable":true,"href":"https:\/\/uscatletica.ch\/wp\/index.php?rest_route=%2Fwp%2Fv2%2Fcategories&post=2960"},{"taxonomy":"post_tag","embeddable":true,"href":"https:\/\/uscatletica.ch\/wp\/index.php?rest_route=%2Fwp%2Fv2%2Ftags&post=2960"}],"curies":[{"name":"wp","href":"https:\/\/api.w.org\/{rel}","templated":true}]}}