{"id":2972,"date":"2016-10-12T18:21:51","date_gmt":"2016-10-12T16:21:51","guid":{"rendered":"http:\/\/uscatletica.ch\/wp\/?p=2972"},"modified":"2016-10-17T10:57:03","modified_gmt":"2016-10-17T08:57:03","slug":"tas-il-gran-finale-ad-isone-ascona-locarno-maratona-e-mezza","status":"publish","type":"post","link":"https:\/\/uscatletica.ch\/wp\/?p=2972","title":{"rendered":"TAS Il Gran finale ad Isone Ascona-Locarno Maratona e Mezza"},"content":{"rendered":"<p>Fine settimana finale per il calendario podistico cantonale in programma la Ascona -Locarno Marathon con in palio i titoli ticinesi di Maratona e mezza maratona mentre domenica pomeriggio \u00a0la SAIM festegger\u00e0 la 20 edizione della sagra della staffetta ultima prova del Trofeo Asti Staffette. La premiazione ASTi sar\u00e0 domenica 27 novembre alla Sala Aragonite di Manno.<\/p>\n<p>La <a href=\"http:\/\/ascona-locarno-marathon.ch\/\" target=\"_blank\">Ascona Locarno Marathon<\/a> festeggia la seconda edizioni lievi ritocchi al percorso e la novit\u00e0 della Kids Run al sabato. Tra i 130 iscritti nella maratona da segnalare il debutto di Roberto che prover\u00e0 a correre in 2h45. Tra i 500 iscritti\u00a0nella mezza\u00a0l&#8217;USC ne presenta una decina. In programma anche la 10 km con attualmente 600 iscritti ed alcuni USCini<\/p>\n<p><a href=\"http:\/\/services.datasport.com\/2016\/lauf\/ascona-locarno-marathon\" target=\"_blank\">Lista iscritti<\/a><\/p>\n<p>Domenica grande festa ad Isone per <a href=\"http:\/\/www.saim.ch\/staffetta\/\" target=\"_blank\">la ventesima edizione della Sagra della Staffett<\/a>a. Oltre ai piccoli sempre vivaci e numerosi anche \u00a0i partecipanti alle staffette dovranno confermare l&#8217;entusiasmo mostrato a Riva San Vitale. L&#8217;obbiettivo \u00e8 di chiudere in bellezza la stagione del ricambio generazionale nelle staffette. Le gare indivduali cominceranno alle 14.20 con le gare individuali . Alle 15.05 cominceranno le staffette con le nostre U12 \u00a0che proveranno a salvare il posto sul podio in un appassionante volata a 4. \u00a0Nelle altre categorie invece praticamente tutto gi\u00e0 deciso. Alle 16.30 ci sar\u00e0 la celebrazione del 20 anniversario.<\/p>\n","protected":false},"excerpt":{"rendered":"<p>Fine settimana finale per il calendario podistico cantonale in programma la Ascona -Locarno Marathon con in palio i titoli ticinesi di Maratona e mezza maratona mentre domenica pomeriggio \u00a0la SAIM festegger\u00e0 la 20 edizione della sagra della staffetta ultima prova del Trofeo Asti Staffette. La premiazione ASTi sar\u00e0 domenica 27 novembre alla Sala Aragonite di Manno. La Ascona Locarno Marathon festeggia la seconda edizioni lievi ritocchi al percorso e la novit\u00e0 della Kids Run al&#8230;<\/p>\n","protected":false},"author":4,"featured_media":2813,"comment_status":"closed","ping_status":"closed","sticky":false,"template":"","format":"standard","meta":{"jetpack_post_was_ever_published":false,"_jetpack_newsletter_access":"","_jetpack_dont_email_post_to_subs":false,"_jetpack_newsletter_tier_id":0,"_jetpack_memberships_contains_paywalled_content":false,"_jetpack_memberships_contains_paid_content":false,"footnotes":"","jetpack_publicize_message":"","jetpack_publicize_feature_enabled":true,"jetpack_social_post_already_shared":true,"jetpack_social_options":{"image_generator_settings":{"template":"highway","default_image_id":0,"font":"","enabled":false},"version":2}},"categories":[5,8],"tags":[],"class_list":["post-2972","post","type-post","status-publish","format-standard","has-post-thumbnail","hentry","category-podismo","category-staffette"],"jetpack_publicize_connections":[],"jetpack_featured_media_url":"https:\/\/i0.wp.com\/uscatletica.ch\/wp\/wp-content\/uploads\/2016\/09\/U10U8CAMINGNOLOap.jpg?fit=563%2C316&ssl=1","jetpack_sharing_enabled":true,"jetpack_shortlink":"https:\/\/wp.me\/p6V7Ck-LW","jetpack-related-posts":[{"id":5087,"url":"https:\/\/uscatletica.ch\/wp\/?p=5087","url_meta":{"origin":2972,"position":0},"title":"TAS tutti in festa ad Isone Campionati ticinesi di maratona Ascona Locarno","author":"Leonida Stampanoni","date":"11 Ottobre 2017","format":false,"excerpt":"Domenica intensa per l'attivit\u00e0 su strada in mattinata da Piazza Grande di Locarno partir\u00e0 la Ascona Locarno run con Maratona mezza e 10 km, Nel pomeriggio Isone ospiter\u00e0 l'ultima prova del TAS\u00a0 in cima alla valle del Vedeggio sono attesi il solito folto gruppo USC. ASCONA LOCARNO Roby Difende il\u2026","rel":"","context":"In &quot;Podismo&quot;","block_context":{"text":"Podismo","link":"https:\/\/uscatletica.ch\/wp\/?cat=5"},"img":{"alt_text":"","src":"https:\/\/i0.wp.com\/uscatletica.ch\/wp\/wp-content\/uploads\/2017\/10\/P1490435u12sta.jpg?fit=532%2C399&ssl=1&resize=350%2C200","width":350,"height":200,"srcset":"https:\/\/i0.wp.com\/uscatletica.ch\/wp\/wp-content\/uploads\/2017\/10\/P1490435u12sta.jpg?fit=532%2C399&ssl=1&resize=350%2C200 1x, https:\/\/i0.wp.com\/uscatletica.ch\/wp\/wp-content\/uploads\/2017\/10\/P1490435u12sta.jpg?fit=532%2C399&ssl=1&resize=525%2C300 1.5x"},"classes":[]},{"id":16240,"url":"https:\/\/uscatletica.ch\/wp\/?p=16240","url_meta":{"origin":2972,"position":1},"title":"A Isone una vittoria per le U12 USCini Davide vince i 5km a Locarno","author":"Leonida Stampanoni","date":"17 Ottobre 2022","format":false,"excerpt":"Nel fine settimana due impegni per l'USC sabato alla Ascona Locarno Run erano in 6 gli atleti USC presenti con la vittoria di categoria per Davide e Gionata . mentre domenica alla chiusura del TAS un bel gruppo di giovani entusiasti erano alla Sagra della staffetta di Isone dove \u00a0le\u2026","rel":"","context":"In &quot;Podismo&quot;","block_context":{"text":"Podismo","link":"https:\/\/uscatletica.ch\/wp\/?cat=5"},"img":{"alt_text":"","src":"https:\/\/i0.wp.com\/uscatletica.ch\/wp\/wp-content\/uploads\/2022\/10\/221992sagnoU14W.jpg?fit=480%2C640&ssl=1&resize=350%2C200","width":350,"height":200},"classes":[]},{"id":5874,"url":"https:\/\/uscatletica.ch\/wp\/?p=5874","url_meta":{"origin":2972,"position":2},"title":"A Locarno debutta la stagione in pista a Tesserete la nostra staffetta","author":"Leonida Stampanoni","date":"20 Aprile 2018","format":false,"excerpt":"Le staffette saranno il tema dell'intenso fine settimana che aspetta i giovani atleti dell'USC, Sabato al Lido di Locarno con i campionati ticinesi giovanili di Staffette parte la stagione FTAL 2018 all'aperto. Sulle rive del Verbano tra le 58 squadre al via ben 5 porteranno le maglie rosse dell'USC. Domenica\u2026","rel":"","context":"In &quot;Pista&quot;","block_context":{"text":"Pista","link":"https:\/\/uscatletica.ch\/wp\/?cat=4"},"img":{"alt_text":"","src":"https:\/\/i0.wp.com\/uscatletica.ch\/wp\/wp-content\/uploads\/2018\/04\/tasav2018.teamu12b.jpg?fit=532%2C399&ssl=1&resize=350%2C200","width":350,"height":200,"srcset":"https:\/\/i0.wp.com\/uscatletica.ch\/wp\/wp-content\/uploads\/2018\/04\/tasav2018.teamu12b.jpg?fit=532%2C399&ssl=1&resize=350%2C200 1x, https:\/\/i0.wp.com\/uscatletica.ch\/wp\/wp-content\/uploads\/2018\/04\/tasav2018.teamu12b.jpg?fit=532%2C399&ssl=1&resize=525%2C300 1.5x"},"classes":[]},{"id":2977,"url":"https:\/\/uscatletica.ch\/wp\/?p=2977","url_meta":{"origin":2972,"position":3},"title":"Roberto vince la Ascona Locarno Marathon (cdt20161019)","author":"Leonida Stampanoni","date":"16 Ottobre 2016","format":false,"excerpt":"Una splendida giornata autunnale con il sole che scaldava piazza Grande per la 2a\u00a0\u00a0Ascona Locarno Marathon. 1500 atleti al via . 130 nella maratona dove Robi ha sorpreso tutti vincendo la gara assoluta. Nella mezza con doppietta Kenyana podi di categoria per Valerio e Patrizia tra i quarantenni . Nella\u2026","rel":"","context":"In &quot;Podismo&quot;","block_context":{"text":"Podismo","link":"https:\/\/uscatletica.ch\/wp\/?cat=5"},"img":{"alt_text":"","src":"https:\/\/i0.wp.com\/uscatletica.ch\/wp\/wp-content\/uploads\/2016\/07\/vkmu20robigmpodiob.jpg?fit=960%2C720&ssl=1&resize=350%2C200","width":350,"height":200,"srcset":"https:\/\/i0.wp.com\/uscatletica.ch\/wp\/wp-content\/uploads\/2016\/07\/vkmu20robigmpodiob.jpg?fit=960%2C720&ssl=1&resize=350%2C200 1x, https:\/\/i0.wp.com\/uscatletica.ch\/wp\/wp-content\/uploads\/2016\/07\/vkmu20robigmpodiob.jpg?fit=960%2C720&ssl=1&resize=525%2C300 1.5x, https:\/\/i0.wp.com\/uscatletica.ch\/wp\/wp-content\/uploads\/2016\/07\/vkmu20robigmpodiob.jpg?fit=960%2C720&ssl=1&resize=700%2C400 2x"},"classes":[]},{"id":5102,"url":"https:\/\/uscatletica.ch\/wp\/?p=5102","url_meta":{"origin":2972,"position":4},"title":"Ascona locarno sensazionale Roby nella maratona","author":"Leonida Stampanoni","date":"15 Ottobre 2017","format":false,"excerpt":"Splendida giornata per i campionati ticinesi di Maratona a Locarno. La Ascona Locarno Marathon 2017 \u00e8 stata nettaamente la migliore delle quattro finora disputate. Grandissima soddisfazione per Roby che con un fantastico\u00a0 2h26'15 ha chiuso al secondo posto aggiudicandosi il titolo cantonale. Diversi i podi nella mezza maratona\u00a0 vincono Ralf\u2026","rel":"","context":"In &quot;Podismo&quot;","block_context":{"text":"Podismo","link":"https:\/\/uscatletica.ch\/wp\/?cat=5"},"img":{"alt_text":"","src":"","width":0,"height":0},"classes":[]},{"id":20302,"url":"https:\/\/uscatletica.ch\/wp\/?p=20302","url_meta":{"origin":2972,"position":5},"title":"PODISTI USC IN FORMA A LOCARNO E AI CS MASTERS DI 1\/2","author":"Leonida Stampanoni","date":"14 Ottobre 2024","format":false,"excerpt":"Domenica si correva la Ascona Locarno Run \u00a0valida per il campionato ticinese di mezza maratona e in programma anche la 10 km. Nella 10 km due podi per l'USC con Alessandro e Martina . Sulla mezza podio per Valerio . Davide invece impegnato all'Hallwylersee ha sfiorato il podio sulla mezza.\u2026","rel":"","context":"In &quot;Podismo&quot;","block_context":{"text":"Podismo","link":"https:\/\/uscatletica.ch\/wp\/?cat=5"},"img":{"alt_text":"","src":"https:\/\/i0.wp.com\/uscatletica.ch\/wp\/wp-content\/uploads\/2022\/09\/martina220910stra-e1730451714638.png?fit=324%2C298&ssl=1&resize=350%2C200","width":350,"height":200},"classes":[]}],"_links":{"self":[{"href":"https:\/\/uscatletica.ch\/wp\/index.php?rest_route=\/wp\/v2\/posts\/2972","targetHints":{"allow":["GET"]}}],"collection":[{"href":"https:\/\/uscatletica.ch\/wp\/index.php?rest_route=\/wp\/v2\/posts"}],"about":[{"href":"https:\/\/uscatletica.ch\/wp\/index.php?rest_route=\/wp\/v2\/types\/post"}],"author":[{"embeddable":true,"href":"https:\/\/uscatletica.ch\/wp\/index.php?rest_route=\/wp\/v2\/users\/4"}],"replies":[{"embeddable":true,"href":"https:\/\/uscatletica.ch\/wp\/index.php?rest_route=%2Fwp%2Fv2%2Fcomments&post=2972"}],"version-history":[{"count":3,"href":"https:\/\/uscatletica.ch\/wp\/index.php?rest_route=\/wp\/v2\/posts\/2972\/revisions"}],"predecessor-version":[{"id":2975,"href":"https:\/\/uscatletica.ch\/wp\/index.php?rest_route=\/wp\/v2\/posts\/2972\/revisions\/2975"}],"wp:featuredmedia":[{"embeddable":true,"href":"https:\/\/uscatletica.ch\/wp\/index.php?rest_route=\/wp\/v2\/media\/2813"}],"wp:attachment":[{"href":"https:\/\/uscatletica.ch\/wp\/index.php?rest_route=%2Fwp%2Fv2%2Fmedia&parent=2972"}],"wp:term":[{"taxonomy":"category","embeddable":true,"href":"https:\/\/uscatletica.ch\/wp\/index.php?rest_route=%2Fwp%2Fv2%2Fcategories&post=2972"},{"taxonomy":"post_tag","embeddable":true,"href":"https:\/\/uscatletica.ch\/wp\/index.php?rest_route=%2Fwp%2Fv2%2Ftags&post=2972"}],"curies":[{"name":"wp","href":"https:\/\/api.w.org\/{rel}","templated":true}]}}