{"id":3299,"date":"2017-01-11T19:46:43","date_gmt":"2017-01-11T18:46:43","guid":{"rendered":"http:\/\/uscatletica.ch\/wp\/?p=3299"},"modified":"2017-01-18T06:18:09","modified_gmt":"2017-01-18T05:18:09","slug":"uscini-il-2017-comincia-a-gordola","status":"publish","type":"post","link":"https:\/\/uscatletica.ch\/wp\/?p=3299","title":{"rendered":"USCini il 2017 comincia a Gordola"},"content":{"rendered":"<p>Nel fine settimana a Gordola debutter\u00e0 l&#8217;annata atletica 2017 \u00a0sabato sui prati delle Roviscaglie in programma la quarta prova di coppa Ticino \u00a0con una sessantina di USCini attesi al via . Domenica alla Palestra Regazzi in palio per il secondo anno i titoli cantonali nei salti tre USCine al via per proseguire la<a href=\"https:\/\/uscatletica.ch\/wp\/?p=641\" target=\"_blank\"> tradizione positiva inaugurata lo scorso anno da C\u00e9line.<\/a><\/p>\n<blockquote><p><a href=\"https:\/\/uscatletica.ch\/wp\/wp-content\/uploads\/2017\/01\/convocazionegordola.pdf\"><img data-recalc-dims=\"1\" loading=\"lazy\" decoding=\"async\" data-attachment-id=\"3283\" data-permalink=\"https:\/\/uscatletica.ch\/wp\/?attachment_id=3283\" data-orig-file=\"https:\/\/i0.wp.com\/uscatletica.ch\/wp\/wp-content\/uploads\/2017\/01\/convocazionegordola.jpg?fit=394%2C522&amp;ssl=1\" data-orig-size=\"394,522\" data-comments-opened=\"0\" data-image-meta=\"{&quot;aperture&quot;:&quot;0&quot;,&quot;credit&quot;:&quot;&quot;,&quot;camera&quot;:&quot;&quot;,&quot;caption&quot;:&quot;&quot;,&quot;created_timestamp&quot;:&quot;0&quot;,&quot;copyright&quot;:&quot;&quot;,&quot;focal_length&quot;:&quot;0&quot;,&quot;iso&quot;:&quot;0&quot;,&quot;shutter_speed&quot;:&quot;0&quot;,&quot;title&quot;:&quot;&quot;,&quot;orientation&quot;:&quot;0&quot;}\" data-image-title=\"convocazionegordola\" data-image-description=\"\" data-image-caption=\"\" data-large-file=\"https:\/\/i0.wp.com\/uscatletica.ch\/wp\/wp-content\/uploads\/2017\/01\/convocazionegordola.jpg?fit=394%2C522&amp;ssl=1\" class=\"alignright wp-image-3283\" src=\"https:\/\/i0.wp.com\/uscatletica.ch\/wp\/wp-content\/uploads\/2017\/01\/convocazionegordola.jpg?resize=151%2C200&#038;ssl=1\" width=\"151\" height=\"200\" srcset=\"https:\/\/i0.wp.com\/uscatletica.ch\/wp\/wp-content\/uploads\/2017\/01\/convocazionegordola.jpg?resize=226%2C300&amp;ssl=1 226w, https:\/\/i0.wp.com\/uscatletica.ch\/wp\/wp-content\/uploads\/2017\/01\/convocazionegordola.jpg?resize=113%2C150&amp;ssl=1 113w, https:\/\/i0.wp.com\/uscatletica.ch\/wp\/wp-content\/uploads\/2017\/01\/convocazionegordola.jpg?w=394&amp;ssl=1 394w\" sizes=\"auto, (max-width: 151px) 100vw, 151px\" \/><\/a><\/p><\/blockquote>\n<p>Sabato alle 12.00 sul circuito che da oltre 30 anni, escluse alcune escursione a Tenero come per i Campionati svizzeri 2008, ospita la \u00a0coppa Ticino cominceranno le prime gare. \u00a0La quarta prova di coppa Ticino lancer\u00e0 la volata verso i campionati ticinesi in programma<a href=\"https:\/\/uscatletica.ch\/wp\/?p=3302\" target=\"_blank\"> domenica 5 febbraio al Cross di pom<\/a>. \u00a0L&#8217;USC nonostante una media di quasi 50 partecipanti a gara nelle prime tre tappe viaggia comodamente al secondo rango della classifica a squadre vinta gia 17 volte nelle 22 edizioni, il GAB \u00a0viaggia verso il suo primo titolo.<\/p>\n<p>Ralf negli M50 \u00a0\u00e8 al comando in lotta per il podio invece troviamo Florian e Louis, Matilde, Janet e Giorgia, Rachele, Robi ed Emanuele, Patrizia \u00a0e Marco.<a href=\"https:\/\/uscatletica.ch\/wp\/?p=3248\" target=\"_blank\">Tutti i dettagli della prima parte di coppa Ticino<\/a><\/p>\n<p>Domenica alla Regazzi \u00a0saranno tre le ragazze impegnate in pedana \u00a0Giada con la doppietta Salto in alto e Salto in lungo . Nel lungo assieme ad Alessia l&#8217;obbiettivo restano i 5 \u00a0m . \u00a0Nella pedana del salto in alto per superare i propri limiti sar\u00e0 accompagnata da Nina .<\/p>\n<p><a href=\"http:\/\/www.usascona.ch\/index.php\/10-sidebar\/432-campionati-ticinesi-indoor-salti.html\" target=\"_blank\">Il programma dei CT<\/a><\/p>\n<style type=\"text\/css\">\n\t<!-- @page { margin: 2cm } H2 { margin-top: 0.07cm; margin-bottom: 0cm; color: #2e74b5; page-break-inside: avoid } H2.western { font-family: \"Calibri Light\", serif; font-size: 13pt; font-weight: normal } H2.cjk { font-family: \"Arial Unicode MS\"; font-size: 13pt; font-weight: normal } H2.ctl { font-family: ; font-size: 13pt; font-weight: normal } P { margin-bottom: 0.21cm } --><br \/>\t<\/style>\n<h2 class=\"western\"><span style=\"font-family: Geneva, sans-serif;\">Comunicato FTAL 12.01.2017-COPPA TICINO CROSS . <\/span><\/h2>\n<p align=\"LEFT\"><span style=\"font-family: Geneva, sans-serif;\"><span style=\"font-size: x-large;\"><b>GORDOLA LANCIA LA VOLATA VERSO I CAMPIONATI TICINESI<\/b><\/span><\/span><\/p>\n<p><span style=\"font-family: Geneva, sans-serif;\"><span style=\"font-size: small;\">LEST-<\/span><\/span><\/p>\n<p><span style=\"font-family: Geneva, sans-serif;\"><span style=\"font-size: small;\">Nel fine settimana Gordola lancer\u00e0 come lo scorso anno l&#8217;annata atletica ticinese sabato sui prati e nel bosco delle Roviscaglie la SAG Gordola accoglier\u00e0 i 400 partecipanti alla quarta prova di coppa Ticino domenica l&#8217;US Ascona accoglier\u00e0 alla palestra Regazzi i saltatori che si contenderanno per il secondo anno i titoli indoor nelle specialit\u00e0 dei salti. <\/span><\/span><\/p>\n<p><span style=\"font-family: Geneva, sans-serif;\"><span style=\"font-size: small;\">Sabato A partire dalle 12.00 cominceranno le gare le categorie dei bambini si cimenteranno sul circuito attorno ai campi secondari di calcio mentre il classico circuito du 1600 m che passa nel boschi golenali ospiter\u00e0 le prove di coppa Ticino che cominceranno alle 12.20. Da oramai trent&#8217;anni la SAG ospita il primo cross dell&#8217;anno e gare su distanze sempre abbastanza lunghe. L&#8217;apice venne raggiunto nel 2008 con l&#8217;organizzazione dei campionati svizzeri di cross una splendida due giorni di gara. <\/span><\/span><\/p>\n<p><span style=\"font-family: Geneva, sans-serif;\"><span style=\"font-size: small;\">La coppa Ticino prevede due gare in sette giorni in effetti sabato 21 di correr\u00e0 alla Monda di Vezia una doppietta ideale in vista dei campionati ticinesi di cross in programma domenica 5 febbraio in Capriasca. La finale del trofeo sar\u00e0 invece sabato 19 febbraio a Banco. <\/span><\/span><\/p>\n<p><span style=\"font-family: Geneva, sans-serif;\"><span style=\"font-size: small;\">Tra le attive la sfida tra Manuela Maffongelli e Antonella Lardi \u00e8 pi\u00f9 che mai aperta, l&#8217;esperta atleta della Vigor cerca il quarto sigillo in categoria mentre la giovane luganese potrebbe essere la prima a vincere al debutto tra le attive. La gara femminile sabato si correr\u00e0 sui 5.8 km. Tra gli attivi che correranno sui 9.8 km Lukas Oehen viaggia pure lui verso il quarto sigillo inseguito dal giovane capriaschese Roberto Delorenzi. Adriano Engelhardt come Evelyne Dietschi tra le donne potr\u00e0 cogliere delle vittorie in singole gare. Nelle categorie U20 favoriti Emma Lucchina e Paolo Bizzozero ancora imbattuti in stagione. Marco Maffongelli \u00e8 il grande favorito nel cross corto. <\/span><\/span><\/p>\n<p><span style=\"font-family: Geneva, sans-serif;\"><span style=\"font-size: small;\">Il doppio appuntamento chiarir\u00e0 forse i rapporti di forza tra le ragazze U18 con l&#8217;appassionante sfida a quattro tra le bellinzonesi le veloci mezzofondiste Mara Moser e Tessa Tedeschi e le triathlete Michela Keller e Rachele Botti. Tra le U16 Zoe Ranzoni sembra in grado di difendere il titolo ma la triathleta Letizia Martinelli ha gi\u00e0 mostrato di poter vincere. Tra i ragazzi Angelo Melera (U18) e Daniele Romelli (U16) sono chiaramente favoriti. <\/span><\/span><\/p>\n<p><span style=\"font-family: Geneva, sans-serif;\"><span style=\"font-size: small;\">Nelle categorie femminili masters netto dominio del GA Bellinzona Rosalba Rossi duella con Karin Petraglio tra le W35, mentre Jeannette Bragagnolo \u00e8 intrattabile tra le W45. Enrico Cavadini dovrebbe interrompere l&#8217;imbattibilit\u00e0 di Jonathan Stampanoni che tra gli M40 vince dal 2010. Ralf Mureddu ha vinto le prime tre prove M50. Tra gli M60 regna l&#8217;equilibrio tra Mario Maffongelli ed il neo sessantenne Brunello Aprile. <\/span><\/span><\/p>\n<p><span style=\"font-family: Geneva, sans-serif;\"><span style=\"font-size: small;\">A caccia del loro primo titolo sono i quattro giovanissimi Elia Maggetti, Andr\u00e9 Da Cruz, Giulia Salvad\u00e9 e Benedetta Bettega. <\/span><\/span><\/p>\n<p><span style=\"font-family: Geneva, sans-serif;\"><span style=\"font-size: small;\">La classifica a squadre vede il GA Bellinzona lanciato verso il suo primo titolo i pluricampioni dell&#8217;US Capriaschese inseguono e avranno comunque il vantaggio del campionato ticinese sui prati di casa, gara che assegner\u00e0 il punteggio doppio. <\/span><\/span><\/p>\n<p lang=\"it-IT\"><span style=\"color: #444444;\"><span style=\"font-family: Geneva, sans-serif;\"><span style=\"font-size: small;\"><b>Leonida Stampanoni<\/b><\/span><\/span><\/span><\/p>\n","protected":false},"excerpt":{"rendered":"<p>Nel fine settimana a Gordola debutter\u00e0 l&#8217;annata atletica 2017 \u00a0sabato sui prati delle Roviscaglie in programma la quarta prova di coppa Ticino \u00a0con una sessantina di USCini attesi al via . Domenica alla Palestra Regazzi in palio per il secondo anno i titoli cantonali nei salti tre USCine al via per proseguire la tradizione positiva inaugurata lo scorso anno da C\u00e9line. Sabato alle 12.00 sul circuito che da oltre 30 anni, escluse alcune escursione a&#8230;<\/p>\n","protected":false},"author":4,"featured_media":645,"comment_status":"closed","ping_status":"closed","sticky":false,"template":"","format":"standard","meta":{"jetpack_post_was_ever_published":false,"_jetpack_newsletter_access":"","_jetpack_dont_email_post_to_subs":false,"_jetpack_newsletter_tier_id":0,"_jetpack_memberships_contains_paywalled_content":false,"_jetpack_memberships_contains_paid_content":false,"footnotes":"","jetpack_publicize_message":"","jetpack_publicize_feature_enabled":true,"jetpack_social_post_already_shared":true,"jetpack_social_options":{"image_generator_settings":{"template":"highway","default_image_id":0,"font":"","enabled":false},"version":2}},"categories":[7,4],"tags":[],"class_list":["post-3299","post","type-post","status-publish","format-standard","has-post-thumbnail","hentry","category-cross","category-pista"],"jetpack_publicize_connections":[],"jetpack_featured_media_url":"https:\/\/i0.wp.com\/uscatletica.ch\/wp\/wp-content\/uploads\/2016\/01\/P1370359.jpg?fit=563%2C422&ssl=1","jetpack_sharing_enabled":true,"jetpack_shortlink":"https:\/\/wp.me\/p6V7Ck-Rd","jetpack-related-posts":[{"id":5412,"url":"https:\/\/uscatletica.ch\/wp\/?p=5412","url_meta":{"origin":3299,"position":0},"title":"Gordola riparte la stagione dei cross","author":"Leonida Stampanoni","date":"13 Gennaio 2018","format":false,"excerpt":"\u00a0 Sabato alle Roviscaglie di Gordola ripartir\u00e0 la coppa Ticino di cross 338 gli iscritti quasi un cinquantina di USCini, al via nel primo appuntamento agonistico del 2018. Domenica alla Regazzi di Gordola si assegneranno invece i primi titoli cantonali del nuovo anno. Sabato a partire dalle 12.00 sul veloce\u2026","rel":"","context":"In &quot;Cross&quot;","block_context":{"text":"Cross","link":"https:\/\/uscatletica.ch\/wp\/?cat=7"},"img":{"alt_text":"","src":"https:\/\/i0.wp.com\/uscatletica.ch\/wp\/wp-content\/uploads\/2015\/11\/LOGOCOPPATICROSS.png?fit=960%2C420&ssl=1&resize=350%2C200","width":350,"height":200,"srcset":"https:\/\/i0.wp.com\/uscatletica.ch\/wp\/wp-content\/uploads\/2015\/11\/LOGOCOPPATICROSS.png?fit=960%2C420&ssl=1&resize=350%2C200 1x, https:\/\/i0.wp.com\/uscatletica.ch\/wp\/wp-content\/uploads\/2015\/11\/LOGOCOPPATICROSS.png?fit=960%2C420&ssl=1&resize=525%2C300 1.5x, https:\/\/i0.wp.com\/uscatletica.ch\/wp\/wp-content\/uploads\/2015\/11\/LOGOCOPPATICROSS.png?fit=960%2C420&ssl=1&resize=700%2C400 2x"},"classes":[]},{"id":5404,"url":"https:\/\/uscatletica.ch\/wp\/?p=5404","url_meta":{"origin":3299,"position":1},"title":"COPPA TICINO CROSS CLASSIFICA FINALE CAMPIONATI TICINESI DI CROSS Banco","author":"Leonida Stampanoni","date":"6 Gennaio 2018","format":false,"excerpt":"COPPA TICINO CROSS FTAL 2017-2018\u00a0 Laube -Greenkey \u00a0 La coppa Ticino 2017-2018\u00a0 patrocinata dalla FTAL\u00a0 avr\u00e0 iscrizioni e classifiche gestita per la prima volta da Mysdam tramite il portale \u00a0 Endu.net.\u00a0\u00a0 3 Marzo CAMPIONATI SVIZZERI DI CROSS GENEVE CLASSIFICHE FINALI COPPA TICINO CROSS Classifica finale coppa Ticino FTAL CAMPIONATI TICINESI\u2026","rel":"","context":"In &quot;Altro&quot;","block_context":{"text":"Altro","link":"https:\/\/uscatletica.ch\/wp\/?cat=11"},"img":{"alt_text":"","src":"https:\/\/i0.wp.com\/uscatletica.ch\/wp\/wp-content\/uploads\/2017\/12\/podiocrosspom1712m40.jpg?fit=532%2C399&ssl=1&resize=350%2C200","width":350,"height":200,"srcset":"https:\/\/i0.wp.com\/uscatletica.ch\/wp\/wp-content\/uploads\/2017\/12\/podiocrosspom1712m40.jpg?fit=532%2C399&ssl=1&resize=350%2C200 1x, https:\/\/i0.wp.com\/uscatletica.ch\/wp\/wp-content\/uploads\/2017\/12\/podiocrosspom1712m40.jpg?fit=532%2C399&ssl=1&resize=525%2C300 1.5x"},"classes":[]},{"id":7011,"url":"https:\/\/uscatletica.ch\/wp\/?p=7011","url_meta":{"origin":3299,"position":2},"title":"La  coppa Ticino riparte dal cross di Gordola","author":"Leonida Stampanoni","date":"11 Gennaio 2019","format":false,"excerpt":"Sabato a Gordola si correr\u00e0 la quinta prova di coppa Ticino, nella prima parte gli atleti USC si sono difesi alla grande una media di una 50ina di partecipanti con lo storico exploit dei 100 arrivati al nostro cross di Pom. Nella classifica di coppa Rachele, Hassan, Jonathan e Roby\u2026","rel":"","context":"In &quot;Cross&quot;","block_context":{"text":"Cross","link":"https:\/\/uscatletica.ch\/wp\/?cat=7"},"img":{"alt_text":"","src":"https:\/\/i0.wp.com\/uscatletica.ch\/wp\/wp-content\/uploads\/2018\/01\/CRO.jpg?fit=532%2C399&ssl=1&resize=350%2C200","width":350,"height":200,"srcset":"https:\/\/i0.wp.com\/uscatletica.ch\/wp\/wp-content\/uploads\/2018\/01\/CRO.jpg?fit=532%2C399&ssl=1&resize=350%2C200 1x, https:\/\/i0.wp.com\/uscatletica.ch\/wp\/wp-content\/uploads\/2018\/01\/CRO.jpg?fit=532%2C399&ssl=1&resize=525%2C300 1.5x"},"classes":[]},{"id":7005,"url":"https:\/\/uscatletica.ch\/wp\/?p=7005","url_meta":{"origin":3299,"position":3},"title":"Cross Coppa Ticino FTAL Laube Greenkey stagione 2018-2019 (Cross Vezia Campionati ticinesi )","author":"Leonida Stampanoni","date":"8 Gennaio 2019","format":false,"excerpt":"CAMPIONATI TICINESI DI CROSS VEZIA COPPA TICINO VII Prova valida cross cup Swiss Athletics Ultima prova di coppa Ticino e campionato ticinese di cross alla monda di Vezia nuovo percorso 20190209ProgrammaSAMCrossScarica Cross Banco VI COPPA TICINO CROSS ANNULLATA CLASSIFICHE COPPA TICINO Cross Banco \u2013 3 febbraio 2019 Quinto cross della\u2026","rel":"","context":"In &quot;Cross&quot;","block_context":{"text":"Cross","link":"https:\/\/uscatletica.ch\/wp\/?cat=7"},"img":{"alt_text":"","src":"https:\/\/i0.wp.com\/uscatletica.ch\/wp\/wp-content\/uploads\/2018\/12\/sstef2019usc.jpg?fit=532%2C399&ssl=1&resize=350%2C200","width":350,"height":200,"srcset":"https:\/\/i0.wp.com\/uscatletica.ch\/wp\/wp-content\/uploads\/2018\/12\/sstef2019usc.jpg?fit=532%2C399&ssl=1&resize=350%2C200 1x, https:\/\/i0.wp.com\/uscatletica.ch\/wp\/wp-content\/uploads\/2018\/12\/sstef2019usc.jpg?fit=532%2C399&ssl=1&resize=525%2C300 1.5x"},"classes":[]},{"id":3047,"url":"https:\/\/uscatletica.ch\/wp\/?p=3047","url_meta":{"origin":3299,"position":4},"title":"Coppa Ticino di cross si parte da Dongio","author":"Leonida Stampanoni","date":"12 Novembre 2016","format":false,"excerpt":"Domenica \u00a0a Dongio partir\u00e0 la stagione 2016 - 2017 di cross con la prima prova di coppa Ticino. \u00a0Le corse campestri sono da sempre la specialit\u00e0 di predilezione dell'USC che nel passato ha portato alla selezione dei campionati europei U20 per Giorgio Pongelli, ai mondiali universitari e militari per Jonathan\u2026","rel":"","context":"In &quot;Cross&quot;","block_context":{"text":"Cross","link":"https:\/\/uscatletica.ch\/wp\/?cat=7"},"img":{"alt_text":"","src":"https:\/\/i0.wp.com\/uscatletica.ch\/wp\/wp-content\/uploads\/2015\/11\/P1110871.jpg?fit=563%2C422&ssl=1&resize=350%2C200","width":350,"height":200,"srcset":"https:\/\/i0.wp.com\/uscatletica.ch\/wp\/wp-content\/uploads\/2015\/11\/P1110871.jpg?fit=563%2C422&ssl=1&resize=350%2C200 1x, https:\/\/i0.wp.com\/uscatletica.ch\/wp\/wp-content\/uploads\/2015\/11\/P1110871.jpg?fit=563%2C422&ssl=1&resize=525%2C300 1.5x"},"classes":[]},{"id":5163,"url":"https:\/\/uscatletica.ch\/wp\/?p=5163","url_meta":{"origin":3299,"position":5},"title":"COPPA TICINO CROSS le classifiche dopo tre gare prima parte","author":"Leonida Stampanoni","date":"6 Novembre 2017","format":false,"excerpt":"COPPA TICINO CROSS FTAL 2017-2018\u00a0 Laube -Greenkey \u00a0 La coppa Ticino 2017-2018\u00a0 patrocinata dalla FTAL\u00a0 avr\u00e0 iscrizioni e classifiche gestita per la prima volta da Mysdam tramite il portale \u00a0 Endu.net.\u00a0\u00a0 CLASSIFICHE COPPA TICINO DOPO LE PRIME TRE PROVE Classifica individuale Classifica Societa CROSS DI POM CAPRIASCA Domenica 3 Dicembre\u2026","rel":"","context":"In &quot;Cross&quot;","block_context":{"text":"Cross","link":"https:\/\/uscatletica.ch\/wp\/?cat=7"},"img":{"alt_text":"","src":"https:\/\/i0.wp.com\/uscatletica.ch\/wp\/wp-content\/uploads\/2017\/03\/P1450159.jpg?fit=563%2C422&ssl=1&resize=350%2C200","width":350,"height":200,"srcset":"https:\/\/i0.wp.com\/uscatletica.ch\/wp\/wp-content\/uploads\/2017\/03\/P1450159.jpg?fit=563%2C422&ssl=1&resize=350%2C200 1x, https:\/\/i0.wp.com\/uscatletica.ch\/wp\/wp-content\/uploads\/2017\/03\/P1450159.jpg?fit=563%2C422&ssl=1&resize=525%2C300 1.5x"},"classes":[]}],"_links":{"self":[{"href":"https:\/\/uscatletica.ch\/wp\/index.php?rest_route=\/wp\/v2\/posts\/3299","targetHints":{"allow":["GET"]}}],"collection":[{"href":"https:\/\/uscatletica.ch\/wp\/index.php?rest_route=\/wp\/v2\/posts"}],"about":[{"href":"https:\/\/uscatletica.ch\/wp\/index.php?rest_route=\/wp\/v2\/types\/post"}],"author":[{"embeddable":true,"href":"https:\/\/uscatletica.ch\/wp\/index.php?rest_route=\/wp\/v2\/users\/4"}],"replies":[{"embeddable":true,"href":"https:\/\/uscatletica.ch\/wp\/index.php?rest_route=%2Fwp%2Fv2%2Fcomments&post=3299"}],"version-history":[{"count":6,"href":"https:\/\/uscatletica.ch\/wp\/index.php?rest_route=\/wp\/v2\/posts\/3299\/revisions"}],"predecessor-version":[{"id":3317,"href":"https:\/\/uscatletica.ch\/wp\/index.php?rest_route=\/wp\/v2\/posts\/3299\/revisions\/3317"}],"wp:featuredmedia":[{"embeddable":true,"href":"https:\/\/uscatletica.ch\/wp\/index.php?rest_route=\/wp\/v2\/media\/645"}],"wp:attachment":[{"href":"https:\/\/uscatletica.ch\/wp\/index.php?rest_route=%2Fwp%2Fv2%2Fmedia&parent=3299"}],"wp:term":[{"taxonomy":"category","embeddable":true,"href":"https:\/\/uscatletica.ch\/wp\/index.php?rest_route=%2Fwp%2Fv2%2Fcategories&post=3299"},{"taxonomy":"post_tag","embeddable":true,"href":"https:\/\/uscatletica.ch\/wp\/index.php?rest_route=%2Fwp%2Fv2%2Ftags&post=3299"}],"curies":[{"name":"wp","href":"https:\/\/api.w.org\/{rel}","templated":true}]}}