{"id":3404,"date":"2017-01-31T07:01:10","date_gmt":"2017-01-31T06:01:10","guid":{"rendered":"http:\/\/uscatletica.ch\/wp\/?p=3404"},"modified":"2017-02-01T21:54:19","modified_gmt":"2017-02-01T20:54:19","slug":"campionati-ticinesi-indoor-una-bella-dozzina-di-uscini-al-via","status":"publish","type":"post","link":"https:\/\/uscatletica.ch\/wp\/?p=3404","title":{"rendered":"Campionati Ticinesi Indoor una bella dozzina di USCini al via"},"content":{"rendered":"<p>Mercoled\u00ec sera la Virtus ed il palazzaetto Fevi ospiteranno i campionati ticinesi indoor sprint ostacoli e lanci. \u00a0L&#8217;USC sar\u00e0 la via con una dozzina di atleti dieci sui 60 m \u00a0tre nel getto del peso ed una sui \u00a060 m ostacoli .<\/p>\n<p>La corsa al titolo femminile sui 60 m avr\u00e0 al via Nina, Vera, Clo\u00e9, Alice Alessia, Benedetta e Janet che scenderanno in pista per confrontarsi contro le migliori velociste del cantone., Al via dovrebbe esserci anche Ajla Del Ponte, che nel fine settimana ha firmato tre primati 7&#8217;45 ,7.42 \u00a0sui 60 m e 24&#8217;11 sui 200 m ed ottenuto anche il limite \u00a0per i Campionati europei Indoor \u00a0del 4-5 marzo a Belgrado.<\/p>\n<p>Simone ,Filippo ed Erik saranno impegnati sui 60 m \u00a0dove troveranno tra l&#8217;altro pure Ricky Petrucciani che nel fine settimana in 48&#8243;54 ha ritoccato la miglior pretazione svizzero U18 di tutti i tempi sui 400 m indoor ottenuto la prima volta il 22 gennaio con 48&#8217;86.<\/p>\n<p>Ultima pretendente al titolo sar\u00e0 C\u00e9line che scender\u00e0 in pedana ne getto del peso 4 kg dov edovr\u00e0 difendere l&#8217;argento colto lo scorso anno. Nel Getto del peso nella loro categoria non valida per i CT ci saranno anche Erik e Giada che poi si cimenter\u00f2 pure sui 60 m h U16 .<\/p>\n","protected":false},"excerpt":{"rendered":"<p>Mercoled\u00ec sera la Virtus ed il palazzaetto Fevi ospiteranno i campionati ticinesi indoor sprint ostacoli e lanci. \u00a0L&#8217;USC sar\u00e0 la via con una dozzina di atleti dieci sui 60 m \u00a0tre nel getto del peso ed una sui \u00a060 m ostacoli . La corsa al titolo femminile sui 60 m avr\u00e0 al via Nina, Vera, Clo\u00e9, Alice Alessia, Benedetta e Janet che scenderanno in pista per confrontarsi contro le migliori velociste del cantone., Al via&#8230;<\/p>\n","protected":false},"author":4,"featured_media":2384,"comment_status":"closed","ping_status":"closed","sticky":false,"template":"","format":"standard","meta":{"jetpack_post_was_ever_published":false,"_jetpack_newsletter_access":"","_jetpack_dont_email_post_to_subs":false,"_jetpack_newsletter_tier_id":0,"_jetpack_memberships_contains_paywalled_content":false,"_jetpack_memberships_contains_paid_content":false,"footnotes":"","jetpack_publicize_message":"","jetpack_publicize_feature_enabled":true,"jetpack_social_post_already_shared":true,"jetpack_social_options":{"image_generator_settings":{"template":"highway","default_image_id":0,"font":"","enabled":false},"version":2}},"categories":[4],"tags":[],"class_list":["post-3404","post","type-post","status-publish","format-standard","has-post-thumbnail","hentry","category-pista"],"jetpack_publicize_connections":[],"jetpack_featured_media_url":"https:\/\/i0.wp.com\/uscatletica.ch\/wp\/wp-content\/uploads\/2016\/06\/giadacregionali2016.jpg?fit=561%2C315&ssl=1","jetpack_sharing_enabled":true,"jetpack_shortlink":"https:\/\/wp.me\/p6V7Ck-SU","jetpack-related-posts":[{"id":14293,"url":"https:\/\/uscatletica.ch\/wp\/?p=14293","url_meta":{"origin":3404,"position":0},"title":"Fine settimana tra San Gallo e la Sardegna","author":"Leonida Stampanoni","date":"18 Febbraio 2022","format":false,"excerpt":"Due atlete in gara nel fine settimana in appuntamenti di grande prestigio : all'Athletikzentrum St. Gallen ci saranno i campionati svizzeri giovanili indoor tra le 33 presenze ticinesi c'\u00e8 anche la nostra Matilda al via sui 60 m. \u00a0La FTAL ha convocato 8 giovani leve per la Selezione Ticino di\u2026","rel":"","context":"In &quot;Cross&quot;","block_context":{"text":"Cross","link":"https:\/\/uscatletica.ch\/wp\/?cat=7"},"img":{"alt_text":"","src":"https:\/\/i0.wp.com\/uscatletica.ch\/wp\/wp-content\/uploads\/2021\/11\/211113podiou18w.jpeg?fit=324%2C432&ssl=1&resize=350%2C200","width":350,"height":200},"classes":[]},{"id":18763,"url":"https:\/\/uscatletica.ch\/wp\/?p=18763","url_meta":{"origin":3404,"position":1},"title":"Campionati ticinesi indoor un settebello USC al via","author":"Leonida Stampanoni","date":"19 Gennaio 2024","format":false,"excerpt":"Domani nella rinnovata palestra Regazzi di Gordola, l\u2019unica pista indoor utilizzabile tutto l\u2019anno in svizzera, si correranno i campionati ticinesi indoor. In Palio ben 10 titoli (60 m, 60m ostacoli, alto, peso, lungo e triplo). L\u2019USC sar\u00e0 presente con un settebello guidato dalla campionessa uscente del peso Giada. In pedana\u2026","rel":"","context":"In &quot;Pista&quot;","block_context":{"text":"Pista","link":"https:\/\/uscatletica.ch\/wp\/?cat=4"},"img":{"alt_text":"","src":"https:\/\/i0.wp.com\/uscatletica.ch\/wp\/wp-content\/uploads\/2021\/08\/210829giadamatilda.jpg?fit=432%2C288&ssl=1&resize=350%2C200","width":350,"height":200},"classes":[]},{"id":7021,"url":"https:\/\/uscatletica.ch\/wp\/?p=7021","url_meta":{"origin":3404,"position":2},"title":"A Locarno parte la stagione Indoor","author":"Leonida Stampanoni","date":"15 Gennaio 2019","format":false,"excerpt":"Mercoled\u00ec al Palexpo di Locarno con il Trittico della velocit\u00e0 partir\u00e0 la stagione Indoor Ticinese. in serata si garegger\u00e0 su 30 m. 50 m e 60 m e nel getto del peso. Sabato ci saranno alla Regazzi i campionati ticinesi di peso alto lungo triplo. Il tris ticinese si completer\u00e0\u2026","rel":"","context":"In &quot;Pista&quot;","block_context":{"text":"Pista","link":"https:\/\/uscatletica.ch\/wp\/?cat=4"},"img":{"alt_text":"","src":"https:\/\/i0.wp.com\/uscatletica.ch\/wp\/wp-content\/uploads\/2018\/04\/P1460145.jpg?fit=563%2C422&ssl=1&resize=350%2C200","width":350,"height":200,"srcset":"https:\/\/i0.wp.com\/uscatletica.ch\/wp\/wp-content\/uploads\/2018\/04\/P1460145.jpg?fit=563%2C422&ssl=1&resize=350%2C200 1x, https:\/\/i0.wp.com\/uscatletica.ch\/wp\/wp-content\/uploads\/2018\/04\/P1460145.jpg?fit=563%2C422&ssl=1&resize=525%2C300 1.5x"},"classes":[]},{"id":16646,"url":"https:\/\/uscatletica.ch\/wp\/?p=16646","url_meta":{"origin":3404,"position":3},"title":"Matilda Argento ai CT INDOOR","author":"Leonida Stampanoni","date":"1 Febbraio 2023","format":false,"excerpt":"La serata al Palexpo di Locarno ha offerto spunti interessanti quattro i titoli assegnati. Sui 60 m femminili le nostre ragazze si sono ben battute e Matilda ha strappato una bella medaglia d'argento.Tre personali per Alice, Jennis e Lea.\u00a0 Tutti i risultati da Locarno Nelle batterie Matilda vince la terza\u2026","rel":"","context":"In &quot;Pista&quot;","block_context":{"text":"Pista","link":"https:\/\/uscatletica.ch\/wp\/?cat=4"},"img":{"alt_text":"","src":"https:\/\/i0.wp.com\/uscatletica.ch\/wp\/wp-content\/uploads\/2023\/02\/2201.23ctindmat.jpeg?fit=320%2C240&ssl=1&resize=350%2C200","width":350,"height":200},"classes":[]},{"id":16707,"url":"https:\/\/uscatletica.ch\/wp\/?p=16707","url_meta":{"origin":3404,"position":4},"title":"Il fine settimana un duo a Macolin un trio ad Al\u00e0 dei Sardi","author":"Leonida Stampanoni","date":"23 Febbraio 2023","format":false,"excerpt":"Nel fine settimana saranno due gli appuntamenti di un certo prestigio per le atlete USC, le velociste Matilda ed Alice saranno impegnate ai campionati svizzeri giovanili indoor di Macolin, dal canto loro Federica,Selina e Martine ,specialiste del cross, partiranno domani per un fine settimana lungo in Sardegna dove con la\u2026","rel":"","context":"In &quot;Cross&quot;","block_context":{"text":"Cross","link":"https:\/\/uscatletica.ch\/wp\/?cat=7"},"img":{"alt_text":"","src":"https:\/\/i0.wp.com\/uscatletica.ch\/wp\/wp-content\/uploads\/2019\/02\/ticinou18u20aladeisardi.jpg?fit=964%2C1200&ssl=1&resize=350%2C200","width":350,"height":200,"srcset":"https:\/\/i0.wp.com\/uscatletica.ch\/wp\/wp-content\/uploads\/2019\/02\/ticinou18u20aladeisardi.jpg?fit=964%2C1200&ssl=1&resize=350%2C200 1x, https:\/\/i0.wp.com\/uscatletica.ch\/wp\/wp-content\/uploads\/2019\/02\/ticinou18u20aladeisardi.jpg?fit=964%2C1200&ssl=1&resize=525%2C300 1.5x, https:\/\/i0.wp.com\/uscatletica.ch\/wp\/wp-content\/uploads\/2019\/02\/ticinou18u20aladeisardi.jpg?fit=964%2C1200&ssl=1&resize=700%2C400 2x"},"classes":[]},{"id":7315,"url":"https:\/\/uscatletica.ch\/wp\/?p=7315","url_meta":{"origin":3404,"position":5},"title":"Giada al via ai Campionati Svizzeri","author":"Leonida Stampanoni","date":"22 Febbraio 2019","format":false,"excerpt":"La Ende der Welt di Macolin torner\u00e0 ad ospitare i campionati svizzeri giovanili Indoor. 700 gli atleti al via nella due giorni di gare, dal Ticino una settantina i giovani talenti a caccia di medaglie, La nostra Giada sar\u00e0 l'unica a difendere i colori USC scender\u00e0 in pedana nel peso\u2026","rel":"","context":"In &quot;Pista&quot;","block_context":{"text":"Pista","link":"https:\/\/uscatletica.ch\/wp\/?cat=4"},"img":{"alt_text":"","src":"https:\/\/i0.wp.com\/uscatletica.ch\/wp\/wp-content\/uploads\/2019\/01\/giadctu20peso19b.jpg?fit=640%2C480&ssl=1&resize=350%2C200","width":350,"height":200,"srcset":"https:\/\/i0.wp.com\/uscatletica.ch\/wp\/wp-content\/uploads\/2019\/01\/giadctu20peso19b.jpg?fit=640%2C480&ssl=1&resize=350%2C200 1x, https:\/\/i0.wp.com\/uscatletica.ch\/wp\/wp-content\/uploads\/2019\/01\/giadctu20peso19b.jpg?fit=640%2C480&ssl=1&resize=525%2C300 1.5x"},"classes":[]}],"_links":{"self":[{"href":"https:\/\/uscatletica.ch\/wp\/index.php?rest_route=\/wp\/v2\/posts\/3404","targetHints":{"allow":["GET"]}}],"collection":[{"href":"https:\/\/uscatletica.ch\/wp\/index.php?rest_route=\/wp\/v2\/posts"}],"about":[{"href":"https:\/\/uscatletica.ch\/wp\/index.php?rest_route=\/wp\/v2\/types\/post"}],"author":[{"embeddable":true,"href":"https:\/\/uscatletica.ch\/wp\/index.php?rest_route=\/wp\/v2\/users\/4"}],"replies":[{"embeddable":true,"href":"https:\/\/uscatletica.ch\/wp\/index.php?rest_route=%2Fwp%2Fv2%2Fcomments&post=3404"}],"version-history":[{"count":1,"href":"https:\/\/uscatletica.ch\/wp\/index.php?rest_route=\/wp\/v2\/posts\/3404\/revisions"}],"predecessor-version":[{"id":3405,"href":"https:\/\/uscatletica.ch\/wp\/index.php?rest_route=\/wp\/v2\/posts\/3404\/revisions\/3405"}],"wp:featuredmedia":[{"embeddable":true,"href":"https:\/\/uscatletica.ch\/wp\/index.php?rest_route=\/wp\/v2\/media\/2384"}],"wp:attachment":[{"href":"https:\/\/uscatletica.ch\/wp\/index.php?rest_route=%2Fwp%2Fv2%2Fmedia&parent=3404"}],"wp:term":[{"taxonomy":"category","embeddable":true,"href":"https:\/\/uscatletica.ch\/wp\/index.php?rest_route=%2Fwp%2Fv2%2Fcategories&post=3404"},{"taxonomy":"post_tag","embeddable":true,"href":"https:\/\/uscatletica.ch\/wp\/index.php?rest_route=%2Fwp%2Fv2%2Ftags&post=3404"}],"curies":[{"name":"wp","href":"https:\/\/api.w.org\/{rel}","templated":true}]}}