{"id":3732,"date":"2017-03-18T12:05:29","date_gmt":"2017-03-18T11:05:29","guid":{"rendered":"http:\/\/uscatletica.ch\/wp\/?p=3732"},"modified":"2017-03-21T09:06:48","modified_gmt":"2017-03-21T08:06:48","slug":"fine-settimana-da-brivido-coppa-ticino-cortenova-e-kerzers","status":"publish","type":"post","link":"https:\/\/uscatletica.ch\/wp\/?p=3732","title":{"rendered":"Fine settimana da brivido Coppa Ticino Cortenova e Kerzers"},"content":{"rendered":"<p>Nell&#8217;ultimo fine settimana invernale i nostri atleti saranno impegnati su tre fronti:<\/p>\n<p>A Cortenova si sar\u00e0 il ventesimo del cross delle selezione con ben 6 USCini a rappresentare i colori della FTAL il Valsassina, Matilde, Florian, Louis, Federica, Samuele e Ruben L.\u00a0<a href=\"https:\/\/www.mysdam.net\/events\/event\/results_35516.do\" target=\"_blank\">live da Cortenova<\/a><\/p>\n<p>Sabato alla <a href=\"http:\/\/www.kerzerslauf.ch\/\" target=\"_blank\">Kerzerslauf<\/a> i podisti saranno impegnati nella prima grande classica del calendario elvetico.<a href=\"https:\/\/www.datasport.com\/live\/favorites\/?racenr=19101\">risultati live da Kerzers<\/a><\/p>\n<p>Domenica si apre ufficialmente con la Sementina San Defendente la stagione podistica dell&#8217;ASTi che presenta molte novit\u00e0.<\/p>\n<p><a href=\"https:\/\/uscatletica.ch\/wp\/wp-content\/uploads\/2017\/03\/lrt170308cortenova.pdf\">Articolo Cortenova La Regione<\/a> <a href=\"https:\/\/uscatletica.ch\/wp\/wp-content\/uploads\/2017\/03\/lrT170318CTMONT17.pdf\">Articolo CT Montagna La Regione <\/a> <a href=\"https:\/\/uscatletica.ch\/wp\/wp-content\/uploads\/2017\/03\/PRESENTAZIONECTMONT17.pdf\">presentazione CT Montagna orginiale<\/a><\/p>\n","protected":false},"excerpt":{"rendered":"<p>Nell&#8217;ultimo fine settimana invernale i nostri atleti saranno impegnati su tre fronti: A Cortenova si sar\u00e0 il ventesimo del cross delle selezione con ben 6 USCini a rappresentare i colori della FTAL il Valsassina, Matilde, Florian, Louis, Federica, Samuele e Ruben L.\u00a0live da Cortenova Sabato alla Kerzerslauf i podisti saranno impegnati nella prima grande classica del calendario elvetico.risultati live da Kerzers Domenica si apre ufficialmente con la Sementina San Defendente la stagione podistica dell&#8217;ASTi che&#8230;<\/p>\n","protected":false},"author":4,"featured_media":3704,"comment_status":"closed","ping_status":"closed","sticky":false,"template":"","format":"standard","meta":{"jetpack_post_was_ever_published":false,"_jetpack_newsletter_access":"","_jetpack_dont_email_post_to_subs":true,"_jetpack_newsletter_tier_id":0,"_jetpack_memberships_contains_paywalled_content":false,"_jetpack_memberships_contains_paid_content":false,"footnotes":"","jetpack_publicize_message":"","jetpack_publicize_feature_enabled":true,"jetpack_social_post_already_shared":true,"jetpack_social_options":{"image_generator_settings":{"template":"highway","default_image_id":0,"font":"","enabled":false},"version":2}},"categories":[7,5],"tags":[],"class_list":["post-3732","post","type-post","status-publish","format-standard","has-post-thumbnail","hentry","category-cross","category-podismo"],"jetpack_publicize_connections":[],"jetpack_featured_media_url":"https:\/\/i0.wp.com\/uscatletica.ch\/wp\/wp-content\/uploads\/2017\/03\/P1450207.jpg?fit=563%2C422&ssl=1","jetpack_sharing_enabled":true,"jetpack_shortlink":"https:\/\/wp.me\/p6V7Ck-Yc","jetpack-related-posts":[{"id":7443,"url":"https:\/\/uscatletica.ch\/wp\/?p=7443","url_meta":{"origin":3732,"position":0},"title":"Gaia Vola a Bergamo bravi gli USCini a Cortenova Parigi Kerzers","author":"Leonida Stampanoni","date":"17 Marzo 2019","format":false,"excerpt":"Fine settimana intenso per gli USCini i nostri atleti erano impegnati su pi\u00f9 fronti: Chiara era ai campionati italiani di Ancona, U14 ed U16 impegnati nelle selezioni Ticino tra Cortenova e Bergamo. Roby giovedi ha scalato la tour Eiffel per poi concedersi un trail a Parigi. Kalinka e Patrizia erano\u2026","rel":"","context":"In &quot;Cross&quot;","block_context":{"text":"Cross","link":"https:\/\/uscatletica.ch\/wp\/?cat=7"},"img":{"alt_text":"","src":"https:\/\/i0.wp.com\/uscatletica.ch\/wp\/wp-content\/uploads\/2018\/06\/altoP1510460.jpg?fit=432%2C324&ssl=1&resize=350%2C200","width":350,"height":200},"classes":[]},{"id":5709,"url":"https:\/\/uscatletica.ch\/wp\/?p=5709","url_meta":{"origin":3732,"position":1},"title":"Cortenova bravi gli USCini le signore del podismo a Kerzers","author":"Leonida Stampanoni","date":"19 Marzo 2018","format":false,"excerpt":"Al cross di Cortenova bella trasferta per gli USCini invitati dalla selezione Ticino, tempo coperto ma asciutto per la sfida con le province italiane. Le distanze corte, il percorso tecnico e variato e l'alto livello dei partecipanti ha regalato una bellissima esperienza ai nostri ragazzi. Lea ha raccolto un bel\u2026","rel":"","context":"In &quot;Cross&quot;","block_context":{"text":"Cross","link":"https:\/\/uscatletica.ch\/wp\/?cat=7"},"img":{"alt_text":"","src":"https:\/\/i0.wp.com\/uscatletica.ch\/wp\/wp-content\/uploads\/2018\/03\/ftalticinocortenova18.jpg?fit=563%2C422&ssl=1&resize=350%2C200","width":350,"height":200,"srcset":"https:\/\/i0.wp.com\/uscatletica.ch\/wp\/wp-content\/uploads\/2018\/03\/ftalticinocortenova18.jpg?fit=563%2C422&ssl=1&resize=350%2C200 1x, https:\/\/i0.wp.com\/uscatletica.ch\/wp\/wp-content\/uploads\/2018\/03\/ftalticinocortenova18.jpg?fit=563%2C422&ssl=1&resize=525%2C300 1.5x"},"classes":[]},{"id":980,"url":"https:\/\/uscatletica.ch\/wp\/?p=980","url_meta":{"origin":3732,"position":2},"title":"Cortenova 7 USCini con la selezione Ticino.","author":"Leonida Stampanoni","date":"11 Marzo 2016","format":false,"excerpt":"L'appuntamento con il 19o\u00a0Meeting Regionale di corsa \u00a0campestre di Cortenova chiuder\u00e0 la stagione 2016 di cross. Una trentina di giovani formeranno la selezione Ticino della FTAL che garegger\u00e0 domenica in Valsassina. Sette gli USCini selezionati Florian, Louis, Matilde, Ruben, Giorgia, Janet, Vera, Alex si batteranno sui parti della Bressanella. Il\u2026","rel":"","context":"In &quot;Cross&quot;","block_context":{"text":"Cross","link":"https:\/\/uscatletica.ch\/wp\/?cat=7"},"img":{"alt_text":"","src":"https:\/\/i0.wp.com\/uscatletica.ch\/wp\/wp-content\/uploads\/2016\/03\/P1380230.jpg?fit=563%2C422&ssl=1&resize=350%2C200","width":350,"height":200,"srcset":"https:\/\/i0.wp.com\/uscatletica.ch\/wp\/wp-content\/uploads\/2016\/03\/P1380230.jpg?fit=563%2C422&ssl=1&resize=350%2C200 1x, https:\/\/i0.wp.com\/uscatletica.ch\/wp\/wp-content\/uploads\/2016\/03\/P1380230.jpg?fit=563%2C422&ssl=1&resize=525%2C300 1.5x"},"classes":[]},{"id":7436,"url":"https:\/\/uscatletica.ch\/wp\/?p=7436","url_meta":{"origin":3732,"position":3},"title":"IL FINE SETTIMANA DELLE SELEZIONE DA CORTENOVA A BERGAMO","author":"Leonida Stampanoni","date":"14 Marzo 2019","format":false,"excerpt":"Nel fine settimana una decina di USCini difenderanno i colori del Ticino nelle due gare tra rappresentative in programma. Le tre ragazze del CAT Future Gaia Matilde e Morena saranno a Bergamo per il quadrangolare indoor a cui per l'USC hanno gi\u00e0 partecipato Giada Florian Lia e Gea. Per la\u2026","rel":"","context":"In &quot;Cross&quot;","block_context":{"text":"Cross","link":"https:\/\/uscatletica.ch\/wp\/?cat=7"},"img":{"alt_text":"","src":"https:\/\/i0.wp.com\/uscatletica.ch\/wp\/wp-content\/uploads\/2019\/02\/ticinou18u20aladeisardi.jpg?fit=964%2C1200&ssl=1&resize=350%2C200","width":350,"height":200,"srcset":"https:\/\/i0.wp.com\/uscatletica.ch\/wp\/wp-content\/uploads\/2019\/02\/ticinou18u20aladeisardi.jpg?fit=964%2C1200&ssl=1&resize=350%2C200 1x, https:\/\/i0.wp.com\/uscatletica.ch\/wp\/wp-content\/uploads\/2019\/02\/ticinou18u20aladeisardi.jpg?fit=964%2C1200&ssl=1&resize=525%2C300 1.5x, https:\/\/i0.wp.com\/uscatletica.ch\/wp\/wp-content\/uploads\/2019\/02\/ticinou18u20aladeisardi.jpg?fit=964%2C1200&ssl=1&resize=700%2C400 2x"},"classes":[]},{"id":19023,"url":"https:\/\/uscatletica.ch\/wp\/?p=19023","url_meta":{"origin":3732,"position":4},"title":"DOMENICA TRA TESSERETE E CORTENOVA","author":"Leonida Stampanoni","date":"16 Marzo 2024","format":false,"excerpt":"Domenica la stagione del Trofeo ASTi BancaStato Staffette raccoglier\u00e0 il testimone da quella di cross che vivr\u00e0 a Cortenova il suo epilogo mentre alla Staffetta Capriaschee debutter\u00e0 la stagione del TAS.\u00a0 In Valsassina con la selezione Ticino ben otto le presenze USC a sfidare le selezioni provinciali italiani sul bellissimo\u2026","rel":"","context":"In &quot;Cross&quot;","block_context":{"text":"Cross","link":"https:\/\/uscatletica.ch\/wp\/?cat=7"},"img":{"alt_text":"","src":"https:\/\/i0.wp.com\/uscatletica.ch\/wp\/wp-content\/uploads\/2023\/03\/StaffettaUSC22-Foto-USC-ES-1-scaled.jpg?fit=1200%2C817&ssl=1&resize=350%2C200","width":350,"height":200,"srcset":"https:\/\/i0.wp.com\/uscatletica.ch\/wp\/wp-content\/uploads\/2023\/03\/StaffettaUSC22-Foto-USC-ES-1-scaled.jpg?fit=1200%2C817&ssl=1&resize=350%2C200 1x, https:\/\/i0.wp.com\/uscatletica.ch\/wp\/wp-content\/uploads\/2023\/03\/StaffettaUSC22-Foto-USC-ES-1-scaled.jpg?fit=1200%2C817&ssl=1&resize=525%2C300 1.5x, https:\/\/i0.wp.com\/uscatletica.ch\/wp\/wp-content\/uploads\/2023\/03\/StaffettaUSC22-Foto-USC-ES-1-scaled.jpg?fit=1200%2C817&ssl=1&resize=700%2C400 2x, https:\/\/i0.wp.com\/uscatletica.ch\/wp\/wp-content\/uploads\/2023\/03\/StaffettaUSC22-Foto-USC-ES-1-scaled.jpg?fit=1200%2C817&ssl=1&resize=1050%2C600 3x"},"classes":[]},{"id":14450,"url":"https:\/\/uscatletica.ch\/wp\/?p=14450","url_meta":{"origin":3732,"position":5},"title":"5 USCini a Cortenova","author":"Leonida Stampanoni","date":"20 Marzo 2022","format":false,"excerpt":"La selezione Ticino torna a Cortenova per il cross delle Bressanelle dopo due anni di pausa forzata. Tra le 17 selezioni \u00a0spiccano le presenze \u00a0USC \u00a0con Jennis, No\u00e8, Am\u00e9lie, Ismael e Dalia. Comunicato 22.03.15 \u2013 Selezione Ticino FTAL Cross delle selezioni di Cortenova IL TICINO TORNA A CORTENOVA Leonida Stampanoni\u2026","rel":"","context":"In &quot;Cross&quot;","block_context":{"text":"Cross","link":"https:\/\/uscatletica.ch\/wp\/?cat=7"},"img":{"alt_text":"","src":"https:\/\/i0.wp.com\/uscatletica.ch\/wp\/wp-content\/uploads\/2019\/03\/image1.jpeg?fit=518%2C299&ssl=1&resize=350%2C200","width":350,"height":200},"classes":[]}],"_links":{"self":[{"href":"https:\/\/uscatletica.ch\/wp\/index.php?rest_route=\/wp\/v2\/posts\/3732","targetHints":{"allow":["GET"]}}],"collection":[{"href":"https:\/\/uscatletica.ch\/wp\/index.php?rest_route=\/wp\/v2\/posts"}],"about":[{"href":"https:\/\/uscatletica.ch\/wp\/index.php?rest_route=\/wp\/v2\/types\/post"}],"author":[{"embeddable":true,"href":"https:\/\/uscatletica.ch\/wp\/index.php?rest_route=\/wp\/v2\/users\/4"}],"replies":[{"embeddable":true,"href":"https:\/\/uscatletica.ch\/wp\/index.php?rest_route=%2Fwp%2Fv2%2Fcomments&post=3732"}],"version-history":[{"count":5,"href":"https:\/\/uscatletica.ch\/wp\/index.php?rest_route=\/wp\/v2\/posts\/3732\/revisions"}],"predecessor-version":[{"id":3756,"href":"https:\/\/uscatletica.ch\/wp\/index.php?rest_route=\/wp\/v2\/posts\/3732\/revisions\/3756"}],"wp:featuredmedia":[{"embeddable":true,"href":"https:\/\/uscatletica.ch\/wp\/index.php?rest_route=\/wp\/v2\/media\/3704"}],"wp:attachment":[{"href":"https:\/\/uscatletica.ch\/wp\/index.php?rest_route=%2Fwp%2Fv2%2Fmedia&parent=3732"}],"wp:term":[{"taxonomy":"category","embeddable":true,"href":"https:\/\/uscatletica.ch\/wp\/index.php?rest_route=%2Fwp%2Fv2%2Fcategories&post=3732"},{"taxonomy":"post_tag","embeddable":true,"href":"https:\/\/uscatletica.ch\/wp\/index.php?rest_route=%2Fwp%2Fv2%2Ftags&post=3732"}],"curies":[{"name":"wp","href":"https:\/\/api.w.org\/{rel}","templated":true}]}}