{"id":3748,"date":"2017-03-17T05:00:49","date_gmt":"2017-03-17T04:00:49","guid":{"rendered":"http:\/\/uscatletica.ch\/wp\/?p=3748"},"modified":"2017-03-26T20:31:06","modified_gmt":"2017-03-26T18:31:06","slug":"44-staffetta-capriaschese-trofeo-giovanni-quadri","status":"publish","type":"post","link":"https:\/\/uscatletica.ch\/wp\/?p=3748","title":{"rendered":"44 Staffetta Capriaschese Trofeo Giovanni Quadri (ORA LEGALE)"},"content":{"rendered":"<p style=\"text-align: center;\">L&#8217;USC ha l&#8217;onore di inaugurare la stagione 2017 del <a href=\"http:\/\/www.asti-ticino.ch\/staffette\/\" target=\"_blank\">Trofeo ASTi staffette<\/a>\u00a0con :<\/p>\n<p style=\"text-align: center;\"><a href=\"https:\/\/i0.wp.com\/uscatletica.ch\/wp\/wp-content\/uploads\/2015\/11\/staffetta.png?ssl=1\" rel=\"attachment wp-att-294\"><img data-recalc-dims=\"1\" loading=\"lazy\" decoding=\"async\" data-attachment-id=\"294\" data-permalink=\"https:\/\/uscatletica.ch\/wp\/?attachment_id=294\" data-orig-file=\"https:\/\/i0.wp.com\/uscatletica.ch\/wp\/wp-content\/uploads\/2015\/11\/staffetta.png?fit=330%2C182&amp;ssl=1\" data-orig-size=\"330,182\" data-comments-opened=\"0\" data-image-meta=\"{&quot;aperture&quot;:&quot;0&quot;,&quot;credit&quot;:&quot;&quot;,&quot;camera&quot;:&quot;&quot;,&quot;caption&quot;:&quot;&quot;,&quot;created_timestamp&quot;:&quot;0&quot;,&quot;copyright&quot;:&quot;&quot;,&quot;focal_length&quot;:&quot;0&quot;,&quot;iso&quot;:&quot;0&quot;,&quot;shutter_speed&quot;:&quot;0&quot;,&quot;title&quot;:&quot;&quot;,&quot;orientation&quot;:&quot;0&quot;}\" data-image-title=\"staffetta\" data-image-description=\"\" data-image-caption=\"\" data-large-file=\"https:\/\/i0.wp.com\/uscatletica.ch\/wp\/wp-content\/uploads\/2015\/11\/staffetta.png?fit=330%2C182&amp;ssl=1\" class=\"aligncenter wp-image-294 size-full\" src=\"https:\/\/i0.wp.com\/uscatletica.ch\/wp\/wp-content\/uploads\/2015\/11\/staffetta.png?resize=330%2C182&#038;ssl=1\" alt=\"staffetta\" width=\"330\" height=\"182\" srcset=\"https:\/\/i0.wp.com\/uscatletica.ch\/wp\/wp-content\/uploads\/2015\/11\/staffetta.png?w=330&amp;ssl=1 330w, https:\/\/i0.wp.com\/uscatletica.ch\/wp\/wp-content\/uploads\/2015\/11\/staffetta.png?resize=300%2C165&amp;ssl=1 300w, https:\/\/i0.wp.com\/uscatletica.ch\/wp\/wp-content\/uploads\/2015\/11\/staffetta.png?resize=71%2C40&amp;ssl=1 71w\" sizes=\"auto, (max-width: 330px) 100vw, 330px\" \/><\/a><\/p>\n<h1 style=\"text-align: center;\"><span style=\"text-decoration: underline;\">44<sup>a<\/sup> STAFFETTA CAPRIASCHESE\u00a0<\/span><\/h1>\n<h1 style=\"text-align: center;\"><span style=\"text-decoration: underline;\">TROFEO IMPRESA GIOVANNI QUADRI<\/span><\/h1>\n<h2 style=\"text-align: center;\">Domenica 26\u00a0Marzo 2017<\/h2>\n<h1 style=\"text-align: center;\"><span style=\"color: #ff0000;\">(cambio ora legale )<\/span><\/h1>\n<p>&nbsp;<\/p>\n<p><iframe loading=\"lazy\" src=\"https:\/\/free.timeanddate.com\/countdown\/i5mnk497\/n1977\/cf111\/cm0\/cu4\/ct0\/cs0\/ca0\/cr0\/ss0\/cac000\/cpc000\/pcf00\/tcf00\/fs100\/szw320\/szh135\/tatLa%2044%20Staffetta%20Capriaschese%20%20\/tac000\/tptLa%20gara%20%C3%A8%20partita%20da\/tpc000\/matpartir%C3%A0%20tra\/mac000\/mpc000\/iso2017-03-26T14:30:00\/bo2\/pd3\" width=\"322\" height=\"137\" frameborder=\"0\"><\/iframe><\/p>\n<p><a href=\"https:\/\/uscatletica.ch\/wp\/wp-content\/uploads\/2015\/11\/ProStaffettaUSC2017.pdf\"><img data-recalc-dims=\"1\" loading=\"lazy\" decoding=\"async\" data-attachment-id=\"3670\" data-permalink=\"https:\/\/uscatletica.ch\/wp\/?attachment_id=3670\" data-orig-file=\"https:\/\/i0.wp.com\/uscatletica.ch\/wp\/wp-content\/uploads\/2015\/11\/copertinaStaffettaUSC2017.jpg?fit=595%2C841&amp;ssl=1\" data-orig-size=\"595,841\" data-comments-opened=\"0\" data-image-meta=\"{&quot;aperture&quot;:&quot;0&quot;,&quot;credit&quot;:&quot;&quot;,&quot;camera&quot;:&quot;&quot;,&quot;caption&quot;:&quot;&quot;,&quot;created_timestamp&quot;:&quot;0&quot;,&quot;copyright&quot;:&quot;&quot;,&quot;focal_length&quot;:&quot;0&quot;,&quot;iso&quot;:&quot;0&quot;,&quot;shutter_speed&quot;:&quot;0&quot;,&quot;title&quot;:&quot;&quot;,&quot;orientation&quot;:&quot;0&quot;}\" data-image-title=\"copertinaStaffettaUSC2017\" data-image-description=\"\" data-image-caption=\"\" data-large-file=\"https:\/\/i0.wp.com\/uscatletica.ch\/wp\/wp-content\/uploads\/2015\/11\/copertinaStaffettaUSC2017.jpg?fit=595%2C841&amp;ssl=1\" class=\"aligncenter size-full wp-image-3670\" src=\"https:\/\/i0.wp.com\/uscatletica.ch\/wp\/wp-content\/uploads\/2015\/11\/copertinaStaffettaUSC2017.jpg?resize=595%2C841&#038;ssl=1\" alt=\"\" width=\"595\" height=\"841\" srcset=\"https:\/\/i0.wp.com\/uscatletica.ch\/wp\/wp-content\/uploads\/2015\/11\/copertinaStaffettaUSC2017.jpg?w=595&amp;ssl=1 595w, https:\/\/i0.wp.com\/uscatletica.ch\/wp\/wp-content\/uploads\/2015\/11\/copertinaStaffettaUSC2017.jpg?resize=212%2C300&amp;ssl=1 212w, https:\/\/i0.wp.com\/uscatletica.ch\/wp\/wp-content\/uploads\/2015\/11\/copertinaStaffettaUSC2017.jpg?resize=106%2C150&amp;ssl=1 106w\" sizes=\"auto, (max-width: 595px) 100vw, 595px\" \/><\/a><\/p>\n<p>&nbsp;<\/p>\n<p><a href=\"https:\/\/i0.wp.com\/uscatletica.ch\/wp\/wp-content\/uploads\/2015\/11\/OraioStaffettaUSC2017.jpg?ssl=1\"><img data-recalc-dims=\"1\" loading=\"lazy\" decoding=\"async\" data-attachment-id=\"3671\" data-permalink=\"https:\/\/uscatletica.ch\/wp\/?attachment_id=3671\" data-orig-file=\"https:\/\/i0.wp.com\/uscatletica.ch\/wp\/wp-content\/uploads\/2015\/11\/OraioStaffettaUSC2017.jpg?fit=595%2C841&amp;ssl=1\" data-orig-size=\"595,841\" data-comments-opened=\"0\" data-image-meta=\"{&quot;aperture&quot;:&quot;0&quot;,&quot;credit&quot;:&quot;&quot;,&quot;camera&quot;:&quot;&quot;,&quot;caption&quot;:&quot;&quot;,&quot;created_timestamp&quot;:&quot;0&quot;,&quot;copyright&quot;:&quot;&quot;,&quot;focal_length&quot;:&quot;0&quot;,&quot;iso&quot;:&quot;0&quot;,&quot;shutter_speed&quot;:&quot;0&quot;,&quot;title&quot;:&quot;&quot;,&quot;orientation&quot;:&quot;0&quot;}\" data-image-title=\"OraioStaffettaUSC2017\" data-image-description=\"\" data-image-caption=\"\" data-large-file=\"https:\/\/i0.wp.com\/uscatletica.ch\/wp\/wp-content\/uploads\/2015\/11\/OraioStaffettaUSC2017.jpg?fit=595%2C841&amp;ssl=1\" class=\"aligncenter size-full wp-image-3671\" src=\"https:\/\/i0.wp.com\/uscatletica.ch\/wp\/wp-content\/uploads\/2015\/11\/OraioStaffettaUSC2017.jpg?resize=595%2C841&#038;ssl=1\" alt=\"\" width=\"595\" height=\"841\" srcset=\"https:\/\/i0.wp.com\/uscatletica.ch\/wp\/wp-content\/uploads\/2015\/11\/OraioStaffettaUSC2017.jpg?w=595&amp;ssl=1 595w, https:\/\/i0.wp.com\/uscatletica.ch\/wp\/wp-content\/uploads\/2015\/11\/OraioStaffettaUSC2017.jpg?resize=212%2C300&amp;ssl=1 212w, https:\/\/i0.wp.com\/uscatletica.ch\/wp\/wp-content\/uploads\/2015\/11\/OraioStaffettaUSC2017.jpg?resize=106%2C150&amp;ssl=1 106w\" sizes=\"auto, (max-width: 595px) 100vw, 595px\" \/><\/a> <a href=\"https:\/\/uscatletica.ch\/wp\/wp-content\/uploads\/2015\/11\/ProStaffettaUSC2017.pdf\">Il prgoramma 2017<\/a><\/p>\n<p>&nbsp;<\/p>\n<p>&nbsp;<\/p>\n<p><a href=\"https:\/\/i0.wp.com\/uscatletica.ch\/wp\/wp-content\/uploads\/2015\/11\/percorsostaffetta.png?ssl=1\" rel=\"attachment wp-att-895\"><img data-recalc-dims=\"1\" loading=\"lazy\" decoding=\"async\" data-attachment-id=\"895\" data-permalink=\"https:\/\/uscatletica.ch\/wp\/?attachment_id=895\" data-orig-file=\"https:\/\/i0.wp.com\/uscatletica.ch\/wp\/wp-content\/uploads\/2015\/11\/percorsostaffetta.png?fit=640%2C378&amp;ssl=1\" data-orig-size=\"640,378\" data-comments-opened=\"0\" data-image-meta=\"{&quot;aperture&quot;:&quot;0&quot;,&quot;credit&quot;:&quot;&quot;,&quot;camera&quot;:&quot;&quot;,&quot;caption&quot;:&quot;&quot;,&quot;created_timestamp&quot;:&quot;0&quot;,&quot;copyright&quot;:&quot;&quot;,&quot;focal_length&quot;:&quot;0&quot;,&quot;iso&quot;:&quot;0&quot;,&quot;shutter_speed&quot;:&quot;0&quot;,&quot;title&quot;:&quot;&quot;,&quot;orientation&quot;:&quot;0&quot;}\" data-image-title=\"percorsostaffetta\" data-image-description=\"\" data-image-caption=\"\" data-large-file=\"https:\/\/i0.wp.com\/uscatletica.ch\/wp\/wp-content\/uploads\/2015\/11\/percorsostaffetta.png?fit=640%2C378&amp;ssl=1\" class=\"aligncenter wp-image-895 size-full\" src=\"https:\/\/i0.wp.com\/uscatletica.ch\/wp\/wp-content\/uploads\/2015\/11\/percorsostaffetta.png?resize=640%2C378&#038;ssl=1\" alt=\"percorsostaffetta\" width=\"640\" height=\"378\" srcset=\"https:\/\/i0.wp.com\/uscatletica.ch\/wp\/wp-content\/uploads\/2015\/11\/percorsostaffetta.png?w=640&amp;ssl=1 640w, https:\/\/i0.wp.com\/uscatletica.ch\/wp\/wp-content\/uploads\/2015\/11\/percorsostaffetta.png?resize=300%2C177&amp;ssl=1 300w\" sizes=\"auto, (max-width: 640px) 100vw, 640px\" \/><\/a><\/p>\n<p align=\"CENTER\"><u><b><\/b><\/u><a href=\"https:\/\/i0.wp.com\/uscatletica.ch\/wp\/wp-content\/uploads\/2015\/11\/quadri.png?ssl=1\" rel=\"attachment wp-att-348\"><img data-recalc-dims=\"1\" loading=\"lazy\" decoding=\"async\" data-attachment-id=\"348\" data-permalink=\"https:\/\/uscatletica.ch\/wp\/?attachment_id=348\" data-orig-file=\"https:\/\/i0.wp.com\/uscatletica.ch\/wp\/wp-content\/uploads\/2015\/11\/quadri.png?fit=200%2C78&amp;ssl=1\" data-orig-size=\"200,78\" data-comments-opened=\"0\" data-image-meta=\"{&quot;aperture&quot;:&quot;0&quot;,&quot;credit&quot;:&quot;&quot;,&quot;camera&quot;:&quot;&quot;,&quot;caption&quot;:&quot;&quot;,&quot;created_timestamp&quot;:&quot;0&quot;,&quot;copyright&quot;:&quot;&quot;,&quot;focal_length&quot;:&quot;0&quot;,&quot;iso&quot;:&quot;0&quot;,&quot;shutter_speed&quot;:&quot;0&quot;,&quot;title&quot;:&quot;&quot;,&quot;orientation&quot;:&quot;0&quot;}\" data-image-title=\"quadri\" data-image-description=\"\" data-image-caption=\"\" data-large-file=\"https:\/\/i0.wp.com\/uscatletica.ch\/wp\/wp-content\/uploads\/2015\/11\/quadri.png?fit=200%2C78&amp;ssl=1\" class=\"alignnone wp-image-348 size-full\" src=\"https:\/\/i0.wp.com\/uscatletica.ch\/wp\/wp-content\/uploads\/2015\/11\/quadri.png?resize=200%2C78&#038;ssl=1\" alt=\"quadri\" width=\"200\" height=\"78\" \/><\/a><\/p>\n<h3 style=\"text-align: center;\">ARCHIVIO RISULTATI<\/h3>\n<table style=\"height: 144px;\" width=\"100%\">\n<tbody>\n<tr>\n<td>\u00a0<a href=\"https:\/\/uscatletica.ch\/wp\/wp-content\/uploads\/2015\/11\/classificaTrofequadri2003.pdf\" target=\"_blank\" rel=\"\">2003<\/a><\/td>\n<td>\u00a0<a href=\"https:\/\/uscatletica.ch\/wp\/wp-content\/uploads\/2015\/11\/classificaTrofequadri2004.pdf\" rel=\"\">2004<\/a><\/td>\n<td>\u00a0<a href=\"https:\/\/uscatletica.ch\/wp\/wp-content\/uploads\/2015\/11\/classstaffusc2005.pdf\" rel=\"\">2005<\/a><\/td>\n<td><a href=\"https:\/\/uscatletica.ch\/wp\/wp-content\/uploads\/2015\/11\/classstaffusc2006.pdf\" rel=\"\">2006<\/a><\/td>\n<\/tr>\n<tr>\n<td><a href=\"https:\/\/uscatletica.ch\/wp\/wp-content\/uploads\/2015\/11\/classstaffusc2007.pdf\">2007<\/a><\/td>\n<td><a href=\"https:\/\/uscatletica.ch\/wp\/wp-content\/uploads\/2015\/11\/classstaffusc2008.pdf\" rel=\"\">2008<\/a><\/td>\n<td><a href=\"https:\/\/uscatletica.ch\/wp\/wp-content\/uploads\/2015\/11\/classstaffusc2009.pdf\" rel=\"\">2009<\/a><\/td>\n<td><a href=\"https:\/\/uscatletica.ch\/wp\/wp-content\/uploads\/2015\/11\/classstaffusc2010.pdf\" rel=\"\">2010<\/a><\/td>\n<\/tr>\n<tr>\n<td><a href=\"https:\/\/uscatletica.ch\/wp\/wp-content\/uploads\/2015\/11\/classstaffusc2011.pdf\" rel=\"\">2011<\/a><\/td>\n<td><a href=\"https:\/\/uscatletica.ch\/wp\/wp-content\/uploads\/2015\/11\/classstaffusc2012.pdf\" rel=\"\">2012<\/a><\/td>\n<td>\u00a0\u00a0<a href=\"https:\/\/uscatletica.ch\/wp\/wp-content\/uploads\/2015\/11\/classstaffusc2013.pdf\" rel=\"\">2013<\/a><\/td>\n<td>\u00a0<a href=\"https:\/\/uscatletica.ch\/wp\/wp-content\/uploads\/2015\/11\/staffUSC2014CLASS.pdf\" rel=\"\">2014<\/a><\/td>\n<\/tr>\n<tr>\n<td><a href=\"https:\/\/uscatletica.ch\/wp\/wp-content\/uploads\/2015\/11\/staffUSC2015CLASS.pdf\">2015<\/a><\/td>\n<td>\u00a0<a href=\"https:\/\/uscatletica.ch\/wp\/wp-content\/uploads\/2016\/03\/classificaTGQUADRI2016.pdf\" rel=\"\">2016<\/a><\/td>\n<td><\/td>\n<td><\/td>\n<\/tr>\n<\/tbody>\n<\/table>\n<p>&nbsp;<\/p>\n","protected":false},"excerpt":{"rendered":"<p>L&#8217;USC ha l&#8217;onore di inaugurare la stagione 2017 del Trofeo ASTi staffette\u00a0con : 44a STAFFETTA CAPRIASCHESE\u00a0 TROFEO IMPRESA GIOVANNI QUADRI Domenica 26\u00a0Marzo 2017 (cambio ora legale ) &nbsp; &nbsp; Il prgoramma 2017 &nbsp; &nbsp; ARCHIVIO RISULTATI \u00a02003 \u00a02004 \u00a02005 2006 2007 2008 2009 2010 2011 2012 \u00a0\u00a02013 \u00a02014 2015 \u00a02016 &nbsp;<\/p>\n","protected":false},"author":4,"featured_media":3580,"comment_status":"closed","ping_status":"closed","sticky":false,"template":"","format":"standard","meta":{"jetpack_post_was_ever_published":false,"_jetpack_newsletter_access":"","_jetpack_dont_email_post_to_subs":true,"_jetpack_newsletter_tier_id":0,"_jetpack_memberships_contains_paywalled_content":false,"_jetpack_memberships_contains_paid_content":false,"footnotes":"","jetpack_publicize_message":"","jetpack_publicize_feature_enabled":true,"jetpack_social_post_already_shared":true,"jetpack_social_options":{"image_generator_settings":{"template":"highway","default_image_id":0,"font":"","enabled":false},"version":2}},"categories":[8],"tags":[],"class_list":["post-3748","post","type-post","status-publish","format-standard","has-post-thumbnail","hentry","category-staffette"],"jetpack_publicize_connections":[],"jetpack_featured_media_url":"https:\/\/i0.wp.com\/uscatletica.ch\/wp\/wp-content\/uploads\/2017\/02\/uckbuttikon17copert.jpg?fit=517%2C417&ssl=1","jetpack_sharing_enabled":true,"jetpack_shortlink":"https:\/\/wp.me\/p6V7Ck-Ys","jetpack-related-posts":[{"id":10012,"url":"https:\/\/uscatletica.ch\/wp\/?p=10012","url_meta":{"origin":3748,"position":0},"title":"47 TROFEO Giovanni Quadri Staffetta Capriaschese SOSPESA PER STATO DI NECESSIT\u00c0","author":"Leonida Stampanoni","date":"27 Febbraio 2020","format":false,"excerpt":"\u00a0 47a STAFFETTA CAPRIASCHESE\u00a0 TROFEO IMPRESA GIOVANNI QUADRI Domenica 29 Marzo 2020 ATTENZIONE ORA LEGALE\u00a0 GARA SOSPESA PER STATO DI NECESSIT\u00c0\u00a0IN ATTESA DI NUOVA DATA Programma 2020 \u00a0 \u00a0 \u00a0 \u00a0 \u00a0 \u00a0 \u00a0 \u00a0 \u00a0 \u00a0 \u00a0 \u00a0 Classifiche 2017 u> ARCHIVIO RISULTATI \u00a02003 \u00a02004 \u00a02005 2006 2007 2008\u2026","rel":"","context":"In &quot;Altro&quot;","block_context":{"text":"Altro","link":"https:\/\/uscatletica.ch\/wp\/?cat=11"},"img":{"alt_text":"","src":"https:\/\/i0.wp.com\/uscatletica.ch\/wp\/wp-content\/uploads\/2017\/03\/P1390001.jpg?fit=563%2C422&ssl=1&resize=350%2C200","width":350,"height":200,"srcset":"https:\/\/i0.wp.com\/uscatletica.ch\/wp\/wp-content\/uploads\/2017\/03\/P1390001.jpg?fit=563%2C422&ssl=1&resize=350%2C200 1x, https:\/\/i0.wp.com\/uscatletica.ch\/wp\/wp-content\/uploads\/2017\/03\/P1390001.jpg?fit=563%2C422&ssl=1&resize=525%2C300 1.5x"},"classes":[]},{"id":7375,"url":"https:\/\/uscatletica.ch\/wp\/?p=7375","url_meta":{"origin":3748,"position":1},"title":"LA STAFFETTA CAPRIASCHESE 2019 LANCIA IL TAS (ORA LEGALE)","author":"Leonida Stampanoni","date":"7 Marzo 2019","format":false,"excerpt":"ATTENZIONE SALTO NELL'ORA LEGALE SPOSTARE GLI OROLOGI AVANTI DI UN'ORA La stagione 2019 del Trofeo ASTi Staffette partir\u00e0 con la 46 edizione della staffetta Capriaschese. I nostri atleti debuteranno in casa nell'amatissima competizione per i giovani podisti Il nuovo calendario agenda ASTi 46a STAFFETTA CAPRIASCHESE\u00a0 TROFEO IMPRESA GIOVANNI QUADRI Domenica\u2026","rel":"","context":"In &quot;Altro&quot;","block_context":{"text":"Altro","link":"https:\/\/uscatletica.ch\/wp\/?cat=11"},"img":{"alt_text":"","src":"https:\/\/i0.wp.com\/uscatletica.ch\/wp\/wp-content\/uploads\/2015\/11\/staffUSC2017CLASS.jpg?resize=350%2C200&ssl=1","width":350,"height":200,"srcset":"https:\/\/i0.wp.com\/uscatletica.ch\/wp\/wp-content\/uploads\/2015\/11\/staffUSC2017CLASS.jpg?resize=350%2C200&ssl=1 1x, https:\/\/i0.wp.com\/uscatletica.ch\/wp\/wp-content\/uploads\/2015\/11\/staffUSC2017CLASS.jpg?resize=525%2C300&ssl=1 1.5x"},"classes":[]},{"id":3776,"url":"https:\/\/uscatletica.ch\/wp\/?p=3776","url_meta":{"origin":3748,"position":2},"title":"La staffetta Capriaschese lancia il TAS 2017 Attenzione Ora Legale orologi avanti  1 ora","author":"Leonida Stampanoni","date":"22 Marzo 2017","format":false,"excerpt":"Domenica a Tesserete l'USC avr\u00e0 l'onore di aprire la 15 stagione del TAS che assegner\u00e0 il supertrofeo ed i 6 trofei di categorie. La nostra staffetta nata nel 1974 sul lago d'Origlio si disputa da oramai una ventina d'anni nel centro di Tesserete. \u00a0Alle 14.30, attenzione nella notte \u00a0ci sar\u00e0\u2026","rel":"","context":"In &quot;Staffette&quot;","block_context":{"text":"Staffette","link":"https:\/\/uscatletica.ch\/wp\/?cat=8"},"img":{"alt_text":"","src":"https:\/\/i0.wp.com\/uscatletica.ch\/wp\/wp-content\/uploads\/2015\/11\/percorsostaffetta.png?fit=640%2C378&ssl=1&resize=350%2C200","width":350,"height":200,"srcset":"https:\/\/i0.wp.com\/uscatletica.ch\/wp\/wp-content\/uploads\/2015\/11\/percorsostaffetta.png?fit=640%2C378&ssl=1&resize=350%2C200 1x, https:\/\/i0.wp.com\/uscatletica.ch\/wp\/wp-content\/uploads\/2015\/11\/percorsostaffetta.png?fit=640%2C378&ssl=1&resize=525%2C300 1.5x"},"classes":[]},{"id":20702,"url":"https:\/\/uscatletica.ch\/wp\/?p=20702","url_meta":{"origin":3748,"position":3},"title":"UNA SETTIMANA ALLA 50ma STAFFETTA CAPRIASCHESE","author":"Leonida Stampanoni","date":"22 Marzo 2025","format":false,"excerpt":"50a\u00a0STAFFETTA CAPRIASCHESE \u00a0 Domenica 30 marzo, dopo il passaggio all'ora legale, L'USC accoglier\u00e0 i partecipanti alla 50esima edizione della Staffetta Capriaschese Trofeo Giovanni Quadri. Nato a met\u00e0 anni 70' attorno al Lago d'Origlio la manifestazione a partire dalla fine degli anni 80' \u00e8 cresciuta attorno al nucleo di Tesserete. L'edizione\u2026","rel":"","context":"In &quot;Altro&quot;","block_context":{"text":"Altro","link":"https:\/\/uscatletica.ch\/wp\/?cat=11"},"img":{"alt_text":"","src":"https:\/\/i0.wp.com\/uscatletica.ch\/wp\/wp-content\/uploads\/2025\/03\/LGOG59CAORUASCHESE.jpg?fit=575%2C280&ssl=1&resize=350%2C200","width":350,"height":200,"srcset":"https:\/\/i0.wp.com\/uscatletica.ch\/wp\/wp-content\/uploads\/2025\/03\/LGOG59CAORUASCHESE.jpg?fit=575%2C280&ssl=1&resize=350%2C200 1x, https:\/\/i0.wp.com\/uscatletica.ch\/wp\/wp-content\/uploads\/2025\/03\/LGOG59CAORUASCHESE.jpg?fit=575%2C280&ssl=1&resize=525%2C300 1.5x"},"classes":[]},{"id":5784,"url":"https:\/\/uscatletica.ch\/wp\/?p=5784","url_meta":{"origin":3748,"position":4},"title":"45 Trofeo Giovanni Quadri Staffetta Capriaschese 22 Aprile 2018","author":"Leonida Stampanoni","date":"4 Aprile 2018","format":false,"excerpt":"45a STAFFETTA CAPRIASCHESE\u00a0 TROFEO IMPRESA GIOVANNI QUADRI Domenica 22 Aprile 2018 staffUSCprogramma2018 \u00a0 44 edizione 2017 351 Atleti hanno partecipato alla 44 edizione per la prima volta l'AS Monteceneri vince il Trofeo impresa Giovani Quadri battendo in volata USC, GAB e SAM. Nell'americana a coppie la SAM con Calamai &\u2026","rel":"","context":"In &quot;I nostri appuntamenti&quot;","block_context":{"text":"I nostri appuntamenti","link":"https:\/\/uscatletica.ch\/wp\/?cat=12"},"img":{"alt_text":"","src":"https:\/\/i0.wp.com\/uscatletica.ch\/wp\/wp-content\/uploads\/2017\/10\/u12podiisone17.jpg?fit=532%2C292&ssl=1&resize=350%2C200","width":350,"height":200,"srcset":"https:\/\/i0.wp.com\/uscatletica.ch\/wp\/wp-content\/uploads\/2017\/10\/u12podiisone17.jpg?fit=532%2C292&ssl=1&resize=350%2C200 1x, https:\/\/i0.wp.com\/uscatletica.ch\/wp\/wp-content\/uploads\/2017\/10\/u12podiisone17.jpg?fit=532%2C292&ssl=1&resize=525%2C300 1.5x"},"classes":[]},{"id":14466,"url":"https:\/\/uscatletica.ch\/wp\/?p=14466","url_meta":{"origin":3748,"position":5},"title":"La Staffetta Capriaschese lancia il TAS","author":"Leonida Stampanoni","date":"26 Marzo 2022","format":false,"excerpt":"L\u2019Unione Sportiva Capriaschese ricorda la 47a edizione della Staffetta Capriaschese, Trofeo G. Quadri, valevole per il trofeo ASTI staffette, prevista a Tesserete.\u00a0 Lo scorso anno il TAS vide l'USC vincere due classifiche ed ottenere il podio in altre due . DOMENICA 27 marzo 2022ATTENZIONE: cambiamento dell\u2019ora (spostare avanti di un'ora\u2026","rel":"","context":"In &quot;I nostri appuntamenti&quot;","block_context":{"text":"I nostri appuntamenti","link":"https:\/\/uscatletica.ch\/wp\/?cat=12"},"img":{"alt_text":"","src":"https:\/\/i0.wp.com\/uscatletica.ch\/wp\/wp-content\/uploads\/2022\/03\/staff-USC-programma2022.jpg?fit=852%2C861&ssl=1&resize=350%2C200","width":350,"height":200,"srcset":"https:\/\/i0.wp.com\/uscatletica.ch\/wp\/wp-content\/uploads\/2022\/03\/staff-USC-programma2022.jpg?fit=852%2C861&ssl=1&resize=350%2C200 1x, https:\/\/i0.wp.com\/uscatletica.ch\/wp\/wp-content\/uploads\/2022\/03\/staff-USC-programma2022.jpg?fit=852%2C861&ssl=1&resize=525%2C300 1.5x, https:\/\/i0.wp.com\/uscatletica.ch\/wp\/wp-content\/uploads\/2022\/03\/staff-USC-programma2022.jpg?fit=852%2C861&ssl=1&resize=700%2C400 2x"},"classes":[]}],"_links":{"self":[{"href":"https:\/\/uscatletica.ch\/wp\/index.php?rest_route=\/wp\/v2\/posts\/3748","targetHints":{"allow":["GET"]}}],"collection":[{"href":"https:\/\/uscatletica.ch\/wp\/index.php?rest_route=\/wp\/v2\/posts"}],"about":[{"href":"https:\/\/uscatletica.ch\/wp\/index.php?rest_route=\/wp\/v2\/types\/post"}],"author":[{"embeddable":true,"href":"https:\/\/uscatletica.ch\/wp\/index.php?rest_route=\/wp\/v2\/users\/4"}],"replies":[{"embeddable":true,"href":"https:\/\/uscatletica.ch\/wp\/index.php?rest_route=%2Fwp%2Fv2%2Fcomments&post=3748"}],"version-history":[{"count":4,"href":"https:\/\/uscatletica.ch\/wp\/index.php?rest_route=\/wp\/v2\/posts\/3748\/revisions"}],"predecessor-version":[{"id":3787,"href":"https:\/\/uscatletica.ch\/wp\/index.php?rest_route=\/wp\/v2\/posts\/3748\/revisions\/3787"}],"wp:featuredmedia":[{"embeddable":true,"href":"https:\/\/uscatletica.ch\/wp\/index.php?rest_route=\/wp\/v2\/media\/3580"}],"wp:attachment":[{"href":"https:\/\/uscatletica.ch\/wp\/index.php?rest_route=%2Fwp%2Fv2%2Fmedia&parent=3748"}],"wp:term":[{"taxonomy":"category","embeddable":true,"href":"https:\/\/uscatletica.ch\/wp\/index.php?rest_route=%2Fwp%2Fv2%2Fcategories&post=3748"},{"taxonomy":"post_tag","embeddable":true,"href":"https:\/\/uscatletica.ch\/wp\/index.php?rest_route=%2Fwp%2Fv2%2Ftags&post=3748"}],"curies":[{"name":"wp","href":"https:\/\/api.w.org\/{rel}","templated":true}]}}