{"id":3776,"date":"2017-03-22T15:47:29","date_gmt":"2017-03-22T14:47:29","guid":{"rendered":"http:\/\/uscatletica.ch\/wp\/?p=3776"},"modified":"2017-03-26T20:32:53","modified_gmt":"2017-03-26T18:32:53","slug":"la-staffetta-capriaschese-lancia-il-tas-2017","status":"publish","type":"post","link":"https:\/\/uscatletica.ch\/wp\/?p=3776","title":{"rendered":"La staffetta Capriaschese lancia il TAS 2017 Attenzione Ora Legale orologi avanti  1 ora"},"content":{"rendered":"<p><iframe loading=\"lazy\" src=\"https:\/\/free.timeanddate.com\/countdown\/i5mnk497\/n1977\/cf111\/cm0\/cu4\/ct0\/cs0\/ca0\/cr0\/ss0\/cac000\/cpc000\/pcf00\/tcf00\/fs100\/szw320\/szh135\/tatLa%2044%20Staffetta%20Capriaschese%20%20\/tac000\/tptLa%20gara%20%C3%A8%20partita%20da\/tpc000\/matpartir%C3%A0%20tra\/mac000\/mpc000\/iso2017-03-26T14:30:00\/bo2\/pd3\" width=\"644\" height=\"274\" frameborder=\"0\"><\/iframe><br \/>\nDomenica a Tesserete l&#8217;USC avr\u00e0 l&#8217;onore di aprire la 15 stagione del TAS che assegner\u00e0 il supertrofeo ed i 6 trofei di categorie. La nostra staffetta nata nel 1974 sul lago d&#8217;Origlio si disputa da oramai una ventina d&#8217;anni nel centro di Tesserete. \u00a0Alle 14.30, attenzione nella notte \u00a0ci sar\u00e0 con l&#8217;ora legale gli orologi salteranno in avanti di 60 minuti., \u00a0comincer\u00e0 cos\u00ec la 44 edizione della Staffetta Capriaschese, \u00a0in palio per la miglior societ\u00e0 del pomeriggio il Trofeo impresa costruzione Giovanni Quadri, vinto nelle ultime due edizione dal GA Bellinzona.<\/p>\n<p><a href=\"https:\/\/uscatletica.ch\/wp\/wp-content\/uploads\/2017\/03\/CDTTAS44TGQ170325.pdf\">l&#8217;articolo CDT<\/a> <a href=\"https:\/\/uscatletica.ch\/wp\/wp-content\/uploads\/2017\/03\/gdptastgq170324.pdf\">l&#8217;articolo GDP<\/a> <a href=\"https:\/\/uscatletica.ch\/wp\/wp-content\/uploads\/2017\/03\/LRTTAS44TGQ170325.pdf\">articolo la Regione<\/a><\/p>\n<p>l&#8217;USC \u00e8 tra le societ\u00e0 faro del<a href=\"http:\/\/www.asti-ticino.ch\/staffette\/index.html\"> TAS<\/a> grazie alla costante ed entusiastica partecipazione dei nostri atleti ad ognuna delle 8 prove. Le quattro prove primaverili per tutte le categorie che saranno<\/p>\n<p>Domenica 2 aprile a Vacallo, Sabato 8 aprile a Mendrisio e domenica 4 giugno a Ligornetto.<\/p>\n<p>e le quattro prove autunnali \u00a0in programma solo per \u00a0i ragazzi fino alla 2 media.<\/p>\n<p><a href=\"https:\/\/uscatletica.ch\/wp\/wp-content\/uploads\/2015\/11\/FormularioiscrizioneTAS.pdf\">Formulario ufficiale iscrizione ASTI per le staffette TAS<\/a> <a href=\"https:\/\/uscatletica.ch\/wp\/wp-content\/uploads\/2015\/11\/ProStaffettaUSC2017.pdf\">Il programma 2017<\/a><\/p>\n<p><a href=\"https:\/\/i0.wp.com\/uscatletica.ch\/wp\/wp-content\/uploads\/2015\/11\/copertinaStaffettaUSC2017.jpg?ssl=1\"><img data-recalc-dims=\"1\" loading=\"lazy\" decoding=\"async\" data-attachment-id=\"3670\" data-permalink=\"https:\/\/uscatletica.ch\/wp\/?attachment_id=3670\" data-orig-file=\"https:\/\/i0.wp.com\/uscatletica.ch\/wp\/wp-content\/uploads\/2015\/11\/copertinaStaffettaUSC2017.jpg?fit=595%2C841&amp;ssl=1\" data-orig-size=\"595,841\" data-comments-opened=\"0\" data-image-meta=\"{&quot;aperture&quot;:&quot;0&quot;,&quot;credit&quot;:&quot;&quot;,&quot;camera&quot;:&quot;&quot;,&quot;caption&quot;:&quot;&quot;,&quot;created_timestamp&quot;:&quot;0&quot;,&quot;copyright&quot;:&quot;&quot;,&quot;focal_length&quot;:&quot;0&quot;,&quot;iso&quot;:&quot;0&quot;,&quot;shutter_speed&quot;:&quot;0&quot;,&quot;title&quot;:&quot;&quot;,&quot;orientation&quot;:&quot;0&quot;}\" data-image-title=\"copertinaStaffettaUSC2017\" data-image-description=\"\" data-image-caption=\"\" data-large-file=\"https:\/\/i0.wp.com\/uscatletica.ch\/wp\/wp-content\/uploads\/2015\/11\/copertinaStaffettaUSC2017.jpg?fit=595%2C841&amp;ssl=1\" class=\"wp-image-3670 alignleft\" src=\"https:\/\/i0.wp.com\/uscatletica.ch\/wp\/wp-content\/uploads\/2015\/11\/copertinaStaffettaUSC2017.jpg?resize=200%2C283&#038;ssl=1\" alt=\"\" width=\"200\" height=\"283\" srcset=\"https:\/\/i0.wp.com\/uscatletica.ch\/wp\/wp-content\/uploads\/2015\/11\/copertinaStaffettaUSC2017.jpg?w=595&amp;ssl=1 595w, https:\/\/i0.wp.com\/uscatletica.ch\/wp\/wp-content\/uploads\/2015\/11\/copertinaStaffettaUSC2017.jpg?resize=212%2C300&amp;ssl=1 212w, https:\/\/i0.wp.com\/uscatletica.ch\/wp\/wp-content\/uploads\/2015\/11\/copertinaStaffettaUSC2017.jpg?resize=106%2C150&amp;ssl=1 106w\" sizes=\"auto, (max-width: 200px) 100vw, 200px\" \/><\/a><\/p>\n<p align=\"JUSTIFY\"><span style=\"font-family: Arial, sans-serif;\">PODISMO\/ 44 Staffetta Capriaschese trofeo impresa G. Quadri<\/span><\/p>\n<p align=\"JUSTIFY\"><span style=\"font-family: Arial, sans-serif;\"><span style=\"font-size: x-large;\">IL TROFEO ASTI STAFFETTE PARTE DALLA CAPRIASCA<\/span><\/span><\/p>\n<p align=\"JUSTIFY\"><span style=\"font-family: Arial, sans-serif;\">La formula dei 7 trofei celebra la 15 edizione<\/span><\/p>\n<p align=\"JUSTIFY\"><span style=\"font-family: Arial, sans-serif;\"><span style=\"font-size: small;\">Leonida Stampanoni<\/span><\/span><\/p>\n<p align=\"JUSTIFY\"><span style=\"font-family: Arial, sans-serif;\">La stagione 2017 del TAS che si aprir\u00e0, domenica nel centro di Tesserete, sar\u00e0 la quindicesima ad assegnare i sei trofei di categoria pi\u00f9 il supetrofeo per la migliore societ\u00e0 in assoluto per l&#8217;edizione del giubileo ci sar\u00e0 un&#8217;importante novit\u00e0 a livello regolamentare, solamente le societ\u00e0 affiliate all&#8217;ASTi potranno entrare nelle graduatorie, la partecipazione alle singole staffette rimane aperta a tutti. In Capriasca a partire dalle 14.00 l&#8217;US Capriaschese far\u00e0 gli onori di casa per la 44 edizione della staffetta capriaschese nata negli anni 70 come giro del Lago di Origlio. Da un ventennio si corre oramai nel centro di Tesserete. Due le particolarit\u00e0 della prima tappa del TAS, l&#8217;america a coppie degli attivi che offre la possibilit\u00e0 di scontro tra velocisti e mezzofondisti ed il Trofeo impresa costrzioni Giovanni Quadri che premia la migliore societ\u00e0. Il GA Bellinzona punta alla tripletta per aggiudicarsi definitivamente la coppa, tra i principali antagonisti i padroni di casa dell&#8217;USC. <\/span><\/p>\n<p align=\"JUSTIFY\"><span style=\"font-family: Arial, sans-serif;\">Il TAS che si articola su otto prove, quattro in primavera dedicate a tutte le categorie mentre in autunno torneranno solo le categorie U12 e U14. Tesserete apre un mini tour che proseguir\u00e0 domenica 2 aprile con la 53 edizione del Staffetta di Vacallo seguita dalla Staffetta del Magnifico Borgo sabato 8 aprile, abbandonando il tradizionale appuntamento con il sabato santo. La prima fase si chiuder\u00e0 domenica 4 giugno con la Staffetta Vigor a Ligornetto. La fase autunnale avr\u00e0 il prologo il 2 settembre a Rivera per poi chiudersi con classico tris Sagno, Riva San Vitale ed Isone ad Inizio ottobre. <\/span><\/p>\n<p align=\"JUSTIFY\"><span style=\"font-family: Arial, sans-serif;\">Le Staffette di paese sono una formula azzeccata per promuovere atletica e podismo tra i pi\u00f9 giovani, l&#8217;atmosfera amichevole i suggestivi teatri di gara e la formula a squadre sono certamente invitante per i ragazzi che possono avvicinarsi allo sport senza troppa pressionie. <\/span><\/p>\n<p align=\"JUSTIFY\"><span style=\"font-family: Arial, sans-serif;\">Nella corsa all&#8217;ambito 15 Supertrofeo in pole position partono AS Monteceneri e Vigor Ligornetto che lo scorso anno furono protagoniste di un finale incadescente, sempre in agguato i ragazzi dell&#8217;US Capriaschese e della SA Massagno vincitori seriali in passato ed il GA Bellinzona che negli ultimi anni ha sempre sfiorato l&#8217;exploit emergendo per\u00f2 nelle singole classifiche di categoria. <\/span><\/p>\n<p align=\"JUSTIFY\"><span style=\"font-family: Arial, sans-serif;\">i risultati Altre info su <\/span><span style=\"color: #000080;\"><span lang=\"zxx\"><u><a href=\"http:\/\/www.asti-ticino.ch\/\"><span style=\"font-family: Arial, sans-serif;\">www.asti-ticino.ch<\/span><\/a><\/u><\/span><\/span><\/p>\n<p align=\"JUSTIFY\"><span style=\"font-family: Arial, sans-serif;\">Leonida Stampanoni<\/span><\/p>\n","protected":false},"excerpt":{"rendered":"<p>Domenica a Tesserete l&#8217;USC avr\u00e0 l&#8217;onore di aprire la 15 stagione del TAS che assegner\u00e0 il supertrofeo ed i 6 trofei di categorie. La nostra staffetta nata nel 1974 sul lago d&#8217;Origlio si disputa da oramai una ventina d&#8217;anni nel centro di Tesserete. \u00a0Alle 14.30, attenzione nella notte \u00a0ci sar\u00e0 con l&#8217;ora legale gli orologi salteranno in avanti di 60 minuti., \u00a0comincer\u00e0 cos\u00ec la 44 edizione della Staffetta Capriaschese, \u00a0in palio per la miglior societ\u00e0&#8230;<\/p>\n","protected":false},"author":4,"featured_media":895,"comment_status":"closed","ping_status":"closed","sticky":false,"template":"","format":"standard","meta":{"jetpack_post_was_ever_published":false,"_jetpack_newsletter_access":"","_jetpack_dont_email_post_to_subs":true,"_jetpack_newsletter_tier_id":0,"_jetpack_memberships_contains_paywalled_content":false,"_jetpack_memberships_contains_paid_content":false,"footnotes":"","jetpack_publicize_message":"","jetpack_publicize_feature_enabled":true,"jetpack_social_post_already_shared":true,"jetpack_social_options":{"image_generator_settings":{"template":"highway","default_image_id":0,"font":"","enabled":false},"version":2}},"categories":[8],"tags":[],"class_list":["post-3776","post","type-post","status-publish","format-standard","has-post-thumbnail","hentry","category-staffette"],"jetpack_publicize_connections":[],"jetpack_featured_media_url":"https:\/\/i0.wp.com\/uscatletica.ch\/wp\/wp-content\/uploads\/2015\/11\/percorsostaffetta.png?fit=640%2C378&ssl=1","jetpack_sharing_enabled":true,"jetpack_shortlink":"https:\/\/wp.me\/p6V7Ck-YU","jetpack-related-posts":[{"id":14466,"url":"https:\/\/uscatletica.ch\/wp\/?p=14466","url_meta":{"origin":3776,"position":0},"title":"La Staffetta Capriaschese lancia il TAS","author":"Leonida Stampanoni","date":"26 Marzo 2022","format":false,"excerpt":"L\u2019Unione Sportiva Capriaschese ricorda la 47a edizione della Staffetta Capriaschese, Trofeo G. Quadri, valevole per il trofeo ASTI staffette, prevista a Tesserete.\u00a0 Lo scorso anno il TAS vide l'USC vincere due classifiche ed ottenere il podio in altre due . DOMENICA 27 marzo 2022ATTENZIONE: cambiamento dell\u2019ora (spostare avanti di un'ora\u2026","rel":"","context":"In &quot;I nostri appuntamenti&quot;","block_context":{"text":"I nostri appuntamenti","link":"https:\/\/uscatletica.ch\/wp\/?cat=12"},"img":{"alt_text":"","src":"https:\/\/i0.wp.com\/uscatletica.ch\/wp\/wp-content\/uploads\/2022\/03\/staff-USC-programma2022.jpg?fit=852%2C861&ssl=1&resize=350%2C200","width":350,"height":200,"srcset":"https:\/\/i0.wp.com\/uscatletica.ch\/wp\/wp-content\/uploads\/2022\/03\/staff-USC-programma2022.jpg?fit=852%2C861&ssl=1&resize=350%2C200 1x, https:\/\/i0.wp.com\/uscatletica.ch\/wp\/wp-content\/uploads\/2022\/03\/staff-USC-programma2022.jpg?fit=852%2C861&ssl=1&resize=525%2C300 1.5x, https:\/\/i0.wp.com\/uscatletica.ch\/wp\/wp-content\/uploads\/2022\/03\/staff-USC-programma2022.jpg?fit=852%2C861&ssl=1&resize=700%2C400 2x"},"classes":[]},{"id":7375,"url":"https:\/\/uscatletica.ch\/wp\/?p=7375","url_meta":{"origin":3776,"position":1},"title":"LA STAFFETTA CAPRIASCHESE 2019 LANCIA IL TAS (ORA LEGALE)","author":"Leonida Stampanoni","date":"7 Marzo 2019","format":false,"excerpt":"ATTENZIONE SALTO NELL'ORA LEGALE SPOSTARE GLI OROLOGI AVANTI DI UN'ORA La stagione 2019 del Trofeo ASTi Staffette partir\u00e0 con la 46 edizione della staffetta Capriaschese. I nostri atleti debuteranno in casa nell'amatissima competizione per i giovani podisti Il nuovo calendario agenda ASTi 46a STAFFETTA CAPRIASCHESE\u00a0 TROFEO IMPRESA GIOVANNI QUADRI Domenica\u2026","rel":"","context":"In &quot;Altro&quot;","block_context":{"text":"Altro","link":"https:\/\/uscatletica.ch\/wp\/?cat=11"},"img":{"alt_text":"","src":"https:\/\/i0.wp.com\/uscatletica.ch\/wp\/wp-content\/uploads\/2015\/11\/staffUSC2017CLASS.jpg?resize=350%2C200&ssl=1","width":350,"height":200,"srcset":"https:\/\/i0.wp.com\/uscatletica.ch\/wp\/wp-content\/uploads\/2015\/11\/staffUSC2017CLASS.jpg?resize=350%2C200&ssl=1 1x, https:\/\/i0.wp.com\/uscatletica.ch\/wp\/wp-content\/uploads\/2015\/11\/staffUSC2017CLASS.jpg?resize=525%2C300&ssl=1 1.5x"},"classes":[]},{"id":7488,"url":"https:\/\/uscatletica.ch\/wp\/?p=7488","url_meta":{"origin":3776,"position":2},"title":"La Stagione ASTi parte con il trofeo Quadri e la Sementina San Defendente","author":"Leonida Stampanoni","date":"29 Marzo 2019","format":false,"excerpt":"L'ora Legale SABATO NOTTERICORDATEVI DI SPOSTARE I VOSTRI MARCATEMPO AVANTI \u00a0DI UN'ORA Con il salto nell'ora Legale parte anche la Stagione ASTi delle gare fuori pista. Il Trofeo ASTi Staffette parte con la Staffetta Capriaschese che assegner\u00e0 il Trofeo impresa costruzioni Giovanni Quadri. Siamo pronti ad accogliere sule strade di\u2026","rel":"","context":"In &quot;I nostri appuntamenti&quot;","block_context":{"text":"I nostri appuntamenti","link":"https:\/\/uscatletica.ch\/wp\/?cat=12"},"img":{"alt_text":"","src":"https:\/\/i0.wp.com\/uscatletica.ch\/wp\/wp-content\/uploads\/2018\/04\/tgq18U0810-1.jpg?fit=562%2C273&ssl=1&resize=350%2C200","width":350,"height":200,"srcset":"https:\/\/i0.wp.com\/uscatletica.ch\/wp\/wp-content\/uploads\/2018\/04\/tgq18U0810-1.jpg?fit=562%2C273&ssl=1&resize=350%2C200 1x, https:\/\/i0.wp.com\/uscatletica.ch\/wp\/wp-content\/uploads\/2018\/04\/tgq18U0810-1.jpg?fit=562%2C273&ssl=1&resize=525%2C300 1.5x"},"classes":[]},{"id":1001,"url":"https:\/\/uscatletica.ch\/wp\/?p=1001","url_meta":{"origin":3776,"position":3},"title":"La Staffetta Capriaschese lancia il TAS (Benvenuti a Tesserete)","author":"Leonida Stampanoni","date":"17 Marzo 2016","format":false,"excerpt":"L'USC CAPRIASCHESE AUGURA A TUTTI UNA SPLENDIDA STAFFETTA CAPRIASCHESE ED A TUTTI I PAP\u00c0 UN SERENA FESTA Una splendida giornata di primavera sar\u00e0 la cornice ideale della prima staffetta del TAS 2016 L'USC ha il piacere di inaugurare il\u00a0Trofeo Asti Staffette\u00a02016, la 43a\u00a0edizione della Staffetta Capriaschese animer\u00e0 sabato 19 marzo\u2026","rel":"","context":"In &quot;Staffette&quot;","block_context":{"text":"Staffette","link":"https:\/\/uscatletica.ch\/wp\/?cat=8"},"img":{"alt_text":"","src":"https:\/\/i0.wp.com\/uscatletica.ch\/wp\/wp-content\/uploads\/2016\/03\/P1280835.jpg?fit=600%2C450&ssl=1&resize=350%2C200","width":350,"height":200,"srcset":"https:\/\/i0.wp.com\/uscatletica.ch\/wp\/wp-content\/uploads\/2016\/03\/P1280835.jpg?fit=600%2C450&ssl=1&resize=350%2C200 1x, https:\/\/i0.wp.com\/uscatletica.ch\/wp\/wp-content\/uploads\/2016\/03\/P1280835.jpg?fit=600%2C450&ssl=1&resize=525%2C300 1.5x"},"classes":[]},{"id":16830,"url":"https:\/\/uscatletica.ch\/wp\/?p=16830","url_meta":{"origin":3776,"position":4},"title":"La Staffetta Capriaschese lancia il TAS","author":"Stampa E","date":"24 Marzo 2023","format":false,"excerpt":"Una rinnovata Staffetta Capriaschese lancer\u00e0 la stagione del Trofeo ASTi BancaStato Staffette. L\u2019USC \u00e8 pronta ad accogliere i concorrenti sul circuito di Tesserete. Per le categorie giovanili la novit\u00e0 \u00e8 la parificazione delle distanze tra maschi e femmine. Le attive invece debutteranno nella spettacolare americana a coppie sulla distanza di\u2026","rel":"","context":"In &quot;I nostri appuntamenti&quot;","block_context":{"text":"I nostri appuntamenti","link":"https:\/\/uscatletica.ch\/wp\/?cat=12"},"img":{"alt_text":"","src":"https:\/\/i0.wp.com\/uscatletica.ch\/wp\/wp-content\/uploads\/2023\/03\/StaffettaUSC22-Foto-USC-ES-1-scaled.jpg?fit=1200%2C817&ssl=1&resize=350%2C200","width":350,"height":200,"srcset":"https:\/\/i0.wp.com\/uscatletica.ch\/wp\/wp-content\/uploads\/2023\/03\/StaffettaUSC22-Foto-USC-ES-1-scaled.jpg?fit=1200%2C817&ssl=1&resize=350%2C200 1x, https:\/\/i0.wp.com\/uscatletica.ch\/wp\/wp-content\/uploads\/2023\/03\/StaffettaUSC22-Foto-USC-ES-1-scaled.jpg?fit=1200%2C817&ssl=1&resize=525%2C300 1.5x, https:\/\/i0.wp.com\/uscatletica.ch\/wp\/wp-content\/uploads\/2023\/03\/StaffettaUSC22-Foto-USC-ES-1-scaled.jpg?fit=1200%2C817&ssl=1&resize=700%2C400 2x, https:\/\/i0.wp.com\/uscatletica.ch\/wp\/wp-content\/uploads\/2023\/03\/StaffettaUSC22-Foto-USC-ES-1-scaled.jpg?fit=1200%2C817&ssl=1&resize=1050%2C600 3x"},"classes":[]},{"id":14360,"url":"https:\/\/uscatletica.ch\/wp\/?p=14360","url_meta":{"origin":3776,"position":5},"title":"Domenica 27 marzo la Staffetta capriaschese","author":"Stampa E","date":"22 Marzo 2022","format":false,"excerpt":"L\u2019Unione Sportiva Capriaschese ricroda la 47a edizione della Staffetta Capriaschese, Trofeo G. Quadri, valevole per il trofeo ASTI staffette, prevista a Tesserete DOMENICA 27 marzo 2022ATTENZIONE: cambiamento dell\u2019ora (spostare avanti di un'ora gli orologi!) Vai alla pagina della staffetta con programma e regolamento Lui&Lei. Come da programma ci sar\u00e0 anche\u2026","rel":"","context":"In &quot;I nostri appuntamenti&quot;","block_context":{"text":"I nostri appuntamenti","link":"https:\/\/uscatletica.ch\/wp\/?cat=12"},"img":{"alt_text":"","src":"https:\/\/i0.wp.com\/uscatletica.ch\/wp\/wp-content\/uploads\/2022\/03\/staff-USC-programma2022.jpg?fit=852%2C861&ssl=1&resize=350%2C200","width":350,"height":200,"srcset":"https:\/\/i0.wp.com\/uscatletica.ch\/wp\/wp-content\/uploads\/2022\/03\/staff-USC-programma2022.jpg?fit=852%2C861&ssl=1&resize=350%2C200 1x, https:\/\/i0.wp.com\/uscatletica.ch\/wp\/wp-content\/uploads\/2022\/03\/staff-USC-programma2022.jpg?fit=852%2C861&ssl=1&resize=525%2C300 1.5x, https:\/\/i0.wp.com\/uscatletica.ch\/wp\/wp-content\/uploads\/2022\/03\/staff-USC-programma2022.jpg?fit=852%2C861&ssl=1&resize=700%2C400 2x"},"classes":[]}],"_links":{"self":[{"href":"https:\/\/uscatletica.ch\/wp\/index.php?rest_route=\/wp\/v2\/posts\/3776","targetHints":{"allow":["GET"]}}],"collection":[{"href":"https:\/\/uscatletica.ch\/wp\/index.php?rest_route=\/wp\/v2\/posts"}],"about":[{"href":"https:\/\/uscatletica.ch\/wp\/index.php?rest_route=\/wp\/v2\/types\/post"}],"author":[{"embeddable":true,"href":"https:\/\/uscatletica.ch\/wp\/index.php?rest_route=\/wp\/v2\/users\/4"}],"replies":[{"embeddable":true,"href":"https:\/\/uscatletica.ch\/wp\/index.php?rest_route=%2Fwp%2Fv2%2Fcomments&post=3776"}],"version-history":[{"count":6,"href":"https:\/\/uscatletica.ch\/wp\/index.php?rest_route=\/wp\/v2\/posts\/3776\/revisions"}],"predecessor-version":[{"id":3794,"href":"https:\/\/uscatletica.ch\/wp\/index.php?rest_route=\/wp\/v2\/posts\/3776\/revisions\/3794"}],"wp:featuredmedia":[{"embeddable":true,"href":"https:\/\/uscatletica.ch\/wp\/index.php?rest_route=\/wp\/v2\/media\/895"}],"wp:attachment":[{"href":"https:\/\/uscatletica.ch\/wp\/index.php?rest_route=%2Fwp%2Fv2%2Fmedia&parent=3776"}],"wp:term":[{"taxonomy":"category","embeddable":true,"href":"https:\/\/uscatletica.ch\/wp\/index.php?rest_route=%2Fwp%2Fv2%2Fcategories&post=3776"},{"taxonomy":"post_tag","embeddable":true,"href":"https:\/\/uscatletica.ch\/wp\/index.php?rest_route=%2Fwp%2Fv2%2Ftags&post=3776"}],"curies":[{"name":"wp","href":"https:\/\/api.w.org\/{rel}","templated":true}]}}